{"id":277546,"date":"2026-02-03T07:00:20","date_gmt":"2026-02-03T10:00:20","guid":{"rendered":"https:\/\/www.agrobase.com.br\/concursos\/?p=277546"},"modified":"2026-02-03T10:14:12","modified_gmt":"2026-02-03T13:14:12","slug":"prefeitura-caracol-ms-selecao-simplificada-01-2026","status":"publish","type":"post","link":"https:\/\/www.agrobase.com.br\/concursos\/2026\/prefeitura-caracol-ms-selecao-simplificada-01-2026\/","title":{"rendered":"Prefeitura Caracol (MS) &#8211; Sele\u00e7\u00e3o Simplificada 01\/2026"},"content":{"rendered":"<h2>Informa\u00e7\u00f5es Gerais<\/h2>\n<p>A <strong>Secretaria Municipal de Sa\u00fade de Caracol<\/strong>, no Mato Grosso do Sul, publicou o <strong>Edital n\u00ba 001\/2026\/SMS<\/strong>, que estabelece as normas para a realiza\u00e7\u00e3o de <strong>Processo Seletivo Simplificado<\/strong> destinado \u00e0 contrata\u00e7\u00e3o tempor\u00e1ria de profissionais para atender necessidade de excepcional interesse p\u00fablico.<\/p>\n<p>O certame oferece <strong>02 vagas imediatas<\/strong>, al\u00e9m de forma\u00e7\u00e3o de <strong>cadastro reserva (CR)<\/strong>, para profissionais de <strong>n\u00edvel m\u00e9dio\/t\u00e9cnico e superior<\/strong>. O regime de contrata\u00e7\u00e3o \u00e9 <strong>tempor\u00e1rio<\/strong>, conforme previsto na Lei Complementar n\u00ba 803\/2019 e na Lei Municipal n\u00ba 931\/2023.<\/p>\n<p>As remunera\u00e7\u00f5es variam de <strong>R$ 1.621,00 a R$ 4.954,26<\/strong>, para carga hor\u00e1ria de 40 horas semanais. As oportunidades contemplam as \u00e1reas de sa\u00fade bucal e <strong>Nutri\u00e7\u00e3o<\/strong> \u2014 esta \u00faltima com vaga para profissional de n\u00edvel superior.<\/p>\n<p>Confira abaixo todas as informa\u00e7\u00f5es sobre inscri\u00e7\u00f5es, etapas de sele\u00e7\u00e3o e como acompanhar os resultados deste processo seletivo.<\/p>\n<h2>Inscri\u00e7\u00f5es<\/h2>\n<p>As inscri\u00e7\u00f5es para o Processo Seletivo Simplificado da Secretaria Municipal de Sa\u00fade de Caracol estar\u00e3o abertas no per\u00edodo de <strong>02 a 04 de fevereiro de 2026<\/strong>, das <strong>7h \u00e0s 11h<\/strong> e das <strong>13h \u00e0s 17h<\/strong>.<\/p>\n<p><strong>N\u00e3o haver\u00e1 cobran\u00e7a de taxa de inscri\u00e7\u00e3o.<\/strong><\/p>\n<p>As inscri\u00e7\u00f5es ser\u00e3o realizadas exclusivamente de forma <strong>presencial<\/strong>, mediante entrega de documenta\u00e7\u00e3o no setor de Recursos Humanos da Prefeitura Municipal de Caracol, localizada na <strong>Rua Libindo Ferreira Leite, 251, Centro<\/strong>.<\/p>\n<p>Para se inscrever, o candidato dever\u00e1:<\/p>\n<ul>\n<li>Preencher a Ficha de Inscri\u00e7\u00e3o (Anexo I do edital);<\/li>\n<li>Anexar c\u00f3pia dos documentos exigidos;<\/li>\n<li>Entregar toda a documenta\u00e7\u00e3o em <strong>envelope lacrado<\/strong>, contendo na parte externa: nome do candidato, endere\u00e7o, telefone e a indica\u00e7\u00e3o &#8220;\u00c0 Comiss\u00e3o Organizadora do Processo Seletivo Simplificado \u2013 Edital n\u00ba 001\/2026\/SMS&#8221;.<\/li>\n<\/ul>\n<p>A inscri\u00e7\u00e3o implica no conhecimento e na aceita\u00e7\u00e3o das normas e condi\u00e7\u00f5es estabelecidas no edital, das quais o candidato n\u00e3o poder\u00e1 alegar desconhecimento.<\/p>\n<p>As publica\u00e7\u00f5es oficiais ser\u00e3o divulgadas no endere\u00e7o eletr\u00f4nico <strong>http:\/\/diariooficialms.com.br\/assomasul<\/strong>. Recomenda-se a leitura integral do edital antes de efetuar a inscri\u00e7\u00e3o.<\/p>\n<h2>Etapas e Provas<\/h2>\n<p>O Processo Seletivo Simplificado ser\u00e1 realizado em <strong>etapa \u00fanica<\/strong>, consistindo em <strong>Avalia\u00e7\u00e3o Curricular de T\u00edtulos e Experi\u00eancia Profissional<\/strong>, de car\u00e1ter <strong>eliminat\u00f3rio e classificat\u00f3rio<\/strong>.<\/p>\n<p>A pontua\u00e7\u00e3o ser\u00e1 atribu\u00edda conforme crit\u00e9rios estabelecidos nos Anexos III e IV do edital, considerando a forma\u00e7\u00e3o acad\u00eamica e a experi\u00eancia profissional comprovada pelo candidato.<\/p>\n<p><strong>Crit\u00e9rios de aprova\u00e7\u00e3o por n\u00edvel de escolaridade:<\/strong><\/p>\n<ul>\n<li><strong>N\u00edvel M\u00e9dio\/T\u00e9cnico:<\/strong> pontua\u00e7\u00e3o m\u00ednima de <strong>30 pontos<\/strong>;<\/li>\n<li><strong>N\u00edvel Superior:<\/strong> pontua\u00e7\u00e3o m\u00ednima de <strong>50 pontos<\/strong>.<\/li>\n<\/ul>\n<p>Os candidatos que n\u00e3o atingirem a pontua\u00e7\u00e3o m\u00ednima exigida para o respectivo n\u00edvel ser\u00e3o <strong>eliminados<\/strong> do processo seletivo.<\/p>\n<p>Consulte o edital completo para conhecer os crit\u00e9rios detalhados de pontua\u00e7\u00e3o da avalia\u00e7\u00e3o curricular.<\/p>\n<h2>Resultados e Gabarito<\/h2>\n<p>Os resultados do Processo Seletivo Simplificado ser\u00e3o divulgados no endere\u00e7o eletr\u00f4nico <strong>http:\/\/diariooficialms.com.br\/assomasul<\/strong>.<\/p>\n<p><strong>Recursos:<\/strong> O candidato que desejar contestar a classifica\u00e7\u00e3o indicada no resultado final poder\u00e1 interpor recurso no prazo de at\u00e9 <strong>24 horas<\/strong>, contadas a partir do dia subsequente \u00e0 divulga\u00e7\u00e3o. O recurso dever\u00e1 seguir o modelo do Anexo V do edital e ser protocolado presencialmente na sede da Prefeitura, no setor de Recursos Humanos.<\/p>\n<p>Ap\u00f3s a an\u00e1lise dos recursos, o <strong>Resultado Final<\/strong> ser\u00e1 homologado pela Secret\u00e1ria Municipal de Sa\u00fade e publicado no Di\u00e1rio Oficial do Munic\u00edpio, com divulga\u00e7\u00e3o tamb\u00e9m no site http:\/\/diariooficialms.com.br\/assomasul.<\/p>\n<p>A listagem completa com a pontua\u00e7\u00e3o de todos os candidatos ficar\u00e1 dispon\u00edvel para consulta no mesmo endere\u00e7o eletr\u00f4nico.<\/p>\n<p><strong>Importante:<\/strong> O acompanhamento das publica\u00e7\u00f5es oficiais, incluindo convoca\u00e7\u00f5es e demais comunicados, \u00e9 de <strong>responsabilidade exclusiva do candidato<\/strong>. Recomenda-se verificar periodicamente o Di\u00e1rio Oficial do Munic\u00edpio.<\/p>\n","protected":false},"excerpt":{"rendered":"<p>Inscri\u00e7\u00f5es abrem 02\/02! Sel. Simplificada Pref. Caracol (MS) p\/ Sa\u00fade Bucal e Nutricionista (M\u00e9dio\/T\u00e9c. e Sup.). Sal\u00e1rios at\u00e9 R$4.9k. Veja o edital!<\/p>\n","protected":false},"author":7,"featured_media":277545,"comment_status":"open","ping_status":"open","sticky":false,"template":"","format":"standard","meta":{"_acf_changed":false,"_breakdance_hide_in_design_set":false,"_breakdance_tags":"","footnotes":""},"categories":[23],"tags":[48],"_amplo":[],"destaque":[],"instituicoes":[],"class_list":["post-277546","post","type-post","status-publish","format-standard","has-post-thumbnail","hentry","category-nutricao","tag-mato-grosso-do-sul"],"acf":{"_tipo_vagas":"vagas","_numero_vagas":"","_quadro_vagas":"","_cargos":"diversos","_cargos_especificos":"","_salario_max":"R$ 4954.26","_abertura":"20260202","_encerramento":"20260204","_inscricoes":"http:\/\/diariooficialms.com.br\/assomasul","_executora_concurso":"","_instituicao_concurso":[],"_link_adicional":null,"_anexos":null,"_produtos":null,"_vagas":"02 vagas + CR","_salario_min":"R$ 1621","_instituicao":"Prefeitura de Caracol","_edital":"https:\/\/www.agrobase.com.br\/concursos\/wp-content\/uploads\/sites\/4\/2026\/02\/edital-01-2026-prefeitura-de-caracol-ms.pdf","_anexos_edital":"","_fund_incompleto":"","_fund_completo":"","_medio":"<div>\r\n<table class=\"quadro\">\r\n<thead>\r\n<tr>\r\n<th class=\"hcargo\">Cargo<\/th>\r\n<th class=\"hvagas\">Vagas<\/th>\r\n<th class=\"hremuneracao\">Remunera\u00e7\u00e3o<\/th>\r\n<\/tr>\r\n<\/thead>\r\n    <tbody>\r\n      <td class=\"ccargos\">\r\n<span data-balloon-length=\"medium\" aria-label=\"Ensino M\u00e9dio Completo com registro no CRO-MS\" data-balloon-pos=\"up\">Auxiliar em Sa\u00fade Bucal<\/span><\/td>\r\n<td class=\"cvagas\">01 + CR<\/td>\r\n<td class=\"cremuneracao\">R$ 1.621,00 \/40h<\/td>\r\n<\/tr>\r\n    <\/tbody>\r\n  <\/table>\r\n<\/div>","_superior":"<div>\r\n<table class=\"quadro\">\r\n<thead>\r\n<tr>\r\n<th class=\"hcargo\">Cargo<\/th>\r\n<th class=\"hvagas\">Vagas<\/th>\r\n<th class=\"hremuneracao\">Remunera\u00e7\u00e3o<\/th>\r\n<\/tr>\r\n<\/thead>\r\n    <tbody>\r\n      <tr>\r\n<td class=\"ccargos\">\r\n<span data-balloon-length=\"medium\" aria-label=\"Ensino Superior Completo com registro no CRN-MS\" data-balloon-pos=\"up\">Nutricionista<\/span><\/td>\r\n<td class=\"cvagas\">01 + CR<\/td>\r\n<td class=\"cremuneracao\">R$ 4.954,26 \/40h<\/td>\r\n<\/tr>\r\n    <\/tbody>\r\n  <\/table>\r\n<\/div>"},"_links":{"self":[{"href":"https:\/\/www.agrobase.com.br\/concursos\/wp-json\/wp\/v2\/posts\/277546","targetHints":{"allow":["GET"]}}],"collection":[{"href":"https:\/\/www.agrobase.com.br\/concursos\/wp-json\/wp\/v2\/posts"}],"about":[{"href":"https:\/\/www.agrobase.com.br\/concursos\/wp-json\/wp\/v2\/types\/post"}],"author":[{"embeddable":true,"href":"https:\/\/www.agrobase.com.br\/concursos\/wp-json\/wp\/v2\/users\/7"}],"replies":[{"embeddable":true,"href":"https:\/\/www.agrobase.com.br\/concursos\/wp-json\/wp\/v2\/comments?post=277546"}],"version-history":[{"count":1,"href":"https:\/\/www.agrobase.com.br\/concursos\/wp-json\/wp\/v2\/posts\/277546\/revisions"}],"predecessor-version":[{"id":277548,"href":"https:\/\/www.agrobase.com.br\/concursos\/wp-json\/wp\/v2\/posts\/277546\/revisions\/277548"}],"wp:featuredmedia":[{"embeddable":true,"href":"https:\/\/www.agrobase.com.br\/concursos\/wp-json\/wp\/v2\/media\/277545"}],"wp:attachment":[{"href":"https:\/\/www.agrobase.com.br\/concursos\/wp-json\/wp\/v2\/media?parent=277546"}],"wp:term":[{"taxonomy":"category","embeddable":true,"href":"https:\/\/www.agrobase.com.br\/concursos\/wp-json\/wp\/v2\/categories?post=277546"},{"taxonomy":"post_tag","embeddable":true,"href":"https:\/\/www.agrobase.com.br\/concursos\/wp-json\/wp\/v2\/tags?post=277546"},{"taxonomy":"_amplo","embeddable":true,"href":"https:\/\/www.agrobase.com.br\/concursos\/wp-json\/wp\/v2\/_amplo?post=277546"},{"taxonomy":"destaque","embeddable":true,"href":"https:\/\/www.agrobase.com.br\/concursos\/wp-json\/wp\/v2\/destaque?post=277546"},{"taxonomy":"instituicoes","embeddable":true,"href":"https:\/\/www.agrobase.com.br\/concursos\/wp-json\/wp\/v2\/instituicoes?post=277546"}],"curies":[{"name":"wp","href":"https:\/\/api.w.org\/{rel}","templated":true}]}}