{"id":277507,"date":"2026-02-02T07:50:38","date_gmt":"2026-02-02T10:50:38","guid":{"rendered":"https:\/\/www.agrobase.com.br\/concursos\/?p=277507"},"modified":"2026-01-30T13:32:42","modified_gmt":"2026-01-30T16:32:42","slug":"prefeitura-porecatu-pr-concurso-01-2026","status":"publish","type":"post","link":"https:\/\/www.agrobase.com.br\/concursos\/2026\/prefeitura-porecatu-pr-concurso-01-2026\/","title":{"rendered":"Prefeitura Porecatu (PR) &#8211; Concurso 01\/2026"},"content":{"rendered":"<h2>Informa\u00e7\u00f5es Gerais<\/h2>\n<p>A <strong>Prefeitura Municipal de Porecatu<\/strong>, no Estado do Paran\u00e1, publicou o <strong>Edital n\u00ba 001\/2026<\/strong> de abertura do Concurso P\u00fablico destinado ao provimento de cargos efetivos no quadro de pessoal do munic\u00edpio. O certame est\u00e1 com <strong>inscri\u00e7\u00f5es abertas<\/strong> e oferece <strong>89 vagas imediatas<\/strong>, al\u00e9m de forma\u00e7\u00e3o de cadastro reserva para vagas que surgirem durante a validade do concurso.<\/p>\n<p>As oportunidades contemplam candidatos de todos os n\u00edveis de escolaridade: <strong>Ensino Fundamental Completo<\/strong>, <strong>M\u00e9dio\/T\u00e9cnico<\/strong> e <strong>Superior<\/strong>. Os sal\u00e1rios variam de <strong>R$ 1.621,00 a R$ 10.856,68<\/strong>, com cargas hor\u00e1rias entre 20 e 40 horas semanais, conforme o cargo.<\/p>\n<p>Entre as vagas de n\u00edvel fundamental, destacam-se os cargos de Auxiliar de Servi\u00e7os Gerais (10 vagas) e Motorista (09 vagas). Para n\u00edvel m\u00e9dio e t\u00e9cnico, a maior oferta \u00e9 para Escritur\u00e1rio, com 20 vagas dispon\u00edveis, al\u00e9m de oportunidades nas \u00e1reas de sa\u00fade e tecnologia.<\/p>\n<p>Para profissionais de <strong>n\u00edvel superior<\/strong>, o concurso oferece vagas em diversas \u00e1reas, com destaque para <strong>M\u00e9dico Veterin\u00e1rio<\/strong> (remunera\u00e7\u00e3o de R$ 8.811,50) e <strong>Nutricionista<\/strong>. H\u00e1 tamb\u00e9m oportunidades para Professor (23 vagas), Psic\u00f3logo (04 vagas), M\u00e9dico Plantonista, Engenheiro Civil, Farmac\u00eautico, Fisioterapeuta, Fonoaudi\u00f3logo e Dentista.<\/p>\n<p>A organiza\u00e7\u00e3o e execu\u00e7\u00e3o do certame ficam a cargo da <strong>Universidade Estadual do Oeste do Paran\u00e1 (UNIOESTE)<\/strong>, por meio da Coordenadoria Geral de Concursos e Processos Seletivos (COGEPS). Continue a leitura para conhecer todos os detalhes sobre inscri\u00e7\u00f5es, etapas de sele\u00e7\u00e3o e cronograma do concurso.<\/p>\n<h2>Inscri\u00e7\u00f5es<\/h2>\n<p>As <strong>inscri\u00e7\u00f5es est\u00e3o abertas<\/strong> e devem ser realizadas exclusivamente pela internet, no per\u00edodo de <strong>02 de fevereiro de 2026 a 05 de mar\u00e7o de 2026<\/strong>, atrav\u00e9s do site oficial da UNIOESTE\/COGEPS.<\/p>\n<p>Para se inscrever, o candidato deve acessar o endere\u00e7o eletr\u00f4nico <strong>https:\/\/concursos.unioeste.br\/<\/strong>, localizar o concurso da Prefeitura de Porecatu e preencher o formul\u00e1rio de inscri\u00e7\u00e3o online com seus dados pessoais, escolhendo o cargo pretendido. Ap\u00f3s o preenchimento, \u00e9 necess\u00e1rio gerar o boleto banc\u00e1rio e efetuar o pagamento da taxa de inscri\u00e7\u00e3o dentro do prazo estabelecido no cronograma do edital.<\/p>\n<p>Os valores das taxas de inscri\u00e7\u00e3o, bem como os procedimentos espec\u00edficos para solicita\u00e7\u00e3o de isen\u00e7\u00e3o, devem ser consultados diretamente no edital completo, dispon\u00edvel no site da banca organizadora.<\/p>\n<p>Recomenda-se que o candidato acompanhe o status de sua inscri\u00e7\u00e3o atrav\u00e9s da \u00e1rea restrita no site da UNIOESTE\/COGEPS, verificando a confirma\u00e7\u00e3o do pagamento e a homologa\u00e7\u00e3o da inscri\u00e7\u00e3o. Em caso de d\u00favidas, o contato pode ser feito pelo e-mail cogeps@unioeste.br.<\/p>\n<p>Para garantir sua participa\u00e7\u00e3o no concurso, leia atentamente o edital na \u00edntegra e fique atento aos prazos e documentos exigidos.<\/p>\n<h2>Etapas e Provas<\/h2>\n<p>O Concurso P\u00fablico da Prefeitura de Porecatu ser\u00e1 composto por at\u00e9 tr\u00eas etapas de avalia\u00e7\u00e3o, conforme o cargo escolhido:<\/p>\n<ul>\n<li><strong>Prova Objetiva (PO)<\/strong> \u2013 Car\u00e1ter eliminat\u00f3rio e classificat\u00f3rio, aplicada a todos os cargos;<\/li>\n<li><strong>Prova Pr\u00e1tica (PP)<\/strong> \u2013 Car\u00e1ter eliminat\u00f3rio e classificat\u00f3rio, exclusiva para o cargo de Motorista;<\/li>\n<li><strong>Avalia\u00e7\u00e3o de T\u00edtulos (AT)<\/strong> \u2013 Car\u00e1ter classificat\u00f3rio, destinada aos cargos de N\u00edvel M\u00e9dio\/T\u00e9cnico e Superior.<\/li>\n<\/ul>\n<p><strong>Prova Objetiva<\/strong><\/p>\n<p>A Prova Objetiva ser\u00e1 realizada no <strong>Munic\u00edpio de Porecatu &#8211; PR<\/strong> e, se necess\u00e1rio, em munic\u00edpios vizinhos, dependendo do n\u00famero de inscritos. A data de aplica\u00e7\u00e3o est\u00e1 prevista no cronograma oficial do edital.<\/p>\n<p>A prova ter\u00e1 <strong>dura\u00e7\u00e3o m\u00e1xima de 3 horas<\/strong>, incluindo o tempo para assinatura e preenchimento do cart\u00e3o de respostas. As quest\u00f5es ser\u00e3o de m\u00faltipla escolha, abrangendo conte\u00fados espec\u00edficos de cada cargo e conhecimentos gerais. O candidato deve atingir a nota m\u00ednima exigida para ser considerado aprovado nesta etapa.<\/p>\n<p><strong>Prova Pr\u00e1tica<\/strong><\/p>\n<p>A Prova Pr\u00e1tica ser\u00e1 aplicada exclusivamente aos candidatos ao cargo de <strong>Motorista<\/strong>. Ser\u00e3o convocados para esta etapa os <strong>30 primeiros candidatos<\/strong> aprovados na Prova Objetiva com as maiores notas. A avalia\u00e7\u00e3o ser\u00e1 conduzida por Comiss\u00e3o Avaliadora designada pela UNIOESTE\/COGEPS, na data prevista no cronograma.<\/p>\n<p><strong>Avalia\u00e7\u00e3o de T\u00edtulos<\/strong><\/p>\n<p>A Avalia\u00e7\u00e3o de T\u00edtulos tem car\u00e1ter exclusivamente classificat\u00f3rio e ser\u00e1 aplicada a todos os candidatos aos cargos de <strong>N\u00edvel M\u00e9dio\/T\u00e9cnico e Superior<\/strong> que forem aprovados na Prova Objetiva. Os crit\u00e9rios de pontua\u00e7\u00e3o e documentos aceitos est\u00e3o detalhados no edital.<\/p>\n<p>Consulte o edital completo para verificar o conte\u00fado program\u00e1tico de cada cargo, os crit\u00e9rios de aprova\u00e7\u00e3o e o cronograma detalhado de todas as etapas.<\/p>\n<h2>Resultados e Gabarito<\/h2>\n<p>Os resultados de todas as etapas do Concurso P\u00fablico ser\u00e3o divulgados atrav\u00e9s de editais espec\u00edficos, publicados nos sites oficiais da <strong>Prefeitura Municipal de Porecatu<\/strong> (https:\/\/porecatu.pr.gov.br\/) e da <strong>UNIOESTE\/COGEPS<\/strong> (www.unioeste.br\/portal\/cogeps\/correntes).<\/p>\n<p>Ap\u00f3s a aplica\u00e7\u00e3o da Prova Objetiva, ser\u00e1 divulgado o <strong>gabarito preliminar<\/strong>, abrindo-se prazo para interposi\u00e7\u00e3o de recursos. Posteriormente, ser\u00e1 publicado o <strong>gabarito definitivo<\/strong> e o resultado preliminar da prova. Os candidatos ter\u00e3o nova oportunidade de recurso antes da divulga\u00e7\u00e3o do resultado definitivo.<\/p>\n<p>A <strong>classifica\u00e7\u00e3o final<\/strong> ser\u00e1 publicada em tr\u00eas listas distintas, organizadas por ordem decrescente de pontua\u00e7\u00e3o:<\/p>\n<ul>\n<li><strong>Lista geral<\/strong> \u2013 com todos os candidatos aprovados, incluindo PcD e PPP;<\/li>\n<li><strong>Lista PPP<\/strong> \u2013 exclusiva para candidatos inscritos como Pessoa Preta ou Parda;<\/li>\n<li><strong>Lista PcD<\/strong> \u2013 exclusiva para candidatos inscritos como Pessoa com Defici\u00eancia.<\/li>\n<\/ul>\n<p>Os crit\u00e9rios de desempate est\u00e3o estabelecidos no edital e ser\u00e3o aplicados quando houver candidatos com pontua\u00e7\u00e3o id\u00eantica.<\/p>\n<p>A <strong>homologa\u00e7\u00e3o final<\/strong> do resultado ser\u00e1 realizada por meio de edital expedido pela Prefeitura Municipal de Porecatu, oficializando a conclus\u00e3o do certame e autorizando a convoca\u00e7\u00e3o dos aprovados para nomea\u00e7\u00e3o.<\/p>\n<p>A validade do concurso e a possibilidade de prorroga\u00e7\u00e3o devem ser consultadas no edital completo. \u00c9 de <strong>responsabilidade exclusiva do candidato<\/strong> acompanhar todas as publica\u00e7\u00f5es oficiais referentes ao concurso nos canais indicados.<\/p>\n","protected":false},"excerpt":{"rendered":"<p>Concurso Pref. Porecatu (PR) com edital publicado! Vagas p\/ Professor e Escritur\u00e1rio (Fund. a Sup.). Inscri\u00e7\u00f5es a partir de 02\/02. Sal\u00e1rios at\u00e9 R$10.8k. Confira!<\/p>\n","protected":false},"author":7,"featured_media":277506,"comment_status":"open","ping_status":"open","sticky":false,"template":"","format":"standard","meta":{"_acf_changed":false,"_breakdance_hide_in_design_set":false,"_breakdance_tags":"","footnotes":""},"categories":[14,17,18,19,21,22,23,24,25,26,108,130,157],"tags":[52],"_amplo":[],"destaque":[],"instituicoes":[],"class_list":["post-277507","post","type-post","status-publish","format-standard","has-post-thumbnail","hentry","category-engenharia","category-farmacia","category-fisioterapia","category-fonoaudiologia","category-medicina","category-veterinaria","category-nutricao","category-odontologia","category-pedagogia","category-psicologia","category-tecnico-enfermagem","category-tecnico-informatica","category-tecnico-seguranca-trabalho","tag-parana"],"acf":{"_tipo_vagas":"vagas","_numero_vagas":"","_quadro_vagas":"","_cargos":"diversos","_cargos_especificos":"","_salario_max":"R$ 10856.68","_abertura":"20260202","_encerramento":"20260305","_inscricoes":"https:\/\/concursos.unioeste.br\/","_executora_concurso":"","_instituicao_concurso":[],"_link_adicional":null,"_anexos":null,"_produtos":null,"_vagas":"89 vagas + CR","_salario_min":"R$ 1621","_instituicao":"Prefeitura de Porecatu","_edital":"https:\/\/www.agrobase.com.br\/concursos\/wp-content\/uploads\/sites\/4\/2026\/01\/edital-01-2026-prefeitura-de-porecatu-pr.pdf","_anexos_edital":"","_fund_incompleto":"","_fund_completo":"<div>\r\n<table class=\"quadro\">\r\n<thead>\r\n<tr>\r\n<th class=\"hcargo\">Cargo<\/th>\r\n<th class=\"hvagas\">Vagas<\/th>\r\n<th class=\"hremuneracao\">Remunera\u00e7\u00e3o<\/th>\r\n<\/tr>\r\n<\/thead>\r\n    <tbody>\r\n      <td class=\"ccargos\">\r\n<span data-balloon-length=\"medium\" aria-label=\"Ensino Fundamental completo\" data-balloon-pos=\"up\">Auxiliar de Servi\u00e7os Gerais<\/span><\/td>\r\n<td class=\"cvagas\">10<\/td>\r\n<td class=\"cremuneracao\">R$ 1.621,00 \/40h<\/td>\r\n<\/tr><td class=\"ccargos\">\r\n<span data-balloon-length=\"medium\" aria-label=\"Ensino Fundamental completo e CNH D\" data-balloon-pos=\"up\">Motorista<\/span><\/td>\r\n<td class=\"cvagas\">09<\/td>\r\n<td class=\"cremuneracao\">R$ 1.621,00 \/40h<\/td>\r\n<\/tr>\r\n    <\/tbody>\r\n  <\/table>\r\n<\/div>","_medio":"<div>\r\n<table class=\"quadro\">\r\n<thead>\r\n<tr>\r\n<th class=\"hcargo\">Cargo<\/th>\r\n<th class=\"hvagas\">Vagas<\/th>\r\n<th class=\"hremuneracao\">Remunera\u00e7\u00e3o<\/th>\r\n<\/tr>\r\n<\/thead>\r\n    <tbody>\r\n      <td class=\"ccargos\">\r\n<span data-balloon-length=\"medium\" aria-label=\"Curso T\u00e9cnico em Sa\u00fade Bucal\" data-balloon-pos=\"up\">Atendente de Consult\u00f3rio Dent\u00e1rio<\/span><\/td>\r\n<td class=\"cvagas\">02<\/td>\r\n<td class=\"cremuneracao\">R$ 1.621,00 \/40h<\/td>\r\n<\/tr><td class=\"ccargos\">\r\n<span data-balloon-length=\"medium\" aria-label=\"Ensino M\u00e9dio Completo\" data-balloon-pos=\"up\">Escritur\u00e1rio<\/span><\/td>\r\n<td class=\"cvagas\">20<\/td>\r\n<td class=\"cremuneracao\">R$ 1.621,00 \/40h<\/td>\r\n<\/tr><td class=\"ccargos\">\r\n<span data-balloon-length=\"medium\" aria-label=\"Ensino M\u00e9dio Completo\" data-balloon-pos=\"up\">Fiscal<\/span><\/td>\r\n<td class=\"cvagas\">02<\/td>\r\n<td class=\"cremuneracao\">R$ 1.621,00 \/40h<\/td>\r\n<\/tr><td class=\"ccargos\">\r\n<span data-balloon-length=\"medium\" aria-label=\"Curso T\u00e9cnico em Enfermagem\" data-balloon-pos=\"up\">T\u00e9cnico em Enfermagem<\/span><\/td>\r\n<td class=\"cvagas\">02<\/td>\r\n<td class=\"cremuneracao\">R$ 1.621,00 \/40h<\/td>\r\n<\/tr><td class=\"ccargos\">\r\n<span data-balloon-length=\"medium\" aria-label=\"Curso T\u00e9cnico em Radiologia\" data-balloon-pos=\"up\">T\u00e9cnico em Radiologia<\/span><\/td>\r\n<td class=\"cvagas\">01<\/td>\r\n<td class=\"cremuneracao\">R$ 2.185,91 \/20h<\/td>\r\n<\/tr><td class=\"ccargos\">\r\n<span data-balloon-length=\"medium\" aria-label=\"Curso T\u00e9cnico em Inform\u00e1tica\" data-balloon-pos=\"up\">T\u00e9cnico de Inform\u00e1tica<\/span><\/td>\r\n<td class=\"cvagas\">01<\/td>\r\n<td class=\"cremuneracao\">R$ 1.836,24 \/40h<\/td>\r\n<\/tr><td class=\"ccargos\">\r\n<span data-balloon-length=\"medium\" aria-label=\"Curso T\u00e9cnico em Seg. Trabalho\" data-balloon-pos=\"up\">T\u00e9cnico em Seguran\u00e7a do Trabalho<\/span><\/td>\r\n<td class=\"cvagas\">01<\/td>\r\n<td class=\"cremuneracao\">R$ 1.621,00 \/40h<\/td>\r\n<\/tr>\r\n    <\/tbody>\r\n  <\/table>\r\n<\/div>","_superior":"<div>\r\n<table class=\"quadro\">\r\n<thead>\r\n<tr>\r\n<th class=\"hcargo\">Cargo<\/th>\r\n<th class=\"hvagas\">Vagas<\/th>\r\n<th class=\"hremuneracao\">Remunera\u00e7\u00e3o<\/th>\r\n<\/tr>\r\n<\/thead>\r\n    <tbody>\r\n      <tr>\r\n<td class=\"ccargos\">\r\n<span data-balloon-length=\"medium\" aria-label=\"Gradua\u00e7\u00e3o em Odontologia + registro no conselho de classe\" data-balloon-pos=\"up\">Dentista<\/span><\/td>\r\n<td class=\"cvagas\">02<\/td>\r\n<td class=\"cremuneracao\">R$ 2.125,70 \/20h<\/td>\r\n<\/tr><tr>\r\n<td class=\"ccargos\">\r\n<span data-balloon-length=\"medium\" aria-label=\"Gradua\u00e7\u00e3o em Engenharia Civil + registro no conselho de classe\" data-balloon-pos=\"up\">Engenheiro Civil<\/span><\/td>\r\n<td class=\"cvagas\">01<\/td>\r\n<td class=\"cremuneracao\">R$ 2.848,65 \/40h<\/td>\r\n<\/tr><tr>\r\n<td class=\"ccargos\">\r\n<span data-balloon-length=\"medium\" aria-label=\"Gradua\u00e7\u00e3o em Farm\u00e1cia + registro no conselho de classe\" data-balloon-pos=\"up\">Farmac\u00eautico<\/span><\/td>\r\n<td class=\"cvagas\">01<\/td>\r\n<td class=\"cremuneracao\">R$ 3.297,70 \/40h<\/td>\r\n<\/tr><tr>\r\n<td class=\"ccargos\">\r\n<span data-balloon-length=\"medium\" aria-label=\"Gradua\u00e7\u00e3o em Fisioterapia + registro no conselho de classe\" data-balloon-pos=\"up\">Fisioterapeuta<\/span><\/td>\r\n<td class=\"cvagas\">01<\/td>\r\n<td class=\"cremuneracao\">R$ 2.231,95 \/40h<\/td>\r\n<\/tr><tr>\r\n<td class=\"ccargos\">\r\n<span data-balloon-length=\"medium\" aria-label=\"Gradua\u00e7\u00e3o em Fonoaudiologia + registro no conselho de classe\" data-balloon-pos=\"up\">Fonoaudi\u00f3logo<\/span><\/td>\r\n<td class=\"cvagas\">01<\/td>\r\n<td class=\"cremuneracao\">R$ 2.231,95 \/40h<\/td>\r\n<\/tr><tr>\r\n<td class=\"ccargos\">\r\n<span data-balloon-length=\"medium\" aria-label=\"Gradua\u00e7\u00e3o em Medicina + registro no conselho de classe\" data-balloon-pos=\"up\">M\u00e9dico Plantonista<\/span><\/td>\r\n<td class=\"cvagas\">03<\/td>\r\n<td class=\"cremuneracao\">R$ 10.856,68 \/120h mensais<\/td>\r\n<\/tr><tr>\r\n<td class=\"ccargos\">\r\n<span data-balloon-length=\"medium\" aria-label=\"Gradua\u00e7\u00e3o em Medicina Veterin\u00e1ria + registro no conselho de classe\" data-balloon-pos=\"up\">M\u00e9dico Veterin\u00e1rio<\/span><\/td>\r\n<td class=\"cvagas\">01<\/td>\r\n<td class=\"cremuneracao\">R$ 8.811,50 \/40h<\/td>\r\n<\/tr><tr>\r\n<td class=\"ccargos\">\r\n<span data-balloon-length=\"medium\" aria-label=\"Gradua\u00e7\u00e3o em nutri\u00e7\u00e3o + registro no conselho de classe\" data-balloon-pos=\"up\">Nutricionista<\/span><\/td>\r\n<td class=\"cvagas\">01<\/td>\r\n<td class=\"cremuneracao\">R$ 2.231,95 \/40h<\/td>\r\n<\/tr><tr>\r\n<td class=\"ccargos\">\r\n<span data-balloon-length=\"medium\" aria-label=\"Gradua\u00e7\u00e3o em Pedagogia\/Licenciatura\" data-balloon-pos=\"up\">Professor<\/span><\/td>\r\n<td class=\"cvagas\">23<\/td>\r\n<td class=\"cremuneracao\">R$ 2.677,71 \/20h<\/td>\r\n<\/tr><tr>\r\n<td class=\"ccargos\">\r\n<span data-balloon-length=\"medium\" aria-label=\"Gradua\u00e7\u00e3o em Pedagogia\/Licenciatura\" data-balloon-pos=\"up\">Professor AEE<\/span><\/td>\r\n<td class=\"cvagas\">03<\/td>\r\n<td class=\"cremuneracao\">R$ 2.677,71 \/20h<\/td>\r\n<\/tr><tr>\r\n<td class=\"ccargos\">\r\n<span data-balloon-length=\"medium\" aria-label=\"Gradua\u00e7\u00e3o em Psicologia + registro no conselho de classe\" data-balloon-pos=\"up\">Psic\u00f3logo<\/span><\/td>\r\n<td class=\"cvagas\">04<\/td>\r\n<td class=\"cremuneracao\">R$ 2.231,95 \/40h<\/td>\r\n<\/tr>\r\n    <\/tbody>\r\n  <\/table>\r\n<\/div>"},"_links":{"self":[{"href":"https:\/\/www.agrobase.com.br\/concursos\/wp-json\/wp\/v2\/posts\/277507","targetHints":{"allow":["GET"]}}],"collection":[{"href":"https:\/\/www.agrobase.com.br\/concursos\/wp-json\/wp\/v2\/posts"}],"about":[{"href":"https:\/\/www.agrobase.com.br\/concursos\/wp-json\/wp\/v2\/types\/post"}],"author":[{"embeddable":true,"href":"https:\/\/www.agrobase.com.br\/concursos\/wp-json\/wp\/v2\/users\/7"}],"replies":[{"embeddable":true,"href":"https:\/\/www.agrobase.com.br\/concursos\/wp-json\/wp\/v2\/comments?post=277507"}],"version-history":[{"count":1,"href":"https:\/\/www.agrobase.com.br\/concursos\/wp-json\/wp\/v2\/posts\/277507\/revisions"}],"predecessor-version":[{"id":277509,"href":"https:\/\/www.agrobase.com.br\/concursos\/wp-json\/wp\/v2\/posts\/277507\/revisions\/277509"}],"wp:featuredmedia":[{"embeddable":true,"href":"https:\/\/www.agrobase.com.br\/concursos\/wp-json\/wp\/v2\/media\/277506"}],"wp:attachment":[{"href":"https:\/\/www.agrobase.com.br\/concursos\/wp-json\/wp\/v2\/media?parent=277507"}],"wp:term":[{"taxonomy":"category","embeddable":true,"href":"https:\/\/www.agrobase.com.br\/concursos\/wp-json\/wp\/v2\/categories?post=277507"},{"taxonomy":"post_tag","embeddable":true,"href":"https:\/\/www.agrobase.com.br\/concursos\/wp-json\/wp\/v2\/tags?post=277507"},{"taxonomy":"_amplo","embeddable":true,"href":"https:\/\/www.agrobase.com.br\/concursos\/wp-json\/wp\/v2\/_amplo?post=277507"},{"taxonomy":"destaque","embeddable":true,"href":"https:\/\/www.agrobase.com.br\/concursos\/wp-json\/wp\/v2\/destaque?post=277507"},{"taxonomy":"instituicoes","embeddable":true,"href":"https:\/\/www.agrobase.com.br\/concursos\/wp-json\/wp\/v2\/instituicoes?post=277507"}],"curies":[{"name":"wp","href":"https:\/\/api.w.org\/{rel}","templated":true}]}}