{"id":277471,"date":"2026-01-30T08:50:07","date_gmt":"2026-01-30T11:50:07","guid":{"rendered":"https:\/\/www.agrobase.com.br\/concursos\/?p=277471"},"modified":"2026-01-30T10:12:26","modified_gmt":"2026-01-30T13:12:26","slug":"prefeitura-pimenteiras-do-oeste-ro-selecao-simplificada-01-2026","status":"publish","type":"post","link":"https:\/\/www.agrobase.com.br\/concursos\/2026\/prefeitura-pimenteiras-do-oeste-ro-selecao-simplificada-01-2026\/","title":{"rendered":"Prefeitura Pimenteiras do Oeste (RO) &#8211; Sele\u00e7\u00e3o Simplificada 01\/2026"},"content":{"rendered":"<h2>Informa\u00e7\u00f5es Gerais<\/h2>\n<p>A <strong>Prefeitura Municipal de Pimenteiras do Oeste<\/strong>, no estado de Rond\u00f4nia, publicou o edital do <strong>Processo Seletivo Simplificado<\/strong> para contrata\u00e7\u00e3o tempor\u00e1ria por excepcional interesse p\u00fablico. O certame \u00e9 regido pelo Decreto Municipal n. 003\/2026\/PMPO e pelas Leis Municipais 1208\/2025 e 912\/2017.<\/p>\n<p>S\u00e3o oferecidas <strong>30 vagas<\/strong> para preenchimento imediato, distribu\u00eddas entre cargos de <strong>n\u00edvel m\u00e9dio\/t\u00e9cnico e superior<\/strong>, com remunera\u00e7\u00f5es que variam de <strong>R$ 2.143,20 a R$ 5.353,51<\/strong>. As contrata\u00e7\u00f5es ser\u00e3o por tempo determinado.<\/p>\n<p>As oportunidades contemplam diversas \u00e1reas da administra\u00e7\u00e3o municipal, incluindo Sa\u00fade (SEMUSA), Educa\u00e7\u00e3o (SEMEC), Assist\u00eancia Social (SEMTAS), Planejamento e Coordena\u00e7\u00e3o (SEMAPC) e Meio Ambiente (SEMARF).<\/p>\n<p>Entre os cargos dispon\u00edveis, destacam-se vagas para <strong>Fiscal Ambiental<\/strong> \u2014 que exige forma\u00e7\u00e3o em <strong>Biologia, Engenharia Ambiental ou Gest\u00e3o Ambiental<\/strong> \u2014 e <strong>Nutricionista<\/strong>. H\u00e1 tamb\u00e9m oportunidades para Enfermeiro, Psic\u00f3logo, Assistente Social, Fisioterapeuta, Farmac\u00eautico, Odont\u00f3logo, Fonoaudi\u00f3logo, Professor Pedagogo, Engenheiro Civil, Coordenador T\u00e9cnico do CRAS, Coordenador da Vigil\u00e2ncia Socioassistencial e T\u00e9cnico de Enfermagem.<\/p>\n<p>Continue a leitura para conhecer os detalhes sobre inscri\u00e7\u00f5es, etapas de sele\u00e7\u00e3o e cronograma completo do processo seletivo.<\/p>\n<h2>Inscri\u00e7\u00f5es<\/h2>\n<p>As inscri\u00e7\u00f5es para o Processo Seletivo Simplificado da Prefeitura de Pimenteiras do Oeste\/RO estar\u00e3o abertas <strong>das 13h do dia 29 de janeiro de 2026 at\u00e9 as 13h do dia 02 de fevereiro de 2026<\/strong>, considerando o hor\u00e1rio oficial de Rond\u00f4nia.<\/p>\n<p>O processo de inscri\u00e7\u00e3o \u00e9 <strong>totalmente online e gratuito<\/strong> \u2014 n\u00e3o h\u00e1 cobran\u00e7a de taxa de inscri\u00e7\u00e3o.<\/p>\n<p><strong>Para se inscrever, o candidato deve:<\/strong><\/p>\n<ul>\n<li>Acessar o site oficial da Prefeitura<\/li>\n<li>Preencher a ficha de inscri\u00e7\u00e3o dispon\u00edvel no portal<\/li>\n<li>Anexar os documentos obrigat\u00f3rios no ato da inscri\u00e7\u00e3o<\/li>\n<\/ul>\n<p><strong>Documentos obrigat\u00f3rios:<\/strong><\/p>\n<ul>\n<li>Ficha de inscri\u00e7\u00e3o devidamente preenchida<\/li>\n<li>C\u00f3pia da Carteira com Registro do \u00f3rg\u00e3o de Classe\/Conselho ou Declara\u00e7\u00e3o de regularidade (exceto para o cargo de Professor Pedagogo)<\/li>\n<li>CPF e RG ou CNH<\/li>\n<li>Comprovante de escolaridade compat\u00edvel com o cargo (Diploma, Certificado ou Declara\u00e7\u00e3o)<\/li>\n<\/ul>\n<p><strong>Aten\u00e7\u00e3o:<\/strong> Cada candidato poder\u00e1 se inscrever para <strong>apenas 01 (um) cargo<\/strong>. Caso realize mais de uma inscri\u00e7\u00e3o, ser\u00e1 considerada v\u00e1lida somente a \u00faltima.<\/p>\n<p>Candidatos que exer\u00e7am outro cargo p\u00fablico devem comprovar compatibilidade de hor\u00e1rios, sendo vedada a acumula\u00e7\u00e3o quando a soma das cargas hor\u00e1rias ultrapassar 60 horas semanais.<\/p>\n<p>A homologa\u00e7\u00e3o das inscri\u00e7\u00f5es ser\u00e1 publicada no dia <strong>06 de fevereiro de 2026<\/strong> no Di\u00e1rio Oficial e no site da Prefeitura. Recomenda-se a leitura integral do edital para conhecer todos os requisitos e procedimentos.<\/p>\n<h2>Etapas e Provas<\/h2>\n<p>O Processo Seletivo Simplificado da Prefeitura de Pimenteiras do Oeste\/RO ser\u00e1 composto por <strong>etapa \u00fanica de Avalia\u00e7\u00e3o de T\u00edtulos e Experi\u00eancia Profissional<\/strong>, de car\u00e1ter classificat\u00f3rio.<\/p>\n<p><strong>Como funciona a avalia\u00e7\u00e3o:<\/strong><\/p>\n<ul>\n<li>A sele\u00e7\u00e3o ser\u00e1 realizada pela Comiss\u00e3o do Processo Seletivo<\/li>\n<li>Ser\u00e3o avaliados os t\u00edtulos e a experi\u00eancia profissional comprovada pelos candidatos<\/li>\n<li>Os documentos comprobat\u00f3rios devem ser anexados no momento da inscri\u00e7\u00e3o<\/li>\n<li>A pontua\u00e7\u00e3o ser\u00e1 calculada com base nos crit\u00e9rios estabelecidos no edital<\/li>\n<\/ul>\n<p><strong>Importante:<\/strong> N\u00e3o haver\u00e1 aplica\u00e7\u00e3o de prova objetiva, prova pr\u00e1tica ou qualquer outra etapa presencial. A classifica\u00e7\u00e3o ser\u00e1 definida exclusivamente pela an\u00e1lise documental dos t\u00edtulos e da experi\u00eancia profissional apresentados.<\/p>\n<p>Os candidatos que n\u00e3o comprovarem os requisitos exigidos para o cargo ser\u00e3o declarados <strong>desclassificados<\/strong> do certame.<\/p>\n<p>Consulte o edital completo para conhecer a tabela de pontua\u00e7\u00e3o detalhada dos t\u00edtulos e os crit\u00e9rios espec\u00edficos de avalia\u00e7\u00e3o da experi\u00eancia profissional.<\/p>\n<h2>Resultados e Gabarito<\/h2>\n<p>A divulga\u00e7\u00e3o dos resultados do Processo Seletivo Simplificado da Prefeitura de Pimenteiras do Oeste\/RO seguir\u00e1 o seguinte cronograma:<\/p>\n<ul>\n<li><strong>Classifica\u00e7\u00e3o preliminar:<\/strong> at\u00e9 o dia 13 de fevereiro de 2026<\/li>\n<li><strong>Homologa\u00e7\u00e3o do resultado final:<\/strong> 26 de fevereiro de 2026<\/li>\n<\/ul>\n<p><strong>Crit\u00e9rios de classifica\u00e7\u00e3o:<\/strong><\/p>\n<p>A classifica\u00e7\u00e3o final ser\u00e1 determinada pela soma dos pontos obtidos na avalia\u00e7\u00e3o de t\u00edtulos e experi\u00eancia profissional comprovada. Os candidatos ser\u00e3o relacionados em ordem decrescente de pontua\u00e7\u00e3o.<\/p>\n<p><strong>Onde acompanhar os resultados:<\/strong><\/p>\n<ul>\n<li>Site oficial da Prefeitura: <em>www.pimenteirasdooeste.ro.gov.br<\/em><\/li>\n<li>Di\u00e1rio Oficial dos Munic\u00edpios do Estado de Rond\u00f4nia (Di\u00e1rio da AROM)<\/li>\n<li>Quadros de avisos da Prefeitura Municipal<\/li>\n<\/ul>\n<p><strong>Recursos:<\/strong><\/p>\n<p>Ap\u00f3s a publica\u00e7\u00e3o da classifica\u00e7\u00e3o preliminar, os candidatos poder\u00e3o interpor recursos conforme prazos estabelecidos no cronograma do edital. O resultado final ser\u00e1 divulgado ap\u00f3s a an\u00e1lise de todos os recursos apresentados.<\/p>\n<p><strong>Importante:<\/strong> O acompanhamento das publica\u00e7\u00f5es oficiais, incluindo convoca\u00e7\u00f5es, retifica\u00e7\u00f5es e demais comunicados, \u00e9 de <strong>responsabilidade exclusiva do candidato<\/strong>. Recomenda-se verificar regularmente os canais oficiais de divulga\u00e7\u00e3o durante toda a validade do processo seletivo.<\/p>\n","protected":false},"excerpt":{"rendered":"<p>Inscri\u00e7\u00f5es abrem 29\/01! Sel. Simplificada Pref. Pimenteiras do Oeste (RO) p\/ Professor e Enfermeiro (T\u00e9c.\/Sup.). Sal\u00e1rios at\u00e9 R$5.3k. Veja o edital!<\/p>\n","protected":false},"author":7,"featured_media":277470,"comment_status":"open","ping_status":"open","sticky":false,"template":"","format":"standard","meta":{"_acf_changed":false,"_breakdance_hide_in_design_set":false,"_breakdance_tags":"","footnotes":""},"categories":[6,12,13,14,17,18,19,23,24,25,26,101,108],"tags":[59],"_amplo":[],"destaque":[],"instituicoes":[],"class_list":["post-277471","post","type-post","status-publish","format-standard","has-post-thumbnail","hentry","category-biologia","category-enfermagem","category-engenharia-ambiental","category-engenharia","category-farmacia","category-fisioterapia","category-fonoaudiologia","category-nutricao","category-odontologia","category-pedagogia","category-psicologia","category-servico-social","category-tecnico-enfermagem","tag-rondonia"],"acf":{"_tipo_vagas":"vagas","_numero_vagas":"","_quadro_vagas":"","_cargos":"diversos","_cargos_especificos":"","_salario_max":"R$ 5353.51","_abertura":"20260129","_encerramento":"20260202","_inscricoes":"http:\/\/www.pimenteirasdooeste.ro.gov.br","_executora_concurso":"","_instituicao_concurso":[],"_link_adicional":null,"_anexos":null,"_produtos":null,"_vagas":"30 vagas","_salario_min":"R$ 2143.2","_instituicao":"Prefeitura de Pimenteiras do Oeste","_edital":"https:\/\/www.agrobase.com.br\/concursos\/wp-content\/uploads\/sites\/4\/2026\/01\/edital-01-2026-prefeitura-de-pimenteiras-do-oeste-ro.pdf","_anexos_edital":"","_fund_incompleto":"","_fund_completo":"","_medio":"<div>\r\n<table class=\"quadro\">\r\n<thead>\r\n<tr>\r\n<th class=\"hcargo\">Cargo<\/th>\r\n<th class=\"hvagas\">Vagas<\/th>\r\n<th class=\"hremuneracao\">Remunera\u00e7\u00e3o<\/th>\r\n<\/tr>\r\n<\/thead>\r\n    <tbody>\r\n      <td class=\"ccargos\">\r\n<span data-balloon-length=\"medium\" aria-label=\"N\u00edvel T\u00e9cnico em Enfermagem com registro profissional\" data-balloon-pos=\"up\">T\u00e9cnico de Enfermagem<\/span><\/td>\r\n<td class=\"cvagas\">07<\/td>\r\n<td class=\"cremuneracao\">R$ 2.143,20 \/40h<\/td>\r\n<\/tr>\r\n    <\/tbody>\r\n  <\/table>\r\n<\/div>","_superior":"<div>\r\n<table class=\"quadro\">\r\n<thead>\r\n<tr>\r\n<th class=\"hcargo\">Cargo<\/th>\r\n<th class=\"hvagas\">Vagas<\/th>\r\n<th class=\"hremuneracao\">Remunera\u00e7\u00e3o<\/th>\r\n<\/tr>\r\n<\/thead>\r\n    <tbody>\r\n      <tr>\r\n<td class=\"ccargos\">\r\n<span data-balloon-length=\"medium\" aria-label=\"N\u00edvel Superior em Pedagogia\" data-balloon-pos=\"up\">Professor - Pedagogo<\/span><\/td>\r\n<td class=\"cvagas\">03<\/td>\r\n<td class=\"cremuneracao\">R$ 5.353,51 \/40h<\/td>\r\n<\/tr><tr>\r\n<td class=\"ccargos\">\r\n<span data-balloon-length=\"medium\" aria-label=\"N\u00edvel Superior em Enfermagem com registro profissional\" data-balloon-pos=\"up\">Enfermeiro<\/span><\/td>\r\n<td class=\"cvagas\">05<\/td>\r\n<td class=\"cremuneracao\">R$ 4.634,41 \/40h<\/td>\r\n<\/tr><tr>\r\n<td class=\"ccargos\">\r\n<span data-balloon-length=\"medium\" aria-label=\"N\u00edvel Superior em Psicologia com registro profissional\" data-balloon-pos=\"up\">Psic\u00f3logo<\/span><\/td>\r\n<td class=\"cvagas\">03<\/td>\r\n<td class=\"cremuneracao\">R$ 4.472,79 \/30h<\/td>\r\n<\/tr><tr>\r\n<td class=\"ccargos\">\r\n<span data-balloon-length=\"medium\" aria-label=\"N\u00edvel Superior em Engenharia civil com registro profissional\" data-balloon-pos=\"up\">Engenheiro Civil<\/span><\/td>\r\n<td class=\"cvagas\">01<\/td>\r\n<td class=\"cremuneracao\">R$ 4.472,79 \/40h<\/td>\r\n<\/tr><tr>\r\n<td class=\"ccargos\">\r\n<span data-balloon-length=\"medium\" aria-label=\"N\u00edvel Superior em Biologia, Engenharia Ambiental ou Gest\u00e3o Ambiental com registro profissional\" data-balloon-pos=\"up\">Fiscal Ambiental<\/span><\/td>\r\n<td class=\"cvagas\">01<\/td>\r\n<td class=\"cremuneracao\">R$ 4.472,79 \/40h<\/td>\r\n<\/tr><tr>\r\n<td class=\"ccargos\">\r\n<span data-balloon-length=\"medium\" aria-label=\"N\u00edvel Superior em Servi\u00e7o Social com registro profissional\" data-balloon-pos=\"up\">Assistente Social<\/span><\/td>\r\n<td class=\"cvagas\">02<\/td>\r\n<td class=\"cremuneracao\">R$ 4.309,72 \/30h<\/td>\r\n<\/tr><tr>\r\n<td class=\"ccargos\">\r\n<span data-balloon-length=\"medium\" aria-label=\"N\u00edvel superior em Servi\u00e7o Social ou Pedagogia com registro profissional\" data-balloon-pos=\"up\">Coordenador da Vigil\u00e2ncia Socioassistencial<\/span><\/td>\r\n<td class=\"cvagas\">01<\/td>\r\n<td class=\"cremuneracao\">R$ 4.309,72 \/40h<\/td>\r\n<\/tr><tr>\r\n<td class=\"ccargos\">\r\n<span data-balloon-length=\"medium\" aria-label=\"N\u00edvel Superior em Servi\u00e7o Social, Psic\u00f3logo ou Pedagogo com registro profissional\" data-balloon-pos=\"up\">Coordenador T\u00e9cnico do CRAS<\/span><\/td>\r\n<td class=\"cvagas\">01<\/td>\r\n<td class=\"cremuneracao\">R$ 4.309,72 \/40h<\/td>\r\n<\/tr><tr>\r\n<td class=\"ccargos\">\r\n<span data-balloon-length=\"medium\" aria-label=\"N\u00edvel Superior em Farm\u00e1cia com registro profissional\" data-balloon-pos=\"up\">Farmac\u00eautico<\/span><\/td>\r\n<td class=\"cvagas\">01<\/td>\r\n<td class=\"cremuneracao\">R$ 4.309,72 \/40h<\/td>\r\n<\/tr><tr>\r\n<td class=\"ccargos\">\r\n<span data-balloon-length=\"medium\" aria-label=\"N\u00edvel Superior em Fisioterapia com registro profissional\" data-balloon-pos=\"up\">Fisioterapeuta<\/span><\/td>\r\n<td class=\"cvagas\">01<\/td>\r\n<td class=\"cremuneracao\">R$ 4.309,72 \/40h<\/td>\r\n<\/tr><tr>\r\n<td class=\"ccargos\">\r\n<span data-balloon-length=\"medium\" aria-label=\"N\u00edvel Superior em Odontologia com registro profissional\" data-balloon-pos=\"up\">Odont\u00f3logo<\/span><\/td>\r\n<td class=\"cvagas\">01<\/td>\r\n<td class=\"cremuneracao\">R$ 4.634,41 \/40h<\/td>\r\n<\/tr><tr>\r\n<td class=\"ccargos\">\r\n<span data-balloon-length=\"medium\" aria-label=\"N\u00edvel Superior em Fonoaudiologia com registro profissional\" data-balloon-pos=\"up\">Fonoaudi\u00f3logo<\/span><\/td>\r\n<td class=\"cvagas\">01<\/td>\r\n<td class=\"cremuneracao\">R$ 4.634,41 \/40h<\/td>\r\n<\/tr><tr>\r\n<td class=\"ccargos\">\r\n<span data-balloon-length=\"medium\" aria-label=\"N\u00edvel Superior em Nutri\u00e7\u00e3o com registro profissional\" data-balloon-pos=\"up\">Nutricionista<\/span><\/td>\r\n<td class=\"cvagas\">02<\/td>\r\n<td class=\"cremuneracao\">R$ 2.236,39 \/20h<\/td>\r\n<\/tr>\r\n    <\/tbody>\r\n  <\/table>\r\n<\/div>"},"_links":{"self":[{"href":"https:\/\/www.agrobase.com.br\/concursos\/wp-json\/wp\/v2\/posts\/277471","targetHints":{"allow":["GET"]}}],"collection":[{"href":"https:\/\/www.agrobase.com.br\/concursos\/wp-json\/wp\/v2\/posts"}],"about":[{"href":"https:\/\/www.agrobase.com.br\/concursos\/wp-json\/wp\/v2\/types\/post"}],"author":[{"embeddable":true,"href":"https:\/\/www.agrobase.com.br\/concursos\/wp-json\/wp\/v2\/users\/7"}],"replies":[{"embeddable":true,"href":"https:\/\/www.agrobase.com.br\/concursos\/wp-json\/wp\/v2\/comments?post=277471"}],"version-history":[{"count":2,"href":"https:\/\/www.agrobase.com.br\/concursos\/wp-json\/wp\/v2\/posts\/277471\/revisions"}],"predecessor-version":[{"id":277479,"href":"https:\/\/www.agrobase.com.br\/concursos\/wp-json\/wp\/v2\/posts\/277471\/revisions\/277479"}],"wp:featuredmedia":[{"embeddable":true,"href":"https:\/\/www.agrobase.com.br\/concursos\/wp-json\/wp\/v2\/media\/277470"}],"wp:attachment":[{"href":"https:\/\/www.agrobase.com.br\/concursos\/wp-json\/wp\/v2\/media?parent=277471"}],"wp:term":[{"taxonomy":"category","embeddable":true,"href":"https:\/\/www.agrobase.com.br\/concursos\/wp-json\/wp\/v2\/categories?post=277471"},{"taxonomy":"post_tag","embeddable":true,"href":"https:\/\/www.agrobase.com.br\/concursos\/wp-json\/wp\/v2\/tags?post=277471"},{"taxonomy":"_amplo","embeddable":true,"href":"https:\/\/www.agrobase.com.br\/concursos\/wp-json\/wp\/v2\/_amplo?post=277471"},{"taxonomy":"destaque","embeddable":true,"href":"https:\/\/www.agrobase.com.br\/concursos\/wp-json\/wp\/v2\/destaque?post=277471"},{"taxonomy":"instituicoes","embeddable":true,"href":"https:\/\/www.agrobase.com.br\/concursos\/wp-json\/wp\/v2\/instituicoes?post=277471"}],"curies":[{"name":"wp","href":"https:\/\/api.w.org\/{rel}","templated":true}]}}