{"id":277447,"date":"2026-01-30T08:00:09","date_gmt":"2026-01-30T11:00:09","guid":{"rendered":"https:\/\/www.agrobase.com.br\/concursos\/?p=277447"},"modified":"2026-01-29T13:50:31","modified_gmt":"2026-01-29T16:50:31","slug":"fms-criciuma-sc-selecao-simplificada-01-2026","status":"publish","type":"post","link":"https:\/\/www.agrobase.com.br\/concursos\/2026\/fms-criciuma-sc-selecao-simplificada-01-2026\/","title":{"rendered":"FMS Crici\u00fama (SC) &#8211; Sele\u00e7\u00e3o Simplificada 01\/2026"},"content":{"rendered":"<h2>Informa\u00e7\u00f5es Gerais<\/h2>\n<p>O <strong>Fundo Municipal de Sa\u00fade de Crici\u00fama<\/strong>, no estado de Santa Catarina, publicou edital de <strong>Processo Seletivo Simplificado<\/strong> para contrata\u00e7\u00e3o tempor\u00e1ria de profissionais da \u00e1rea da sa\u00fade. O certame est\u00e1 sendo organizado pelo Instituto Brasileiro de Carreiras P\u00fablicas e Desenvolvimento Institucional (Instituto Legalle).<\/p>\n<p>S\u00e3o oferecidas <strong>07 vagas imediatas<\/strong>, al\u00e9m de forma\u00e7\u00e3o de <strong>cadastro reserva (CR)<\/strong> para todas as fun\u00e7\u00f5es. O regime de contrata\u00e7\u00e3o \u00e9 <strong>tempor\u00e1rio<\/strong>, com remunera\u00e7\u00f5es que variam de <strong>R$ 2.473,20 a R$ 9.068,40<\/strong>, conforme o cargo e a carga hor\u00e1ria.<\/p>\n<p>As oportunidades contemplam os n\u00edveis <strong>M\u00e9dio\/T\u00e9cnico<\/strong> e <strong>Superior<\/strong>. Para n\u00edvel t\u00e9cnico, h\u00e1 vaga para T\u00e9cnico de Enfermagem. J\u00e1 para n\u00edvel superior, o processo seletivo oferece vagas para Cirurgi\u00e3o-Dentista (ESF), Enfermeiro, Enfermeiro (ESF), Farmac\u00eautico, Psic\u00f3logo e <strong>Nutricionista<\/strong> \u2014 \u00e1rea de destaque para profissionais das ci\u00eancias agr\u00e1rias e da sa\u00fade.<\/p>\n<p>Continue a leitura para conferir todos os detalhes sobre inscri\u00e7\u00f5es, etapas de sele\u00e7\u00e3o e como acompanhar os resultados deste processo seletivo em Crici\u00fama\/SC.<\/p>\n<h2>Inscri\u00e7\u00f5es<\/h2>\n<p>As inscri\u00e7\u00f5es para o Processo Seletivo Simplificado do Fundo Municipal de Sa\u00fade de Crici\u00fama estar\u00e3o <strong>abertas das 18h do dia 26 de janeiro de 2026 at\u00e9 as 18h do dia 24 de fevereiro de 2026<\/strong>.<\/p>\n<p>As inscri\u00e7\u00f5es devem ser realizadas <strong>exclusivamente pela internet<\/strong>, por meio do site do Instituto Legalle. Para se inscrever, o candidato deve seguir os seguintes passos:<\/p>\n<ul>\n<li>Acessar o site <strong>www.institutolegalle.org.br<\/strong>;<\/li>\n<li>Localizar a p\u00e1gina do Processo Seletivo Simplificado do Fundo Municipal de Sa\u00fade de Crici\u00fama;<\/li>\n<li>Preencher integralmente o Formul\u00e1rio de Inscri\u00e7\u00e3o;<\/li>\n<li>Imprimir e guardar uma c\u00f3pia do Comprovante de Inscri\u00e7\u00e3o;<\/li>\n<li>Gerar e imprimir o boleto banc\u00e1rio da taxa de inscri\u00e7\u00e3o.<\/li>\n<\/ul>\n<p>O boleto banc\u00e1rio deve ser impresso <strong>at\u00e9 as 18h do \u00faltimo dia de inscri\u00e7\u00f5es<\/strong> e pode ser pago em qualquer ag\u00eancia banc\u00e1ria, posto de autoatendimento ou por meio de <em>home banking<\/em>, respeitando o hor\u00e1rio limite estabelecido pela institui\u00e7\u00e3o financeira para processamento das transa\u00e7\u00f5es.<\/p>\n<p>Recomenda-se que o candidato acompanhe o status de sua inscri\u00e7\u00e3o na \u00e1rea restrita do site da banca organizadora, verificando a confirma\u00e7\u00e3o do pagamento e a regularidade dos dados informados. Para informa\u00e7\u00f5es sobre valores das taxas de inscri\u00e7\u00e3o e eventuais crit\u00e9rios de isen\u00e7\u00e3o, consulte o edital completo.<\/p>\n<h2>Etapas e Provas<\/h2>\n<p>O Processo Seletivo Simplificado do Fundo Municipal de Sa\u00fade de Crici\u00fama ser\u00e1 composto por <strong>Prova Te\u00f3rico-Objetiva<\/strong>, de car\u00e1ter <strong>eliminat\u00f3rio e classificat\u00f3rio<\/strong>, para todas as fun\u00e7\u00f5es oferecidas.<\/p>\n<p>A prova ser\u00e1 aplicada aos candidatos inscritos para os seguintes cargos:<\/p>\n<ul>\n<li>Cirurgi\u00e3o-Dentista &#8211; ESF<\/li>\n<li>Enfermeiro<\/li>\n<li>Enfermeiro &#8211; ESF<\/li>\n<li>Farmac\u00eautico<\/li>\n<li>Nutricionista<\/li>\n<li>Psic\u00f3logo<\/li>\n<li>T\u00e9cnico de Enfermagem<\/li>\n<\/ul>\n<p><strong>Data prevista de aplica\u00e7\u00e3o:<\/strong> 05 de abril de 2026.<\/p>\n<p><strong>Dura\u00e7\u00e3o da prova:<\/strong> at\u00e9 3 horas.<\/p>\n<p>A Prova Te\u00f3rico-Objetiva ser\u00e1 composta por quest\u00f5es de m\u00faltipla escolha, abrangendo conhecimentos espec\u00edficos de cada \u00e1rea, al\u00e9m de conte\u00fados gerais pertinentes \u00e0s fun\u00e7\u00f5es p\u00fablicas na \u00e1rea da sa\u00fade.<\/p>\n<p>Para informa\u00e7\u00f5es detalhadas sobre o conte\u00fado program\u00e1tico, n\u00famero de quest\u00f5es por disciplina, pontua\u00e7\u00e3o total e crit\u00e9rios de aprova\u00e7\u00e3o (nota m\u00ednima), consulte o edital completo dispon\u00edvel no site do Instituto Legalle.<\/p>\n<h2>Resultados e Gabarito<\/h2>\n<p>O resultado final do Processo Seletivo Simplificado do Fundo Municipal de Sa\u00fade de Crici\u00fama ser\u00e1 divulgado por meio de <strong>duas listagens<\/strong>:<\/p>\n<ul>\n<li><strong>Lista Geral:<\/strong> contendo a classifica\u00e7\u00e3o de todos os candidatos habilitados, incluindo aqueles inscritos como pessoa com defici\u00eancia, em ordem de classifica\u00e7\u00e3o;<\/li>\n<li><strong>Lista de Pessoas com Defici\u00eancia:<\/strong> contendo exclusivamente a classifica\u00e7\u00e3o dos candidatos habilitados que se inscreveram nessa condi\u00e7\u00e3o, tamb\u00e9m em ordem de classifica\u00e7\u00e3o.<\/li>\n<\/ul>\n<p>Os resultados preliminares, gabaritos e demais publica\u00e7\u00f5es oficiais ser\u00e3o disponibilizados no site do <strong>Instituto Legalle<\/strong> (www.institutolegalle.org.br) e nos canais oficiais do munic\u00edpio de Crici\u00fama.<\/p>\n<p>O <strong>prazo de validade<\/strong> deste Processo Seletivo \u00e9 de <strong>1 (um) ano<\/strong>, contado a partir da publica\u00e7\u00e3o da homologa\u00e7\u00e3o do resultado final. Este prazo poder\u00e1 ser <strong>prorrogado uma \u00fanica vez<\/strong>, por igual per\u00edodo, a crit\u00e9rio e conveni\u00eancia da Administra\u00e7\u00e3o Municipal.<\/p>\n<p>\u00c9 de <strong>responsabilidade exclusiva do candidato<\/strong> acompanhar todas as publica\u00e7\u00f5es oficiais referentes a este processo seletivo, incluindo convoca\u00e7\u00f5es, retifica\u00e7\u00f5es e demais comunicados. Mantenha seus dados cadastrais atualizados e consulte regularmente os canais oficiais.<\/p>\n","protected":false},"excerpt":{"rendered":"<p>Proc. Seletivo Fundo Sa\u00fade Crici\u00fama (SC) p\/ Dentista, Enfermeiro (T\u00e9c.\/Sup.). Inscri\u00e7\u00f5es a partir de 26\/01. Sal\u00e1rios at\u00e9 R$ 9k. Confira detalhes!<\/p>\n","protected":false},"author":7,"featured_media":277446,"comment_status":"open","ping_status":"open","sticky":false,"template":"","format":"standard","meta":{"_acf_changed":false,"_breakdance_hide_in_design_set":false,"_breakdance_tags":"","footnotes":""},"categories":[12,17,23,24,26,108],"tags":[61],"_amplo":[],"destaque":[],"instituicoes":[],"class_list":["post-277447","post","type-post","status-publish","format-standard","has-post-thumbnail","hentry","category-enfermagem","category-farmacia","category-nutricao","category-odontologia","category-psicologia","category-tecnico-enfermagem","tag-santa-catarina"],"acf":{"_tipo_vagas":"vagas","_numero_vagas":"","_quadro_vagas":"","_cargos":"diversos","_cargos_especificos":"","_salario_max":"R$ 9068.4","_abertura":"20260126","_encerramento":"20260224","_inscricoes":"https:\/\/www.institutolegalle.org.br","_executora_concurso":"","_instituicao_concurso":[],"_link_adicional":null,"_anexos":null,"_produtos":null,"_vagas":"07 vagas + CR","_salario_min":"R$ 2473.2","_instituicao":"Fundo Municipal de Sa\u00fade de Crici\u00fama","_edital":"https:\/\/www.agrobase.com.br\/concursos\/wp-content\/uploads\/sites\/4\/2026\/01\/edital-01-2026-fundo-municipal-de-saude-de-criciuma-sc.pdf","_anexos_edital":"https:\/\/www.agrobase.com.br\/concursos\/wp-content\/uploads\/sites\/4\/2026\/01\/anexos-edital-01-2026-fundo-mun.al-de-saude-de-criciuma-sc.pdf","_fund_incompleto":"","_fund_completo":"","_medio":"<div>\r\n<table class=\"quadro\">\r\n<thead>\r\n<tr>\r\n<th class=\"hcargo\">Cargo<\/th>\r\n<th class=\"hvagas\">Vagas<\/th>\r\n<th class=\"hremuneracao\">Remunera\u00e7\u00e3o<\/th>\r\n<\/tr>\r\n<\/thead>\r\n    <tbody>\r\n      <td class=\"ccargos\">\r\n<span data-balloon-length=\"medium\" aria-label=\"Ensino M\u00e9dio completo e certificado de Curso T\u00e9cnico de Enfermagem, com registro no COREN.\" data-balloon-pos=\"up\">T\u00e9cnico de Enfermagem<\/span><\/td>\r\n<td class=\"cvagas\">01 + CR<\/td>\r\n<td class=\"cremuneracao\">R$ 3.297,60 \/40h<\/td>\r\n<\/tr>\r\n    <\/tbody>\r\n  <\/table>\r\n<\/div>","_superior":"<div>\r\n<table class=\"quadro\">\r\n<thead>\r\n<tr>\r\n<th class=\"hcargo\">Cargo<\/th>\r\n<th class=\"hvagas\">Vagas<\/th>\r\n<th class=\"hremuneracao\">Remunera\u00e7\u00e3o<\/th>\r\n<\/tr>\r\n<\/thead>\r\n    <tbody>\r\n      <tr>\r\n<td class=\"ccargos\">\r\n<span data-balloon-length=\"medium\" aria-label=\"Diploma de N\u00edvel Superior em Odontologia, com registro regular no CRO.\" data-balloon-pos=\"up\">Cirurgi\u00e3o-Dentista - ESF<\/span><\/td>\r\n<td class=\"cvagas\">01 + CR<\/td>\r\n<td class=\"cremuneracao\">R$ 9.068,40 \/40h<\/td>\r\n<\/tr><tr>\r\n<td class=\"ccargos\">\r\n<span data-balloon-length=\"medium\" aria-label=\"Diploma de N\u00edvel Superior em Enfermagem, com registro regular no COREN.\" data-balloon-pos=\"up\">Enfermeiro - ESF<\/span><\/td>\r\n<td class=\"cvagas\">01 + CR<\/td>\r\n<td class=\"cremuneracao\">R$ 6.595,20 \/40h<\/td>\r\n<\/tr><tr>\r\n<td class=\"ccargos\">\r\n<span data-balloon-length=\"medium\" aria-label=\"Diploma de N\u00edvel Superior em Enfermagem, com registro regular no COREN.\" data-balloon-pos=\"up\">Enfermeiro<\/span><\/td>\r\n<td class=\"cvagas\">01 + CR<\/td>\r\n<td class=\"cremuneracao\">R$ 4.946,40 \/30h<\/td>\r\n<\/tr><tr>\r\n<td class=\"ccargos\">\r\n<span data-balloon-length=\"medium\" aria-label=\"Diploma de N\u00edvel Superior em Nutri\u00e7\u00e3o, com registro regular no CRN.\" data-balloon-pos=\"up\">Nutricionista<\/span><\/td>\r\n<td class=\"cvagas\">01 + CR<\/td>\r\n<td class=\"cremuneracao\">R$ 4.946,40 \/30h<\/td>\r\n<\/tr><tr>\r\n<td class=\"ccargos\">\r\n<span data-balloon-length=\"medium\" aria-label=\"Diploma de N\u00edvel Superior em Psicologia, com registro regular no CRP.\" data-balloon-pos=\"up\">Psic\u00f3logo<\/span><\/td>\r\n<td class=\"cvagas\">01 + CR<\/td>\r\n<td class=\"cremuneracao\">R$ 4.946,40 \/40h<\/td>\r\n<\/tr><tr>\r\n<td class=\"ccargos\">\r\n<span data-balloon-length=\"medium\" aria-label=\"Diploma de N\u00edvel Superior em Farm\u00e1cia, com registro regular no CRF.\" data-balloon-pos=\"up\">Farmac\u00eautico<\/span><\/td>\r\n<td class=\"cvagas\">01 + CR<\/td>\r\n<td class=\"cremuneracao\">R$ 2.473,20 \/20h<\/td>\r\n<\/tr>\r\n    <\/tbody>\r\n  <\/table>\r\n<\/div>"},"_links":{"self":[{"href":"https:\/\/www.agrobase.com.br\/concursos\/wp-json\/wp\/v2\/posts\/277447","targetHints":{"allow":["GET"]}}],"collection":[{"href":"https:\/\/www.agrobase.com.br\/concursos\/wp-json\/wp\/v2\/posts"}],"about":[{"href":"https:\/\/www.agrobase.com.br\/concursos\/wp-json\/wp\/v2\/types\/post"}],"author":[{"embeddable":true,"href":"https:\/\/www.agrobase.com.br\/concursos\/wp-json\/wp\/v2\/users\/7"}],"replies":[{"embeddable":true,"href":"https:\/\/www.agrobase.com.br\/concursos\/wp-json\/wp\/v2\/comments?post=277447"}],"version-history":[{"count":1,"href":"https:\/\/www.agrobase.com.br\/concursos\/wp-json\/wp\/v2\/posts\/277447\/revisions"}],"predecessor-version":[{"id":277449,"href":"https:\/\/www.agrobase.com.br\/concursos\/wp-json\/wp\/v2\/posts\/277447\/revisions\/277449"}],"wp:featuredmedia":[{"embeddable":true,"href":"https:\/\/www.agrobase.com.br\/concursos\/wp-json\/wp\/v2\/media\/277446"}],"wp:attachment":[{"href":"https:\/\/www.agrobase.com.br\/concursos\/wp-json\/wp\/v2\/media?parent=277447"}],"wp:term":[{"taxonomy":"category","embeddable":true,"href":"https:\/\/www.agrobase.com.br\/concursos\/wp-json\/wp\/v2\/categories?post=277447"},{"taxonomy":"post_tag","embeddable":true,"href":"https:\/\/www.agrobase.com.br\/concursos\/wp-json\/wp\/v2\/tags?post=277447"},{"taxonomy":"_amplo","embeddable":true,"href":"https:\/\/www.agrobase.com.br\/concursos\/wp-json\/wp\/v2\/_amplo?post=277447"},{"taxonomy":"destaque","embeddable":true,"href":"https:\/\/www.agrobase.com.br\/concursos\/wp-json\/wp\/v2\/destaque?post=277447"},{"taxonomy":"instituicoes","embeddable":true,"href":"https:\/\/www.agrobase.com.br\/concursos\/wp-json\/wp\/v2\/instituicoes?post=277447"}],"curies":[{"name":"wp","href":"https:\/\/api.w.org\/{rel}","templated":true}]}}