{"id":277442,"date":"2026-01-30T07:40:51","date_gmt":"2026-01-30T10:40:51","guid":{"rendered":"https:\/\/www.agrobase.com.br\/concursos\/?p=277442"},"modified":"2026-01-29T13:25:50","modified_gmt":"2026-01-29T16:25:50","slug":"prefeitura-criciuma-sc-concurso-01-2026","status":"publish","type":"post","link":"https:\/\/www.agrobase.com.br\/concursos\/2026\/prefeitura-criciuma-sc-concurso-01-2026\/","title":{"rendered":"Prefeitura Crici\u00fama (SC) &#8211; Concurso 01\/2026"},"content":{"rendered":"<h2>Informa\u00e7\u00f5es Gerais<\/h2>\n<p>O <strong>Fundo Municipal de Sa\u00fade de Crici\u00fama<\/strong>, em Santa Catarina, publicou edital de <strong>Concurso P\u00fablico<\/strong> para provimento de vagas e forma\u00e7\u00e3o de cadastro reserva em seu quadro de servidores. O certame \u00e9 realizado sob <strong>Regime Estatut\u00e1rio<\/strong>, com execu\u00e7\u00e3o t\u00e9cnico-administrativa do Instituto Legalle.<\/p>\n<p>S\u00e3o oferecidas <strong>04 vagas imediatas<\/strong>, al\u00e9m de cadastro reserva para diversos cargos. As oportunidades contemplam os n\u00edveis <strong>Fundamental Completo<\/strong>, <strong>M\u00e9dio\/T\u00e9cnico<\/strong> e <strong>Superior<\/strong>, com remunera\u00e7\u00f5es que variam de <strong>R$ 1.648,80<\/strong> a <strong>R$ 16.652,88<\/strong>, conforme o cargo e a carga hor\u00e1ria.<\/p>\n<p>O concurso abrange vagas nas \u00e1reas de sa\u00fade, administrativa e assistencial. Entre as oportunidades de n\u00edvel superior, destacam-se vagas para <strong>M\u00e9dico Veterin\u00e1rio<\/strong>, al\u00e9m de diversas especialidades m\u00e9dicas como Cardiologia, Dermatologia, Endocrinologia, Gastroenterologia, Ginecologia, Neurologia, Neuropediatria, Psiquiatria Infantil, Reumatologia e Medicina de Fam\u00edlia e Comunidade (ESF). H\u00e1 tamb\u00e9m vagas para Fonoaudi\u00f3logo e Terapeuta Ocupacional.<\/p>\n<p>Para o n\u00edvel m\u00e9dio\/t\u00e9cnico, as oportunidades incluem Auxiliar em Sa\u00fade Bucal (ESF) e T\u00e9cnico Administrativo Ocupacional I. J\u00e1 para o n\u00edvel fundamental, h\u00e1 vagas para Artes\u00e3o e Higienizador.<\/p>\n<p>Continue a leitura para conhecer os detalhes sobre inscri\u00e7\u00f5es, etapas de sele\u00e7\u00e3o e como acompanhar os resultados deste concurso.<\/p>\n<h2>Inscri\u00e7\u00f5es<\/h2>\n<p>As inscri\u00e7\u00f5es para o Concurso P\u00fablico do Fundo Municipal de Sa\u00fade de Crici\u00fama estar\u00e3o abertas no per\u00edodo de <strong>18h do dia 26 de janeiro de 2026<\/strong> at\u00e9 as <strong>18h do dia 24 de fevereiro de 2026<\/strong>, conforme hor\u00e1rio oficial de Bras\u00edlia.<\/p>\n<p>As inscri\u00e7\u00f5es devem ser realizadas <strong>exclusivamente pela internet<\/strong>, por meio do site <strong>www.institutolegalle.org.br<\/strong>. Para efetuar sua inscri\u00e7\u00e3o, o candidato dever\u00e1:<\/p>\n<ul>\n<li>Acessar o site do Instituto Legalle na p\u00e1gina do Concurso P\u00fablico;<\/li>\n<li>Preencher integralmente o Formul\u00e1rio de Inscri\u00e7\u00e3o;<\/li>\n<li>Imprimir e guardar uma c\u00f3pia do Comprovante de Inscri\u00e7\u00e3o.<\/li>\n<\/ul>\n<p>Recomenda-se que o candidato acompanhe o status de sua inscri\u00e7\u00e3o na \u00e1rea restrita do site da banca organizadora, verificando a confirma\u00e7\u00e3o do pagamento da taxa e demais informa\u00e7\u00f5es pertinentes.<\/p>\n<p>Para informa\u00e7\u00f5es completas sobre valores das taxas de inscri\u00e7\u00e3o, procedimentos para solicita\u00e7\u00e3o de isen\u00e7\u00e3o e demais orienta\u00e7\u00f5es, consulte o edital na \u00edntegra.<\/p>\n<h2>Etapas e Provas<\/h2>\n<p>O Concurso P\u00fablico do Fundo Municipal de Sa\u00fade de Crici\u00fama ser\u00e1 composto por etapas distintas, conforme o cargo pretendido:<\/p>\n<p><strong>Para os cargos de Artes\u00e3o, Auxiliar em Sa\u00fade Bucal (ESF), Fonoaudi\u00f3logo, Higienizador, M\u00e9dico Veterin\u00e1rio, T\u00e9cnico Administrativo Ocupacional I e Terapeuta Ocupacional:<\/strong><\/p>\n<ul>\n<li><strong>Prova Te\u00f3rico-Objetiva<\/strong> \u2014 car\u00e1ter <em>eliminat\u00f3rio e classificat\u00f3rio<\/em><\/li>\n<\/ul>\n<p><strong>Para os cargos m\u00e9dicos (Cardiologista, Dermatologista, Endocrinologista, ESF, Gastroenterologista, Ginecologista, Neurologista, Neuropediatra, Psiquiatra Infantil e Reumatologista):<\/strong><\/p>\n<ul>\n<li><strong>Prova Te\u00f3rico-Objetiva<\/strong> \u2014 car\u00e1ter <em>eliminat\u00f3rio e classificat\u00f3rio<\/em><\/li>\n<li><strong>Prova de T\u00edtulos<\/strong> \u2014 car\u00e1ter <em>classificat\u00f3rio<\/em><\/li>\n<\/ul>\n<p><strong>Prova Te\u00f3rico-Objetiva:<\/strong><\/p>\n<ul>\n<li>Ser\u00e1 aplicada a todos os cargos;<\/li>\n<li>Composta por quest\u00f5es objetivas com 4 (quatro) alternativas de resposta, sendo apenas uma correta;<\/li>\n<li>Dura\u00e7\u00e3o m\u00e1xima de <strong>3 horas<\/strong>.<\/li>\n<\/ul>\n<p><strong>Prova de T\u00edtulos:<\/strong><\/p>\n<ul>\n<li>Exclusiva para os cargos m\u00e9dicos;<\/li>\n<li>Ser\u00e3o avaliados certificados de cursos de P\u00f3s-gradua\u00e7\u00e3o: Especializa\u00e7\u00e3o, Mestrado e Doutorado;<\/li>\n<li>Os t\u00edtulos devem ser na \u00e1rea de conhecimento correlata \u00e0 fun\u00e7\u00e3o pretendida ou em Educa\u00e7\u00e3o;<\/li>\n<li>A entrega dos documentos dever\u00e1 ocorrer no per\u00edodo determinado pelo edital.<\/li>\n<\/ul>\n<p>Para informa\u00e7\u00f5es detalhadas sobre conte\u00fado program\u00e1tico, crit\u00e9rios de pontua\u00e7\u00e3o, notas m\u00ednimas para aprova\u00e7\u00e3o e cronograma de aplica\u00e7\u00e3o das provas, consulte o edital completo.<\/p>\n<h2>Resultados e Gabarito<\/h2>\n<p>O resultado final do Concurso P\u00fablico do Fundo Municipal de Sa\u00fade de Crici\u00fama ser\u00e1 divulgado por meio de tr\u00eas listagens:<\/p>\n<ul>\n<li><strong>Lista Geral:<\/strong> classifica\u00e7\u00e3o de todos os candidatos habilitados, incluindo pessoas com defici\u00eancia, em ordem de classifica\u00e7\u00e3o;<\/li>\n<li><strong>Lista de candidatos negros:<\/strong> classifica\u00e7\u00e3o exclusiva dos candidatos inscritos para as vagas reservadas;<\/li>\n<li><strong>Lista de Pessoas com Defici\u00eancia:<\/strong> classifica\u00e7\u00e3o exclusiva dos candidatos habilitados inscritos como PcD.<\/li>\n<\/ul>\n<p>A <strong>homologa\u00e7\u00e3o do Concurso P\u00fablico<\/strong> est\u00e1 prevista para o dia <strong>02 de junho de 2026<\/strong>.<\/p>\n<p>Os candidatos devem acompanhar todas as publica\u00e7\u00f5es oficiais, incluindo gabaritos preliminares e definitivos, resultados por etapa e convoca\u00e7\u00f5es, por meio do site do <strong>Instituto Legalle<\/strong> (www.institutolegalle.org.br) e dos canais oficiais do Munic\u00edpio de Crici\u00fama.<\/p>\n<p>Para informa\u00e7\u00f5es sobre crit\u00e9rios de desempate, validade do concurso e possibilidade de prorroga\u00e7\u00e3o, consulte o edital na \u00edntegra.<\/p>\n<p><strong>Importante:<\/strong> O acompanhamento das publica\u00e7\u00f5es oficiais, bem como o cumprimento dos prazos estabelecidos, \u00e9 de responsabilidade exclusiva do candidato.<\/p>\n","protected":false},"excerpt":{"rendered":"<p>Concurso Pref. Crici\u00fama (SC) com edital publicado! Vagas p\/ M\u00e9dico e Fonoaudi\u00f3logo (Fund. a Sup.). Inscri\u00e7\u00f5es a partir de 26\/01. Sal\u00e1rios at\u00e9 R$16.6k. Confira!<\/p>\n","protected":false},"author":7,"featured_media":277441,"comment_status":"open","ping_status":"open","sticky":false,"template":"","format":"standard","meta":{"_acf_changed":false,"_breakdance_hide_in_design_set":false,"_breakdance_tags":"","footnotes":""},"categories":[19,21,22,143,134],"tags":[61],"_amplo":[],"destaque":[],"instituicoes":[],"class_list":["post-277442","post","type-post","status-publish","format-standard","has-post-thumbnail","hentry","category-fonoaudiologia","category-medicina","category-veterinaria","category-tecnico-odontologia","category-terapia-ocupacional","tag-santa-catarina"],"acf":{"_tipo_vagas":"vagas","_numero_vagas":"","_quadro_vagas":"","_cargos":"diversos","_cargos_especificos":"","_salario_max":"R$ 16652.88","_abertura":"20260126","_encerramento":"20260224","_inscricoes":"https:\/\/www.institutolegalle.org.br","_executora_concurso":"","_instituicao_concurso":[],"_link_adicional":null,"_anexos":null,"_produtos":null,"_vagas":"04 vagas + CR","_salario_min":"R$ 1648.8","_instituicao":"Prefeitura de Crici\u00fama","_edital":"https:\/\/www.agrobase.com.br\/concursos\/wp-content\/uploads\/sites\/4\/2026\/01\/edital-01-2026-prefeitura-de-criciuma-sc.pdf","_anexos_edital":"https:\/\/www.agrobase.com.br\/concursos\/wp-content\/uploads\/sites\/4\/2026\/01\/anexos-edital-01-2026-prefeitura-de-criciuma-sc.pdf","_fund_incompleto":"","_fund_completo":"<div>\r\n<table class=\"quadro\">\r\n<thead>\r\n<tr>\r\n<th class=\"hcargo\">Cargo<\/th>\r\n<th class=\"hvagas\">Vagas<\/th>\r\n<th class=\"hremuneracao\">Remunera\u00e7\u00e3o<\/th>\r\n<\/tr>\r\n<\/thead>\r\n    <tbody>\r\n      <td class=\"ccargos\">\r\n<span data-balloon-length=\"medium\" aria-label=\"Ensino Fundamental completo; comprova\u00e7\u00e3o de habilidades pr\u00e1ticas em artesanato; habilita\u00e7\u00e3o para o exerc\u00edcio da fun\u00e7\u00e3o.\" data-balloon-pos=\"up\">Artes\u00e3o<\/span><\/td>\r\n<td class=\"cvagas\">CR<\/td>\r\n<td class=\"cremuneracao\">R$ 2.061,00 \/40h<\/td>\r\n<\/tr><td class=\"ccargos\">\r\n<span data-balloon-length=\"medium\" aria-label=\"Ensino Fundamental completo; habilita\u00e7\u00e3o para o exerc\u00edcio da fun\u00e7\u00e3o.\" data-balloon-pos=\"up\">Higienizador<\/span><\/td>\r\n<td class=\"cvagas\">CR<\/td>\r\n<td class=\"cremuneracao\">R$ 1.648,80 \/40h<\/td>\r\n<\/tr>\r\n    <\/tbody>\r\n  <\/table>\r\n<\/div>","_medio":"<div>\r\n<table class=\"quadro\">\r\n<thead>\r\n<tr>\r\n<th class=\"hcargo\">Cargo<\/th>\r\n<th class=\"hvagas\">Vagas<\/th>\r\n<th class=\"hremuneracao\">Remunera\u00e7\u00e3o<\/th>\r\n<\/tr>\r\n<\/thead>\r\n    <tbody>\r\n      <td class=\"ccargos\">\r\n<span data-balloon-length=\"medium\" aria-label=\"Ensino M\u00e9dio completo; curso de qualifica\u00e7\u00e3o em Sa\u00fade Bucal com habilita\u00e7\u00e3o para o exerc\u00edcio da fun\u00e7\u00e3o; registro no \u00f3rg\u00e3o de classe competente.\" data-balloon-pos=\"up\">Auxiliar em Sa\u00fade Bucal - ESF<\/span><\/td>\r\n<td class=\"cvagas\">CR<\/td>\r\n<td class=\"cremuneracao\">R$ 2.201,15 \/40h<\/td>\r\n<\/tr><td class=\"ccargos\">\r\n<span data-balloon-length=\"medium\" aria-label=\"Ensino M\u00e9dio completo; curso de qualifica\u00e7\u00e3o\/habilita\u00e7\u00e3o compat\u00edvel com a fun\u00e7\u00e3o.\" data-balloon-pos=\"up\">T\u00e9cnico Administrativo Ocupacional I<\/span><\/td>\r\n<td class=\"cvagas\">CR<\/td>\r\n<td class=\"cremuneracao\">R$ 1.648,80 \/40h<\/td>\r\n<\/tr>\r\n    <\/tbody>\r\n  <\/table>\r\n<\/div>","_superior":"<div>\r\n<table class=\"quadro\">\r\n<thead>\r\n<tr>\r\n<th class=\"hcargo\">Cargo<\/th>\r\n<th class=\"hvagas\">Vagas<\/th>\r\n<th class=\"hremuneracao\">Remunera\u00e7\u00e3o<\/th>\r\n<\/tr>\r\n<\/thead>\r\n    <tbody>\r\n      <tr>\r\n<td class=\"ccargos\">\r\n<span data-balloon-length=\"medium\" aria-label=\"Ensino Superior completo em Fonoaudiologia; registro no \u00f3rg\u00e3o de classe competente; especializa\u00e7\u00e3o ou qualifica\u00e7\u00e3o na \u00e1rea.\" data-balloon-pos=\"up\">Fonoaudi\u00f3logo<\/span><\/td>\r\n<td class=\"cvagas\">01 + CR<\/td>\r\n<td class=\"cremuneracao\">R$ 4.946,20 \/30h<\/td>\r\n<\/tr><tr>\r\n<td class=\"ccargos\">\r\n<span data-balloon-length=\"medium\" aria-label=\"Ensino Superior completo em Medicina; especializa\u00e7\u00e3o ou resid\u00eancia m\u00e9dica em Cardiologia; registro no \u00f3rg\u00e3o de classe competente.\" data-balloon-pos=\"up\">M\u00e9dico Cardiologista<\/span><\/td>\r\n<td class=\"cvagas\">CR<\/td>\r\n<td class=\"cremuneracao\">R$ 9.068,40 \/10h<\/td>\r\n<\/tr><tr>\r\n<td class=\"ccargos\">\r\n<span data-balloon-length=\"medium\" aria-label=\"Ensino Superior completo em Medicina; especializa\u00e7\u00e3o ou resid\u00eancia m\u00e9dica em Dermatologia; registro no \u00f3rg\u00e3o de classe competente.\" data-balloon-pos=\"up\">M\u00e9dico Dermatologista<\/span><\/td>\r\n<td class=\"cvagas\">CR<\/td>\r\n<td class=\"cremuneracao\">R$ 9.068,40 \/10h<\/td>\r\n<\/tr><tr>\r\n<td class=\"ccargos\">\r\n<span data-balloon-length=\"medium\" aria-label=\"Ensino Superior completo em Medicina; especializa\u00e7\u00e3o ou resid\u00eancia m\u00e9dica em Endocrinologia; registro no \u00f3rg\u00e3o de classe competente.\" data-balloon-pos=\"up\">M\u00e9dico Endocrinologista<\/span><\/td>\r\n<td class=\"cvagas\">CR<\/td>\r\n<td class=\"cremuneracao\">R$ 9.068,40 \/10h<\/td>\r\n<\/tr><tr>\r\n<td class=\"ccargos\">\r\n<span data-balloon-length=\"medium\" aria-label=\"Ensino Superior completo em Medicina; especializa\u00e7\u00e3o ou resid\u00eancia m\u00e9dica em Medicina de Fam\u00edlia e Comunidade; registro no \u00f3rg\u00e3o de classe competente.\" data-balloon-pos=\"up\">M\u00e9dico ESF<\/span><\/td>\r\n<td class=\"cvagas\">CR<\/td>\r\n<td class=\"cremuneracao\">R$ 16.652,88 \/40h<\/td>\r\n<\/tr><tr>\r\n<td class=\"ccargos\">\r\n<span data-balloon-length=\"medium\" aria-label=\"Ensino Superior completo em Medicina; especializa\u00e7\u00e3o ou resid\u00eancia m\u00e9dica em Gastroenterologia; registro no \u00f3rg\u00e3o de classe competente.\" data-balloon-pos=\"up\">M\u00e9dico Gastroenterologista<\/span><\/td>\r\n<td class=\"cvagas\">CR<\/td>\r\n<td class=\"cremuneracao\">R$ 9.068,40 \/10h<\/td>\r\n<\/tr><tr>\r\n<td class=\"ccargos\">\r\n<span data-balloon-length=\"medium\" aria-label=\"Ensino Superior completo em Medicina; especializa\u00e7\u00e3o ou resid\u00eancia m\u00e9dica em Ginecologia e Obstetr\u00edcia; registro no \u00f3rg\u00e3o de classe competente.\" data-balloon-pos=\"up\">M\u00e9dico Ginecologista<\/span><\/td>\r\n<td class=\"cvagas\">CR<\/td>\r\n<td class=\"cremuneracao\">R$ 9.068,40 \/10h<\/td>\r\n<\/tr><tr>\r\n<td class=\"ccargos\">\r\n<span data-balloon-length=\"medium\" aria-label=\"Ensino Superior completo em Medicina; especializa\u00e7\u00e3o ou resid\u00eancia m\u00e9dica em Neurologia; registro no \u00f3rg\u00e3o de classe competente.\" data-balloon-pos=\"up\">M\u00e9dico Neurologista<\/span><\/td>\r\n<td class=\"cvagas\">CR<\/td>\r\n<td class=\"cremuneracao\">R$ 9.068,40 \/10h<\/td>\r\n<\/tr><tr>\r\n<td class=\"ccargos\">\r\n<span data-balloon-length=\"medium\" aria-label=\"Ensino Superior completo em Medicina; especializa\u00e7\u00e3o ou resid\u00eancia m\u00e9dica em Pediatria e em Neurologia ou Neuropediatria; registro no \u00f3rg\u00e3o de classe competente.\" data-balloon-pos=\"up\">M\u00e9dico Neuropediatra<\/span><\/td>\r\n<td class=\"cvagas\">02 + CR<\/td>\r\n<td class=\"cremuneracao\">R$ 12.366,00 \/10h<\/td>\r\n<\/tr><tr>\r\n<td class=\"ccargos\">\r\n<span data-balloon-length=\"medium\" aria-label=\"Ensino Superior completo em Medicina; especializa\u00e7\u00e3o ou resid\u00eancia m\u00e9dica em Psiquiatria e em Psiquiatria da Inf\u00e2ncia e Adolesc\u00eancia; registro no \u00f3rg\u00e3o de classe competente.\" data-balloon-pos=\"up\">M\u00e9dico Psiquiatra Infantil<\/span><\/td>\r\n<td class=\"cvagas\">CR<\/td>\r\n<td class=\"cremuneracao\">R$ 12.366,00 \/10h<\/td>\r\n<\/tr><tr>\r\n<td class=\"ccargos\">\r\n<span data-balloon-length=\"medium\" aria-label=\"Ensino Superior completo em Medicina; especializa\u00e7\u00e3o ou resid\u00eancia m\u00e9dica em Reumatologia; registro no \u00f3rg\u00e3o de classe competente.\" data-balloon-pos=\"up\">M\u00e9dico Reumatologista<\/span><\/td>\r\n<td class=\"cvagas\">CR<\/td>\r\n<td class=\"cremuneracao\">R$ 9.068,40 \/10h<\/td>\r\n<\/tr><tr>\r\n<td class=\"ccargos\">\r\n<span data-balloon-length=\"medium\" aria-label=\"Ensino Superior completo em Medicina Veterin\u00e1ria; registro no \u00f3rg\u00e3o de classe competente.\" data-balloon-pos=\"up\">M\u00e9dico Veterin\u00e1rio<\/span><\/td>\r\n<td class=\"cvagas\">CR<\/td>\r\n<td class=\"cremuneracao\">R$ 8.244,00 \/40h<\/td>\r\n<\/tr><tr>\r\n<td class=\"ccargos\">\r\n<span data-balloon-length=\"medium\" aria-label=\"Ensino Superior completo em Terapia Ocupacional; registro no \u00f3rg\u00e3o de classe competente.\" data-balloon-pos=\"up\">Terapeuta Ocupacional<\/span><\/td>\r\n<td class=\"cvagas\">01 + CR<\/td>\r\n<td class=\"cremuneracao\">R$ 4.946,40 \/30h<\/td>\r\n<\/tr>\r\n    <\/tbody>\r\n  <\/table>\r\n<\/div>"},"_links":{"self":[{"href":"https:\/\/www.agrobase.com.br\/concursos\/wp-json\/wp\/v2\/posts\/277442","targetHints":{"allow":["GET"]}}],"collection":[{"href":"https:\/\/www.agrobase.com.br\/concursos\/wp-json\/wp\/v2\/posts"}],"about":[{"href":"https:\/\/www.agrobase.com.br\/concursos\/wp-json\/wp\/v2\/types\/post"}],"author":[{"embeddable":true,"href":"https:\/\/www.agrobase.com.br\/concursos\/wp-json\/wp\/v2\/users\/7"}],"replies":[{"embeddable":true,"href":"https:\/\/www.agrobase.com.br\/concursos\/wp-json\/wp\/v2\/comments?post=277442"}],"version-history":[{"count":1,"href":"https:\/\/www.agrobase.com.br\/concursos\/wp-json\/wp\/v2\/posts\/277442\/revisions"}],"predecessor-version":[{"id":277444,"href":"https:\/\/www.agrobase.com.br\/concursos\/wp-json\/wp\/v2\/posts\/277442\/revisions\/277444"}],"wp:featuredmedia":[{"embeddable":true,"href":"https:\/\/www.agrobase.com.br\/concursos\/wp-json\/wp\/v2\/media\/277441"}],"wp:attachment":[{"href":"https:\/\/www.agrobase.com.br\/concursos\/wp-json\/wp\/v2\/media?parent=277442"}],"wp:term":[{"taxonomy":"category","embeddable":true,"href":"https:\/\/www.agrobase.com.br\/concursos\/wp-json\/wp\/v2\/categories?post=277442"},{"taxonomy":"post_tag","embeddable":true,"href":"https:\/\/www.agrobase.com.br\/concursos\/wp-json\/wp\/v2\/tags?post=277442"},{"taxonomy":"_amplo","embeddable":true,"href":"https:\/\/www.agrobase.com.br\/concursos\/wp-json\/wp\/v2\/_amplo?post=277442"},{"taxonomy":"destaque","embeddable":true,"href":"https:\/\/www.agrobase.com.br\/concursos\/wp-json\/wp\/v2\/destaque?post=277442"},{"taxonomy":"instituicoes","embeddable":true,"href":"https:\/\/www.agrobase.com.br\/concursos\/wp-json\/wp\/v2\/instituicoes?post=277442"}],"curies":[{"name":"wp","href":"https:\/\/api.w.org\/{rel}","templated":true}]}}