{"id":277407,"date":"2026-01-29T08:50:37","date_gmt":"2026-01-29T11:50:37","guid":{"rendered":"https:\/\/www.agrobase.com.br\/concursos\/?p=277407"},"modified":"2026-01-28T16:23:01","modified_gmt":"2026-01-28T19:23:01","slug":"prefeitura-pedra-preta-mt-selecao-simplificada-01-2026","status":"publish","type":"post","link":"https:\/\/www.agrobase.com.br\/concursos\/2026\/prefeitura-pedra-preta-mt-selecao-simplificada-01-2026\/","title":{"rendered":"Prefeitura Pedra Preta (MT) &#8211; Sele\u00e7\u00e3o Simplificada 01\/2026"},"content":{"rendered":"<h2>Informa\u00e7\u00f5es Gerais<\/h2>\n<p>A <strong>Prefeitura Municipal de Pedra Preta<\/strong>, no estado de Mato Grosso, publicou o <strong>Edital n\u00ba 001\/2026<\/strong> do Processo Seletivo Simplificado de Car\u00e1ter Emergencial, destinado \u00e0 contrata\u00e7\u00e3o tempor\u00e1ria de profissionais para atendimento de necessidades de excepcional interesse p\u00fablico.<\/p>\n<p>O certame oferece <strong>37 vagas imediatas<\/strong>, al\u00e9m de forma\u00e7\u00e3o de cadastro reserva para diversos cargos. As contrata\u00e7\u00f5es ser\u00e3o em regime tempor\u00e1rio, com validade at\u00e9 31\/12\/2026.<\/p>\n<p>As oportunidades contemplam os tr\u00eas n\u00edveis de escolaridade: <strong>Fundamental Incompleto<\/strong>, <strong>M\u00e9dio\/T\u00e9cnico<\/strong> e <strong>Superior<\/strong>. Os sal\u00e1rios variam de <strong>R$ 1.621,00 a R$ 6.202,95<\/strong>, com jornadas de trabalho de 30 a 40 horas semanais.<\/p>\n<p>Entre as vagas de n\u00edvel fundamental, destacam-se os cargos de Motorista, Operador de M\u00e1quinas Pesadas (diversas especialidades) e Mec\u00e2nico de M\u00e1quinas Pesadas. Para n\u00edvel m\u00e9dio\/t\u00e9cnico, h\u00e1 oportunidades nas \u00e1reas de Sa\u00fade Bucal, Laborat\u00f3rio, Educa\u00e7\u00e3o e Seguran\u00e7a do Trabalho. J\u00e1 para n\u00edvel superior, as vagas incluem Professor, Fonoaudi\u00f3logo, Psicopedagogo, Terapeuta Ocupacional e, com destaque especial, <strong>Engenheiro Agr\u00f4nomo<\/strong>, com remunera\u00e7\u00e3o de R$ 6.202,95.<\/p>\n<p>Continue a leitura para conhecer todos os detalhes sobre inscri\u00e7\u00f5es, etapas de sele\u00e7\u00e3o e como acompanhar os resultados deste processo seletivo.<\/p>\n<h2>Inscri\u00e7\u00f5es<\/h2>\n<p>As inscri\u00e7\u00f5es para o Processo Seletivo Simplificado da Prefeitura de Pedra Preta-MT encontram-se <strong>abertas<\/strong> e devem ser realizadas exclusivamente pela internet.<\/p>\n<p><strong>Per\u00edodo de inscri\u00e7\u00f5es:<\/strong> das 00h do dia <strong>27 de janeiro de 2026<\/strong> at\u00e9 as <strong>15h do dia 29 de janeiro de 2026<\/strong>.<\/p>\n<p>O edital n\u00e3o menciona cobran\u00e7a de taxa de inscri\u00e7\u00e3o para este processo seletivo simplificado.<\/p>\n<p><strong>Como se inscrever:<\/strong><\/p>\n<ul>\n<li>Acesse o site oficial da Prefeitura Municipal de Pedra Preta<\/li>\n<li>Localize o link espec\u00edfico para inscri\u00e7\u00e3o no Processo Seletivo Simplificado n\u00ba 001\/2026<\/li>\n<li>Preencha todas as informa\u00e7\u00f5es solicitadas no formul\u00e1rio de inscri\u00e7\u00e3o<\/li>\n<li>Anexe a documenta\u00e7\u00e3o comprobat\u00f3ria exigida, incluindo: comprovantes de experi\u00eancia profissional, certificados de escolaridade e registro profissional no respectivo conselho de classe (quando aplic\u00e1vel ao cargo)<\/li>\n<li>Confira todos os dados antes de finalizar a inscri\u00e7\u00e3o<\/li>\n<\/ul>\n<p><strong>Aten\u00e7\u00e3o:<\/strong> A an\u00e1lise curricular ser\u00e1 realizada com base nos documentos anexados no momento da inscri\u00e7\u00e3o. Certifique-se de que toda a documenta\u00e7\u00e3o est\u00e1 leg\u00edvel e completa.<\/p>\n<p>Recomendamos a leitura integral do edital para verificar os requisitos espec\u00edficos de cada cargo e os documentos obrigat\u00f3rios para comprova\u00e7\u00e3o de t\u00edtulos e experi\u00eancia profissional.<\/p>\n<h2>Etapas e Provas<\/h2>\n<p>O Processo Seletivo Simplificado da Prefeitura de Pedra Preta-MT ser\u00e1 conduzido pelo Departamento de Recursos Humanos do munic\u00edpio e compreender\u00e1 as seguintes etapas:<\/p>\n<ul>\n<li><strong>An\u00e1lise Curricular<\/strong> \u2013 aplic\u00e1vel a todos os cargos, de car\u00e1ter classificat\u00f3rio. Nesta etapa, ser\u00e3o avaliados os documentos comprobat\u00f3rios de escolaridade, experi\u00eancia profissional e qualifica\u00e7\u00f5es anexados pelo candidato no momento da inscri\u00e7\u00e3o.<\/li>\n<li><strong>Prova Pr\u00e1tica<\/strong> \u2013 de car\u00e1ter <strong>eliminat\u00f3rio e classificat\u00f3rio<\/strong>, exclusivamente para os cargos de <strong>Motorista<\/strong> e <strong>Operador de M\u00e1quinas Pesadas<\/strong> (todas as especialidades). Esta etapa avaliar\u00e1 a aptid\u00e3o t\u00e9cnica, habilidade operacional, aten\u00e7\u00e3o, percep\u00e7\u00e3o e conhecimento das normas de seguran\u00e7a aplic\u00e1veis ao exerc\u00edcio das fun\u00e7\u00f5es.<\/li>\n<li><strong>Comprova\u00e7\u00e3o de Requisitos e Exame M\u00e9dico<\/strong> \u2013 de car\u00e1ter eliminat\u00f3rio, a ser realizado ap\u00f3s a homologa\u00e7\u00e3o do processo seletivo, sob responsabilidade da Prefeitura Municipal.<\/li>\n<\/ul>\n<p><strong>Data da Prova Pr\u00e1tica:<\/strong> <strong>08 de fevereiro de 2026<\/strong>. O local e hor\u00e1rio ser\u00e3o divulgados por meio de edital ou comunicado oficial.<\/p>\n<p>\u00c9 responsabilidade do candidato acompanhar todas as publica\u00e7\u00f5es nos meios oficiais do Munic\u00edpio para obter informa\u00e7\u00f5es sobre local, hor\u00e1rio e demais orienta\u00e7\u00f5es para a realiza\u00e7\u00e3o da prova pr\u00e1tica.<\/p>\n<p>Consulte o edital completo para verificar os crit\u00e9rios de pontua\u00e7\u00e3o da an\u00e1lise curricular e os procedimentos detalhados da prova pr\u00e1tica.<\/p>\n<h2>Resultados e Gabarito<\/h2>\n<p>A divulga\u00e7\u00e3o dos resultados do Processo Seletivo Simplificado da Prefeitura de Pedra Preta-MT seguir\u00e1 o seguinte cronograma:<\/p>\n<ul>\n<li><strong>04 de fevereiro de 2026:<\/strong> Resultado Preliminar para os cargos que n\u00e3o possuem prova pr\u00e1tica e convoca\u00e7\u00e3o dos candidatos para realiza\u00e7\u00e3o da prova pr\u00e1tica (Motorista e Operador de M\u00e1quinas Pesadas)<\/li>\n<li><strong>10 de fevereiro de 2026:<\/strong> Divulga\u00e7\u00e3o dos resultados da prova pr\u00e1tica<\/li>\n<\/ul>\n<p>Os resultados parcial e final ser\u00e3o homologados pela Prefeita Municipal de Pedra Preta-MT. O Ato de Homologa\u00e7\u00e3o ser\u00e1 publicado no quadro de publica\u00e7\u00e3o dos Atos da Prefeitura Municipal e na imprensa oficial do munic\u00edpio.<\/p>\n<p><strong>Importante:<\/strong> N\u00e3o ser\u00e3o admitidos recursos ap\u00f3s a publica\u00e7\u00e3o do resultado final homologado.<\/p>\n<p><strong>Validade do Processo Seletivo:<\/strong> O certame ter\u00e1 validade at\u00e9 <strong>31 de dezembro de 2026<\/strong>, contados da data de homologa\u00e7\u00e3o do resultado final.<\/p>\n<p><strong>Onde acompanhar:<\/strong><\/p>\n<ul>\n<li>Site oficial da Prefeitura Municipal de Pedra Preta-MT<\/li>\n<li>Quadro de publica\u00e7\u00e3o dos Atos da Prefeitura<\/li>\n<li>Imprensa oficial do munic\u00edpio<\/li>\n<\/ul>\n<p>O acompanhamento de todas as publica\u00e7\u00f5es, editais complementares, convoca\u00e7\u00f5es e demais comunicados referentes a este processo seletivo \u00e9 de <strong>responsabilidade exclusiva do candidato<\/strong>. Mantenha seus dados de contato atualizados e consulte regularmente os canais oficiais de divulga\u00e7\u00e3o.<\/p>\n","protected":false},"excerpt":{"rendered":"<p>Abrem em breve! Inscri\u00e7\u00f5es 27\/01 p\/ Sel. Simplificada Pref. Pedra Preta (MT). Motorista e Professor (Fund. a Sup.). Sal\u00e1rios at\u00e9 R$6.2k. Veja o edital!<\/p>\n","protected":false},"author":7,"featured_media":277406,"comment_status":"open","ping_status":"open","sticky":false,"template":"","format":"standard","meta":{"_acf_changed":false,"_breakdance_hide_in_design_set":false,"_breakdance_tags":"","footnotes":""},"categories":[4,19,25,26,143,157,134],"tags":[47],"_amplo":[],"destaque":[],"instituicoes":[],"class_list":["post-277407","post","type-post","status-publish","format-standard","has-post-thumbnail","hentry","category-agronomia","category-fonoaudiologia","category-pedagogia","category-psicologia","category-tecnico-odontologia","category-tecnico-seguranca-trabalho","category-terapia-ocupacional","tag-mato-grosso"],"acf":{"_tipo_vagas":"vagas","_numero_vagas":"","_quadro_vagas":"","_cargos":"diversos","_cargos_especificos":"","_salario_max":"R$ 6202.95","_abertura":"20260127","_encerramento":"20260129","_inscricoes":"","_executora_concurso":"","_instituicao_concurso":[],"_link_adicional":null,"_anexos":null,"_produtos":null,"_vagas":"37 vagas + CR","_salario_min":"R$ 1621","_instituicao":"Prefeitura de Pedra Preta","_edital":"https:\/\/www.agrobase.com.br\/concursos\/wp-content\/uploads\/sites\/4\/2026\/01\/edital-01-2026-prefeitura-de-pedra-preta-mt.pdf","_anexos_edital":"","_fund_incompleto":"<div>\r\n<table class=\"quadro\">\r\n<thead>\r\n<tr>\r\n<th class=\"hcargo\">Cargo<\/th>\r\n<th class=\"hvagas\">Vagas<\/th>\r\n<th class=\"hremuneracao\">Remunera\u00e7\u00e3o<\/th>\r\n<\/tr>\r\n<\/thead>\r\n    <tbody>\r\n      <td class=\"ccargos\">\r\n<span data-balloon-length=\"medium\" aria-label=\"Ensino Fundamental Incompleto + Curso de condutores de Ve\u00edculos de Emerg\u00eancia (m\u00ednimo 50 horas) + CNH na categoria 'D'.\" data-balloon-pos=\"up\">Motorista<\/span><\/td>\r\n<td class=\"cvagas\">02 + CR<\/td>\r\n<td class=\"cremuneracao\">R$ 2.261,11 \/40h<\/td>\r\n<\/tr><td class=\"ccargos\">\r\n<span data-balloon-length=\"medium\" aria-label=\"Ensino Fundamental Incompleto + Curso de Transporte Escolar + CNH na categoria 'D'.\" data-balloon-pos=\"up\">Motorista - Transporte Escolar<\/span><\/td>\r\n<td class=\"cvagas\">CR<\/td>\r\n<td class=\"cremuneracao\">R$ 2.261,11 \/40h<\/td>\r\n<\/tr><td class=\"ccargos\">\r\n<span data-balloon-length=\"medium\" aria-label=\"Ensino Fundamental Incompleto + CNH na categoria 'D' ou Superior + Curso de Forma\u00e7\u00e3o de no m\u00ednimo 40 horas.\" data-balloon-pos=\"up\">Operador de M\u00e1quinas Pesadas - Escavadeira Hidr\u00e1ulica<\/span><\/td>\r\n<td class=\"cvagas\">01 + CR<\/td>\r\n<td class=\"cremuneracao\">R$ 2.425,71 \/40h<\/td>\r\n<\/tr><td class=\"ccargos\">\r\n<span data-balloon-length=\"medium\" aria-label=\"Ensino Fundamental Incompleto + CNH na categoria 'D' ou Superior + Curso de Forma\u00e7\u00e3o de no m\u00ednimo 40 horas.\" data-balloon-pos=\"up\">Operador de M\u00e1quinas Pesadas - Retroescavadeira<\/span><\/td>\r\n<td class=\"cvagas\">01 + CR<\/td>\r\n<td class=\"cremuneracao\">R$ 2.425,71 \/40h<\/td>\r\n<\/tr><td class=\"ccargos\">\r\n<span data-balloon-length=\"medium\" aria-label=\"Ensino Fundamental Incompleto + CNH na categoria 'D' ou Superior + Curso de Forma\u00e7\u00e3o de no m\u00ednimo 40 horas.\" data-balloon-pos=\"up\">Operador de M\u00e1quinas Pesadas - Motoniveladora<\/span><\/td>\r\n<td class=\"cvagas\">01 + CR<\/td>\r\n<td class=\"cremuneracao\">R$ 2.425,71 \/40h<\/td>\r\n<\/tr><td class=\"ccargos\">\r\n<span data-balloon-length=\"medium\" aria-label=\"Ensino Fundamental Incompleto + CNH na categoria 'D' ou Superior + Curso de Forma\u00e7\u00e3o de no m\u00ednimo 40 horas.\" data-balloon-pos=\"up\">Operador de M\u00e1quinas Pesadas - Tratorista<\/span><\/td>\r\n<td class=\"cvagas\">02 + CR<\/td>\r\n<td class=\"cremuneracao\">R$ 2.425,71 \/40h<\/td>\r\n<\/tr><td class=\"ccargos\">\r\n<span data-balloon-length=\"medium\" aria-label=\"Ensino Fundamental Incompleto + CNH na categoria 'D' ou Superior + Curso de Forma\u00e7\u00e3o de no m\u00ednimo 40 horas.\" data-balloon-pos=\"up\">Operador de M\u00e1quinas Pesadas - P\u00e1 Carregadeira<\/span><\/td>\r\n<td class=\"cvagas\">01 + CR<\/td>\r\n<td class=\"cremuneracao\">R$ 2.425,71 \/40h<\/td>\r\n<\/tr><td class=\"ccargos\">\r\n<span data-balloon-length=\"medium\" aria-label=\"Ensino Fundamental Incompleto + Experi\u00eancia m\u00ednima de no m\u00ednimo 6 meses.\" data-balloon-pos=\"up\">Mec\u00e2nico de M\u00e1quinas Pesadas<\/span><\/td>\r\n<td class=\"cvagas\">01 + CR<\/td>\r\n<td class=\"cremuneracao\">R$ 2.425,71 \/40h<\/td>\r\n<\/tr>\r\n    <\/tbody>\r\n  <\/table>\r\n<\/div>","_fund_completo":"","_medio":"<div>\r\n<table class=\"quadro\">\r\n<thead>\r\n<tr>\r\n<th class=\"hcargo\">Cargo<\/th>\r\n<th class=\"hvagas\">Vagas<\/th>\r\n<th class=\"hremuneracao\">Remunera\u00e7\u00e3o<\/th>\r\n<\/tr>\r\n<\/thead>\r\n    <tbody>\r\n      <td class=\"ccargos\">\r\n<span data-balloon-length=\"medium\" aria-label=\"Ensino M\u00e9dio Completo e Curso Espec\u00edfico, com registro no CRO.\" data-balloon-pos=\"up\">Auxiliar em Sa\u00fade Bucal<\/span><\/td>\r\n<td class=\"cvagas\">03 + CR<\/td>\r\n<td class=\"cremuneracao\">R$ 1.621,00 \/40h<\/td>\r\n<\/tr><td class=\"ccargos\">\r\n<span data-balloon-length=\"medium\" aria-label=\"Ensino M\u00e9dio Completo e Curso Espec\u00edfico, com registro no CRO.\" data-balloon-pos=\"up\">T\u00e9cnico em Sa\u00fade Bucal<\/span><\/td>\r\n<td class=\"cvagas\">01 + CR<\/td>\r\n<td class=\"cremuneracao\">R$ 1.826,92 \/40h<\/td>\r\n<\/tr><td class=\"ccargos\">\r\n<span data-balloon-length=\"medium\" aria-label=\"Curso M\u00e9dio Profissionalizante ou Ensino M\u00e9dio Completo + Curso Profissionalizante em T\u00e9cnico de Laborat\u00f3rio.\" data-balloon-pos=\"up\">T\u00e9cnico de Laborat\u00f3rio<\/span><\/td>\r\n<td class=\"cvagas\">CR<\/td>\r\n<td class=\"cremuneracao\">R$ 1.811,51 \/40h<\/td>\r\n<\/tr><td class=\"ccargos\">\r\n<span data-balloon-length=\"medium\" aria-label=\"Ensino M\u00e9dio Completo.\" data-balloon-pos=\"up\">Cuidador de Aluno PCD<\/span><\/td>\r\n<td class=\"cvagas\">13 + CR<\/td>\r\n<td class=\"cremuneracao\">R$ 1.712,67 \/40h<\/td>\r\n<\/tr><td class=\"ccargos\">\r\n<span data-balloon-length=\"medium\" aria-label=\"Ensino M\u00e9dio Completo.\" data-balloon-pos=\"up\">Monitor de Transporte Escolar<\/span><\/td>\r\n<td class=\"cvagas\">04 + CR<\/td>\r\n<td class=\"cremuneracao\">R$ 1.712,67 \/40h<\/td>\r\n<\/tr><td class=\"ccargos\">\r\n<span data-balloon-length=\"medium\" aria-label=\"Curso T\u00e9cnico em Seguran\u00e7a do Trabalho, em n\u00edvel m\u00e9dio de escolaridade; registro no Minist\u00e9rio do Trabalho e Emprego.\" data-balloon-pos=\"up\">T\u00e9cnico de Seguran\u00e7a do Trabalho<\/span><\/td>\r\n<td class=\"cvagas\">01 + CR<\/td>\r\n<td class=\"cremuneracao\">R$ 3.150,00 \/40h<\/td>\r\n<\/tr>\r\n    <\/tbody>\r\n  <\/table>\r\n<\/div>","_superior":"<div>\r\n<table class=\"quadro\">\r\n<thead>\r\n<tr>\r\n<th class=\"hcargo\">Cargo<\/th>\r\n<th class=\"hvagas\">Vagas<\/th>\r\n<th class=\"hremuneracao\">Remunera\u00e7\u00e3o<\/th>\r\n<\/tr>\r\n<\/thead>\r\n    <tbody>\r\n      <tr>\r\n<td class=\"ccargos\">\r\n<span data-balloon-length=\"medium\" aria-label=\"Curso Superior de Licenciatura Plena em Pedagogia.\" data-balloon-pos=\"up\">Professor - Educa\u00e7\u00e3o Infantil e Ensino Fundamental (1\u00ba ao 5\u00ba ano)<\/span><\/td>\r\n<td class=\"cvagas\">02 + CR<\/td>\r\n<td class=\"cremuneracao\">R$ 4.025,04 \/30h<\/td>\r\n<\/tr><tr>\r\n<td class=\"ccargos\">\r\n<span data-balloon-length=\"medium\" aria-label=\"Forma\u00e7\u00e3o de n\u00edvel superior em Fonoaudiologia, com registro ativo no Conselho Regional de Fonoaudiologia (CREFONO).\" data-balloon-pos=\"up\">Fonoaudi\u00f3logo<\/span><\/td>\r\n<td class=\"cvagas\">01 + CR<\/td>\r\n<td class=\"cremuneracao\">R$ 4.228,86 \/30h<\/td>\r\n<\/tr><tr>\r\n<td class=\"ccargos\">\r\n<span data-balloon-length=\"medium\" aria-label=\"Forma\u00e7\u00e3o de n\u00edvel superior em Pedagogia, Psicologia ou \u00e1reas afins. E p\u00f3s-gradua\u00e7\u00e3o em psicopedagogia.\" data-balloon-pos=\"up\">Psicopedagogo<\/span><\/td>\r\n<td class=\"cvagas\">01 + CR<\/td>\r\n<td class=\"cremuneracao\">R$ 4.025,04 \/30h<\/td>\r\n<\/tr><tr>\r\n<td class=\"ccargos\">\r\n<span data-balloon-length=\"medium\" aria-label=\"Forma\u00e7\u00e3o de n\u00edvel superior em terapia ocupacional; registro ativo no Conselho Regional de Fisioterapia e Terapia Ocupacional (CREFITO).\" data-balloon-pos=\"up\">Terapeuta Ocupacional<\/span><\/td>\r\n<td class=\"cvagas\">01 + CR<\/td>\r\n<td class=\"cremuneracao\">R$ 4.228,86 \/30h<\/td>\r\n<\/tr><tr>\r\n<td class=\"ccargos\">\r\n<span data-balloon-length=\"medium\" aria-label=\"Superior Completo em Engenharia + Registro no CREA.\" data-balloon-pos=\"up\">Engenheiro Agr\u00f4nomo<\/span><\/td>\r\n<td class=\"cvagas\">01 + CR<\/td>\r\n<td class=\"cremuneracao\">R$ 6.202,95 \/40h<\/td>\r\n<\/tr>\r\n    <\/tbody>\r\n  <\/table>\r\n<\/div>"},"_links":{"self":[{"href":"https:\/\/www.agrobase.com.br\/concursos\/wp-json\/wp\/v2\/posts\/277407","targetHints":{"allow":["GET"]}}],"collection":[{"href":"https:\/\/www.agrobase.com.br\/concursos\/wp-json\/wp\/v2\/posts"}],"about":[{"href":"https:\/\/www.agrobase.com.br\/concursos\/wp-json\/wp\/v2\/types\/post"}],"author":[{"embeddable":true,"href":"https:\/\/www.agrobase.com.br\/concursos\/wp-json\/wp\/v2\/users\/7"}],"replies":[{"embeddable":true,"href":"https:\/\/www.agrobase.com.br\/concursos\/wp-json\/wp\/v2\/comments?post=277407"}],"version-history":[{"count":2,"href":"https:\/\/www.agrobase.com.br\/concursos\/wp-json\/wp\/v2\/posts\/277407\/revisions"}],"predecessor-version":[{"id":277410,"href":"https:\/\/www.agrobase.com.br\/concursos\/wp-json\/wp\/v2\/posts\/277407\/revisions\/277410"}],"wp:featuredmedia":[{"embeddable":true,"href":"https:\/\/www.agrobase.com.br\/concursos\/wp-json\/wp\/v2\/media\/277406"}],"wp:attachment":[{"href":"https:\/\/www.agrobase.com.br\/concursos\/wp-json\/wp\/v2\/media?parent=277407"}],"wp:term":[{"taxonomy":"category","embeddable":true,"href":"https:\/\/www.agrobase.com.br\/concursos\/wp-json\/wp\/v2\/categories?post=277407"},{"taxonomy":"post_tag","embeddable":true,"href":"https:\/\/www.agrobase.com.br\/concursos\/wp-json\/wp\/v2\/tags?post=277407"},{"taxonomy":"_amplo","embeddable":true,"href":"https:\/\/www.agrobase.com.br\/concursos\/wp-json\/wp\/v2\/_amplo?post=277407"},{"taxonomy":"destaque","embeddable":true,"href":"https:\/\/www.agrobase.com.br\/concursos\/wp-json\/wp\/v2\/destaque?post=277407"},{"taxonomy":"instituicoes","embeddable":true,"href":"https:\/\/www.agrobase.com.br\/concursos\/wp-json\/wp\/v2\/instituicoes?post=277407"}],"curies":[{"name":"wp","href":"https:\/\/api.w.org\/{rel}","templated":true}]}}