{"id":277399,"date":"2026-01-29T08:30:21","date_gmt":"2026-01-29T11:30:21","guid":{"rendered":"https:\/\/www.agrobase.com.br\/concursos\/?p=277399"},"modified":"2026-01-28T16:07:44","modified_gmt":"2026-01-28T19:07:44","slug":"prefeitura-feira-de-santana-ba-selecao-simplificada-01-2026","status":"publish","type":"post","link":"https:\/\/www.agrobase.com.br\/concursos\/2026\/prefeitura-feira-de-santana-ba-selecao-simplificada-01-2026\/","title":{"rendered":"Prefeitura Feira de Santana (BA) &#8211; Sele\u00e7\u00e3o Simplificada 01\/2026"},"content":{"rendered":"<h2>Informa\u00e7\u00f5es Gerais<\/h2>\n<p>A <strong>Secretaria Municipal de Educa\u00e7\u00e3o de Feira de Santana<\/strong>, no estado da Bahia, publicou edital de <strong>Processo Seletivo Simplificado<\/strong> para contrata\u00e7\u00e3o tempor\u00e1ria de professores sob o <strong>Regime Especial de Direito Administrativo (REDA)<\/strong>. O certame visa suprir necessidade tempor\u00e1ria de excepcional interesse p\u00fablico na rede municipal de ensino.<\/p>\n<p>S\u00e3o oferecidas <strong>1.000 vagas imediatas<\/strong>, al\u00e9m de forma\u00e7\u00e3o de <strong>cadastro reserva<\/strong>, todas destinadas a profissionais com <strong>n\u00edvel superior<\/strong>. A remunera\u00e7\u00e3o \u00e9 de <strong>R$ 5.212,34<\/strong> para carga hor\u00e1ria de <strong>40 horas semanais<\/strong>.<\/p>\n<p>As oportunidades contemplam diversas \u00e1reas da educa\u00e7\u00e3o b\u00e1sica, com destaque para <strong>Professor Pedagogo<\/strong> (782 vagas), que concentra a maior parte das vagas. H\u00e1 tamb\u00e9m oportunidades para professores de <strong>L\u00edngua Portuguesa<\/strong>, <strong>Matem\u00e1tica<\/strong>, <strong>Ci\u00eancias<\/strong>, <strong>Hist\u00f3ria<\/strong>, <strong>Geografia<\/strong>, <strong>L\u00edngua Inglesa<\/strong>, <strong>Educa\u00e7\u00e3o F\u00edsica<\/strong> e <strong>Artes<\/strong>.<\/p>\n<p>Se voc\u00ea \u00e9 professor e busca uma oportunidade na rede municipal de Feira de Santana, continue a leitura para conhecer todos os detalhes sobre inscri\u00e7\u00f5es, etapas de sele\u00e7\u00e3o e como acompanhar os resultados.<\/p>\n<h2>Inscri\u00e7\u00f5es<\/h2>\n<p>As <strong>inscri\u00e7\u00f5es est\u00e3o abertas<\/strong> e ser\u00e3o recebidas <strong>exclusivamente pela internet<\/strong>, no per\u00edodo compreendido entre <strong>\u00e0s 0h do dia 24 de janeiro de 2026<\/strong> e <strong>\u00e0s 23h59min do dia 29 de janeiro de 2026<\/strong>.<\/p>\n<p>Para se inscrever, o candidato deve acessar o formul\u00e1rio eletr\u00f4nico disponibilizado pela Secretaria Municipal de Educa\u00e7\u00e3o de Feira de Santana atrav\u00e9s do Google Forms. O processo \u00e9 <strong>gratuito<\/strong>, n\u00e3o havendo cobran\u00e7a de taxa de inscri\u00e7\u00e3o.<\/p>\n<p><strong>Procedimentos para inscri\u00e7\u00e3o:<\/strong><\/p>\n<ul>\n<li>Acessar o link oficial de inscri\u00e7\u00e3o;<\/li>\n<li>Preencher corretamente todos os campos do formul\u00e1rio eletr\u00f4nico;<\/li>\n<li>Anexar toda a documenta\u00e7\u00e3o exigida no edital;<\/li>\n<li>Candidatos com defici\u00eancia devem anexar laudo m\u00e9dico atualizado, emitido por profissional habilitado, que ateste a compatibilidade da defici\u00eancia com o exerc\u00edcio da fun\u00e7\u00e3o.<\/li>\n<\/ul>\n<p><strong>Aten\u00e7\u00e3o:<\/strong> Ser\u00e1 aceita <strong>somente uma inscri\u00e7\u00e3o por CPF<\/strong>. Inscri\u00e7\u00f5es realizadas fora do prazo estabelecido n\u00e3o ser\u00e3o aceitas.<\/p>\n<p>A inscri\u00e7\u00e3o implica o conhecimento pr\u00e9vio e a aceita\u00e7\u00e3o t\u00e1cita de todas as normas estabelecidas no edital. \u00c9 de inteira responsabilidade do candidato o correto preenchimento do formul\u00e1rio e a inser\u00e7\u00e3o de toda a documenta\u00e7\u00e3o exigida.<\/p>\n<p>Recomendamos a leitura integral do edital antes de realizar sua inscri\u00e7\u00e3o para garantir o cumprimento de todos os requisitos.<\/p>\n<h2>Etapas e Provas<\/h2>\n<p>O Processo Seletivo Simplificado da Secretaria Municipal de Educa\u00e7\u00e3o de Feira de Santana ser\u00e1 realizado em <strong>etapa \u00fanica<\/strong>, mediante <strong>An\u00e1lise de Curr\u00edculos (Barema)<\/strong>, de car\u00e1ter <strong>classificat\u00f3rio<\/strong>.<\/p>\n<p><strong>An\u00e1lise Curricular:<\/strong><\/p>\n<ul>\n<li><strong>Per\u00edodo de realiza\u00e7\u00e3o:<\/strong> 05\/02\/2026 a 12\/02\/2026<\/li>\n<li><strong>Pontua\u00e7\u00e3o m\u00e1xima:<\/strong> 100 (cem) pontos<\/li>\n<li><strong>Car\u00e1ter:<\/strong> Classificat\u00f3rio<\/li>\n<\/ul>\n<p><strong>Crit\u00e9rios de pontua\u00e7\u00e3o:<\/strong><\/p>\n<ul>\n<li>Participa\u00e7\u00e3o em Eventos;<\/li>\n<li>Especializa\u00e7\u00e3o;<\/li>\n<li>Mestrado;<\/li>\n<li>Doutorado;<\/li>\n<li>Experi\u00eancia profissional.<\/li>\n<\/ul>\n<p>Para efeito de pontua\u00e7\u00e3o, somente ser\u00e3o considerados os t\u00edtulos emitidos por <strong>institui\u00e7\u00f5es de ensino<\/strong>, <strong>\u00f3rg\u00e3os p\u00fablicos<\/strong> ou <strong>entidades privadas legalmente constitu\u00eddas<\/strong>, que atendam aos crit\u00e9rios definidos no edital.<\/p>\n<p>Consulte o edital completo para verificar o barema detalhado com a pontua\u00e7\u00e3o espec\u00edfica de cada crit\u00e9rio e o cronograma oficial do certame.<\/p>\n<h2>Resultados e Gabarito<\/h2>\n<p>Ap\u00f3s a conclus\u00e3o da an\u00e1lise curricular e totaliza\u00e7\u00e3o das notas, o <strong>resultado preliminar<\/strong> ser\u00e1 publicado no site oficial do Munic\u00edpio de Feira de Santana (<strong>www.feiradesantana.ba.gov.br<\/strong>).<\/p>\n<p><strong>Cronograma de divulga\u00e7\u00e3o:<\/strong><\/p>\n<ul>\n<li><strong>Resultado preliminar:<\/strong> Publica\u00e7\u00e3o no site oficial, conforme cronograma do Anexo I do edital;<\/li>\n<li><strong>Prazo para recursos:<\/strong> Ser\u00e1 aberto ap\u00f3s a divulga\u00e7\u00e3o do resultado preliminar;<\/li>\n<li><strong>Homologa\u00e7\u00e3o:<\/strong> Em at\u00e9 02 (dois) dias \u00fateis ap\u00f3s o julgamento dos recursos;<\/li>\n<li><strong>Resultado final:<\/strong> Edital com a classifica\u00e7\u00e3o geral dos candidatos aprovados.<\/li>\n<\/ul>\n<p>Transcorrido o prazo recursal sem interposi\u00e7\u00e3o ou ap\u00f3s o julgamento dos recursos, a comiss\u00e3o encaminhar\u00e1 o resultado ao Secret\u00e1rio de Educa\u00e7\u00e3o para <strong>homologa\u00e7\u00e3o<\/strong>. A homologa\u00e7\u00e3o \u00e9 o ato administrativo que oficializa o resultado final do processo seletivo.<\/p>\n<p>Ap\u00f3s a homologa\u00e7\u00e3o, ser\u00e1 publicado edital com a <strong>classifica\u00e7\u00e3o geral dos candidatos aprovados<\/strong>, momento a partir do qual passar\u00e1 a fluir o prazo de validade do Processo Seletivo Simplificado.<\/p>\n<p><strong>Importante:<\/strong> O acompanhamento de todas as publica\u00e7\u00f5es oficiais, incluindo convoca\u00e7\u00f5es, retifica\u00e7\u00f5es e demais comunicados, \u00e9 de <strong>responsabilidade exclusiva do candidato<\/strong>. Mantenha-se atento ao site oficial do Munic\u00edpio de Feira de Santana durante todo o processo.<\/p>\n","protected":false},"excerpt":{"rendered":"<p>Inscri\u00e7\u00f5es abrem 24\/01! Sel. Simplificada Pref. Feira de Santana (BA) p\/ Professores (Superior). Sal\u00e1rio R$5.2k. 1000+CR vagas. Veja o edital!<\/p>\n","protected":false},"author":7,"featured_media":277398,"comment_status":"open","ping_status":"open","sticky":false,"template":"","format":"standard","meta":{"_acf_changed":false,"_breakdance_hide_in_design_set":false,"_breakdance_tags":"","footnotes":""},"categories":[6433,6434,111,100,20,6871,116,25],"tags":[42],"_amplo":[],"destaque":[],"instituicoes":[],"class_list":["post-277399","post","type-post","status-publish","format-standard","has-post-thumbnail","hentry","category-biologia-licenciatura","category-educacao-fisica-licenciatura","category-geografia","category-historia","category-letras","category-letras-ingles","category-matematica","category-pedagogia","tag-bahia"],"acf":{"_tipo_vagas":"vagas","_numero_vagas":"","_quadro_vagas":"","_cargos":"diversos","_cargos_especificos":"","_salario_max":"R$ 5212.34","_abertura":"20260124","_encerramento":"20260129","_inscricoes":"https:\/\/forms.gle\/Edtk7LEY8mBzL7Lc8","_executora_concurso":"","_instituicao_concurso":[],"_link_adicional":null,"_anexos":null,"_produtos":null,"_vagas":"1000 vagas + CR","_salario_min":"R$ 5212.34","_instituicao":"Prefeitura de Feira de Santana","_edital":"https:\/\/www.agrobase.com.br\/concursos\/wp-content\/uploads\/sites\/4\/2026\/01\/edital-01-2026-prefeitura-de-feira-de-santanta-ba.pdf","_anexos_edital":"","_fund_incompleto":"","_fund_completo":"","_medio":"","_superior":"<div>\r\n<table class=\"quadro\">\r\n<thead>\r\n<tr>\r\n<th class=\"hcargo\">Cargo<\/th>\r\n<th class=\"hvagas\">Vagas<\/th>\r\n<th class=\"hremuneracao\">Remunera\u00e7\u00e3o<\/th>\r\n<\/tr>\r\n<\/thead>\r\n    <tbody>\r\n      <tr>\r\n<td class=\"ccargos\">\r\n<span data-balloon-length=\"medium\" aria-label=\"N\u00edvel superior na \u00e1rea correlata, com diploma devidamente registrado no MEC.\" data-balloon-pos=\"up\">Professor Pedagogo<\/span><\/td>\r\n<td class=\"cvagas\">782 + CR<\/td>\r\n<td class=\"cremuneracao\">R$ 5.212,34 \/40h<\/td>\r\n<\/tr><tr>\r\n<td class=\"ccargos\">\r\n<span data-balloon-length=\"medium\" aria-label=\"N\u00edvel superior na \u00e1rea correlata, com diploma devidamente registrado no MEC.\" data-balloon-pos=\"up\">Professor - L\u00edngua Portuguesa<\/span><\/td>\r\n<td class=\"cvagas\">40 + CR<\/td>\r\n<td class=\"cremuneracao\">R$ 5.212,34 \/40h<\/td>\r\n<\/tr><tr>\r\n<td class=\"ccargos\">\r\n<span data-balloon-length=\"medium\" aria-label=\"N\u00edvel superior na \u00e1rea correlata, com diploma devidamente registrado no MEC.\" data-balloon-pos=\"up\">Professor - L\u00edngua Inglesa<\/span><\/td>\r\n<td class=\"cvagas\">26 + CR<\/td>\r\n<td class=\"cremuneracao\">R$ 5.212,34 \/40h<\/td>\r\n<\/tr><tr>\r\n<td class=\"ccargos\">\r\n<span data-balloon-length=\"medium\" aria-label=\"N\u00edvel superior na \u00e1rea correlata, com diploma devidamente registrado no MEC.\" data-balloon-pos=\"up\">Professor - Matem\u00e1tica<\/span><\/td>\r\n<td class=\"cvagas\">35 + CR<\/td>\r\n<td class=\"cremuneracao\">R$ 5.212,34 \/40h<\/td>\r\n<\/tr><tr>\r\n<td class=\"ccargos\">\r\n<span data-balloon-length=\"medium\" aria-label=\"N\u00edvel superior na \u00e1rea correlata, com diploma devidamente registrado no MEC.\" data-balloon-pos=\"up\">Professor - Ci\u00eancias<\/span><\/td>\r\n<td class=\"cvagas\">40 + CR<\/td>\r\n<td class=\"cremuneracao\">R$ 5.212,34 \/40h<\/td>\r\n<\/tr><tr>\r\n<td class=\"ccargos\">\r\n<span data-balloon-length=\"medium\" aria-label=\"N\u00edvel superior na \u00e1rea correlata, com diploma devidamente registrado no MEC.\" data-balloon-pos=\"up\">Professor - Geografia<\/span><\/td>\r\n<td class=\"cvagas\">25 + CR<\/td>\r\n<td class=\"cremuneracao\">R$ 5.212,34 \/40h<\/td>\r\n<\/tr><tr>\r\n<td class=\"ccargos\">\r\n<span data-balloon-length=\"medium\" aria-label=\"N\u00edvel superior na \u00e1rea correlata, com diploma devidamente registrado no MEC.\" data-balloon-pos=\"up\">Professor - Hist\u00f3ria<\/span><\/td>\r\n<td class=\"cvagas\">27 + CR<\/td>\r\n<td class=\"cremuneracao\">R$ 5.212,34 \/40h<\/td>\r\n<\/tr><tr>\r\n<td class=\"ccargos\">\r\n<span data-balloon-length=\"medium\" aria-label=\"N\u00edvel superior na \u00e1rea correlata e registro no respectivo Conselho de Classe.\" data-balloon-pos=\"up\">Professor - Educa\u00e7\u00e3o F\u00edsica<\/span><\/td>\r\n<td class=\"cvagas\">15 + CR<\/td>\r\n<td class=\"cremuneracao\">R$ 5.212,34 \/40h<\/td>\r\n<\/tr><tr>\r\n<td class=\"ccargos\">\r\n<span data-balloon-length=\"medium\" aria-label=\"N\u00edvel superior na \u00e1rea correlata, com diploma devidamente registrado no MEC.\" data-balloon-pos=\"up\">Professor - Artes<\/span><\/td>\r\n<td class=\"cvagas\">10 + CR<\/td>\r\n<td class=\"cremuneracao\">R$ 5.212,34 \/40h<\/td>\r\n<\/tr>\r\n    <\/tbody>\r\n  <\/table>\r\n<\/div>"},"_links":{"self":[{"href":"https:\/\/www.agrobase.com.br\/concursos\/wp-json\/wp\/v2\/posts\/277399","targetHints":{"allow":["GET"]}}],"collection":[{"href":"https:\/\/www.agrobase.com.br\/concursos\/wp-json\/wp\/v2\/posts"}],"about":[{"href":"https:\/\/www.agrobase.com.br\/concursos\/wp-json\/wp\/v2\/types\/post"}],"author":[{"embeddable":true,"href":"https:\/\/www.agrobase.com.br\/concursos\/wp-json\/wp\/v2\/users\/7"}],"replies":[{"embeddable":true,"href":"https:\/\/www.agrobase.com.br\/concursos\/wp-json\/wp\/v2\/comments?post=277399"}],"version-history":[{"count":1,"href":"https:\/\/www.agrobase.com.br\/concursos\/wp-json\/wp\/v2\/posts\/277399\/revisions"}],"predecessor-version":[{"id":277401,"href":"https:\/\/www.agrobase.com.br\/concursos\/wp-json\/wp\/v2\/posts\/277399\/revisions\/277401"}],"wp:featuredmedia":[{"embeddable":true,"href":"https:\/\/www.agrobase.com.br\/concursos\/wp-json\/wp\/v2\/media\/277398"}],"wp:attachment":[{"href":"https:\/\/www.agrobase.com.br\/concursos\/wp-json\/wp\/v2\/media?parent=277399"}],"wp:term":[{"taxonomy":"category","embeddable":true,"href":"https:\/\/www.agrobase.com.br\/concursos\/wp-json\/wp\/v2\/categories?post=277399"},{"taxonomy":"post_tag","embeddable":true,"href":"https:\/\/www.agrobase.com.br\/concursos\/wp-json\/wp\/v2\/tags?post=277399"},{"taxonomy":"_amplo","embeddable":true,"href":"https:\/\/www.agrobase.com.br\/concursos\/wp-json\/wp\/v2\/_amplo?post=277399"},{"taxonomy":"destaque","embeddable":true,"href":"https:\/\/www.agrobase.com.br\/concursos\/wp-json\/wp\/v2\/destaque?post=277399"},{"taxonomy":"instituicoes","embeddable":true,"href":"https:\/\/www.agrobase.com.br\/concursos\/wp-json\/wp\/v2\/instituicoes?post=277399"}],"curies":[{"name":"wp","href":"https:\/\/api.w.org\/{rel}","templated":true}]}}