{"id":277394,"date":"2026-01-29T08:20:54","date_gmt":"2026-01-29T11:20:54","guid":{"rendered":"https:\/\/www.agrobase.com.br\/concursos\/?p=277394"},"modified":"2026-01-28T15:56:43","modified_gmt":"2026-01-28T18:56:43","slug":"prefeitura-jati-ce-concurso-01-2026","status":"publish","type":"post","link":"https:\/\/www.agrobase.com.br\/concursos\/2026\/prefeitura-jati-ce-concurso-01-2026\/","title":{"rendered":"Prefeitura Jati (CE) &#8211; Concurso 01\/2026"},"content":{"rendered":"<h2>Informa\u00e7\u00f5es Gerais<\/h2>\n<p>A <strong>Prefeitura Municipal de Jati<\/strong>, no Estado do Cear\u00e1, publicou o edital do <strong>Concurso P\u00fablico Unificado<\/strong> para provimento de <strong>70 vagas imediatas<\/strong> e <strong>28 vagas em cadastro de reserva<\/strong>, distribu\u00eddas em 37 cargos efetivos do Poder Executivo Municipal. O certame \u00e9 regido pelo Contrato n\u00ba 52\/2025 e pela Lei Complementar Municipal n\u00ba 082\/2025.<\/p>\n<p>As oportunidades contemplam todos os n\u00edveis de escolaridade: <strong>Fundamental Incompleto e Completo<\/strong>, <strong>M\u00e9dio\/T\u00e9cnico<\/strong> e <strong>Superior<\/strong>. Os sal\u00e1rios variam de <strong>R$ 999,00 a R$ 8.134,19<\/strong>, com carga hor\u00e1ria entre 12 e 40 horas semanais, conforme o cargo.<\/p>\n<p>O concurso oferece vagas nas \u00e1reas de <strong>Sa\u00fade<\/strong> (M\u00e9dicos, Enfermeiros, T\u00e9cnicos em Enfermagem, Fisioterapeuta, Fonoaudi\u00f3logo, Biom\u00e9dico, Farmac\u00eautico e Dentista), <strong>Educa\u00e7\u00e3o<\/strong> (Professores de diversas disciplinas para Educa\u00e7\u00e3o Infantil, Ensino Fundamental I e II), <strong>Assist\u00eancia Social<\/strong> (Assistente Social, Psic\u00f3logo e Visitador Social), al\u00e9m de cargos operacionais e administrativos.<\/p>\n<p>Destaque para a vaga de <strong>M\u00e9dico Veterin\u00e1rio<\/strong>, com exig\u00eancia de Ensino Superior completo em Medicina Veterin\u00e1ria e registro no CRMV, al\u00e9m da vaga de <strong>Professor de Ci\u00eancias<\/strong>, que aceita Licenciatura em Ci\u00eancias, Ci\u00eancias da Natureza ou <strong>Biologia<\/strong>.<\/p>\n<p>Continue a leitura para conhecer todos os detalhes sobre inscri\u00e7\u00f5es, etapas do processo seletivo e como acompanhar os resultados deste concurso p\u00fablico em Jati\/CE.<\/p>\n<h2>Inscri\u00e7\u00f5es<\/h2>\n<p>As <strong>inscri\u00e7\u00f5es para o Concurso P\u00fablico da Prefeitura de Jati\/CE<\/strong> ser\u00e3o realizadas exclusivamente pela internet, no per\u00edodo de <strong>12 de janeiro de 2026 a 27 de mar\u00e7o de 2026<\/strong>, por meio da \u00c1rea do Candidato no site do Instituto Igeduc.<\/p>\n<p>Os valores das taxas de inscri\u00e7\u00e3o s\u00e3o:<\/p>\n<ul>\n<li><strong>N\u00edvel Fundamental:<\/strong> R$ 85,00<\/li>\n<li><strong>N\u00edvel M\u00e9dio\/T\u00e9cnico:<\/strong> R$ 125,00<\/li>\n<li><strong>N\u00edvel Superior:<\/strong> R$ 150,00<\/li>\n<\/ul>\n<p>Para se inscrever, o candidato deve acessar o endere\u00e7o eletr\u00f4nico do Instituto Igeduc, preencher o formul\u00e1rio de inscri\u00e7\u00e3o com seus dados pessoais e escolher o cargo desejado. Ap\u00f3s o preenchimento, ser\u00e1 gerado um boleto banc\u00e1rio com op\u00e7\u00e3o de pagamento por c\u00f3digo de barras ou QR Code (PIX), que dever\u00e1 ser quitado at\u00e9 a data de vencimento indicada no pr\u00f3prio documento.<\/p>\n<p>\u00c9 fundamental que o candidato acompanhe o status de sua inscri\u00e7\u00e3o na \u00e1rea restrita do site da banca organizadora, verificando se o pagamento foi confirmado e se a inscri\u00e7\u00e3o foi deferida.<\/p>\n<p>Recomenda-se a leitura integral do edital para verificar os procedimentos completos de inscri\u00e7\u00e3o, eventuais crit\u00e9rios para isen\u00e7\u00e3o da taxa e demais orienta\u00e7\u00f5es espec\u00edficas para cada cargo.<\/p>\n<h2>Etapas e Provas<\/h2>\n<p>O <strong>Concurso P\u00fablico da Prefeitura de Jati\/CE<\/strong> ser\u00e1 composto por diferentes etapas, variando conforme o cargo pretendido. Confira abaixo as fases do certame:<\/p>\n<ul>\n<li><strong>Prova Objetiva<\/strong> \u2014 Car\u00e1ter <em>eliminat\u00f3rio e classificat\u00f3rio<\/em>, aplicada a todos os cargos. Composta por <strong>50 quest\u00f5es de m\u00faltipla escolha<\/strong> com 4 alternativas (A, B, C, D). A dura\u00e7\u00e3o ser\u00e1 de <strong>3 horas<\/strong> para a maioria dos cargos e <strong>5 horas<\/strong> para os cargos de Professor (que tamb\u00e9m realizar\u00e3o prova discursiva no mesmo dia). A prova ser\u00e1 aplicada na data prevista no cronograma, em local e hor\u00e1rio informados no Cart\u00e3o de Confirma\u00e7\u00e3o de Inscri\u00e7\u00e3o (CCI).<\/li>\n<li><strong>Prova Discursiva (Reda\u00e7\u00e3o)<\/strong> \u2014 Car\u00e1ter <em>eliminat\u00f3rio e classificat\u00f3rio<\/em>, exclusiva para os cargos de <strong>Professor<\/strong>.<\/li>\n<li><strong>Avalia\u00e7\u00e3o de T\u00edtulos<\/strong> \u2014 Car\u00e1ter exclusivamente <em>classificat\u00f3rio<\/em>, destinada aos candidatos de <strong>n\u00edvel superior e Professores<\/strong> com inscri\u00e7\u00e3o deferida.<\/li>\n<li><strong>Comprova\u00e7\u00e3o de Resid\u00eancia<\/strong> \u2014 Car\u00e1ter <em>eliminat\u00f3rio<\/em>, exclusiva para o cargo de <strong>Agente Comunit\u00e1rio de Sa\u00fade &#8211; Centro<\/strong>, que exige resid\u00eancia comprovada na \u00e1rea de atua\u00e7\u00e3o.<\/li>\n<li><strong>An\u00e1lise de Exames de Sa\u00fade e Investiga\u00e7\u00e3o Social<\/strong> \u2014 Car\u00e1ter <em>eliminat\u00f3rio<\/em>, exclusiva para o cargo de <strong>Agente de Tr\u00e2nsito<\/strong>.<\/li>\n<li><strong>Curso de Forma\u00e7\u00e3o Profissional<\/strong> \u2014 Car\u00e1ter <em>eliminat\u00f3rio<\/em>, obrigat\u00f3rio para os cargos de <strong>Agente de Tr\u00e2nsito<\/strong> e <strong>Agente Comunit\u00e1rio de Sa\u00fade &#8211; Centro<\/strong>.<\/li>\n<\/ul>\n<p>\u00c9 responsabilidade exclusiva do candidato acompanhar todas as publica\u00e7\u00f5es oficiais referentes ao cronograma, locais de prova e convoca\u00e7\u00f5es para cada etapa. Consulte o edital completo para verificar o conte\u00fado program\u00e1tico detalhado, crit\u00e9rios de aprova\u00e7\u00e3o, pontua\u00e7\u00e3o m\u00ednima exigida e demais informa\u00e7\u00f5es espec\u00edficas de cada fase.<\/p>\n<h2>Resultados e Gabarito<\/h2>\n<p>O <strong>gabarito preliminar<\/strong> da prova objetiva ser\u00e1 divulgado at\u00e9 o primeiro dia \u00fatil ap\u00f3s a aplica\u00e7\u00e3o da prova, no site oficial do Instituto Igeduc. Posteriormente, ser\u00e3o publicados o <strong>gabarito definitivo<\/strong>, o <strong>resultado preliminar da prova objetiva<\/strong> e o espelho do cart\u00e3o-resposta, conforme cronograma estabelecido no edital.<\/p>\n<p>Ser\u00e3o considerados <strong>classificados<\/strong> os candidatos que n\u00e3o forem eliminados em nenhuma etapa do certame e que n\u00e3o constem como faltosos ap\u00f3s a realiza\u00e7\u00e3o de todas as fases previstas. A classifica\u00e7\u00e3o ser\u00e1 baseada na pontua\u00e7\u00e3o obtida na prova objetiva, observados os crit\u00e9rios de desempate definidos no edital.<\/p>\n<p>Os resultados preliminar e definitivo ser\u00e3o divulgados por meio de <strong>listas classificat\u00f3rias distintas<\/strong>, ordenadas de acordo com a pontua\u00e7\u00e3o final dos candidatos. A <strong>homologa\u00e7\u00e3o do resultado definitivo<\/strong> ser\u00e1 realizada pelo Munic\u00edpio de Jati\/CE e publicada na imprensa oficial, oficializando a conclus\u00e3o do certame e autorizando a convoca\u00e7\u00e3o dos aprovados.<\/p>\n<p>Os candidatos devem acompanhar todas as publica\u00e7\u00f5es pelos seguintes canais:<\/p>\n<ul>\n<li>Site do Instituto Igeduc (banca organizadora)<\/li>\n<li>Imprensa oficial do Munic\u00edpio de Jati\/CE<\/li>\n<\/ul>\n<p><strong>Aten\u00e7\u00e3o:<\/strong> O acompanhamento de todas as publica\u00e7\u00f5es oficiais, incluindo convoca\u00e7\u00f5es, retifica\u00e7\u00f5es e demais comunicados, \u00e9 de <strong>responsabilidade exclusiva do candidato<\/strong>. N\u00e3o ser\u00e3o aceitas alega\u00e7\u00f5es de desconhecimento das informa\u00e7\u00f5es divulgadas nos canais oficiais.<\/p>\n","protected":false},"excerpt":{"rendered":"<p>Concurso Pref. Jati (CE) com edital publicado! Vagas p\/ Professor e M\u00e9dico (Fund. a Sup.). Inscri\u00e7\u00f5es a partir de 12\/01. Sal\u00e1rios at\u00e9 R$ 8.1k. Confira detalhes!<\/p>\n","protected":false},"author":7,"featured_media":277393,"comment_status":"open","ping_status":"open","sticky":false,"template":"","format":"standard","meta":{"_acf_changed":false,"_breakdance_hide_in_design_set":false,"_breakdance_tags":"","footnotes":""},"categories":[6433,7,6434,12,17,18,19,111,100,20,6871,116,21,22,24,25,26,6435,101,108,143],"tags":[43],"_amplo":[],"destaque":[],"instituicoes":[],"class_list":["post-277394","post","type-post","status-publish","format-standard","has-post-thumbnail","hentry","category-biologia-licenciatura","category-biomedicina","category-educacao-fisica-licenciatura","category-enfermagem","category-farmacia","category-fisioterapia","category-fonoaudiologia","category-geografia","category-historia","category-letras","category-letras-ingles","category-matematica","category-medicina","category-veterinaria","category-odontologia","category-pedagogia","category-psicologia","category-quimica-licenciatura","category-servico-social","category-tecnico-enfermagem","category-tecnico-odontologia","tag-ceara"],"acf":{"_tipo_vagas":"vagas","_numero_vagas":"","_quadro_vagas":"","_cargos":"diversos","_cargos_especificos":"","_salario_max":"R$ 8134.19","_abertura":"20260112","_encerramento":"20260327","_inscricoes":"https:\/\/igeduc.selecao.net.br\/informacoes\/136\/","_executora_concurso":"","_instituicao_concurso":[],"_link_adicional":null,"_anexos":null,"_produtos":null,"_vagas":"70 vagas + CR","_salario_min":"R$ 999","_instituicao":"Prefeitura de Jati","_edital":"https:\/\/www.agrobase.com.br\/concursos\/wp-content\/uploads\/sites\/4\/2026\/01\/edital-01-2026-prefeitura-de-jati-ce.pdf","_anexos_edital":"https:\/\/www.agrobase.com.br\/concursos\/wp-content\/uploads\/sites\/4\/2026\/01\/anexos-edital-01-2026-prefeitura-de-jati-ce.pdf","_fund_incompleto":"<div>\r\n<table class=\"quadro\">\r\n<thead>\r\n<tr>\r\n<th class=\"hcargo\">Cargo<\/th>\r\n<th class=\"hvagas\">Vagas<\/th>\r\n<th class=\"hremuneracao\">Remunera\u00e7\u00e3o<\/th>\r\n<\/tr>\r\n<\/thead>\r\n    <tbody>\r\n      <td class=\"ccargos\">\r\n<span data-balloon-length=\"medium\" aria-label=\"Ensino Fundamental I (at\u00e9 o 5\u00ba Ano) completo.\" data-balloon-pos=\"up\">VIGIA<\/span><\/td>\r\n<td class=\"cvagas\">02<\/td>\r\n<td class=\"cremuneracao\">R$ 1.621,00 \/40 horas semanais.<\/td>\r\n<\/tr><td class=\"ccargos\">\r\n<span data-balloon-length=\"medium\" aria-label=\"Ensino Fundamental I (at\u00e9 o 5\u00ba Ano) completo.\" data-balloon-pos=\"up\">ZELADOR<\/span><\/td>\r\n<td class=\"cvagas\">05 + CR<\/td>\r\n<td class=\"cremuneracao\">R$ 1.621,00 \/40 horas semanais.<\/td>\r\n<\/tr>\r\n    <\/tbody>\r\n  <\/table>\r\n<\/div>","_fund_completo":"<div>\r\n<table class=\"quadro\">\r\n<thead>\r\n<tr>\r\n<th class=\"hcargo\">Cargo<\/th>\r\n<th class=\"hvagas\">Vagas<\/th>\r\n<th class=\"hremuneracao\">Remunera\u00e7\u00e3o<\/th>\r\n<\/tr>\r\n<\/thead>\r\n    <tbody>\r\n      <td class=\"ccargos\">\r\n<span data-balloon-length=\"medium\" aria-label=\"Ensino Fundamental completo.\" data-balloon-pos=\"up\">COVEIRO<\/span><\/td>\r\n<td class=\"cvagas\">01<\/td>\r\n<td class=\"cremuneracao\">R$ 1.621,00 \/40 horas semanais.<\/td>\r\n<\/tr><td class=\"ccargos\">\r\n<span data-balloon-length=\"medium\" aria-label=\"Ensino Fundamental completo.\" data-balloon-pos=\"up\">COZINHEIRO<\/span><\/td>\r\n<td class=\"cvagas\">01 + CR<\/td>\r\n<td class=\"cremuneracao\">R$ 1.621,00 \/40 horas semanais.<\/td>\r\n<\/tr><td class=\"ccargos\">\r\n<span data-balloon-length=\"medium\" aria-label=\"Ensino fundamental completo e Carteira Nacional de Habilita\u00e7\u00e3o categoria B.\" data-balloon-pos=\"up\">MOTORISTA DO PSF<\/span><\/td>\r\n<td class=\"cvagas\">01 + CR<\/td>\r\n<td class=\"cremuneracao\">R$ 1.817,40 \/40 horas semanais.<\/td>\r\n<\/tr><td class=\"ccargos\">\r\n<span data-balloon-length=\"medium\" aria-label=\"Ensino fundamental completo e Carteira Nacional de Habilita\u00e7\u00e3o categoria B.\" data-balloon-pos=\"up\">MOTORISTA I<\/span><\/td>\r\n<td class=\"cvagas\">01<\/td>\r\n<td class=\"cremuneracao\">R$ 1.817,40 \/40 horas semanais.<\/td>\r\n<\/tr>\r\n    <\/tbody>\r\n  <\/table>\r\n<\/div>","_medio":"<div>\r\n<table class=\"quadro\">\r\n<thead>\r\n<tr>\r\n<th class=\"hcargo\">Cargo<\/th>\r\n<th class=\"hvagas\">Vagas<\/th>\r\n<th class=\"hremuneracao\">Remunera\u00e7\u00e3o<\/th>\r\n<\/tr>\r\n<\/thead>\r\n    <tbody>\r\n      <td class=\"ccargos\">\r\n<span data-balloon-length=\"medium\" aria-label=\"Ensino M\u00e9dio completo, comprovar resid\u00eancia na \u00e1rea e Curso de Forma\u00e7\u00e3o Inicial.\" data-balloon-pos=\"up\">AGENTE COMUNIT\u00c1RIO DE SA\u00daDE - CENTRO<\/span><\/td>\r\n<td class=\"cvagas\">01<\/td>\r\n<td class=\"cremuneracao\">R$ 3.242,00 \/40 horas semanais.<\/td>\r\n<\/tr><td class=\"ccargos\">\r\n<span data-balloon-length=\"medium\" aria-label=\"Ensino M\u00e9dio completo, CNH (tipos A e B) e Curso de Forma\u00e7\u00e3o Profissional.\" data-balloon-pos=\"up\">AGENTE DE TR\u00c2NSITO<\/span><\/td>\r\n<td class=\"cvagas\">CR<\/td>\r\n<td class=\"cremuneracao\">R$ 1.621,00 \/40 horas semanais ou regime de plant\u00e3o.<\/td>\r\n<\/tr><td class=\"ccargos\">\r\n<span data-balloon-length=\"medium\" aria-label=\"Ensino M\u00e9dio completo, curso de Auxiliar em Sa\u00fade Bucal (ASB) e registro CRO.\" data-balloon-pos=\"up\">AUXILIAR DE DENTISTA<\/span><\/td>\r\n<td class=\"cvagas\">01<\/td>\r\n<td class=\"cremuneracao\">R$ 1.621,00 \/40 horas semanais.<\/td>\r\n<\/tr><td class=\"ccargos\">\r\n<span data-balloon-length=\"medium\" aria-label=\"Ensino M\u00e9dio completo, curso de Auxiliar de Farm\u00e1cia e registro CRF.\" data-balloon-pos=\"up\">AUXILIAR DE FARM\u00c1CIA<\/span><\/td>\r\n<td class=\"cvagas\">01<\/td>\r\n<td class=\"cremuneracao\">R$ 1.621,00 \/40 horas semanais.<\/td>\r\n<\/tr><td class=\"ccargos\">\r\n<span data-balloon-length=\"medium\" aria-label=\"Ensino M\u00e9dio completo e curso de Auxiliar de Laborat\u00f3rio.\" data-balloon-pos=\"up\">AUXILIAR DE LABORAT\u00d3RIO<\/span><\/td>\r\n<td class=\"cvagas\">01<\/td>\r\n<td class=\"cremuneracao\">R$ 1.621,00 \/40 horas semanais.<\/td>\r\n<\/tr><td class=\"ccargos\">\r\n<span data-balloon-length=\"medium\" aria-label=\"Ensino M\u00e9dio completo.\" data-balloon-pos=\"up\">MONITOR DE TRANSPORTE ESCOLAR<\/span><\/td>\r\n<td class=\"cvagas\">03 + CR<\/td>\r\n<td class=\"cremuneracao\">R$ 1.621,00 \/40 horas semanais.<\/td>\r\n<\/tr><td class=\"ccargos\">\r\n<span data-balloon-length=\"medium\" aria-label=\"Ensino M\u00e9dio completo e Carteira Nacional de Habilita\u00e7\u00e3o categoria D.\" data-balloon-pos=\"up\">MOTORISTA TFD<\/span><\/td>\r\n<td class=\"cvagas\">01<\/td>\r\n<td class=\"cremuneracao\">R$ 1.823,28 \/40 horas semanais.<\/td>\r\n<\/tr><td class=\"ccargos\">\r\n<span data-balloon-length=\"medium\" aria-label=\"Ensino M\u00e9dio completo.\" data-balloon-pos=\"up\">RECEPCIONISTA<\/span><\/td>\r\n<td class=\"cvagas\">01<\/td>\r\n<td class=\"cremuneracao\">R$ 1.621,00 \/40 horas semanais.<\/td>\r\n<\/tr><td class=\"ccargos\">\r\n<span data-balloon-length=\"medium\" aria-label=\"Ensino M\u00e9dio completo, curso T\u00e9cnico em Enfermagem e registro COREN.\" data-balloon-pos=\"up\">T\u00c9CNICO EM ENFERMAGEM<\/span><\/td>\r\n<td class=\"cvagas\">01 + CR<\/td>\r\n<td class=\"cremuneracao\">R$ 3.325,00 \/40 horas semanais.<\/td>\r\n<\/tr><td class=\"ccargos\">\r\n<span data-balloon-length=\"medium\" aria-label=\"Ensino M\u00e9dio completo.\" data-balloon-pos=\"up\">VISITADOR SOCIAL<\/span><\/td>\r\n<td class=\"cvagas\">02 + CR<\/td>\r\n<td class=\"cremuneracao\">R$ 1.621,00 \/40 horas semanais.<\/td>\r\n<\/tr>\r\n    <\/tbody>\r\n  <\/table>\r\n<\/div>","_superior":"<div>\r\n<table class=\"quadro\">\r\n<thead>\r\n<tr>\r\n<th class=\"hcargo\">Cargo<\/th>\r\n<th class=\"hvagas\">Vagas<\/th>\r\n<th class=\"hremuneracao\">Remunera\u00e7\u00e3o<\/th>\r\n<\/tr>\r\n<\/thead>\r\n    <tbody>\r\n      <tr>\r\n<td class=\"ccargos\">\r\n<span data-balloon-length=\"medium\" aria-label=\"Ensino Superior completo em Servi\u00e7o Social e registro CRESS.\" data-balloon-pos=\"up\">ASSISTENTE SOCIAL<\/span><\/td>\r\n<td class=\"cvagas\">02 + CR<\/td>\r\n<td class=\"cremuneracao\">R$ 2.187,94 \/30 horas semanais.<\/td>\r\n<\/tr><tr>\r\n<td class=\"ccargos\">\r\n<span data-balloon-length=\"medium\" aria-label=\"Ensino Superior completo em Biomedicina e registro CRBM.\" data-balloon-pos=\"up\">BIOM\u00c9DICO<\/span><\/td>\r\n<td class=\"cvagas\">01<\/td>\r\n<td class=\"cremuneracao\">R$ 1.823,28 \/40 horas semanais.<\/td>\r\n<\/tr><tr>\r\n<td class=\"ccargos\">\r\n<span data-balloon-length=\"medium\" aria-label=\"Ensino Superior completo em Odontologia e registro CRO.\" data-balloon-pos=\"up\">DENTISTA PSF<\/span><\/td>\r\n<td class=\"cvagas\">01<\/td>\r\n<td class=\"cremuneracao\">R$ 3.389,15 \/30 horas semanais.<\/td>\r\n<\/tr><tr>\r\n<td class=\"ccargos\">\r\n<span data-balloon-length=\"medium\" aria-label=\"Ensino Superior completo em Enfermagem e registro COREN.\" data-balloon-pos=\"up\">ENFERMEIRO<\/span><\/td>\r\n<td class=\"cvagas\">01 + CR<\/td>\r\n<td class=\"cremuneracao\">R$ 4.750,00 \/40 horas semanais.<\/td>\r\n<\/tr><tr>\r\n<td class=\"ccargos\">\r\n<span data-balloon-length=\"medium\" aria-label=\"Ensino Superior completo em Farm\u00e1cia e registro CRF.\" data-balloon-pos=\"up\">FARMAC\u00caUTICO<\/span><\/td>\r\n<td class=\"cvagas\">01 + CR<\/td>\r\n<td class=\"cremuneracao\">R$ 1.980,00 \/40 horas semanais.<\/td>\r\n<\/tr><tr>\r\n<td class=\"ccargos\">\r\n<span data-balloon-length=\"medium\" aria-label=\"Ensino Superior completo em Fisioterapia e registro CREFITO.\" data-balloon-pos=\"up\">FISIOTERAPEUTA<\/span><\/td>\r\n<td class=\"cvagas\">01<\/td>\r\n<td class=\"cremuneracao\">R$ 2.395,84 \/40 horas semanais.<\/td>\r\n<\/tr><tr>\r\n<td class=\"ccargos\">\r\n<span data-balloon-length=\"medium\" aria-label=\"Ensino Superior completo em Fonoaudiologia e registro CREFONO.\" data-balloon-pos=\"up\">FONOAUDI\u00d3LOGO<\/span><\/td>\r\n<td class=\"cvagas\">01<\/td>\r\n<td class=\"cremuneracao\">R$ 1.621,00 \/30 horas semanais.<\/td>\r\n<\/tr><tr>\r\n<td class=\"ccargos\">\r\n<span data-balloon-length=\"medium\" aria-label=\"Ensino Superior completo em Medicina e registro CRM.\" data-balloon-pos=\"up\">M\u00c9DICO PLANTONISTA<\/span><\/td>\r\n<td class=\"cvagas\">05 + CR<\/td>\r\n<td class=\"cremuneracao\">R$ 999,00 \/Plant\u00e3o de 12 horas.<\/td>\r\n<\/tr><tr>\r\n<td class=\"ccargos\">\r\n<span data-balloon-length=\"medium\" aria-label=\"Ensino Superior completo em Medicina e registro CRM.\" data-balloon-pos=\"up\">M\u00c9DICO PSF<\/span><\/td>\r\n<td class=\"cvagas\">02<\/td>\r\n<td class=\"cremuneracao\">R$ 8.134,19 \/30 horas semanais.<\/td>\r\n<\/tr><tr>\r\n<td class=\"ccargos\">\r\n<span data-balloon-length=\"medium\" aria-label=\"Ensino Superior completo em Psicologia e registro CRP.\" data-balloon-pos=\"up\">PSIC\u00d3LOGO<\/span><\/td>\r\n<td class=\"cvagas\">01<\/td>\r\n<td class=\"cremuneracao\">R$ 2.700,00 \/30 horas semanais.<\/td>\r\n<\/tr><tr>\r\n<td class=\"ccargos\">\r\n<span data-balloon-length=\"medium\" aria-label=\"Ensino Superior completo em Psicologia e registro CRP.\" data-balloon-pos=\"up\">PSIC\u00d3LOGO DO CRAS<\/span><\/td>\r\n<td class=\"cvagas\">01<\/td>\r\n<td class=\"cremuneracao\">R$ 2.700,00 \/40 horas semanais.<\/td>\r\n<\/tr><tr>\r\n<td class=\"ccargos\">\r\n<span data-balloon-length=\"medium\" aria-label=\"Ensino Superior completo em Medicina Veterin\u00e1ria e registro CRMV.\" data-balloon-pos=\"up\">VETERIN\u00c1RIO<\/span><\/td>\r\n<td class=\"cvagas\">01<\/td>\r\n<td class=\"cremuneracao\">R$ 1.650,00 \/40 horas semanais.<\/td>\r\n<\/tr><tr>\r\n<td class=\"ccargos\">\r\n<span data-balloon-length=\"medium\" aria-label=\"Licenciatura completa em Ci\u00eancias, Ci\u00eancias da Natureza, Biologia, Qu\u00edmica ou F\u00edsica.\" data-balloon-pos=\"up\">Professor - Ci\u00eancias<\/span><\/td>\r\n<td class=\"cvagas\">01 + CR<\/td>\r\n<td class=\"cremuneracao\">R$ 4.885,78 \/40 horas semanais.<\/td>\r\n<\/tr><tr>\r\n<td class=\"ccargos\">\r\n<span data-balloon-length=\"medium\" aria-label=\"Licenciatura completa em Educa\u00e7\u00e3o F\u00edsica e registro CREF.\" data-balloon-pos=\"up\">Professor - Educa\u00e7\u00e3o F\u00edsica<\/span><\/td>\r\n<td class=\"cvagas\">01 + CR<\/td>\r\n<td class=\"cremuneracao\">R$ 4.885,78 \/40 horas semanais.<\/td>\r\n<\/tr><tr>\r\n<td class=\"ccargos\">\r\n<span data-balloon-length=\"medium\" aria-label=\"Ensino Superior completo em Pedagogia.\" data-balloon-pos=\"up\">Professor - Educa\u00e7\u00e3o Infantil e Creche<\/span><\/td>\r\n<td class=\"cvagas\">11 + CR<\/td>\r\n<td class=\"cremuneracao\">R$ 4.885,78 \/40 horas semanais.<\/td>\r\n<\/tr><tr>\r\n<td class=\"ccargos\">\r\n<span data-balloon-length=\"medium\" aria-label=\"Ensino Superior completo em Pedagogia.\" data-balloon-pos=\"up\">Professor - Ensino Fundamental I<\/span><\/td>\r\n<td class=\"cvagas\">10 + CR<\/td>\r\n<td class=\"cremuneracao\">R$ 4.885,78 \/40 horas semanais.<\/td>\r\n<\/tr><tr>\r\n<td class=\"ccargos\">\r\n<span data-balloon-length=\"medium\" aria-label=\"Licenciatura completa em Geografia.\" data-balloon-pos=\"up\">Professor - Geografia<\/span><\/td>\r\n<td class=\"cvagas\">01 + CR<\/td>\r\n<td class=\"cremuneracao\">R$ 4.885,78 \/40 horas semanais.<\/td>\r\n<\/tr><tr>\r\n<td class=\"ccargos\">\r\n<span data-balloon-length=\"medium\" aria-label=\"Licenciatura completa em Hist\u00f3ria.\" data-balloon-pos=\"up\">Professor - Hist\u00f3ria<\/span><\/td>\r\n<td class=\"cvagas\">01 + CR<\/td>\r\n<td class=\"cremuneracao\">R$ 4.885,78 \/40 horas semanais.<\/td>\r\n<\/tr><tr>\r\n<td class=\"ccargos\">\r\n<span data-balloon-length=\"medium\" aria-label=\"Licenciatura completa em Letras, com habilita\u00e7\u00e3o para L\u00edngua Inglesa.\" data-balloon-pos=\"up\">Professor - L\u00edngua Inglesa<\/span><\/td>\r\n<td class=\"cvagas\">01 + CR<\/td>\r\n<td class=\"cremuneracao\">R$ 4.885,78 \/40 horas semanais.<\/td>\r\n<\/tr><tr>\r\n<td class=\"ccargos\">\r\n<span data-balloon-length=\"medium\" aria-label=\"Licenciatura completa em Letras.\" data-balloon-pos=\"up\">Professor - L\u00edngua Portuguesa<\/span><\/td>\r\n<td class=\"cvagas\">02 + CR<\/td>\r\n<td class=\"cremuneracao\">R$ 4.885,78 \/40 horas semanais.<\/td>\r\n<\/tr><tr>\r\n<td class=\"ccargos\">\r\n<span data-balloon-length=\"medium\" aria-label=\"Licenciatura completa em Matem\u00e1tica.\" data-balloon-pos=\"up\">Professor - Matem\u00e1tica<\/span><\/td>\r\n<td class=\"cvagas\">01 + CR<\/td>\r\n<td class=\"cremuneracao\">R$ 4.885,78 \/40 horas semanais.<\/td>\r\n<\/tr>\r\n    <\/tbody>\r\n  <\/table>\r\n<\/div>"},"_links":{"self":[{"href":"https:\/\/www.agrobase.com.br\/concursos\/wp-json\/wp\/v2\/posts\/277394","targetHints":{"allow":["GET"]}}],"collection":[{"href":"https:\/\/www.agrobase.com.br\/concursos\/wp-json\/wp\/v2\/posts"}],"about":[{"href":"https:\/\/www.agrobase.com.br\/concursos\/wp-json\/wp\/v2\/types\/post"}],"author":[{"embeddable":true,"href":"https:\/\/www.agrobase.com.br\/concursos\/wp-json\/wp\/v2\/users\/7"}],"replies":[{"embeddable":true,"href":"https:\/\/www.agrobase.com.br\/concursos\/wp-json\/wp\/v2\/comments?post=277394"}],"version-history":[{"count":1,"href":"https:\/\/www.agrobase.com.br\/concursos\/wp-json\/wp\/v2\/posts\/277394\/revisions"}],"predecessor-version":[{"id":277396,"href":"https:\/\/www.agrobase.com.br\/concursos\/wp-json\/wp\/v2\/posts\/277394\/revisions\/277396"}],"wp:featuredmedia":[{"embeddable":true,"href":"https:\/\/www.agrobase.com.br\/concursos\/wp-json\/wp\/v2\/media\/277393"}],"wp:attachment":[{"href":"https:\/\/www.agrobase.com.br\/concursos\/wp-json\/wp\/v2\/media?parent=277394"}],"wp:term":[{"taxonomy":"category","embeddable":true,"href":"https:\/\/www.agrobase.com.br\/concursos\/wp-json\/wp\/v2\/categories?post=277394"},{"taxonomy":"post_tag","embeddable":true,"href":"https:\/\/www.agrobase.com.br\/concursos\/wp-json\/wp\/v2\/tags?post=277394"},{"taxonomy":"_amplo","embeddable":true,"href":"https:\/\/www.agrobase.com.br\/concursos\/wp-json\/wp\/v2\/_amplo?post=277394"},{"taxonomy":"destaque","embeddable":true,"href":"https:\/\/www.agrobase.com.br\/concursos\/wp-json\/wp\/v2\/destaque?post=277394"},{"taxonomy":"instituicoes","embeddable":true,"href":"https:\/\/www.agrobase.com.br\/concursos\/wp-json\/wp\/v2\/instituicoes?post=277394"}],"curies":[{"name":"wp","href":"https:\/\/api.w.org\/{rel}","templated":true}]}}