{"id":277343,"date":"2026-01-28T08:40:28","date_gmt":"2026-01-28T11:40:28","guid":{"rendered":"https:\/\/www.agrobase.com.br\/concursos\/?p=277343"},"modified":"2026-01-27T15:06:51","modified_gmt":"2026-01-27T18:06:51","slug":"prefeitura-anchieta-es-selecao-simplificada-01-2026","status":"publish","type":"post","link":"https:\/\/www.agrobase.com.br\/concursos\/2026\/prefeitura-anchieta-es-selecao-simplificada-01-2026\/","title":{"rendered":"Prefeitura Anchieta (ES) &#8211; Sele\u00e7\u00e3o Simplificada 01\/2026"},"content":{"rendered":"<h2>Informa\u00e7\u00f5es Gerais<\/h2>\n<p>A <strong>Prefeitura Municipal de Anchieta<\/strong>, no Esp\u00edrito Santo, publicou o <strong>Edital do Processo Seletivo Simplificado n\u00ba 001\/2026<\/strong>, destinado \u00e0 contrata\u00e7\u00e3o de servidores em regime de <strong>designa\u00e7\u00e3o tempor\u00e1ria<\/strong> para atua\u00e7\u00e3o na Secretaria Municipal de Meio Ambiente.<\/p>\n<p>O certame oferece <strong>10 vagas imediatas<\/strong>, al\u00e9m de forma\u00e7\u00e3o de <strong>cadastro de reserva (CR)<\/strong>, com remunera\u00e7\u00f5es que variam de <strong>R$ 1.712,06 a R$ 6.555,75<\/strong>, conforme o cargo. As oportunidades contemplam profissionais de n\u00edveis <strong>m\u00e9dio\/t\u00e9cnico e superior<\/strong>.<\/p>\n<p>Este processo seletivo \u00e9 de grande interesse para profissionais da <strong>\u00e1rea veterin\u00e1ria e de cuidados com animais<\/strong>. Os cargos dispon\u00edveis s\u00e3o:<\/p>\n<ul>\n<li><strong>Cuidador e Tratador de Animais<\/strong> \u2013 07 vagas + CR (N\u00edvel M\u00e9dio)<\/li>\n<li><strong>Auxiliar de Veterin\u00e1ria<\/strong> \u2013 01 vaga + CR (N\u00edvel M\u00e9dio\/T\u00e9cnico)<\/li>\n<li><strong>M\u00e9dico Veterin\u00e1rio<\/strong> \u2013 02 vagas + CR (N\u00edvel Superior)<\/li>\n<\/ul>\n<p>A carga hor\u00e1ria varia entre 40 horas semanais e regime de escala 12\/36, dependendo da fun\u00e7\u00e3o. Todos os cargos exigem <strong>Carteira Nacional de Habilita\u00e7\u00e3o categoria &#8220;B&#8221;<\/strong>, e o cargo de M\u00e9dico Veterin\u00e1rio requer registro ativo no <strong>CRMV<\/strong>.<\/p>\n<p>Continue a leitura para conhecer os detalhes sobre inscri\u00e7\u00f5es, etapas de sele\u00e7\u00e3o e cronograma completo do certame.<\/p>\n<h2>Inscri\u00e7\u00f5es<\/h2>\n<p>As inscri\u00e7\u00f5es para o Processo Seletivo Simplificado da Prefeitura de Anchieta\/ES estar\u00e3o <strong>abertas<\/strong> no per\u00edodo de <strong>08h do dia 28 de janeiro de 2026 at\u00e9 as 17h do dia 30 de janeiro de 2026<\/strong>.<\/p>\n<p>O procedimento ser\u00e1 realizado <strong>exclusivamente por meio eletr\u00f4nico<\/strong>, atrav\u00e9s do portal oficial de inscri\u00e7\u00f5es da Prefeitura. N\u00e3o haver\u00e1 inscri\u00e7\u00e3o presencial.<\/p>\n<p><strong>As inscri\u00e7\u00f5es s\u00e3o gratuitas<\/strong>, n\u00e3o havendo cobran\u00e7a de taxa de participa\u00e7\u00e3o para nenhum dos cargos oferecidos.<\/p>\n<p>Para efetuar a inscri\u00e7\u00e3o, o candidato dever\u00e1:<\/p>\n<ul>\n<li>Acessar o site oficial de inscri\u00e7\u00f5es<\/li>\n<li>Preencher corretamente todos os dados solicitados no formul\u00e1rio eletr\u00f4nico<\/li>\n<li>Anexar a documenta\u00e7\u00e3o comprobat\u00f3ria de t\u00edtulos, cursos e tempo de servi\u00e7o<\/li>\n<li>Confirmar a inscri\u00e7\u00e3o e guardar o comprovante<\/li>\n<\/ul>\n<p>A divulga\u00e7\u00e3o de todas as etapas do processo seletivo ocorrer\u00e1 no site da Prefeitura Municipal de Anchieta (<strong>www.anchieta.es.gov.br<\/strong>) e no Di\u00e1rio Oficial dos Munic\u00edpios (DOM).<\/p>\n<p>Para informa\u00e7\u00f5es e esclarecimentos, os candidatos podem entrar em contato com a Ger\u00eancia Estrat\u00e9gica de Gest\u00e3o de Pessoas (Recursos Humanos) pelos telefones: <strong>(28) 99275-8926<\/strong> ou <strong>(28) 99279-1369<\/strong>.<\/p>\n<p>Recomendamos a leitura integral do edital antes de realizar a inscri\u00e7\u00e3o para garantir o correto preenchimento das informa\u00e7\u00f5es e envio da documenta\u00e7\u00e3o exigida.<\/p>\n<h2>Etapas e Provas<\/h2>\n<p>O Processo Seletivo Simplificado da Prefeitura de Anchieta\/ES ser\u00e1 realizado em <strong>etapa \u00fanica<\/strong>, com car\u00e1ter <strong>eliminat\u00f3rio e classificat\u00f3rio<\/strong>.<\/p>\n<p><strong>Prova de Avalia\u00e7\u00e3o de T\u00edtulos\/Cursos e Tempo de Servi\u00e7o na \u00c1rea<\/strong><\/p>\n<p>A sele\u00e7\u00e3o dos candidatos ser\u00e1 baseada exclusivamente na an\u00e1lise documental, considerando:<\/p>\n<ul>\n<li><strong>T\u00edtulos e cursos<\/strong> \u2013 forma\u00e7\u00e3o acad\u00eamica e qualifica\u00e7\u00f5es complementares relacionadas \u00e0 \u00e1rea de atua\u00e7\u00e3o<\/li>\n<li><strong>Tempo de servi\u00e7o<\/strong> \u2013 experi\u00eancia profissional comprovada na \u00e1rea do cargo pretendido<\/li>\n<\/ul>\n<p>A classifica\u00e7\u00e3o inicial ser\u00e1 definida de acordo com a pontua\u00e7\u00e3o alcan\u00e7ada pelo candidato, conforme os crit\u00e9rios estabelecidos na ficha de pontua\u00e7\u00e3o constante no edital.<\/p>\n<p><strong>Importante:<\/strong> N\u00e3o haver\u00e1 aplica\u00e7\u00e3o de prova objetiva, prova pr\u00e1tica ou entrevista. A sele\u00e7\u00e3o ocorrer\u00e1 integralmente por meio da avalia\u00e7\u00e3o dos documentos apresentados no ato da inscri\u00e7\u00e3o.<\/p>\n<p>Os candidatos devem atentar-se para o correto envio de toda a documenta\u00e7\u00e3o comprobat\u00f3ria dentro do prazo de inscri\u00e7\u00e3o, pois n\u00e3o ser\u00e1 poss\u00edvel complementar documentos ap\u00f3s o encerramento das inscri\u00e7\u00f5es.<\/p>\n<p>Consulte o edital completo para conhecer os crit\u00e9rios detalhados de pontua\u00e7\u00e3o para cada tipo de t\u00edtulo, curso e tempo de servi\u00e7o aceitos.<\/p>\n<h2>Resultados e Gabarito<\/h2>\n<p>A classifica\u00e7\u00e3o final dos candidatos no Processo Seletivo Simplificado da Prefeitura de Anchieta\/ES ser\u00e1 obtida pela <strong>somat\u00f3ria dos pontos<\/strong> da avalia\u00e7\u00e3o de t\u00edtulos\/cursos e tempo de servi\u00e7o na \u00e1rea.<\/p>\n<p>Os candidatos ser\u00e3o classificados em <strong>ordem decrescente de pontua\u00e7\u00e3o<\/strong>, organizados por cargo escolhido no momento da inscri\u00e7\u00e3o.<\/p>\n<p><strong>Cronograma de divulga\u00e7\u00e3o dos resultados:<\/strong><\/p>\n<ul>\n<li><strong>Classifica\u00e7\u00e3o inicial:<\/strong> 02 de fevereiro de 2026<\/li>\n<li><strong>Prazo para recursos:<\/strong> 03 a 04 de fevereiro de 2026<\/li>\n<li><strong>Classifica\u00e7\u00e3o final (ap\u00f3s julgamento dos recursos):<\/strong> 06 de fevereiro de 2026<\/li>\n<li><strong>Homologa\u00e7\u00e3o e publica\u00e7\u00e3o oficial:<\/strong> 09 de fevereiro de 2026<\/li>\n<\/ul>\n<p>Todos os resultados ser\u00e3o divulgados no site oficial da Prefeitura Municipal de Anchieta (<strong>www.anchieta.es.gov.br<\/strong>) e no Di\u00e1rio Oficial dos Munic\u00edpios (DOM).<\/p>\n<p>A convoca\u00e7\u00e3o dos aprovados seguir\u00e1 a ordem de classifica\u00e7\u00e3o e ocorrer\u00e1 conforme a necessidade da <strong>Secretaria Municipal de Meio Ambiente<\/strong>, respons\u00e1vel pela gest\u00e3o dos cargos oferecidos neste certame.<\/p>\n<p><strong>Aten\u00e7\u00e3o:<\/strong> O acompanhamento de todas as publica\u00e7\u00f5es oficiais, convoca\u00e7\u00f5es e prazos \u00e9 de <strong>responsabilidade exclusiva do candidato<\/strong>. Recomenda-se verificar regularmente os canais oficiais de divulga\u00e7\u00e3o para n\u00e3o perder nenhuma etapa ou prazo importante.<\/p>\n","protected":false},"excerpt":{"rendered":"<p>Inscri\u00e7\u00f5es abrem 28\/01! Sel. Simplificada Pref. Anchieta (ES) p\/ Cuidador e Veterin\u00e1rio (M\u00e9d.\/Sup.). Sal\u00e1rios at\u00e9 R$6.5k. Prepare-se e veja o edital!<\/p>\n","protected":false},"author":7,"featured_media":277342,"comment_status":"open","ping_status":"open","sticky":false,"template":"","format":"standard","meta":{"_acf_changed":false,"_breakdance_hide_in_design_set":false,"_breakdance_tags":"","footnotes":""},"categories":[22],"tags":[45],"_amplo":[],"destaque":[],"instituicoes":[],"class_list":["post-277343","post","type-post","status-publish","format-standard","has-post-thumbnail","hentry","category-veterinaria","tag-espirito-santo"],"acf":{"_tipo_vagas":"vagas","_numero_vagas":"","_quadro_vagas":"","_cargos":"diversos","_cargos_especificos":"","_salario_max":"R$ 6555.75","_abertura":"20260128","_encerramento":"20260130","_inscricoes":"https:\/\/edu04.cloud.el.com.br\/es-anchieta-pm-processo-seletivo\/paginas\/candidato\/","_executora_concurso":"","_instituicao_concurso":[],"_link_adicional":null,"_anexos":null,"_produtos":null,"_vagas":"10 vagas + CR","_salario_min":"R$ 1712.06","_instituicao":"Prefeitura de Anchieta","_edital":"https:\/\/www.agrobase.com.br\/concursos\/wp-content\/uploads\/sites\/4\/2026\/01\/edital-01-2026-prefeitura-de-anchieta-es.pdf","_anexos_edital":"https:\/\/www.agrobase.com.br\/concursos\/wp-content\/uploads\/sites\/4\/2026\/01\/anexos-edital-01-2026-prefeitura-de-anchieta-es.pdf","_fund_incompleto":"","_fund_completo":"","_medio":"<div>\r\n<table class=\"quadro\">\r\n<thead>\r\n<tr>\r\n<th class=\"hcargo\">Cargo<\/th>\r\n<th class=\"hvagas\">Vagas<\/th>\r\n<th class=\"hremuneracao\">Remunera\u00e7\u00e3o<\/th>\r\n<\/tr>\r\n<\/thead>\r\n    <tbody>\r\n      <td class=\"ccargos\">\r\n<span data-balloon-length=\"medium\" aria-label=\"Ensino m\u00e9dio Conclu\u00eddo; Carteira Nacional de Habilita\u00e7\u00e3o na categoria 'B'.\" data-balloon-pos=\"up\">Cuidador Tratador de Animais<\/span><\/td>\r\n<td class=\"cvagas\">07 + CR<\/td>\r\n<td class=\"cremuneracao\">R$ 1.967,50 \/12\/36 e\/ou 40h semanais<\/td>\r\n<\/tr><td class=\"ccargos\">\r\n<span data-balloon-length=\"medium\" aria-label=\"Ensino m\u00e9dio Conclu\u00eddo + Curso de auxiliar de Veterin\u00e1ria conclu\u00eddo, e\/ou Estudante do Ensino Superior em Veterin\u00e1ria; CNH categoria 'B'.\" data-balloon-pos=\"up\">Auxiliar de Veterin\u00e1ria<\/span><\/td>\r\n<td class=\"cvagas\">01 + CR<\/td>\r\n<td class=\"cremuneracao\">R$ 1.712,06 \/40h semanais<\/td>\r\n<\/tr>\r\n    <\/tbody>\r\n  <\/table>\r\n<\/div>","_superior":"<div>\r\n<table class=\"quadro\">\r\n<thead>\r\n<tr>\r\n<th class=\"hcargo\">Cargo<\/th>\r\n<th class=\"hvagas\">Vagas<\/th>\r\n<th class=\"hremuneracao\">Remunera\u00e7\u00e3o<\/th>\r\n<\/tr>\r\n<\/thead>\r\n    <tbody>\r\n      <tr>\r\n<td class=\"ccargos\">\r\n<span data-balloon-length=\"medium\" aria-label=\"Gradua\u00e7\u00e3o em Medicina Veterin\u00e1ria; Registro no Conselho Regional de Veterin\u00e1ria - CRMV.\" data-balloon-pos=\"up\">M\u00e9dico Veterin\u00e1rio<\/span><\/td>\r\n<td class=\"cvagas\">02 + CR<\/td>\r\n<td class=\"cremuneracao\">R$ 6.555,75 \/40h semanais e ou Escala 12\/36<\/td>\r\n<\/tr>\r\n    <\/tbody>\r\n  <\/table>\r\n<\/div>"},"_links":{"self":[{"href":"https:\/\/www.agrobase.com.br\/concursos\/wp-json\/wp\/v2\/posts\/277343","targetHints":{"allow":["GET"]}}],"collection":[{"href":"https:\/\/www.agrobase.com.br\/concursos\/wp-json\/wp\/v2\/posts"}],"about":[{"href":"https:\/\/www.agrobase.com.br\/concursos\/wp-json\/wp\/v2\/types\/post"}],"author":[{"embeddable":true,"href":"https:\/\/www.agrobase.com.br\/concursos\/wp-json\/wp\/v2\/users\/7"}],"replies":[{"embeddable":true,"href":"https:\/\/www.agrobase.com.br\/concursos\/wp-json\/wp\/v2\/comments?post=277343"}],"version-history":[{"count":2,"href":"https:\/\/www.agrobase.com.br\/concursos\/wp-json\/wp\/v2\/posts\/277343\/revisions"}],"predecessor-version":[{"id":277347,"href":"https:\/\/www.agrobase.com.br\/concursos\/wp-json\/wp\/v2\/posts\/277343\/revisions\/277347"}],"wp:featuredmedia":[{"embeddable":true,"href":"https:\/\/www.agrobase.com.br\/concursos\/wp-json\/wp\/v2\/media\/277342"}],"wp:attachment":[{"href":"https:\/\/www.agrobase.com.br\/concursos\/wp-json\/wp\/v2\/media?parent=277343"}],"wp:term":[{"taxonomy":"category","embeddable":true,"href":"https:\/\/www.agrobase.com.br\/concursos\/wp-json\/wp\/v2\/categories?post=277343"},{"taxonomy":"post_tag","embeddable":true,"href":"https:\/\/www.agrobase.com.br\/concursos\/wp-json\/wp\/v2\/tags?post=277343"},{"taxonomy":"_amplo","embeddable":true,"href":"https:\/\/www.agrobase.com.br\/concursos\/wp-json\/wp\/v2\/_amplo?post=277343"},{"taxonomy":"destaque","embeddable":true,"href":"https:\/\/www.agrobase.com.br\/concursos\/wp-json\/wp\/v2\/destaque?post=277343"},{"taxonomy":"instituicoes","embeddable":true,"href":"https:\/\/www.agrobase.com.br\/concursos\/wp-json\/wp\/v2\/instituicoes?post=277343"}],"curies":[{"name":"wp","href":"https:\/\/api.w.org\/{rel}","templated":true}]}}