{"id":277323,"date":"2026-01-28T08:00:35","date_gmt":"2026-01-28T11:00:35","guid":{"rendered":"https:\/\/www.agrobase.com.br\/concursos\/?p=277323"},"modified":"2026-01-27T13:29:56","modified_gmt":"2026-01-27T16:29:56","slug":"prefeitura-pedra-branca-ce-selecao-publica-01-2026","status":"publish","type":"post","link":"https:\/\/www.agrobase.com.br\/concursos\/2026\/prefeitura-pedra-branca-ce-selecao-publica-01-2026\/","title":{"rendered":"Prefeitura Pedra Branca (CE) &#8211; Sele\u00e7\u00e3o P\u00fablica 01\/2026"},"content":{"rendered":"<h2>Informa\u00e7\u00f5es Gerais<\/h2>\n<p>A <strong>Prefeitura Municipal de Pedra Branca<\/strong>, no estado do Cear\u00e1, publicou o <strong>Edital n\u00ba 001\/2026<\/strong> do Processo Seletivo Simplificado destinado ao preenchimento de vagas tempor\u00e1rias sob regime celetista (CLT). O certame oferece <strong>609 vagas imediatas<\/strong>, al\u00e9m de forma\u00e7\u00e3o de cadastro reserva para diversas fun\u00e7\u00f5es p\u00fablicas.<\/p>\n<p>As oportunidades contemplam todos os n\u00edveis de escolaridade: <strong>Fundamental Incompleto e Completo<\/strong>, <strong>M\u00e9dio\/T\u00e9cnico<\/strong> e <strong>Superior<\/strong>. Os sal\u00e1rios variam de <strong>R$ 1.621,00 a R$ 4.500,00<\/strong>, com carga hor\u00e1ria de 40 horas semanais para todos os cargos.<\/p>\n<p>Entre as vagas de n\u00edvel fundamental, destacam-se fun\u00e7\u00f5es como Monitor, Vigia, Auxiliar de Servi\u00e7os Gerais, Merendeira e Motorista. Para n\u00edvel m\u00e9dio\/t\u00e9cnico, h\u00e1 oportunidades para Cuidador (100 vagas + CR), Auxiliar de Ensino, T\u00e9cnico de Enfermagem e Agente Administrativo, entre outros.<\/p>\n<p>No n\u00edvel superior, o processo seletivo oferece vagas nas \u00e1reas de Sa\u00fade, Assist\u00eancia Social e Educa\u00e7\u00e3o. <strong>Destaque para a vaga de Veterin\u00e1rio<\/strong>, com remunera\u00e7\u00e3o de <strong>R$ 4.500,00<\/strong> \u2014 a maior do certame. Tamb\u00e9m h\u00e1 oportunidades para <strong>Nutricionista<\/strong> (2 vagas), al\u00e9m de Enfermeiro, Dentista, Fisioterapeuta, Psic\u00f3logo, Assistente Social e outras fun\u00e7\u00f5es.<\/p>\n<p>Continue a leitura para conhecer todos os detalhes sobre inscri\u00e7\u00f5es, etapas de sele\u00e7\u00e3o e como acompanhar os resultados deste processo seletivo.<\/p>\n<h2>Inscri\u00e7\u00f5es<\/h2>\n<p>As inscri\u00e7\u00f5es para o Processo Seletivo da Prefeitura de Pedra Branca-CE estar\u00e3o abertas no per\u00edodo de <strong>22 de janeiro de 2026 at\u00e9 as 23h59 do dia 28 de janeiro de 2026<\/strong>.<\/p>\n<p>O procedimento \u00e9 realizado <strong>exclusivamente pela internet<\/strong>, atrav\u00e9s do site da banca organizadora:<\/p>\n<ul>\n<li>Site de inscri\u00e7\u00e3o: <strong>www.inbrasp.org<\/strong><\/li>\n<\/ul>\n<p>Para efetuar a inscri\u00e7\u00e3o, o candidato dever\u00e1:<\/p>\n<ul>\n<li>Acessar o site www.inbrasp.org no per\u00edodo de inscri\u00e7\u00f5es;<\/li>\n<li>Ler integralmente o edital e certificar-se de que preenche todos os requisitos exigidos para a fun\u00e7\u00e3o desejada;<\/li>\n<li>Preencher o cadastro completo no sistema;<\/li>\n<li>Gerar e imprimir o boleto banc\u00e1rio para pagamento da taxa de inscri\u00e7\u00e3o.<\/li>\n<\/ul>\n<p>O pagamento da taxa dever\u00e1 ser realizado <strong>exclusivamente por boleto banc\u00e1rio<\/strong>, que pode ser quitado em qualquer ag\u00eancia banc\u00e1ria, casas lot\u00e9ricas ou outros correspondentes banc\u00e1rios autorizados. O boleto poder\u00e1 ser reimpresso no sistema at\u00e9 o \u00faltimo dia previsto para pagamento.<\/p>\n<p>A inscri\u00e7\u00e3o somente ser\u00e1 efetivada ap\u00f3s a <strong>confirma\u00e7\u00e3o do pagamento<\/strong> ou o <strong>deferimento da solicita\u00e7\u00e3o de isen\u00e7\u00e3o<\/strong>, conforme prazos estabelecidos no cronograma oficial (Anexo II do edital).<\/p>\n<p><em>Importante:<\/em> Os valores das taxas de inscri\u00e7\u00e3o e os procedimentos para solicita\u00e7\u00e3o de isen\u00e7\u00e3o devem ser consultados diretamente no edital completo, dispon\u00edvel no site da banca organizadora.<\/p>\n<h2>Etapas e Provas<\/h2>\n<p>O Processo Seletivo da Prefeitura de Pedra Branca-CE ser\u00e1 composto por at\u00e9 duas etapas, conforme o n\u00edvel de escolaridade da fun\u00e7\u00e3o pretendida:<\/p>\n<ul>\n<li><strong>Prova Objetiva<\/strong> \u2014 car\u00e1ter <strong>eliminat\u00f3rio e classificat\u00f3rio<\/strong>, aplic\u00e1vel a <strong>todas as fun\u00e7\u00f5es<\/strong>;<\/li>\n<li><strong>Prova de T\u00edtulos<\/strong> \u2014 car\u00e1ter exclusivamente <strong>classificat\u00f3rio<\/strong>, aplic\u00e1vel apenas \u00e0s <strong>fun\u00e7\u00f5es de n\u00edvel superior<\/strong>.<\/li>\n<\/ul>\n<p><strong>Prova Objetiva<\/strong><\/p>\n<p>A prova objetiva ser\u00e1 composta por <strong>40 quest\u00f5es de m\u00faltipla escolha<\/strong>, cada uma com 4 alternativas, sendo apenas uma correta. A dura\u00e7\u00e3o total da prova ser\u00e1 de <strong>3 horas<\/strong> para todos os cargos, com exce\u00e7\u00e3o dos candidatos com defici\u00eancia que solicitaram tempo adicional.<\/p>\n<p>Os conte\u00fados cobrados e a pontua\u00e7\u00e3o por disciplina est\u00e3o detalhados no Quadro de Provas do edital. Recomenda-se a leitura atenta do conte\u00fado program\u00e1tico espec\u00edfico para cada cargo.<\/p>\n<p><strong>Prova de T\u00edtulos<\/strong><\/p>\n<p>A Prova de T\u00edtulos ser\u00e1 aplicada <strong>somente aos candidatos de n\u00edvel superior aprovados na Prova Objetiva<\/strong>. A documenta\u00e7\u00e3o comprobat\u00f3ria dever\u00e1 ser enviada via <strong>upload na \u00e1rea do candidato<\/strong>, no per\u00edodo estabelecido no cronograma.<\/p>\n<p>Esta etapa n\u00e3o elimina candidatos, mas pode agregar pontos importantes para a classifica\u00e7\u00e3o final.<\/p>\n<p><em>Consulte o edital completo para verificar o conte\u00fado program\u00e1tico detalhado, os crit\u00e9rios de pontua\u00e7\u00e3o e as datas previstas para aplica\u00e7\u00e3o das provas.<\/em><\/p>\n<h2>Resultados e Gabarito<\/h2>\n<p>Os resultados do Processo Seletivo da Prefeitura de Pedra Branca-CE ser\u00e3o divulgados no site da banca organizadora <strong>www.inbrasp.org<\/strong> e por atos oficiais da Administra\u00e7\u00e3o Municipal.<\/p>\n<p><strong>Gabaritos<\/strong><\/p>\n<p>Os gabaritos preliminares da Prova Objetiva ser\u00e3o publicados no endere\u00e7o eletr\u00f4nico da banca <strong>at\u00e9 as 22h do primeiro dia \u00fatil ap\u00f3s a realiza\u00e7\u00e3o das provas<\/strong>.<\/p>\n<p><strong>Resultados e Classifica\u00e7\u00e3o<\/strong><\/p>\n<p>Ser\u00e3o divulgadas listas distintas de classifica\u00e7\u00e3o:<\/p>\n<ul>\n<li><strong>Lista geral:<\/strong> classifica\u00e7\u00e3o nominal de todos os candidatos (ampla concorr\u00eancia e PcD);<\/li>\n<li><strong>Lista espec\u00edfica:<\/strong> classifica\u00e7\u00e3o dos candidatos concorrentes \u00e0s vagas destinadas a pessoas com defici\u00eancia.<\/li>\n<\/ul>\n<p>A classifica\u00e7\u00e3o final dos aprovados ser\u00e1 divulgada em <strong>ordem decrescente das m\u00e9dias aritm\u00e9ticas<\/strong> obtidas no conjunto das provas.<\/p>\n<p><strong>Homologa\u00e7\u00e3o<\/strong><\/p>\n<p>A homologa\u00e7\u00e3o do resultado final do certame ser\u00e1 realizada por <strong>Ato da Administra\u00e7\u00e3o Municipal de Pedra Branca<\/strong>, oficializando a conclus\u00e3o do processo seletivo e autorizando a convoca\u00e7\u00e3o dos aprovados.<\/p>\n<p><em>Aten\u00e7\u00e3o:<\/em> \u00c9 de <strong>responsabilidade exclusiva do candidato<\/strong> acompanhar todas as publica\u00e7\u00f5es oficiais referentes a este processo seletivo, incluindo convoca\u00e7\u00f5es, retifica\u00e7\u00f5es e demais comunicados. Consulte regularmente o site da banca organizadora e os canais oficiais da Prefeitura de Pedra Branca-CE.<\/p>\n","protected":false},"excerpt":{"rendered":"<p>Inscri\u00e7\u00f5es abrem 22\/01! Sel. P\u00fablica Pref. Pedra Branca (CE) p\/ Monitor e Cuidador (Fund. a Sup.). Sal\u00e1rios at\u00e9 R$4.5k. 609+CR vagas. Veja o edital!<\/p>\n","protected":false},"author":7,"featured_media":277322,"comment_status":"open","ping_status":"open","sticky":false,"template":"","format":"standard","meta":{"_acf_changed":false,"_breakdance_hide_in_design_set":false,"_breakdance_tags":"","footnotes":""},"categories":[10,12,17,18,19,22,23,24,25,26,101,108,134],"tags":[43],"_amplo":[],"destaque":[],"instituicoes":[],"class_list":["post-277323","post","type-post","status-publish","format-standard","has-post-thumbnail","hentry","category-direito","category-enfermagem","category-farmacia","category-fisioterapia","category-fonoaudiologia","category-veterinaria","category-nutricao","category-odontologia","category-pedagogia","category-psicologia","category-servico-social","category-tecnico-enfermagem","category-terapia-ocupacional","tag-ceara"],"acf":{"_tipo_vagas":"vagas","_numero_vagas":"","_quadro_vagas":"","_cargos":"diversos","_cargos_especificos":"","_salario_max":"R$ 4500","_abertura":"20260122","_encerramento":"20260128","_inscricoes":"https:\/\/www.inbrasp.org","_executora_concurso":"","_instituicao_concurso":[],"_link_adicional":null,"_anexos":null,"_produtos":null,"_vagas":"609 vagas + CR","_salario_min":"R$ 1621","_instituicao":"Prefeitura de Pedra Branca","_edital":"https:\/\/www.agrobase.com.br\/concursos\/wp-content\/uploads\/sites\/4\/2026\/01\/edital-01-2026-prefeitura-de-pedra-branca-ce.pdf","_anexos_edital":"https:\/\/www.agrobase.com.br\/concursos\/wp-content\/uploads\/sites\/4\/2026\/01\/anexos-edital-01-2026-prefeitura-de-pedra-branca-ce.pdf","_fund_incompleto":"<div>\r\n<table class=\"quadro\">\r\n<thead>\r\n<tr>\r\n<th class=\"hcargo\">Cargo<\/th>\r\n<th class=\"hvagas\">Vagas<\/th>\r\n<th class=\"hremuneracao\">Remunera\u00e7\u00e3o<\/th>\r\n<\/tr>\r\n<\/thead>\r\n    <tbody>\r\n      <td class=\"ccargos\">\r\n<span data-balloon-length=\"medium\" aria-label=\"Ensino Fundamental ou Fundamental Incompleto.\" data-balloon-pos=\"up\">MONITOR<\/span><\/td>\r\n<td class=\"cvagas\">50 + CR<\/td>\r\n<td class=\"cremuneracao\">R$ 1.621,00 \/40h<\/td>\r\n<\/tr><td class=\"ccargos\">\r\n<span data-balloon-length=\"medium\" aria-label=\"Ensino Fundamental Incompleto e CNH Categoria D ou E.\" data-balloon-pos=\"up\">OPERADOR DE PATROL<\/span><\/td>\r\n<td class=\"cvagas\">02<\/td>\r\n<td class=\"cremuneracao\">R$ 3.500,00 \/40h<\/td>\r\n<\/tr><td class=\"ccargos\">\r\n<span data-balloon-length=\"medium\" aria-label=\"Ensino Fundamental Incompleto e CNH Categoria D ou E.\" data-balloon-pos=\"up\">OPERADOR DE RETROESCAVADEIRA<\/span><\/td>\r\n<td class=\"cvagas\">03<\/td>\r\n<td class=\"cremuneracao\">R$ 2.000,00 \/40h<\/td>\r\n<\/tr><td class=\"ccargos\">\r\n<span data-balloon-length=\"medium\" aria-label=\"Ensino Fundamental Incompleto.\" data-balloon-pos=\"up\">VIGIA<\/span><\/td>\r\n<td class=\"cvagas\">59 + CR<\/td>\r\n<td class=\"cremuneracao\">R$ 1.621,00 \/40h<\/td>\r\n<\/tr>\r\n    <\/tbody>\r\n  <\/table>\r\n<\/div>","_fund_completo":"<div>\r\n<table class=\"quadro\">\r\n<thead>\r\n<tr>\r\n<th class=\"hcargo\">Cargo<\/th>\r\n<th class=\"hvagas\">Vagas<\/th>\r\n<th class=\"hremuneracao\">Remunera\u00e7\u00e3o<\/th>\r\n<\/tr>\r\n<\/thead>\r\n    <tbody>\r\n      <td class=\"ccargos\">\r\n<span data-balloon-length=\"medium\" aria-label=\"Certificado, devidamente registrado, de conclus\u00e3o de Ensino Fundamental.\" data-balloon-pos=\"up\">AUXILIAR DE SERVI\u00c7OS EXTERNOS<\/span><\/td>\r\n<td class=\"cvagas\">02<\/td>\r\n<td class=\"cremuneracao\">R$ 1.621,00 \/40h<\/td>\r\n<\/tr><td class=\"ccargos\">\r\n<span data-balloon-length=\"medium\" aria-label=\"Certificado, devidamente registrado, de conclus\u00e3o de Ensino Fundamental.\" data-balloon-pos=\"up\">AUXILIAR DE SERVI\u00c7OS GERAIS<\/span><\/td>\r\n<td class=\"cvagas\">69 + CR<\/td>\r\n<td class=\"cremuneracao\">R$ 1.621,00 \/40h<\/td>\r\n<\/tr><td class=\"ccargos\">\r\n<span data-balloon-length=\"medium\" aria-label=\"Certificado, devidamente registrado, de conclus\u00e3o de Ensino Fundamental.\" data-balloon-pos=\"up\">MERENDEIRA<\/span><\/td>\r\n<td class=\"cvagas\">37 + CR<\/td>\r\n<td class=\"cremuneracao\">R$ 1.621,00 \/40h<\/td>\r\n<\/tr><td class=\"ccargos\">\r\n<span data-balloon-length=\"medium\" aria-label=\"Certificado, devidamente registrado, de conclus\u00e3o de Ensino Fundamental Completo e CNH Categoria B.\" data-balloon-pos=\"up\">MOTORISTA<\/span><\/td>\r\n<td class=\"cvagas\">28 + CR<\/td>\r\n<td class=\"cremuneracao\">R$ 1.621,00 \/40h<\/td>\r\n<\/tr><td class=\"ccargos\">\r\n<span data-balloon-length=\"medium\" aria-label=\"Certificado, devidamente registrado, de conclus\u00e3o de Ensino Fundamental.\" data-balloon-pos=\"up\">PORTEIRO<\/span><\/td>\r\n<td class=\"cvagas\">25 + CR<\/td>\r\n<td class=\"cremuneracao\">R$ 1.621,00 \/40h<\/td>\r\n<\/tr><td class=\"ccargos\">\r\n<span data-balloon-length=\"medium\" aria-label=\"Ensino fundamental completo, com certificado reconhecido pelo MEC.\" data-balloon-pos=\"up\">T\u00c9CNICO DE MONTAGEM E DESMONTAGEM DE EVENTOS<\/span><\/td>\r\n<td class=\"cvagas\">02<\/td>\r\n<td class=\"cremuneracao\">R$ 1.621,00 \/40h<\/td>\r\n<\/tr>\r\n    <\/tbody>\r\n  <\/table>\r\n<\/div>","_medio":"<div>\r\n<table class=\"quadro\">\r\n<thead>\r\n<tr>\r\n<th class=\"hcargo\">Cargo<\/th>\r\n<th class=\"hvagas\">Vagas<\/th>\r\n<th class=\"hremuneracao\">Remunera\u00e7\u00e3o<\/th>\r\n<\/tr>\r\n<\/thead>\r\n    <tbody>\r\n      <td class=\"ccargos\">\r\n<span data-balloon-length=\"medium\" aria-label=\"Certificado, devidamente registrado, de conclus\u00e3o de Ensino M\u00e9dio, conhecimento em inform\u00e1tica.\" data-balloon-pos=\"up\">AGENTE ADMINISTRATIVO<\/span><\/td>\r\n<td class=\"cvagas\">11<\/td>\r\n<td class=\"cremuneracao\">R$ 1.621,00 \/40h<\/td>\r\n<\/tr><td class=\"ccargos\">\r\n<span data-balloon-length=\"medium\" aria-label=\"Ensino m\u00e9dio completo, com certificado reconhecido pelo MEC.\" data-balloon-pos=\"up\">AUXILIAR DE ENSINO (N\u00cdVEL M\u00c9DIO - 200H)<\/span><\/td>\r\n<td class=\"cvagas\">50 + CR<\/td>\r\n<td class=\"cremuneracao\">R$ 2.000,00 \/40h<\/td>\r\n<\/tr><td class=\"ccargos\">\r\n<span data-balloon-length=\"medium\" aria-label=\"Ensino M\u00e9dio Completo.\" data-balloon-pos=\"up\">AUXILIAR DE FARM\u00c1CIA<\/span><\/td>\r\n<td class=\"cvagas\">05<\/td>\r\n<td class=\"cremuneracao\">R$ 1.621,00 \/40h<\/td>\r\n<\/tr><td class=\"ccargos\">\r\n<span data-balloon-length=\"medium\" aria-label=\"Ensino M\u00e9dio Completo + Curso T\u00e9cnico em Sa\u00fade Bucal.\" data-balloon-pos=\"up\">AUXILIAR DE SA\u00daDE BUCAL<\/span><\/td>\r\n<td class=\"cvagas\">03<\/td>\r\n<td class=\"cremuneracao\">R$ 1.621,00 \/40h<\/td>\r\n<\/tr><td class=\"ccargos\">\r\n<span data-balloon-length=\"medium\" aria-label=\"Certificado, devidamente registrado, de conclus\u00e3o de Ensino M\u00e9dio.\" data-balloon-pos=\"up\">CUIDADOR<\/span><\/td>\r\n<td class=\"cvagas\">100 + CR<\/td>\r\n<td class=\"cremuneracao\">R$ 1.621,00 \/40h<\/td>\r\n<\/tr><td class=\"ccargos\">\r\n<span data-balloon-length=\"medium\" aria-label=\"Ensino m\u00e9dio completo e experi\u00eancia m\u00ednima de 6 meses em atendimento \u00e0 crian\u00e7a e\/ou adolescente e\/ou idoso.\" data-balloon-pos=\"up\">EDUCADOR SOCIAL<\/span><\/td>\r\n<td class=\"cvagas\">02<\/td>\r\n<td class=\"cremuneracao\">R$ 1.621,00 \/40h<\/td>\r\n<\/tr><td class=\"ccargos\">\r\n<span data-balloon-length=\"medium\" aria-label=\"Certificado, devidamente registrado, de conclus\u00e3o de Ensino M\u00e9dio, conhecimento em inform\u00e1tica.\" data-balloon-pos=\"up\">ENTREVISTADOR<\/span><\/td>\r\n<td class=\"cvagas\">04<\/td>\r\n<td class=\"cremuneracao\">R$ 1.621,00 \/40h<\/td>\r\n<\/tr><td class=\"ccargos\">\r\n<span data-balloon-length=\"medium\" aria-label=\"Ensino m\u00e9dio completo, com certificado reconhecido pelo MEC. Desej\u00e1vel forma\u00e7\u00e3o ou cursos na \u00e1rea de artes.\" data-balloon-pos=\"up\">INSTRUTOR DE ARTES<\/span><\/td>\r\n<td class=\"cvagas\">03<\/td>\r\n<td class=\"cremuneracao\">R$ 1.621,00 \/40h<\/td>\r\n<\/tr><td class=\"ccargos\">\r\n<span data-balloon-length=\"medium\" aria-label=\"Certificado, devidamente registrado, de conclus\u00e3o de Ensino M\u00e9dio.\" data-balloon-pos=\"up\">ORIENTADOR SOCIAL<\/span><\/td>\r\n<td class=\"cvagas\">08 + CR<\/td>\r\n<td class=\"cremuneracao\">R$ 1.621,00 \/40h<\/td>\r\n<\/tr><td class=\"ccargos\">\r\n<span data-balloon-length=\"medium\" aria-label=\"Certificado, devidamente registrado, de conclus\u00e3o de Ensino M\u00e9dio.\" data-balloon-pos=\"up\">RECEPCIONISTA<\/span><\/td>\r\n<td class=\"cvagas\">06<\/td>\r\n<td class=\"cremuneracao\">R$ 1.621,00 \/40h<\/td>\r\n<\/tr><td class=\"ccargos\">\r\n<span data-balloon-length=\"medium\" aria-label=\"Ensino M\u00e9dio + Curso T\u00e9cnico em Auxiliar de Enfermagem e Registro Profissional ativo.\" data-balloon-pos=\"up\">T\u00c9CNICO DE ENFERMAGEM<\/span><\/td>\r\n<td class=\"cvagas\">10<\/td>\r\n<td class=\"cremuneracao\">R$ 1.621,00 \/40h<\/td>\r\n<\/tr><td class=\"ccargos\">\r\n<span data-balloon-length=\"medium\" aria-label=\"Certificado, devidamente registrado, de conclus\u00e3o de Ensino M\u00e9dio, acrescido de Curso T\u00e9cnico em Inform\u00e1tica.\" data-balloon-pos=\"up\">T\u00c9CNICO DE SISTEMAS<\/span><\/td>\r\n<td class=\"cvagas\">02<\/td>\r\n<td class=\"cremuneracao\">R$ 1.621,00 \/40h<\/td>\r\n<\/tr><td class=\"ccargos\">\r\n<span data-balloon-length=\"medium\" aria-label=\"Curso t\u00e9cnico completo em Topografia, Agrimensura ou \u00e1reas correlatas, com registro no respectivo conselho de classe.\" data-balloon-pos=\"up\">TOP\u00d3GRAFO<\/span><\/td>\r\n<td class=\"cvagas\">01<\/td>\r\n<td class=\"cremuneracao\">R$ 4.000,00 \/40h<\/td>\r\n<\/tr><td class=\"ccargos\">\r\n<span data-balloon-length=\"medium\" aria-label=\"Ensino M\u00e9dio Completo.\" data-balloon-pos=\"up\">VIGILANTE SANIT\u00c1RIO<\/span><\/td>\r\n<td class=\"cvagas\">14<\/td>\r\n<td class=\"cremuneracao\">R$ 1.621,00 \/40h<\/td>\r\n<\/tr><td class=\"ccargos\">\r\n<span data-balloon-length=\"medium\" aria-label=\"Certificado, devidamente registrado, de conclus\u00e3o de Ensino M\u00e9dio.\" data-balloon-pos=\"up\">VISITADOR SOCIAL<\/span><\/td>\r\n<td class=\"cvagas\">06 + CR<\/td>\r\n<td class=\"cremuneracao\">R$ 1.621,00 \/40h<\/td>\r\n<\/tr>\r\n    <\/tbody>\r\n  <\/table>\r\n<\/div>","_superior":"<div>\r\n<table class=\"quadro\">\r\n<thead>\r\n<tr>\r\n<th class=\"hcargo\">Cargo<\/th>\r\n<th class=\"hvagas\">Vagas<\/th>\r\n<th class=\"hremuneracao\">Remunera\u00e7\u00e3o<\/th>\r\n<\/tr>\r\n<\/thead>\r\n    <tbody>\r\n      <tr>\r\n<td class=\"ccargos\">\r\n<span data-balloon-length=\"medium\" aria-label=\"Curso superior completo em Direito, com registro regular no conselho OAB (Ordem dos Advogados do Brasil), quando exigido para o exerc\u00edcio da fun\u00e7\u00e3o.\" data-balloon-pos=\"up\">ASSISTENTE JUR\u00cdDICO<\/span><\/td>\r\n<td class=\"cvagas\">01<\/td>\r\n<td class=\"cremuneracao\">R$ 1.621,00 \/40h<\/td>\r\n<\/tr><tr>\r\n<td class=\"ccargos\">\r\n<span data-balloon-length=\"medium\" aria-label=\"Diploma, devidamente registrado, de conclus\u00e3o de curso de Gradua\u00e7\u00e3o em Servi\u00e7o Social em institui\u00e7\u00e3o de ensino superior reconhecida pelo MEC e registro no Conselho de classe.\" data-balloon-pos=\"up\">ASSISTENTE SOCIAL<\/span><\/td>\r\n<td class=\"cvagas\">09 + CR<\/td>\r\n<td class=\"cremuneracao\">R$ 2.200,00 \/40h<\/td>\r\n<\/tr><tr>\r\n<td class=\"ccargos\">\r\n<span data-balloon-length=\"medium\" aria-label=\"Ensino superior completo, com certificado reconhecido pelo MEC.\" data-balloon-pos=\"up\">AUXILIAR DE ENSINO (N\u00cdVEL SUPERIOR - 200H)<\/span><\/td>\r\n<td class=\"cvagas\">65 + CR<\/td>\r\n<td class=\"cremuneracao\">R$ 2.200,00 \/40h<\/td>\r\n<\/tr><tr>\r\n<td class=\"ccargos\">\r\n<span data-balloon-length=\"medium\" aria-label=\"Ensino Superior Completo em Odontologia e Registro Profissional ativo.\" data-balloon-pos=\"up\">DENTISTA<\/span><\/td>\r\n<td class=\"cvagas\">08<\/td>\r\n<td class=\"cremuneracao\">R$ 2.447,54 \/40h<\/td>\r\n<\/tr><tr>\r\n<td class=\"ccargos\">\r\n<span data-balloon-length=\"medium\" aria-label=\"Ensino Superior Completo em Enfermagem e Registro Profissional ativo.\" data-balloon-pos=\"up\">ENFERMEIRO<\/span><\/td>\r\n<td class=\"cvagas\">08<\/td>\r\n<td class=\"cremuneracao\">R$ 2.226,00 \/40h<\/td>\r\n<\/tr><tr>\r\n<td class=\"ccargos\">\r\n<span data-balloon-length=\"medium\" aria-label=\"Ensino Superior Completo em Farm\u00e1cia e Registro Profissional ativo.\" data-balloon-pos=\"up\">FARMAC\u00caUTICO GERAL<\/span><\/td>\r\n<td class=\"cvagas\">03<\/td>\r\n<td class=\"cremuneracao\">R$ 2.340,00 \/40h<\/td>\r\n<\/tr><tr>\r\n<td class=\"ccargos\">\r\n<span data-balloon-length=\"medium\" aria-label=\"Ensino Superior Completo em Fisioterapia e Registro Profissional ativo.\" data-balloon-pos=\"up\">FISIOTERAPEUTA<\/span><\/td>\r\n<td class=\"cvagas\">04<\/td>\r\n<td class=\"cremuneracao\">R$ 2.340,00 \/40h<\/td>\r\n<\/tr><tr>\r\n<td class=\"ccargos\">\r\n<span data-balloon-length=\"medium\" aria-label=\"Ensino Superior Completo em Fonoaudiologia e Registro Profissional ativo.\" data-balloon-pos=\"up\">FONOAUDI\u00d3LOGO<\/span><\/td>\r\n<td class=\"cvagas\">01<\/td>\r\n<td class=\"cremuneracao\">R$ 4.400,00 \/40h<\/td>\r\n<\/tr><tr>\r\n<td class=\"ccargos\">\r\n<span data-balloon-length=\"medium\" aria-label=\"Ensino Superior Completo em Nutri\u00e7\u00e3o e Registro Profissional ativo.\" data-balloon-pos=\"up\">NUTRICIONISTA<\/span><\/td>\r\n<td class=\"cvagas\">02<\/td>\r\n<td class=\"cremuneracao\">R$ 2.340,00 \/40h<\/td>\r\n<\/tr><tr>\r\n<td class=\"ccargos\">\r\n<span data-balloon-length=\"medium\" aria-label=\"Diploma devidamente registrado de conclus\u00e3o de curso de gradua\u00e7\u00e3o em Psicologia, em institui\u00e7\u00e3o de ensino superior reconhecida pelo MEC e registro no Conselho de classe.\" data-balloon-pos=\"up\">PSIC\u00d3LOGO<\/span><\/td>\r\n<td class=\"cvagas\">04<\/td>\r\n<td class=\"cremuneracao\">R$ 2.200,00 \/40h<\/td>\r\n<\/tr><tr>\r\n<td class=\"ccargos\">\r\n<span data-balloon-length=\"medium\" aria-label=\"Ensino Superior Completo em Terapia Ocupacional e Registro Profissional ativo.\" data-balloon-pos=\"up\">TERAPEUTA OCUPACIONAL<\/span><\/td>\r\n<td class=\"cvagas\">01<\/td>\r\n<td class=\"cremuneracao\">R$ 4.000,00 \/40h<\/td>\r\n<\/tr><tr>\r\n<td class=\"ccargos\">\r\n<span data-balloon-length=\"medium\" aria-label=\"Ensino Superior Completo em Medicina Veterin\u00e1ria e Registro Profissional ativo.\" data-balloon-pos=\"up\">VETERIN\u00c1RIO<\/span><\/td>\r\n<td class=\"cvagas\">01<\/td>\r\n<td class=\"cremuneracao\">R$ 4.500,00 \/40h<\/td>\r\n<\/tr>\r\n    <\/tbody>\r\n  <\/table>\r\n<\/div>"},"_links":{"self":[{"href":"https:\/\/www.agrobase.com.br\/concursos\/wp-json\/wp\/v2\/posts\/277323","targetHints":{"allow":["GET"]}}],"collection":[{"href":"https:\/\/www.agrobase.com.br\/concursos\/wp-json\/wp\/v2\/posts"}],"about":[{"href":"https:\/\/www.agrobase.com.br\/concursos\/wp-json\/wp\/v2\/types\/post"}],"author":[{"embeddable":true,"href":"https:\/\/www.agrobase.com.br\/concursos\/wp-json\/wp\/v2\/users\/7"}],"replies":[{"embeddable":true,"href":"https:\/\/www.agrobase.com.br\/concursos\/wp-json\/wp\/v2\/comments?post=277323"}],"version-history":[{"count":1,"href":"https:\/\/www.agrobase.com.br\/concursos\/wp-json\/wp\/v2\/posts\/277323\/revisions"}],"predecessor-version":[{"id":277325,"href":"https:\/\/www.agrobase.com.br\/concursos\/wp-json\/wp\/v2\/posts\/277323\/revisions\/277325"}],"wp:featuredmedia":[{"embeddable":true,"href":"https:\/\/www.agrobase.com.br\/concursos\/wp-json\/wp\/v2\/media\/277322"}],"wp:attachment":[{"href":"https:\/\/www.agrobase.com.br\/concursos\/wp-json\/wp\/v2\/media?parent=277323"}],"wp:term":[{"taxonomy":"category","embeddable":true,"href":"https:\/\/www.agrobase.com.br\/concursos\/wp-json\/wp\/v2\/categories?post=277323"},{"taxonomy":"post_tag","embeddable":true,"href":"https:\/\/www.agrobase.com.br\/concursos\/wp-json\/wp\/v2\/tags?post=277323"},{"taxonomy":"_amplo","embeddable":true,"href":"https:\/\/www.agrobase.com.br\/concursos\/wp-json\/wp\/v2\/_amplo?post=277323"},{"taxonomy":"destaque","embeddable":true,"href":"https:\/\/www.agrobase.com.br\/concursos\/wp-json\/wp\/v2\/destaque?post=277323"},{"taxonomy":"instituicoes","embeddable":true,"href":"https:\/\/www.agrobase.com.br\/concursos\/wp-json\/wp\/v2\/instituicoes?post=277323"}],"curies":[{"name":"wp","href":"https:\/\/api.w.org\/{rel}","templated":true}]}}