{"id":277311,"date":"2026-01-28T07:30:17","date_gmt":"2026-01-28T10:30:17","guid":{"rendered":"https:\/\/www.agrobase.com.br\/concursos\/?p=277311"},"modified":"2026-01-27T11:54:25","modified_gmt":"2026-01-27T14:54:25","slug":"camara-dos-deputados-nacional-concurso-01-2026","status":"publish","type":"post","link":"https:\/\/www.agrobase.com.br\/concursos\/2026\/camara-dos-deputados-nacional-concurso-01-2026\/","title":{"rendered":"C\u00e2mara dos Deputados (Nacional) &#8211; Concurso 01\/2026"},"content":{"rendered":"<h2>Informa\u00e7\u00f5es Gerais<\/h2>\n<p>A <strong>C\u00e2mara dos Deputados<\/strong> publicou edital de concurso p\u00fablico para o cargo de <strong>T\u00e9cnico Legislativo \u2013 Especialidade: Policial Legislativo Federal<\/strong>, com <strong>40 vagas imediatas<\/strong> e forma\u00e7\u00e3o de cadastro de reserva. O certame est\u00e1 autorizado pela Decis\u00e3o da Mesa de 11 de setembro de 2025 e ser\u00e1 executado pelo <strong>Cebraspe<\/strong>.<\/p>\n<p>O cargo exige <strong>n\u00edvel superior<\/strong> em qualquer \u00e1rea de forma\u00e7\u00e3o, al\u00e9m de Carteira Nacional de Habilita\u00e7\u00e3o categoria B. A remunera\u00e7\u00e3o inicial \u00e9 de <strong>R$ 21.328,08<\/strong>, com carga hor\u00e1ria de 40 horas semanais. O regime de contrata\u00e7\u00e3o \u00e9 estatut\u00e1rio, regido pela Lei n\u00ba 8.112\/1990.<\/p>\n<p>Esta \u00e9 uma oportunidade para atuar na seguran\u00e7a institucional do Poder Legislativo Federal, em Bras\u00edlia. O processo seletivo contempla m\u00faltiplas etapas, incluindo provas objetivas, discursiva, teste de aptid\u00e3o f\u00edsica, avalia\u00e7\u00e3o psicol\u00f3gica e programa de forma\u00e7\u00e3o profissional.<\/p>\n<p>Continue a leitura para conhecer todos os detalhes sobre inscri\u00e7\u00f5es, etapas do concurso e como acompanhar os resultados.<\/p>\n<h2>Inscri\u00e7\u00f5es<\/h2>\n<p>As inscri\u00e7\u00f5es para o concurso da C\u00e2mara dos Deputados para Policial Legislativo Federal ser\u00e3o realizadas <strong>exclusivamente pela internet<\/strong>, no per\u00edodo de <strong>10h do dia 29 de janeiro de 2026 at\u00e9 as 18h do dia 20 de fevereiro de 2026<\/strong>, pelo site oficial do Cebraspe.<\/p>\n<p>A <strong>taxa de inscri\u00e7\u00e3o<\/strong> \u00e9 de <strong>R$ 150,00<\/strong>, devendo ser paga at\u00e9 a data estabelecida no cronograma do Anexo I do edital.<\/p>\n<p>Para realizar a inscri\u00e7\u00e3o, o candidato dever\u00e1:<\/p>\n<ul>\n<li>Acessar o endere\u00e7o eletr\u00f4nico http:\/\/www.cebraspe.org.br\/concursos\/cd_26_pl<\/li>\n<li>Informar o n\u00famero do CPF<\/li>\n<li>Enviar, via upload, fotografia individual recente (tirada nos \u00faltimos seis meses), com cabe\u00e7a descoberta e ombros vis\u00edveis<\/li>\n<li>Escolher a localidade de realiza\u00e7\u00e3o das provas entre as capitais estaduais ou o Distrito Federal<\/li>\n<\/ul>\n<p>O comprovante de inscri\u00e7\u00e3o estar\u00e1 dispon\u00edvel na p\u00e1gina de acompanhamento do candidato ap\u00f3s a aceita\u00e7\u00e3o da inscri\u00e7\u00e3o. Este documento ficar\u00e1 acess\u00edvel somente at\u00e9 a data de realiza\u00e7\u00e3o das provas objetivas e discursiva, devendo ser apresentado no local de prova.<\/p>\n<p>Antes de efetuar a inscri\u00e7\u00e3o, \u00e9 fundamental que o candidato leia integralmente o edital e verifique se atende a todos os requisitos exigidos para o cargo. Recomenda-se guardar o comprovante de inscri\u00e7\u00e3o e o comprovante de pagamento da taxa.<\/p>\n<h2>Etapas e Provas<\/h2>\n<p>O concurso para Policial Legislativo Federal da C\u00e2mara dos Deputados ser\u00e1 realizado em <strong>duas etapas<\/strong>, com m\u00faltiplas fases de avalia\u00e7\u00e3o:<\/p>\n<p><strong>Primeira Etapa:<\/strong><\/p>\n<ul>\n<li><strong>Provas Objetivas<\/strong> \u2013 car\u00e1ter eliminat\u00f3rio e classificat\u00f3rio, com dura\u00e7\u00e3o de 5 horas, aplicadas no turno da manh\u00e3. Ser\u00e3o realizadas em todas as capitais estaduais e no Distrito Federal.<\/li>\n<li><strong>Prova Discursiva<\/strong> \u2013 car\u00e1ter eliminat\u00f3rio e classificat\u00f3rio, com dura\u00e7\u00e3o de 3 horas, aplicada no turno da tarde, na mesma data das provas objetivas.<\/li>\n<li><strong>Teste de Aptid\u00e3o F\u00edsica (TAF)<\/strong> \u2013 car\u00e1ter eliminat\u00f3rio. Ser\u00e3o convocados todos os candidatos aprovados na prova discursiva.<\/li>\n<li><strong>Sindic\u00e2ncia de Vida Pregressa e Investiga\u00e7\u00e3o Social<\/strong> \u2013 car\u00e1ter eliminat\u00f3rio, de responsabilidade da C\u00e2mara dos Deputados. Ser\u00e3o convocados todos os candidatos aprovados na prova discursiva.<\/li>\n<li><strong>Avalia\u00e7\u00e3o Psicol\u00f3gica (primeiro momento)<\/strong> \u2013 presen\u00e7a obrigat\u00f3ria, sem car\u00e1ter eliminat\u00f3rio. Ser\u00e3o convocados os candidatos aptos no teste de aptid\u00e3o f\u00edsica.<\/li>\n<li><strong>Avalia\u00e7\u00e3o de Sa\u00fade F\u00edsica e Mental<\/strong> \u2013 car\u00e1ter eliminat\u00f3rio. Ser\u00e3o convocados os candidatos que compareceram ao primeiro momento da avalia\u00e7\u00e3o psicol\u00f3gica.<\/li>\n<\/ul>\n<p><strong>Segunda Etapa:<\/strong><\/p>\n<ul>\n<li><strong>Programa de Forma\u00e7\u00e3o Profissional<\/strong> \u2013 car\u00e1ter eliminat\u00f3rio, realizado conforme a ordem de classifica\u00e7\u00e3o dos candidatos aprovados na primeira etapa.<\/li>\n<li><strong>Avalia\u00e7\u00e3o Psicol\u00f3gica (segundo momento)<\/strong> \u2013 car\u00e1ter eliminat\u00f3rio e de presen\u00e7a obrigat\u00f3ria.<\/li>\n<\/ul>\n<p>As datas espec\u00edficas de cada fase est\u00e3o previstas no cronograma do Anexo I do edital. Consulte o documento oficial para verificar o conte\u00fado program\u00e1tico completo das provas e demais detalhes de cada etapa.<\/p>\n<h2>Resultados e Gabarito<\/h2>\n<p>Os resultados do concurso da C\u00e2mara dos Deputados para Policial Legislativo Federal ser\u00e3o divulgados no <strong>Di\u00e1rio Oficial da Uni\u00e3o<\/strong> e no site do Cebraspe (http:\/\/www.cebraspe.org.br\/concursos\/cd_26_pl).<\/p>\n<p><strong>Principais divulga\u00e7\u00f5es:<\/strong><\/p>\n<ul>\n<li><strong>Gabaritos oficiais preliminares<\/strong> \u2013 dispon\u00edveis para consulta individual a partir das 19h da data prevista no cronograma do Anexo I do edital.<\/li>\n<li><strong>Resultado final nas provas objetivas<\/strong> \u2013 publicado conforme cronograma, juntamente com o resultado provis\u00f3rio do procedimento de caracteriza\u00e7\u00e3o da defici\u00eancia (etapa documental).<\/li>\n<li><strong>Resultado final do concurso<\/strong> \u2013 contemplar\u00e1 a rela\u00e7\u00e3o dos candidatos aprovados, ordenados por classifica\u00e7\u00e3o, dentro dos quantitativos previstos no edital.<\/li>\n<\/ul>\n<p>O <strong>prazo de validade<\/strong> do concurso \u00e9 de <strong>dois anos<\/strong>, contados a partir da data de publica\u00e7\u00e3o da homologa\u00e7\u00e3o do resultado final, podendo ser <strong>prorrogado uma \u00fanica vez<\/strong> por igual per\u00edodo.<\/p>\n<p>\u00c9 de <strong>responsabilidade exclusiva do candidato<\/strong> acompanhar todas as publica\u00e7\u00f5es oficiais referentes ao concurso, incluindo convoca\u00e7\u00f5es, resultados parciais e definitivos, bem como eventuais retifica\u00e7\u00f5es do edital. Mantenha seus dados atualizados e consulte regularmente os canais oficiais de divulga\u00e7\u00e3o.<\/p>\n","protected":false},"excerpt":{"rendered":"<p>Concurso C\u00e2mara dos Deputados (Nacional) com edital publicado! 40+CR vagas p\/ Policial Legislativo (Superior). Inscri\u00e7\u00f5es a partir de 29\/01. Confira detalhes!<\/p>\n","protected":false},"author":7,"featured_media":277310,"comment_status":"open","ping_status":"open","sticky":false,"template":"","format":"standard","meta":{"_acf_changed":false,"_breakdance_hide_in_design_set":false,"_breakdance_tags":"","footnotes":""},"categories":[1],"tags":[88],"_amplo":[6428],"destaque":[],"instituicoes":[],"class_list":["post-277311","post","type-post","status-publish","format-standard","has-post-thumbnail","hentry","category-sem-categoria","tag-nacional","_amplo-nivel-superior"],"acf":{"_tipo_vagas":"vagas","_numero_vagas":"","_quadro_vagas":"","_cargos":"diversos","_cargos_especificos":"","_salario_max":"R$ 21328.08","_abertura":"20260129","_encerramento":"20260220","_inscricoes":"http:\/\/www.cebraspe.org.br\/concursos\/cd_26_pl","_executora_concurso":"","_instituicao_concurso":[],"_link_adicional":null,"_anexos":null,"_produtos":null,"_vagas":"40 vagas + CR","_salario_min":"R$ 21328.08","_instituicao":"C\u00e2mara dos Deputados","_edital":"https:\/\/www.agrobase.com.br\/concursos\/wp-content\/uploads\/sites\/4\/2026\/01\/edital-01-2026-camara-dos-deputados.pdf","_anexos_edital":"","_fund_incompleto":"","_fund_completo":"","_medio":"","_superior":"<div>\r\n<table class=\"quadro\">\r\n<thead>\r\n<tr>\r\n<th class=\"hcargo\">Cargo<\/th>\r\n<th class=\"hvagas\">Vagas<\/th>\r\n<th class=\"hremuneracao\">Remunera\u00e7\u00e3o<\/th>\r\n<\/tr>\r\n<\/thead>\r\n    <tbody>\r\n      <tr>\r\n<td class=\"ccargos\">\r\n<span data-balloon-length=\"medium\" aria-label=\"Diploma de gradua\u00e7\u00e3o em qualquer \u00e1rea de forma\u00e7\u00e3o e CNH categoria B.\" data-balloon-pos=\"up\">T\u00e9cnico Legislativo - Policial Legislativo Federal<\/span><\/td>\r\n<td class=\"cvagas\">40 + CR<\/td>\r\n<td class=\"cremuneracao\">R$ 21.328,08 \/40h<\/td>\r\n<\/tr>\r\n    <\/tbody>\r\n  <\/table>\r\n<\/div>"},"_links":{"self":[{"href":"https:\/\/www.agrobase.com.br\/concursos\/wp-json\/wp\/v2\/posts\/277311","targetHints":{"allow":["GET"]}}],"collection":[{"href":"https:\/\/www.agrobase.com.br\/concursos\/wp-json\/wp\/v2\/posts"}],"about":[{"href":"https:\/\/www.agrobase.com.br\/concursos\/wp-json\/wp\/v2\/types\/post"}],"author":[{"embeddable":true,"href":"https:\/\/www.agrobase.com.br\/concursos\/wp-json\/wp\/v2\/users\/7"}],"replies":[{"embeddable":true,"href":"https:\/\/www.agrobase.com.br\/concursos\/wp-json\/wp\/v2\/comments?post=277311"}],"version-history":[{"count":1,"href":"https:\/\/www.agrobase.com.br\/concursos\/wp-json\/wp\/v2\/posts\/277311\/revisions"}],"predecessor-version":[{"id":277313,"href":"https:\/\/www.agrobase.com.br\/concursos\/wp-json\/wp\/v2\/posts\/277311\/revisions\/277313"}],"wp:featuredmedia":[{"embeddable":true,"href":"https:\/\/www.agrobase.com.br\/concursos\/wp-json\/wp\/v2\/media\/277310"}],"wp:attachment":[{"href":"https:\/\/www.agrobase.com.br\/concursos\/wp-json\/wp\/v2\/media?parent=277311"}],"wp:term":[{"taxonomy":"category","embeddable":true,"href":"https:\/\/www.agrobase.com.br\/concursos\/wp-json\/wp\/v2\/categories?post=277311"},{"taxonomy":"post_tag","embeddable":true,"href":"https:\/\/www.agrobase.com.br\/concursos\/wp-json\/wp\/v2\/tags?post=277311"},{"taxonomy":"_amplo","embeddable":true,"href":"https:\/\/www.agrobase.com.br\/concursos\/wp-json\/wp\/v2\/_amplo?post=277311"},{"taxonomy":"destaque","embeddable":true,"href":"https:\/\/www.agrobase.com.br\/concursos\/wp-json\/wp\/v2\/destaque?post=277311"},{"taxonomy":"instituicoes","embeddable":true,"href":"https:\/\/www.agrobase.com.br\/concursos\/wp-json\/wp\/v2\/instituicoes?post=277311"}],"curies":[{"name":"wp","href":"https:\/\/api.w.org\/{rel}","templated":true}]}}