{"id":277307,"date":"2026-01-28T07:20:43","date_gmt":"2026-01-28T10:20:43","guid":{"rendered":"https:\/\/www.agrobase.com.br\/concursos\/?p=277307"},"modified":"2026-01-27T11:51:11","modified_gmt":"2026-01-27T14:51:11","slug":"prefeitura-dirceu-arcoverde-pi-selecao-simplificada-01-2026","status":"publish","type":"post","link":"https:\/\/www.agrobase.com.br\/concursos\/2026\/prefeitura-dirceu-arcoverde-pi-selecao-simplificada-01-2026\/","title":{"rendered":"Prefeitura Dirceu Arcoverde (PI) &#8211; Sele\u00e7\u00e3o Simplificada 01\/2026"},"content":{"rendered":"<h2>Informa\u00e7\u00f5es Gerais<\/h2>\n<p>A <strong>Secretaria Municipal de Educa\u00e7\u00e3o de Dirceu Arcoverde<\/strong>, no estado do <strong>Piau\u00ed<\/strong>, publicou edital de <strong>Processo Seletivo Simplificado<\/strong> para contrata\u00e7\u00e3o tempor\u00e1ria de profissionais da \u00e1rea educacional. O certame visa suprir necessidades emergenciais e garantir a continuidade dos servi\u00e7os p\u00fablicos no munic\u00edpio, conforme previsto no art. 37, inciso IX, da Constitui\u00e7\u00e3o Federal e na Lei Municipal N\u00b0. 394\/2025.<\/p>\n<p>S\u00e3o oferecidas <strong>14 vagas imediatas<\/strong>, al\u00e9m de forma\u00e7\u00e3o de <strong>cadastro reserva<\/strong> para todos os cargos. As oportunidades contemplam profissionais de <strong>n\u00edvel fundamental, m\u00e9dio\/t\u00e9cnico e superior<\/strong>, com remunera\u00e7\u00f5es que variam de <strong>R$ 1.860,00 a R$ 2.500,00<\/strong>.<\/p>\n<p>O processo seletivo abrange vagas para <strong>Professor FGB<\/strong> em diversas disciplinas (Educa\u00e7\u00e3o Infantil, Anos Iniciais, L\u00edngua Portuguesa, Matem\u00e1tica, Geografia, Hist\u00f3ria, L\u00edngua Inglesa e Educa\u00e7\u00e3o F\u00edsica), al\u00e9m de <strong>Psic\u00f3logo(a)<\/strong>, <strong>Psicopedagogo(a)<\/strong>, <strong>Assistente Social<\/strong>, <strong>Cuidador de Alunos com Defici\u00eancia<\/strong> e <strong>Monitor de Alunos<\/strong>. Destaque para a vaga de <strong>Professor de Ci\u00eancias<\/strong>, que aceita forma\u00e7\u00e3o em <strong>Ci\u00eancias Biol\u00f3gicas<\/strong> ou Ci\u00eancias da Natureza.<\/p>\n<p>A contrata\u00e7\u00e3o ser\u00e1 pelo <strong>Regime Administrativo Especial<\/strong>, de car\u00e1ter tempor\u00e1rio. Continue a leitura para conhecer todos os detalhes sobre inscri\u00e7\u00f5es, etapas e como acompanhar os resultados.<\/p>\n<h2>Inscri\u00e7\u00f5es<\/h2>\n<p>As <strong>inscri\u00e7\u00f5es est\u00e3o abertas<\/strong> e podem ser realizadas de <strong>22 a 30 de janeiro de 2026<\/strong>. O processo seletivo oferece duas modalidades de inscri\u00e7\u00e3o para facilitar o acesso dos candidatos:<\/p>\n<ul>\n<li><strong>Presencial:<\/strong> na sede da Secretaria Municipal de Educa\u00e7\u00e3o, localizada na Travessa Iraci Lopes Paes, S\/N, Centro, Dirceu Arcoverde\/PI, CEP 64.785-000, no hor\u00e1rio das <strong>08h \u00e0s 13h<\/strong>;<\/li>\n<li><strong>Por e-mail:<\/strong> enviando a documenta\u00e7\u00e3o para <strong>seletivoeducacaoda@gmail.com<\/strong>, at\u00e9 \u00e0s <strong>23h59 do dia 30 de janeiro de 2026<\/strong> (hor\u00e1rio de Bras\u00edlia).<\/li>\n<\/ul>\n<p>O edital <strong>n\u00e3o menciona cobran\u00e7a de taxa de inscri\u00e7\u00e3o<\/strong> para participa\u00e7\u00e3o no processo seletivo.<\/p>\n<p>Para efetuar a inscri\u00e7\u00e3o, o candidato deve reunir a documenta\u00e7\u00e3o exigida no edital, incluindo formul\u00e1rio de inscri\u00e7\u00e3o preenchido, documentos pessoais e comprovantes de escolaridade e experi\u00eancia profissional, conforme os crit\u00e9rios de pontua\u00e7\u00e3o estabelecidos para an\u00e1lise curricular.<\/p>\n<p>Recomendamos a <strong>leitura integral do edital<\/strong> para verificar todos os documentos necess\u00e1rios e requisitos espec\u00edficos de cada cargo antes de realizar sua inscri\u00e7\u00e3o.<\/p>\n<h2>Etapas e Provas<\/h2>\n<p>O Processo Seletivo Simplificado da Secretaria Municipal de Educa\u00e7\u00e3o de Dirceu Arcoverde\/PI ser\u00e1 realizado em etapas distintas, conforme o cargo pretendido:<\/p>\n<p><strong>Para os cargos de Professor FGB, Psicopedagogo(a), Psic\u00f3logo(a) e Assistente Social:<\/strong><\/p>\n<ul>\n<li><strong>1\u00aa Etapa \u2014 An\u00e1lise Curricular:<\/strong> de car\u00e1ter <em>classificat\u00f3rio<\/em>, consiste na avalia\u00e7\u00e3o dos t\u00edtulos e experi\u00eancia profissional apresentados pelo candidato no ato da inscri\u00e7\u00e3o;<\/li>\n<li><strong>2\u00aa Etapa \u2014 Prova Did\u00e1tica (Reda\u00e7\u00e3o):<\/strong> os candidatos dever\u00e3o elaborar uma reda\u00e7\u00e3o sobre tema relacionado \u00e0 \u00e1rea de atua\u00e7\u00e3o do cargo escolhido. A prova avaliar\u00e1 a capacidade de escrita, conhecimento t\u00e9cnico e sensibilidade diante de quest\u00f5es sociais relevantes ao contexto profissional.<\/li>\n<\/ul>\n<p><strong>Para os cargos de Monitor Escolar e Cuidador de Crian\u00e7as com Defici\u00eancia:<\/strong><\/p>\n<ul>\n<li><strong>Etapa \u00danica \u2014 An\u00e1lise Curricular:<\/strong> de car\u00e1ter <em>classificat\u00f3rio<\/em>, baseada na avalia\u00e7\u00e3o da documenta\u00e7\u00e3o e experi\u00eancia profissional comprovada.<\/li>\n<\/ul>\n<p>Consulte o edital completo para verificar os crit\u00e9rios de pontua\u00e7\u00e3o da an\u00e1lise curricular, as datas previstas para cada etapa no cronograma de execu\u00e7\u00e3o (Anexo I) e demais informa\u00e7\u00f5es sobre a aplica\u00e7\u00e3o da prova de reda\u00e7\u00e3o.<\/p>\n<h2>Resultados e Gabarito<\/h2>\n<p>Os resultados do Processo Seletivo Simplificado da Secretaria Municipal de Educa\u00e7\u00e3o de Dirceu Arcoverde\/PI ser\u00e3o divulgados nos seguintes canais oficiais:<\/p>\n<ul>\n<li><strong>Site da Prefeitura de Dirceu Arcoverde:<\/strong> <a href=\"https:\/\/www.dirceuarcoverde.pi.gov.br\/\" target=\"_blank\" rel=\"noopener\">www.dirceuarcoverde.pi.gov.br<\/a><\/li>\n<li><strong>Di\u00e1rio Oficial dos Munic\u00edpios<\/strong><\/li>\n<\/ul>\n<p>Ser\u00e3o publicados o <strong>resultado preliminar da An\u00e1lise Curricular<\/strong> e o <strong>resultado preliminar da Prova de Reda\u00e7\u00e3o<\/strong>, conforme datas estabelecidas no Cronograma de Execu\u00e7\u00e3o (Anexo I do edital). Ap\u00f3s an\u00e1lise de eventuais recursos, ser\u00e1 divulgado o <strong>resultado definitivo<\/strong> e a <strong>classifica\u00e7\u00e3o final<\/strong> dos candidatos.<\/p>\n<p>Os crit\u00e9rios de desempate e a ordem de classifica\u00e7\u00e3o final est\u00e3o detalhados no edital, devendo o candidato consult\u00e1-lo para compreender como ser\u00e1 definida a pontua\u00e7\u00e3o e o posicionamento no resultado.<\/p>\n<p><strong>Aten\u00e7\u00e3o:<\/strong> \u00e9 de <strong>responsabilidade exclusiva do candidato<\/strong> acompanhar todas as publica\u00e7\u00f5es, comunicados e convoca\u00e7\u00f5es referentes ao processo seletivo nos canais oficiais indicados. A Secretaria Municipal de Educa\u00e7\u00e3o n\u00e3o se responsabiliza por informa\u00e7\u00f5es obtidas em outros meios.<\/p>\n","protected":false},"excerpt":{"rendered":"<p>Inscri\u00e7\u00f5es abrem 22\/01! Sel. Simplificada Pref. Dirceu Arcoverde (PI) p\/ Professor e Psic\u00f3logo (Fund. a Sup.). Sal\u00e1rios at\u00e9 R$2.5k. Veja o edital!<\/p>\n","protected":false},"author":7,"featured_media":277306,"comment_status":"open","ping_status":"open","sticky":false,"template":"","format":"standard","meta":{"_acf_changed":false,"_breakdance_hide_in_design_set":false,"_breakdance_tags":"","footnotes":""},"categories":[6433,6434,111,100,20,6871,116,25,26,101],"tags":[55],"_amplo":[],"destaque":[],"instituicoes":[],"class_list":["post-277307","post","type-post","status-publish","format-standard","has-post-thumbnail","hentry","category-biologia-licenciatura","category-educacao-fisica-licenciatura","category-geografia","category-historia","category-letras","category-letras-ingles","category-matematica","category-pedagogia","category-psicologia","category-servico-social","tag-piaui"],"acf":{"_tipo_vagas":"vagas","_numero_vagas":"","_quadro_vagas":"","_cargos":"diversos","_cargos_especificos":"","_salario_max":"R$ 2500","_abertura":"20260122","_encerramento":"20260130","_inscricoes":"https:\/\/www.dirceuarcoverde.pi.gov.br\/","_executora_concurso":"","_instituicao_concurso":[],"_link_adicional":null,"_anexos":null,"_produtos":null,"_vagas":"14 vagas + CR","_salario_min":"R$ 1860","_instituicao":"Prefeitura de Dirceu Arcoverde","_edital":"https:\/\/www.agrobase.com.br\/concursos\/wp-content\/uploads\/sites\/4\/2026\/01\/edital-01-2026-prefeitura-de-dirceu-arcoverde-pi.pdf","_anexos_edital":"","_fund_incompleto":"","_fund_completo":"<div>\r\n<table class=\"quadro\">\r\n<thead>\r\n<tr>\r\n<th class=\"hcargo\">Cargo<\/th>\r\n<th class=\"hvagas\">Vagas<\/th>\r\n<th class=\"hremuneracao\">Remunera\u00e7\u00e3o<\/th>\r\n<\/tr>\r\n<\/thead>\r\n    <tbody>\r\n      <td class=\"ccargos\">\r\n<span data-balloon-length=\"medium\" aria-label=\"Ensino Fundamental completo\" data-balloon-pos=\"up\">Monitor de Alunos<\/span><\/td>\r\n<td class=\"cvagas\">01 + CR<\/td>\r\n<td class=\"cremuneracao\">R$ 1.960,00 \/40h<\/td>\r\n<\/tr>\r\n    <\/tbody>\r\n  <\/table>\r\n<\/div>","_medio":"<div>\r\n<table class=\"quadro\">\r\n<thead>\r\n<tr>\r\n<th class=\"hcargo\">Cargo<\/th>\r\n<th class=\"hvagas\">Vagas<\/th>\r\n<th class=\"hremuneracao\">Remunera\u00e7\u00e3o<\/th>\r\n<\/tr>\r\n<\/thead>\r\n    <tbody>\r\n      <td class=\"ccargos\">\r\n<span data-balloon-length=\"medium\" aria-label=\"Curso de Pedagogia ou Ensino M\u00e9dio com curso de Acompanhamento Terap\u00eautico\" data-balloon-pos=\"up\">Cuidador de Alunos com Defici\u00eancia\/Assistente Terap\u00eautico<\/span><\/td>\r\n<td class=\"cvagas\">01 + CR<\/td>\r\n<td class=\"cremuneracao\">R$ 1.960,00 \/40h<\/td>\r\n<\/tr>\r\n    <\/tbody>\r\n  <\/table>\r\n<\/div>","_superior":"<div>\r\n<table class=\"quadro\">\r\n<thead>\r\n<tr>\r\n<th class=\"hcargo\">Cargo<\/th>\r\n<th class=\"hvagas\">Vagas<\/th>\r\n<th class=\"hremuneracao\">Remunera\u00e7\u00e3o<\/th>\r\n<\/tr>\r\n<\/thead>\r\n    <tbody>\r\n      <tr>\r\n<td class=\"ccargos\">\r\n<span data-balloon-length=\"medium\" aria-label=\"Licenciatura Plena em Pedagogia, Normal Superior ou cursando a partir do 7\u00ba per\u00edodo\" data-balloon-pos=\"up\">Professor - Educa\u00e7\u00e3o Infantil<\/span><\/td>\r\n<td class=\"cvagas\">01 + CR<\/td>\r\n<td class=\"cremuneracao\">R$ 1.860,00 \/20h<\/td>\r\n<\/tr><tr>\r\n<td class=\"ccargos\">\r\n<span data-balloon-length=\"medium\" aria-label=\"Licenciatura Plena em Pedagogia, Normal Superior ou cursando a partir do 7\u00ba per\u00edodo\" data-balloon-pos=\"up\">Professor - Ensino Fundamental - Anos Iniciais<\/span><\/td>\r\n<td class=\"cvagas\">01 + CR<\/td>\r\n<td class=\"cremuneracao\">R$ 1.860,00 \/20h<\/td>\r\n<\/tr><tr>\r\n<td class=\"ccargos\">\r\n<span data-balloon-length=\"medium\" aria-label=\"Licenciatura Plena em Letras - Portugu\u00eas ou cursando a partir do 7\u00ba per\u00edodo\" data-balloon-pos=\"up\">Professor - L\u00edngua Portuguesa<\/span><\/td>\r\n<td class=\"cvagas\">01 + CR<\/td>\r\n<td class=\"cremuneracao\">R$ 1.860,00 \/20h<\/td>\r\n<\/tr><tr>\r\n<td class=\"ccargos\">\r\n<span data-balloon-length=\"medium\" aria-label=\"Licenciatura Plena em Matem\u00e1tica ou cursando a partir do 7\u00ba per\u00edodo\" data-balloon-pos=\"up\">Professor - Matem\u00e1tica<\/span><\/td>\r\n<td class=\"cvagas\">01 + CR<\/td>\r\n<td class=\"cremuneracao\">R$ 1.860,00 \/20h<\/td>\r\n<\/tr><tr>\r\n<td class=\"ccargos\">\r\n<span data-balloon-length=\"medium\" aria-label=\"Licenciatura Plena em Ci\u00eancias Biol\u00f3gicas ou Ci\u00eancias da Natureza, ou cursando a partir do 7\u00ba per\u00edodo\" data-balloon-pos=\"up\">Professor - Ci\u00eancias<\/span><\/td>\r\n<td class=\"cvagas\">01 + CR<\/td>\r\n<td class=\"cremuneracao\">R$ 1.860,00 \/20h<\/td>\r\n<\/tr><tr>\r\n<td class=\"ccargos\">\r\n<span data-balloon-length=\"medium\" aria-label=\"Licenciatura Plena em Geografia ou cursando a partir do 7\u00ba per\u00edodo\" data-balloon-pos=\"up\">Professor - Geografia<\/span><\/td>\r\n<td class=\"cvagas\">01 + CR<\/td>\r\n<td class=\"cremuneracao\">R$ 1.860,00 \/20h<\/td>\r\n<\/tr><tr>\r\n<td class=\"ccargos\">\r\n<span data-balloon-length=\"medium\" aria-label=\"Licenciatura Plena em Hist\u00f3ria ou cursando a partir do 7\u00ba per\u00edodo\" data-balloon-pos=\"up\">Professor - Hist\u00f3ria<\/span><\/td>\r\n<td class=\"cvagas\">01 + CR<\/td>\r\n<td class=\"cremuneracao\">R$ 1.860,00 \/20h<\/td>\r\n<\/tr><tr>\r\n<td class=\"ccargos\">\r\n<span data-balloon-length=\"medium\" aria-label=\"Licenciatura Plena em Letras - Ingl\u00eas ou cursando a partir do 7\u00ba per\u00edodo\" data-balloon-pos=\"up\">Professor - L\u00edngua Inglesa<\/span><\/td>\r\n<td class=\"cvagas\">01 + CR<\/td>\r\n<td class=\"cremuneracao\">R$ 1.860,00 \/20h<\/td>\r\n<\/tr><tr>\r\n<td class=\"ccargos\">\r\n<span data-balloon-length=\"medium\" aria-label=\"Licenciatura Plena em Educa\u00e7\u00e3o F\u00edsica, com registro no Conselho competente\" data-balloon-pos=\"up\">Professor - Educa\u00e7\u00e3o F\u00edsica<\/span><\/td>\r\n<td class=\"cvagas\">01 + CR<\/td>\r\n<td class=\"cremuneracao\">R$ 1.860,00 \/20h<\/td>\r\n<\/tr><tr>\r\n<td class=\"ccargos\">\r\n<span data-balloon-length=\"medium\" aria-label=\"Curso Superior em Psicologia, com registro no Conselho Regional\" data-balloon-pos=\"up\">Psic\u00f3logo(a)<\/span><\/td>\r\n<td class=\"cvagas\">01 + CR<\/td>\r\n<td class=\"cremuneracao\">R$ 2.500,00 \/30h<\/td>\r\n<\/tr><tr>\r\n<td class=\"ccargos\">\r\n<span data-balloon-length=\"medium\" aria-label=\"Bacharelado em Psicopedagogia e\/ou Pedagogia com especializa\u00e7\u00e3o\" data-balloon-pos=\"up\">Psicopedagogo(a)<\/span><\/td>\r\n<td class=\"cvagas\">01 + CR<\/td>\r\n<td class=\"cremuneracao\">R$ 2.500,00 \/30h<\/td>\r\n<\/tr><tr>\r\n<td class=\"ccargos\">\r\n<span data-balloon-length=\"medium\" aria-label=\"Curso Superior na \u00e1rea do cargo\" data-balloon-pos=\"up\">Assistente Social<\/span><\/td>\r\n<td class=\"cvagas\">01 + CR<\/td>\r\n<td class=\"cremuneracao\">R$ 2.500,00 \/30h<\/td>\r\n<\/tr>\r\n    <\/tbody>\r\n  <\/table>\r\n<\/div>"},"_links":{"self":[{"href":"https:\/\/www.agrobase.com.br\/concursos\/wp-json\/wp\/v2\/posts\/277307","targetHints":{"allow":["GET"]}}],"collection":[{"href":"https:\/\/www.agrobase.com.br\/concursos\/wp-json\/wp\/v2\/posts"}],"about":[{"href":"https:\/\/www.agrobase.com.br\/concursos\/wp-json\/wp\/v2\/types\/post"}],"author":[{"embeddable":true,"href":"https:\/\/www.agrobase.com.br\/concursos\/wp-json\/wp\/v2\/users\/7"}],"replies":[{"embeddable":true,"href":"https:\/\/www.agrobase.com.br\/concursos\/wp-json\/wp\/v2\/comments?post=277307"}],"version-history":[{"count":1,"href":"https:\/\/www.agrobase.com.br\/concursos\/wp-json\/wp\/v2\/posts\/277307\/revisions"}],"predecessor-version":[{"id":277309,"href":"https:\/\/www.agrobase.com.br\/concursos\/wp-json\/wp\/v2\/posts\/277307\/revisions\/277309"}],"wp:featuredmedia":[{"embeddable":true,"href":"https:\/\/www.agrobase.com.br\/concursos\/wp-json\/wp\/v2\/media\/277306"}],"wp:attachment":[{"href":"https:\/\/www.agrobase.com.br\/concursos\/wp-json\/wp\/v2\/media?parent=277307"}],"wp:term":[{"taxonomy":"category","embeddable":true,"href":"https:\/\/www.agrobase.com.br\/concursos\/wp-json\/wp\/v2\/categories?post=277307"},{"taxonomy":"post_tag","embeddable":true,"href":"https:\/\/www.agrobase.com.br\/concursos\/wp-json\/wp\/v2\/tags?post=277307"},{"taxonomy":"_amplo","embeddable":true,"href":"https:\/\/www.agrobase.com.br\/concursos\/wp-json\/wp\/v2\/_amplo?post=277307"},{"taxonomy":"destaque","embeddable":true,"href":"https:\/\/www.agrobase.com.br\/concursos\/wp-json\/wp\/v2\/destaque?post=277307"},{"taxonomy":"instituicoes","embeddable":true,"href":"https:\/\/www.agrobase.com.br\/concursos\/wp-json\/wp\/v2\/instituicoes?post=277307"}],"curies":[{"name":"wp","href":"https:\/\/api.w.org\/{rel}","templated":true}]}}