{"id":277296,"date":"2026-01-28T07:00:24","date_gmt":"2026-01-28T10:00:24","guid":{"rendered":"https:\/\/www.agrobase.com.br\/concursos\/?p=277296"},"modified":"2026-01-27T10:57:14","modified_gmt":"2026-01-27T13:57:14","slug":"ufersa-rn-concurso-02-2026","status":"publish","type":"post","link":"https:\/\/www.agrobase.com.br\/concursos\/2026\/ufersa-rn-concurso-02-2026\/","title":{"rendered":"UFERSA (RN) &#8211; Concurso 02\/2026"},"content":{"rendered":"<h2>Informa\u00e7\u00f5es Gerais<\/h2>\n<p>A <strong>Universidade Federal Rural do Semi-\u00c1rido (UFERSA)<\/strong> publicou edital de concurso p\u00fablico para provimento de <strong>13 vagas imediatas<\/strong>, al\u00e9m de forma\u00e7\u00e3o de cadastro reserva, para o cargo de <strong>Professor do Magist\u00e9rio Superior<\/strong>. O certame \u00e9 regido pela Lei n\u00ba 8.112\/90 e pela Lei n\u00ba 12.772\/2012, com contrata\u00e7\u00e3o sob <strong>regime estatut\u00e1rio<\/strong>.<\/p>\n<p>As oportunidades s\u00e3o destinadas exclusivamente a candidatos com <strong>n\u00edvel superior<\/strong>, contemplando diversas \u00e1reas do conhecimento. As vagas abrangem os cursos de <strong>Engenharia de Produ\u00e7\u00e3o<\/strong>, <strong>Engenharia Mec\u00e2nica<\/strong>, <strong>Engenharia El\u00e9trica<\/strong>, <strong>Medicina<\/strong> (com especialidades em Neurologia, Cl\u00ednica M\u00e9dica, Pediatria, Endocrinologia e Urg\u00eancia\/Emerg\u00eancia), <strong>Qu\u00edmica<\/strong>, <strong>Engenharia Qu\u00edmica<\/strong> e \u00e1reas de <strong>Estat\u00edstica<\/strong> e <strong>Matem\u00e1tica<\/strong>. As vagas contemplam regimes de trabalho de <strong>20 horas<\/strong> e <strong>40 horas semanais<\/strong>.<\/p>\n<p>Este concurso representa uma excelente oportunidade para profissionais que desejam ingressar na carreira docente em uma institui\u00e7\u00e3o federal de ensino superior no Rio Grande do Norte. Continue a leitura para conhecer todos os detalhes sobre inscri\u00e7\u00f5es, etapas de sele\u00e7\u00e3o e como acompanhar os resultados.<\/p>\n<h2>Inscri\u00e7\u00f5es<\/h2>\n<p>As <strong>inscri\u00e7\u00f5es est\u00e3o abertas<\/strong> e devem ser realizadas <strong>exclusivamente pela internet<\/strong>, por meio do sistema de concursos da UFERSA. O per\u00edodo de inscri\u00e7\u00e3o ocorre de <strong>27 de janeiro de 2026<\/strong> at\u00e9 <strong>23h59 do dia 03 de fevereiro de 2026<\/strong>.<\/p>\n<p>Para se inscrever, o candidato deve acessar o site oficial, preencher o formul\u00e1rio de inscri\u00e7\u00e3o on-line e efetuar o pagamento da taxa por meio de <strong>Guia de Recolhimento da Uni\u00e3o (GRU)<\/strong>, gerada automaticamente no pr\u00f3prio sistema durante o processo de inscri\u00e7\u00e3o.<\/p>\n<p>Os valores das taxas de inscri\u00e7\u00e3o variam conforme o regime de trabalho:<\/p>\n<ul>\n<li><strong>R$ 60,00<\/strong> \u2013 para cargos com regime de 20 horas semanais<\/li>\n<li><strong>R$ 85,00<\/strong> \u2013 para cargos com regime de 40 horas semanais<\/li>\n<\/ul>\n<p>\u00c9 fundamental que o candidato acompanhe o status de sua inscri\u00e7\u00e3o diretamente no sistema, verificando a confirma\u00e7\u00e3o do pagamento e a homologa\u00e7\u00e3o da inscri\u00e7\u00e3o. Recomenda-se a leitura integral do edital para conhecer todos os procedimentos, prazos e eventuais crit\u00e9rios de isen\u00e7\u00e3o da taxa de inscri\u00e7\u00e3o.<\/p>\n<h2>Etapas e Provas<\/h2>\n<p>O processo seletivo para Professor da UFERSA ser\u00e1 composto por <strong>tr\u00eas etapas de avalia\u00e7\u00e3o<\/strong>, conforme estabelecido na Resolu\u00e7\u00e3o CONSUNI\/UFERSA 003\/2012:<\/p>\n<ul>\n<li><strong>Prova Escrita (PE)<\/strong> \u2013 car\u00e1ter <strong>eliminat\u00f3rio<\/strong><\/li>\n<li><strong>Prova de Aptid\u00e3o Did\u00e1tica (PD)<\/strong> \u2013 car\u00e1ter <strong>eliminat\u00f3rio<\/strong><\/li>\n<li><strong>Exame de T\u00edtulos (ET)<\/strong> \u2013 car\u00e1ter <strong>classificat\u00f3rio<\/strong><\/li>\n<\/ul>\n<p>As provas ser\u00e3o realizadas no <strong>Campus Central da UFERSA<\/strong>, localizado na Av. Francisco Mota, 572, Bairro Costa e Silva, em <strong>Mossor\u00f3-RN<\/strong>, no per\u00edodo de <strong>22 de fevereiro a 04 de mar\u00e7o de 2026<\/strong>.<\/p>\n<p><strong>Prova Escrita:<\/strong> ser\u00e1 aplicada no dia <strong>22 de fevereiro de 2026<\/strong>, das <strong>08h \u00e0s 12h<\/strong>, com dura\u00e7\u00e3o total de <strong>4 horas<\/strong>. A prova ter\u00e1 formato <strong>dissertativo<\/strong>, versando sobre um dos pontos de estudo fornecidos pelo Centro, definido por sorteio.<\/p>\n<p><strong>Prova de Aptid\u00e3o Did\u00e1tica:<\/strong> o sorteio da ordem de apresenta\u00e7\u00e3o ocorrer\u00e1 pontualmente \u00e0s <strong>08h do dia 26 de fevereiro de 2026<\/strong>. A apresenta\u00e7\u00e3o dever\u00e1 ter dura\u00e7\u00e3o <strong>m\u00ednima de 40 minutos<\/strong> e <strong>m\u00e1xima de 60 minutos<\/strong>.<\/p>\n<p><strong>Exame de T\u00edtulos:<\/strong> consistir\u00e1 na an\u00e1lise e pontua\u00e7\u00e3o dos comprovantes de t\u00edtulos apresentados pelo candidato, conforme crit\u00e9rios estabelecidos na Ficha de Avalia\u00e7\u00e3o do Exame de T\u00edtulos.<\/p>\n<p>O <strong>\u00cdndice de Classifica\u00e7\u00e3o (IC)<\/strong> ser\u00e1 calculado pela f\u00f3rmula: <strong>IC = ((4PE + 4PD + 2ET) \/ 10)<\/strong>, atribuindo maior peso \u00e0s provas Escrita e de Aptid\u00e3o Did\u00e1tica.<\/p>\n<p>Consulte o edital completo para conhecer o conte\u00fado program\u00e1tico espec\u00edfico de cada \u00e1rea, os crit\u00e9rios de avalia\u00e7\u00e3o detalhados e o cronograma completo das etapas.<\/p>\n<h2>Resultados e Gabarito<\/h2>\n<p>Os resultados das etapas do concurso ser\u00e3o divulgados de forma progressiva, conforme o andamento do certame. O <strong>resultado e os espelhos da Prova Escrita<\/strong> ser\u00e3o publicados no quadro de avisos da Comiss\u00e3o Permanente de Processo Seletivo (CPPS) e no site oficial do sistema de concursos da UFERSA.<\/p>\n<p>Ap\u00f3s a conclus\u00e3o de todas as etapas e apura\u00e7\u00e3o do \u00cdndice de Classifica\u00e7\u00e3o final, ser\u00e1 publicado o <strong>Edital de Homologa\u00e7\u00e3o<\/strong> no <strong>Di\u00e1rio Oficial da Uni\u00e3o<\/strong>, tamb\u00e9m disponibilizado no site da CPPS. A documenta\u00e7\u00e3o dos candidatos classificados ser\u00e1 encaminhada \u00e0 Pr\u00f3-Reitoria de Gest\u00e3o de Pessoas (PROGEPE) para os procedimentos de convoca\u00e7\u00e3o e nomea\u00e7\u00e3o.<\/p>\n<p>A classifica\u00e7\u00e3o final obedecer\u00e1 \u00e0 ordem decrescente do \u00cdndice de Classifica\u00e7\u00e3o (IC). Em caso de empate, ser\u00e3o aplicados os crit\u00e9rios de desempate previstos no edital e na legisla\u00e7\u00e3o vigente.<\/p>\n<p>O <strong>prazo de validade<\/strong> do concurso ser\u00e1 de <strong>01 (um) ano<\/strong>, contado a partir da data de homologa\u00e7\u00e3o do resultado final, podendo ser <strong>prorrogado uma \u00fanica vez<\/strong> por igual per\u00edodo, a crit\u00e9rio da administra\u00e7\u00e3o.<\/p>\n<p>\u00c9 de <strong>responsabilidade exclusiva do candidato<\/strong> acompanhar todas as publica\u00e7\u00f5es oficiais referentes ao concurso, incluindo convoca\u00e7\u00f5es, retifica\u00e7\u00f5es e demais comunicados, por meio do site da UFERSA e do Di\u00e1rio Oficial da Uni\u00e3o.<\/p>\n","protected":false},"excerpt":{"rendered":"<p>Concurso UFERSA (RN) com edital publicado! Vagas p\/ Professores (Superior). Inscri\u00e7\u00f5es a partir de 27\/01. 13+CR vagas. Confira detalhes!<\/p>\n","protected":false},"author":7,"featured_media":277295,"comment_status":"open","ping_status":"open","sticky":false,"template":"","format":"standard","meta":{"_acf_changed":false,"_breakdance_hide_in_design_set":false,"_breakdance_tags":"","footnotes":""},"categories":[5,125,103,104,102,136,116,21],"tags":[57],"_amplo":[],"destaque":[],"instituicoes":[],"class_list":["post-277296","post","type-post","status-publish","format-standard","has-post-thumbnail","hentry","category-arquitetura","category-engenharia-producao","category-engenharia-eletrica","category-engenharia-mecanica","category-engenharia-quimica","category-estatistica","category-matematica","category-medicina","tag-rio-grande-do-norte"],"acf":{"_tipo_vagas":"vagas","_numero_vagas":"","_quadro_vagas":"","_cargos":"diversos","_cargos_especificos":"","_salario_max":"R$ 9.058,29","_abertura":"20260127","_encerramento":"20260203","_inscricoes":"https:\/\/sistemas.ufersa.edu.br\/concursos\/publico","_executora_concurso":"","_instituicao_concurso":[],"_link_adicional":null,"_anexos":null,"_produtos":null,"_vagas":"13 vagas + CR","_salario_min":"R$ 4.326,60","_instituicao":"UFERSA","_edital":"https:\/\/www.agrobase.com.br\/concursos\/wp-content\/uploads\/sites\/4\/2026\/01\/edital-02-2026-ufersa-rn.pdf","_anexos_edital":"https:\/\/www.agrobase.com.br\/concursos\/wp-content\/uploads\/sites\/4\/2026\/01\/anexos-edital-02-2026-ufersa-rn.pdf","_fund_incompleto":"","_fund_completo":"","_medio":"","_superior":"<div>\r\n<table class=\"quadro\">\r\n<thead>\r\n<tr>\r\n<th class=\"hcargo\">Cargo<\/th>\r\n<th class=\"hvagas\">Vagas<\/th>\r\n<th class=\"hremuneracao\">Remunera\u00e7\u00e3o<\/th>\r\n<\/tr>\r\n<\/thead>\r\n    <tbody>\r\n      <tr>\r\n<td class=\"ccargos\">\r\n<span data-balloon-length=\"medium\" aria-label=\"Gradua\u00e7\u00e3o em Engenharia de Produ\u00e7\u00e3o com Especializa\u00e7\u00e3o ou Mestrado ou Doutorado\" data-balloon-pos=\"up\">Professor - Sistema de Gest\u00e3o de Sa\u00fade e Seguran\u00e7a do Trabalho; Ergonomia; Engenharia de M\u00e9todos e Processos<\/span><\/td>\r\n<td class=\"cvagas\">01<\/td>\r\n<td class=\"cremuneracao\">R$ 0,00 \/40h<\/td>\r\n<\/tr><tr>\r\n<td class=\"ccargos\">\r\n<span data-balloon-length=\"medium\" aria-label=\"Gradua\u00e7\u00e3o em Engenharia de Produ\u00e7\u00e3o com Especializa\u00e7\u00e3o ou Mestrado ou Doutorado\" data-balloon-pos=\"up\">Professor - Engenharia da Qualidade; Engenharia de Opera\u00e7\u00f5es e Processos da Produ\u00e7\u00e3o; Engenharia do Produto<\/span><\/td>\r\n<td class=\"cvagas\">01<\/td>\r\n<td class=\"cremuneracao\">R$ 0,00 \/40h<\/td>\r\n<\/tr><tr>\r\n<td class=\"ccargos\">\r\n<span data-balloon-length=\"medium\" aria-label=\"Gradua\u00e7\u00e3o em Engenharia ou Arquitetura ou Desenho Industrial\" data-balloon-pos=\"up\">Professor - Projeto Auxiliado por Computador - Engenharias I; Projeto Auxiliado por Computador - Engenharias II; Projeto Auxiliado por Computador; Express\u00e3o gr\u00e1fica<\/span><\/td>\r\n<td class=\"cvagas\">01<\/td>\r\n<td class=\"cremuneracao\">R$ 0,00 \/40h<\/td>\r\n<\/tr><tr>\r\n<td class=\"ccargos\">\r\n<span data-balloon-length=\"medium\" aria-label=\"Gradua\u00e7\u00e3o em Engenharia Mec\u00e2nica; ou Gradua\u00e7\u00e3o em Engenharia Mec\u00e2nica com Mestrado; ou Gradua\u00e7\u00e3o em Engenharia Mec\u00e2nica com Doutorado\" data-balloon-pos=\"up\">Professor - Mec\u00e2nica Geral I, Mec\u00e2nica Geral II, Resist\u00eancia dos Materiais I, Resist\u00eancia dos Materiais II e Elementos de M\u00e1quinas<\/span><\/td>\r\n<td class=\"cvagas\">01<\/td>\r\n<td class=\"cremuneracao\">R$ 0,00 \/40h<\/td>\r\n<\/tr><tr>\r\n<td class=\"ccargos\">\r\n<span data-balloon-length=\"medium\" aria-label=\"Gradua\u00e7\u00e3o em Engenharia Mec\u00e2nica; ou Gradua\u00e7\u00e3o em Engenharia Mec\u00e2nica com Mestrado; ou Gradua\u00e7\u00e3o em Engenharia Mec\u00e2nica com Doutorado\" data-balloon-pos=\"up\">Professor - Materiais de constru\u00e7\u00e3o mec\u00e2nica, M\u00e1quinas de Fluxo e Transfer\u00eancia de Calor<\/span><\/td>\r\n<td class=\"cvagas\">01<\/td>\r\n<td class=\"cremuneracao\">R$ 0,00 \/40h<\/td>\r\n<\/tr><tr>\r\n<td class=\"ccargos\">\r\n<span data-balloon-length=\"medium\" aria-label=\"Gradua\u00e7\u00e3o em Engenharia El\u00e9trica, Engenharia de Energia ou \u00e1reas afins, com p\u00f3s-Gradua\u00e7\u00e3o\" data-balloon-pos=\"up\">Professor - Sensores e Transdutores, An\u00e1lise de Sinais e Sistemas; Instala\u00e7\u00f5es El\u00e9tricas; Eletricidade B\u00e1sica<\/span><\/td>\r\n<td class=\"cvagas\">01<\/td>\r\n<td class=\"cremuneracao\">R$ 0,00 \/40h<\/td>\r\n<\/tr><tr>\r\n<td class=\"ccargos\">\r\n<span data-balloon-length=\"medium\" aria-label=\"Gradua\u00e7\u00e3o em Medicina e Resid\u00eancia M\u00e9dica reconhecida pelo MEC em Neurologia\" data-balloon-pos=\"up\">Professor - Ensino em Neurologia Cl\u00ednica. Neurologia ambulatorial<\/span><\/td>\r\n<td class=\"cvagas\">01<\/td>\r\n<td class=\"cremuneracao\">R$ 0,00 \/20h<\/td>\r\n<\/tr><tr>\r\n<td class=\"ccargos\">\r\n<span data-balloon-length=\"medium\" aria-label=\"Gradua\u00e7\u00e3o em Medicina e Resid\u00eancia M\u00e9dica reconhecida pelo MEC em Cl\u00ednica M\u00e9dica.\" data-balloon-pos=\"up\">Professor - Cl\u00ednica M\u00e9dica<\/span><\/td>\r\n<td class=\"cvagas\">02<\/td>\r\n<td class=\"cremuneracao\">R$ 0,00 \/20h<\/td>\r\n<\/tr><tr>\r\n<td class=\"ccargos\">\r\n<span data-balloon-length=\"medium\" aria-label=\"Gradua\u00e7\u00e3o em Medicina e Resid\u00eancia M\u00e9dica reconhecida pelo MEC em Cl\u00ednica M\u00e9dica ou Urg\u00eancia e Emerg\u00eancia\" data-balloon-pos=\"up\">Professor - Cl\u00ednica M\u00e9dica\/Urg\u00eancia e Emerg\u00eancia<\/span><\/td>\r\n<td class=\"cvagas\">01<\/td>\r\n<td class=\"cremuneracao\">R$ 0,00 \/40h<\/td>\r\n<\/tr><tr>\r\n<td class=\"ccargos\">\r\n<span data-balloon-length=\"medium\" aria-label=\"Gradua\u00e7\u00e3o em Medicina e Resid\u00eancia M\u00e9dica reconhecida pelo MEC em Pediatria\" data-balloon-pos=\"up\">Professor - Pediatria<\/span><\/td>\r\n<td class=\"cvagas\">01<\/td>\r\n<td class=\"cremuneracao\">R$ 0,00 \/20h<\/td>\r\n<\/tr><tr>\r\n<td class=\"ccargos\">\r\n<span data-balloon-length=\"medium\" aria-label=\"Gradua\u00e7\u00e3o em Medicina com Resid\u00eancia M\u00e9dica reconhecida pelo MEC em Endocrinologia\" data-balloon-pos=\"up\">Professor - Endocrinologia<\/span><\/td>\r\n<td class=\"cvagas\">01<\/td>\r\n<td class=\"cremuneracao\">R$ 0,00 \/20h<\/td>\r\n<\/tr><tr>\r\n<td class=\"ccargos\">\r\n<span data-balloon-length=\"medium\" aria-label=\"Gradua\u00e7\u00e3o em Qu\u00edmica ou Engenharia Qu\u00edmica, ou Gradua\u00e7\u00e3o em Qu\u00edmica ou Engenharia Qu\u00edmica com p\u00f3s gradua\u00e7\u00e3o\" data-balloon-pos=\"up\">Professor - Fundamentos de Ci\u00eancias dos Materiais, Qu\u00edmica Org\u00e2nica, F\u00edsico-Qu\u00edmica, Qu\u00edmica Inorg\u00e2nica, Qu\u00edmica Aplicada \u00e0 Engenharia<\/span><\/td>\r\n<td class=\"cvagas\">01<\/td>\r\n<td class=\"cremuneracao\">R$ 0,00 \/40h<\/td>\r\n<\/tr><tr>\r\n<td class=\"ccargos\">\r\n<span data-balloon-length=\"medium\" aria-label=\"Gradua\u00e7\u00e3o em Estat\u00edstica, Matem\u00e1tica, Ci\u00eancia e Tecnologia, Computa\u00e7\u00e3o, Engenharia ou \u00e1reas afins OU Gradua\u00e7\u00e3o em Estat\u00edstica, Matem\u00e1tica, Ci\u00eancia e Tecnologia, Computa\u00e7\u00e3o, Engenharia ou \u00e1reas afins com P\u00f3s-gradua\u00e7\u00e3o latu sensu ou stricto sensu em Estat\u00edstica, Matem\u00e1tica, Ci\u00eancia e Tecnologia, Computa\u00e7\u00e3o, Engenharia ou \u00e1reas afins\" data-balloon-pos=\"up\">Professor - Estat\u00edstica, Estat\u00edstica Experimental<\/span><\/td>\r\n<td class=\"cvagas\">CR<\/td>\r\n<td class=\"cremuneracao\">R$ 0,00 \/40h<\/td>\r\n<\/tr><tr>\r\n<td class=\"ccargos\">\r\n<span data-balloon-length=\"medium\" aria-label=\"Gradua\u00e7\u00e3o em Engenharia de Produ\u00e7\u00e3o ou Gradua\u00e7\u00e3o em Engenharia de Produ\u00e7\u00e3o com P\u00f3s-gradua\u00e7\u00e3o latu sensu ou stricto sensu em Engenharias ou \u00e1reas afins\" data-balloon-pos=\"up\">Professor - Fundamentos da Engenharia de Produ\u00e7\u00e3o. Engenharia da Qualidade. Engenharia Organizacional<\/span><\/td>\r\n<td class=\"cvagas\">CR<\/td>\r\n<td class=\"cremuneracao\">R$ 0,00 \/40h<\/td>\r\n<\/tr>\r\n    <\/tbody>\r\n  <\/table>\r\n<\/div>"},"_links":{"self":[{"href":"https:\/\/www.agrobase.com.br\/concursos\/wp-json\/wp\/v2\/posts\/277296","targetHints":{"allow":["GET"]}}],"collection":[{"href":"https:\/\/www.agrobase.com.br\/concursos\/wp-json\/wp\/v2\/posts"}],"about":[{"href":"https:\/\/www.agrobase.com.br\/concursos\/wp-json\/wp\/v2\/types\/post"}],"author":[{"embeddable":true,"href":"https:\/\/www.agrobase.com.br\/concursos\/wp-json\/wp\/v2\/users\/7"}],"replies":[{"embeddable":true,"href":"https:\/\/www.agrobase.com.br\/concursos\/wp-json\/wp\/v2\/comments?post=277296"}],"version-history":[{"count":2,"href":"https:\/\/www.agrobase.com.br\/concursos\/wp-json\/wp\/v2\/posts\/277296\/revisions"}],"predecessor-version":[{"id":277300,"href":"https:\/\/www.agrobase.com.br\/concursos\/wp-json\/wp\/v2\/posts\/277296\/revisions\/277300"}],"wp:featuredmedia":[{"embeddable":true,"href":"https:\/\/www.agrobase.com.br\/concursos\/wp-json\/wp\/v2\/media\/277295"}],"wp:attachment":[{"href":"https:\/\/www.agrobase.com.br\/concursos\/wp-json\/wp\/v2\/media?parent=277296"}],"wp:term":[{"taxonomy":"category","embeddable":true,"href":"https:\/\/www.agrobase.com.br\/concursos\/wp-json\/wp\/v2\/categories?post=277296"},{"taxonomy":"post_tag","embeddable":true,"href":"https:\/\/www.agrobase.com.br\/concursos\/wp-json\/wp\/v2\/tags?post=277296"},{"taxonomy":"_amplo","embeddable":true,"href":"https:\/\/www.agrobase.com.br\/concursos\/wp-json\/wp\/v2\/_amplo?post=277296"},{"taxonomy":"destaque","embeddable":true,"href":"https:\/\/www.agrobase.com.br\/concursos\/wp-json\/wp\/v2\/destaque?post=277296"},{"taxonomy":"instituicoes","embeddable":true,"href":"https:\/\/www.agrobase.com.br\/concursos\/wp-json\/wp\/v2\/instituicoes?post=277296"}],"curies":[{"name":"wp","href":"https:\/\/api.w.org\/{rel}","templated":true}]}}