{"id":277290,"date":"2026-01-27T08:30:28","date_gmt":"2026-01-27T11:30:28","guid":{"rendered":"https:\/\/www.agrobase.com.br\/concursos\/?p=277290"},"modified":"2026-01-27T09:53:47","modified_gmt":"2026-01-27T12:53:47","slug":"prefeitura-ibipora-pr-concurso-01-2026","status":"publish","type":"post","link":"https:\/\/www.agrobase.com.br\/concursos\/2026\/prefeitura-ibipora-pr-concurso-01-2026\/","title":{"rendered":"Prefeitura Ibipor\u00e3 (PR) &#8211; Concurso 01\/2026"},"content":{"rendered":"<h2>Informa\u00e7\u00f5es Gerais<\/h2>\n<p>A <strong>Prefeitura Municipal de Ibipor\u00e3<\/strong>, no Estado do Paran\u00e1, publicou o <strong>Edital n\u00ba 001\/2026<\/strong> do Concurso P\u00fablico destinado ao preenchimento de vagas em seu Quadro de Pessoal. O certame oferece <strong>09 vagas imediatas<\/strong>, al\u00e9m de forma\u00e7\u00e3o de <strong>cadastro reserva<\/strong> para diversos cargos, com contrata\u00e7\u00e3o pelo <strong>Regime Estatut\u00e1rio<\/strong>.<\/p>\n<p>As oportunidades contemplam candidatos com <strong>n\u00edveis M\u00e9dio\/T\u00e9cnico e Superior<\/strong>, com remunera\u00e7\u00f5es que variam de <strong>R$ 2.157,48 a R$ 20.042,44<\/strong>, para jornadas de 20 a 40 horas semanais.<\/p>\n<p>Entre as vagas dispon\u00edveis, destacam-se oportunidades para profissionais das \u00e1reas de <strong>T\u00e9cnico Agr\u00edcola<\/strong>, <strong>T\u00e9cnico em Meio Ambiente<\/strong>, <strong>Engenheiro Ambiental<\/strong> e <strong>Fiscal de Meio Ambiente<\/strong> \u2014 este \u00faltimo aceita forma\u00e7\u00e3o em <strong>Engenharia Ambiental, Agronomia ou Tecnologia em Gest\u00e3o Ambiental<\/strong>. O concurso tamb\u00e9m oferece vagas para as \u00e1reas de Sa\u00fade, Educa\u00e7\u00e3o, Engenharia, Fiscaliza\u00e7\u00e3o e Administra\u00e7\u00e3o P\u00fablica.<\/p>\n<p>A organiza\u00e7\u00e3o do certame est\u00e1 sob responsabilidade do <strong>Instituto UniFil<\/strong>. Continue a leitura para conhecer todos os detalhes sobre inscri\u00e7\u00f5es, etapas de sele\u00e7\u00e3o e como acompanhar os resultados.<\/p>\n<h2>Inscri\u00e7\u00f5es<\/h2>\n<p>As inscri\u00e7\u00f5es para o Concurso P\u00fablico da Prefeitura de Ibipor\u00e3\/PR estar\u00e3o abertas no per\u00edodo das <strong>08h do dia 26 de janeiro de 2026<\/strong> at\u00e9 \u00e0s <strong>23h59min do dia 24 de fevereiro de 2026<\/strong>, hor\u00e1rio oficial de Bras\u00edlia.<\/p>\n<p>As inscri\u00e7\u00f5es ser\u00e3o realizadas <strong>exclusivamente pela Internet<\/strong>, por meio do endere\u00e7o eletr\u00f4nico <strong>www.institutounifil.com.br<\/strong>.<\/p>\n<p><strong>Procedimentos para inscri\u00e7\u00e3o:<\/strong><\/p>\n<ul>\n<li>Acessar o site do Instituto UniFil e localizar o concurso da Prefeitura de Ibipor\u00e3;<\/li>\n<li>Preencher integralmente o formul\u00e1rio de inscri\u00e7\u00e3o;<\/li>\n<li>Gerar e imprimir o boleto banc\u00e1rio;<\/li>\n<li>Conferir os dados e efetuar o pagamento da taxa de inscri\u00e7\u00e3o.<\/li>\n<\/ul>\n<p><strong>Pagamento da taxa de inscri\u00e7\u00e3o:<\/strong><\/p>\n<p>O boleto banc\u00e1rio poder\u00e1 ser pago em casas lot\u00e9ricas, caixas eletr\u00f4nicos, internet banking ou diretamente em institui\u00e7\u00f5es banc\u00e1rias. A <strong>data limite para pagamento \u00e9 25 de fevereiro de 2026<\/strong>.<\/p>\n<p>Caso o candidato n\u00e3o efetue o pagamento dentro do prazo, poder\u00e1 gerar uma segunda via do boleto at\u00e9 o \u00faltimo dia permitido para pagamento, conforme cronograma do edital.<\/p>\n<p>A inscri\u00e7\u00e3o no concurso implica o conhecimento e a aceita\u00e7\u00e3o integral das condi\u00e7\u00f5es estabelecidas no edital. Recomendamos a leitura completa do documento oficial antes de realizar sua inscri\u00e7\u00e3o.<\/p>\n<h2>Etapas e Provas<\/h2>\n<p>O Concurso P\u00fablico da Prefeitura de Ibipor\u00e3\/PR ser\u00e1 composto por diferentes etapas, conforme o cargo pretendido:<\/p>\n<ul>\n<li><strong>Prova Objetiva<\/strong> \u2014 para todos os candidatos com inscri\u00e7\u00e3o homologada, de car\u00e1ter <strong>classificat\u00f3rio e eliminat\u00f3rio<\/strong>;<\/li>\n<li><strong>Prova Discursiva<\/strong> \u2014 exclusiva para o cargo de <strong>Educador Infantil<\/strong>, de car\u00e1ter <strong>classificat\u00f3rio e eliminat\u00f3rio<\/strong>;<\/li>\n<li><strong>Teste de Aptid\u00e3o F\u00edsica (TAF)<\/strong> \u2014 para os cargos de <strong>Agente Comunit\u00e1rio de Sa\u00fade<\/strong> e <strong>Agente Municipal de Tr\u00e2nsito<\/strong>, de car\u00e1ter <strong>eliminat\u00f3rio<\/strong>;<\/li>\n<li><strong>Prova de T\u00edtulos<\/strong> \u2014 para os cargos de n\u00edvel superior (Arquiteto, Educador Infantil, Enfermeiro, Engenheiro Ambiental, Engenheiro Civil, Farmac\u00eautico Bioqu\u00edmico, Fiscal de Obras e Posturas, Fiscal de Meio Ambiente, Fiscal de Tributos, M\u00e9dicos, Profissional Acupunturista, T\u00e9cnico Desportivo e Tecn\u00f3logo em Gest\u00e3o P\u00fablica), de car\u00e1ter <strong>classificat\u00f3rio<\/strong>.<\/li>\n<\/ul>\n<p><strong>Prova Objetiva:<\/strong><\/p>\n<p>Data prevista de aplica\u00e7\u00e3o: <strong>19 de abril de 2026<\/strong>, na cidade de <strong>Ibipor\u00e3\/PR<\/strong>.<\/p>\n<ul>\n<li>Dura\u00e7\u00e3o: <strong>3 horas<\/strong> para todos os cargos;<\/li>\n<li>Dura\u00e7\u00e3o para Educador Infantil: <strong>3 horas e 30 minutos<\/strong> (inclui tempo para Prova Discursiva).<\/li>\n<\/ul>\n<p><strong>Prova Discursiva:<\/strong><\/p>\n<p>Ser\u00e1 aplicada no mesmo dia da Prova Objetiva, exclusivamente para candidatos ao cargo de Educador Infantil aprovados dentro da linha de corte.<\/p>\n<p><strong>Teste de Aptid\u00e3o F\u00edsica (TAF):<\/strong><\/p>\n<p>Data prevista: <strong>31 de maio de 2026<\/strong>. Participar\u00e3o os candidatos aprovados na Prova Objetiva para os cargos de Agente Comunit\u00e1rio de Sa\u00fade e Agente Municipal de Tr\u00e2nsito, dentro da linha de corte estabelecida.<\/p>\n<p>Para informa\u00e7\u00f5es detalhadas sobre conte\u00fado program\u00e1tico, crit\u00e9rios de aprova\u00e7\u00e3o e pontua\u00e7\u00e3o de cada etapa, consulte o edital completo.<\/p>\n<h2>Resultados e Gabarito<\/h2>\n<p>Os resultados do Concurso P\u00fablico da Prefeitura de Ibipor\u00e3\/PR ser\u00e3o divulgados conforme o cronograma previsto no edital:<\/p>\n<ul>\n<li><strong>Gabarito Preliminar<\/strong> e Cadernos de Quest\u00f5es: <strong>20 de abril de 2026<\/strong>;<\/li>\n<li><strong>Classifica\u00e7\u00e3o Final e Homologa\u00e7\u00e3o<\/strong>: previs\u00e3o para <strong>17 de julho de 2026<\/strong>.<\/li>\n<\/ul>\n<p><strong>Publica\u00e7\u00e3o dos resultados:<\/strong><\/p>\n<p>O resultado final ser\u00e1 divulgado em tr\u00eas listas, por ordem decrescente de pontua\u00e7\u00e3o:<\/p>\n<ul>\n<li>Lista geral com todos os candidatos;<\/li>\n<li>Lista espec\u00edfica para candidatos concorrentes \u00e0s vagas para Pessoas com Defici\u00eancia (PCD);<\/li>\n<li>Lista espec\u00edfica para candidatos concorrentes \u00e0s vagas para Negros.<\/li>\n<\/ul>\n<p><strong>Canais oficiais de divulga\u00e7\u00e3o:<\/strong><\/p>\n<ul>\n<li>Site do Instituto UniFil: <strong>www.institutounifil.com.br<\/strong>;<\/li>\n<li>Site da Prefeitura de Ibipor\u00e3: <strong>www.ibipora.pr.gov.br<\/strong>;<\/li>\n<li>Jornal Oficial do Munic\u00edpio de Ibipor\u00e3.<\/li>\n<\/ul>\n<p>A homologa\u00e7\u00e3o do concurso representa a valida\u00e7\u00e3o oficial do certame pela autoridade competente, ap\u00f3s a conclus\u00e3o de todas as etapas e julgamento de eventuais recursos.<\/p>\n<p><strong>Importante:<\/strong> O acompanhamento das publica\u00e7\u00f5es oficiais, incluindo convoca\u00e7\u00f5es, retifica\u00e7\u00f5es e demais comunicados, \u00e9 de <strong>responsabilidade exclusiva do candidato<\/strong>. Recomendamos consultar periodicamente os canais oficiais durante toda a validade do concurso.<\/p>\n","protected":false},"excerpt":{"rendered":"<p>Concurso Pref. Ibipor\u00e3 (PR) com edital publicado! Vagas p\/ Educador e M\u00e9dico (M\u00e9dio\/Sup.). Inscri\u00e7\u00f5es a partir de 26\/01. Sal\u00e1rios at\u00e9 R$20k. Confira detalhes!<\/p>\n","protected":false},"author":7,"featured_media":277289,"comment_status":"open","ping_status":"open","sticky":false,"template":"","format":"standard","meta":{"_acf_changed":false,"_breakdance_hide_in_design_set":false,"_breakdance_tags":"","footnotes":""},"categories":[4,5,12,13,14,17,21,25,29,161,157],"tags":[52],"_amplo":[],"destaque":[],"instituicoes":[],"class_list":["post-277290","post","type-post","status-publish","format-standard","has-post-thumbnail","hentry","category-agronomia","category-arquitetura","category-enfermagem","category-engenharia-ambiental","category-engenharia","category-farmacia","category-medicina","category-pedagogia","category-tecnico-agricola","category-tecnico-laboratorio","category-tecnico-seguranca-trabalho","tag-parana"],"acf":{"_tipo_vagas":"vagas","_numero_vagas":"","_quadro_vagas":"","_cargos":"diversos","_cargos_especificos":"","_salario_max":"R$ 20042.44","_abertura":"20260126","_encerramento":"20260224","_inscricoes":"https:\/\/www.institutounifil.com.br","_executora_concurso":"","_instituicao_concurso":[],"_link_adicional":null,"_anexos":null,"_produtos":null,"_vagas":"09 vagas + CR","_salario_min":"R$ 2157.48","_instituicao":"Prefeitura do Munic\u00edpio de Ibipor\u00e3","_edital":"https:\/\/www.agrobase.com.br\/concursos\/wp-content\/uploads\/sites\/4\/2026\/01\/edital-01-2026-prefeitura-de-ibipora-pr.pdf","_anexos_edital":"https:\/\/www.agrobase.com.br\/concursos\/wp-content\/uploads\/sites\/4\/2026\/01\/anexos-edital-01-2026-prefeitura-de-ibipora-pr.pdf","_fund_incompleto":"","_fund_completo":"","_medio":"<div>\r\n<table class=\"quadro\">\r\n<thead>\r\n<tr>\r\n<th class=\"hcargo\">Cargo<\/th>\r\n<th class=\"hvagas\">Vagas<\/th>\r\n<th class=\"hremuneracao\">Remunera\u00e7\u00e3o<\/th>\r\n<\/tr>\r\n<\/thead>\r\n    <tbody>\r\n      <td class=\"ccargos\">\r\n<span data-balloon-length=\"medium\" aria-label=\"Ensino M\u00e9dio Completo + Residir na \u00e1rea de atua\u00e7\u00e3o\" data-balloon-pos=\"up\">Agente Comunit\u00e1rio de Sa\u00fade<\/span><\/td>\r\n<td class=\"cvagas\">01 + CR<\/td>\r\n<td class=\"cremuneracao\">R$ 2.157,48 \/40h<\/td>\r\n<\/tr><td class=\"ccargos\">\r\n<span data-balloon-length=\"medium\" aria-label=\"Ensino M\u00e9dio Completo + CNH categoria 'A e B'\" data-balloon-pos=\"up\">Agente Municipal de Tr\u00e2nsito<\/span><\/td>\r\n<td class=\"cvagas\">CR<\/td>\r\n<td class=\"cremuneracao\">R$ 3.111,23 \/40h<\/td>\r\n<\/tr><td class=\"ccargos\">\r\n<span data-balloon-length=\"medium\" aria-label=\"Ensino M\u00e9dio Completo + CNH categoria 'B'\" data-balloon-pos=\"up\">Cuidador Social<\/span><\/td>\r\n<td class=\"cvagas\">01<\/td>\r\n<td class=\"cremuneracao\">R$ 2.630,73 \/40h<\/td>\r\n<\/tr><td class=\"ccargos\">\r\n<span data-balloon-length=\"medium\" aria-label=\"Curso T\u00e9cnico Agr\u00edcola ou Agropecu\u00e1ria\" data-balloon-pos=\"up\">T\u00e9cnico Agr\u00edcola<\/span><\/td>\r\n<td class=\"cvagas\">CR<\/td>\r\n<td class=\"cremuneracao\">R$ 3.111,23 \/40h<\/td>\r\n<\/tr><td class=\"ccargos\">\r\n<span data-balloon-length=\"medium\" aria-label=\"Forma\u00e7\u00e3o T\u00e9cnica Espec\u00edfica\" data-balloon-pos=\"up\">T\u00e9cnico de Laborat\u00f3rio<\/span><\/td>\r\n<td class=\"cvagas\">CR<\/td>\r\n<td class=\"cremuneracao\">R$ 3.111,23 \/40h<\/td>\r\n<\/tr><td class=\"ccargos\">\r\n<span data-balloon-length=\"medium\" aria-label=\"Curso T\u00e9cnico em Edifica\u00e7\u00f5es + CNH 'A e B'\" data-balloon-pos=\"up\">T\u00e9cnico em Edifica\u00e7\u00f5es<\/span><\/td>\r\n<td class=\"cvagas\">01<\/td>\r\n<td class=\"cremuneracao\">R$ 3.111,23 \/40h<\/td>\r\n<\/tr><td class=\"ccargos\">\r\n<span data-balloon-length=\"medium\" aria-label=\"Forma\u00e7\u00e3o T\u00e9cnica Espec\u00edfica ou afim\" data-balloon-pos=\"up\">T\u00e9cnico em Meio Ambiente<\/span><\/td>\r\n<td class=\"cvagas\">CR<\/td>\r\n<td class=\"cremuneracao\">R$ 3.111,23 \/40h<\/td>\r\n<\/tr><td class=\"ccargos\">\r\n<span data-balloon-length=\"medium\" aria-label=\"Curso T\u00e9cnico em Seguran\u00e7a do Trabalho\" data-balloon-pos=\"up\">T\u00e9cnico em Seguran\u00e7a do Trabalho<\/span><\/td>\r\n<td class=\"cvagas\">CR<\/td>\r\n<td class=\"cremuneracao\">R$ 3.111,23 \/40h<\/td>\r\n<\/tr>\r\n    <\/tbody>\r\n  <\/table>\r\n<\/div>","_superior":"<div>\r\n<table class=\"quadro\">\r\n<thead>\r\n<tr>\r\n<th class=\"hcargo\">Cargo<\/th>\r\n<th class=\"hvagas\">Vagas<\/th>\r\n<th class=\"hremuneracao\">Remunera\u00e7\u00e3o<\/th>\r\n<\/tr>\r\n<\/thead>\r\n    <tbody>\r\n      <tr>\r\n<td class=\"ccargos\">\r\n<span data-balloon-length=\"medium\" aria-label=\"Ensino Superior em Arquitetura\" data-balloon-pos=\"up\">Arquiteto<\/span><\/td>\r\n<td class=\"cvagas\">CR<\/td>\r\n<td class=\"cremuneracao\">R$ 7.315,14 \/40h<\/td>\r\n<\/tr><tr>\r\n<td class=\"ccargos\">\r\n<span data-balloon-length=\"medium\" aria-label=\"Magist\u00e9rio de N\u00edvel M\u00e9dio ou Pedagogia\" data-balloon-pos=\"up\">Educador Infantil<\/span><\/td>\r\n<td class=\"cvagas\">04<\/td>\r\n<td class=\"cremuneracao\">R$ 3.598,58 \/40h<\/td>\r\n<\/tr><tr>\r\n<td class=\"ccargos\">\r\n<span data-balloon-length=\"medium\" aria-label=\"Ensino Superior em Enfermagem\" data-balloon-pos=\"up\">Enfermeiro<\/span><\/td>\r\n<td class=\"cvagas\">CR<\/td>\r\n<td class=\"cremuneracao\">R$ 6.531,39 \/40h<\/td>\r\n<\/tr><tr>\r\n<td class=\"ccargos\">\r\n<span data-balloon-length=\"medium\" aria-label=\"Ensino Superior em Engenharia Ambiental\" data-balloon-pos=\"up\">Engenheiro Ambiental<\/span><\/td>\r\n<td class=\"cvagas\">CR<\/td>\r\n<td class=\"cremuneracao\">R$ 7.315,14 \/40h<\/td>\r\n<\/tr><tr>\r\n<td class=\"ccargos\">\r\n<span data-balloon-length=\"medium\" aria-label=\"Ensino Superior em Engenharia Civil\" data-balloon-pos=\"up\">Engenheiro Civil<\/span><\/td>\r\n<td class=\"cvagas\">CR<\/td>\r\n<td class=\"cremuneracao\">R$ 7.315,14 \/40h<\/td>\r\n<\/tr><tr>\r\n<td class=\"ccargos\">\r\n<span data-balloon-length=\"medium\" aria-label=\"Ensino Superior em Farm\u00e1cia Generalista ou Bioqu\u00edmica\" data-balloon-pos=\"up\">Farmac\u00eautico Bioqu\u00edmico<\/span><\/td>\r\n<td class=\"cvagas\">CR<\/td>\r\n<td class=\"cremuneracao\">R$ 6.531,39 \/40h<\/td>\r\n<\/tr><tr>\r\n<td class=\"ccargos\">\r\n<span data-balloon-length=\"medium\" aria-label=\"Ensino Superior em Eng. Ambiental, Agronomia ou Tecnologia em Gest\u00e3o Ambiental + CNH 'B'\" data-balloon-pos=\"up\">Fiscal de Ambiente<\/span><\/td>\r\n<td class=\"cvagas\">01<\/td>\r\n<td class=\"cremuneracao\">R$ 4.087,38 \/40h<\/td>\r\n<\/tr><tr>\r\n<td class=\"ccargos\">\r\n<span data-balloon-length=\"medium\" aria-label=\"Ensino Superior em diversas \u00e1reas (Administra\u00e7\u00e3o, Cont\u00e1beis, Direito, etc.) + CNH 'B'\" data-balloon-pos=\"up\">Fiscal de Obras e Posturas<\/span><\/td>\r\n<td class=\"cvagas\">CR<\/td>\r\n<td class=\"cremuneracao\">R$ 4.087,38 \/40h<\/td>\r\n<\/tr><tr>\r\n<td class=\"ccargos\">\r\n<span data-balloon-length=\"medium\" aria-label=\"Ensino Superior em diversas \u00e1reas (Administra\u00e7\u00e3o, Cont\u00e1beis, Direito, etc.) + CNH 'B'\" data-balloon-pos=\"up\">Fiscal de Tributos<\/span><\/td>\r\n<td class=\"cvagas\">CR<\/td>\r\n<td class=\"cremuneracao\">R$ 4.087,38 \/40h<\/td>\r\n<\/tr><tr>\r\n<td class=\"ccargos\">\r\n<span data-balloon-length=\"medium\" aria-label=\"Superior em Medicina + Especializa\u00e7\u00e3o em Cardiologia\" data-balloon-pos=\"up\">M\u00e9dico - Cardiologista<\/span><\/td>\r\n<td class=\"cvagas\">CR<\/td>\r\n<td class=\"cremuneracao\">R$ 10.021,21 \/20h<\/td>\r\n<\/tr><tr>\r\n<td class=\"ccargos\">\r\n<span data-balloon-length=\"medium\" aria-label=\"Superior em Medicina\" data-balloon-pos=\"up\">M\u00e9dico - Cl\u00ednico Geral (20h)<\/span><\/td>\r\n<td class=\"cvagas\">CR<\/td>\r\n<td class=\"cremuneracao\">R$ 10.021,21 \/20h<\/td>\r\n<\/tr><tr>\r\n<td class=\"ccargos\">\r\n<span data-balloon-length=\"medium\" aria-label=\"Superior em Medicina\" data-balloon-pos=\"up\">M\u00e9dico - Cl\u00ednico Geral (40h)<\/span><\/td>\r\n<td class=\"cvagas\">CR<\/td>\r\n<td class=\"cremuneracao\">R$ 20.042,44 \/40h<\/td>\r\n<\/tr><tr>\r\n<td class=\"ccargos\">\r\n<span data-balloon-length=\"medium\" aria-label=\"Superior em Medicina + Especializa\u00e7\u00e3o em Dermatologia\" data-balloon-pos=\"up\">M\u00e9dico - Dermatologista<\/span><\/td>\r\n<td class=\"cvagas\">CR<\/td>\r\n<td class=\"cremuneracao\">R$ 10.021,21 \/20h<\/td>\r\n<\/tr><tr>\r\n<td class=\"ccargos\">\r\n<span data-balloon-length=\"medium\" aria-label=\"Superior em Medicina + Especializa\u00e7\u00e3o em Geriatria\" data-balloon-pos=\"up\">M\u00e9dico - Geriatra<\/span><\/td>\r\n<td class=\"cvagas\">CR<\/td>\r\n<td class=\"cremuneracao\">R$ 10.021,21 \/20h<\/td>\r\n<\/tr><tr>\r\n<td class=\"ccargos\">\r\n<span data-balloon-length=\"medium\" aria-label=\"Superior em Medicina + Especializa\u00e7\u00e3o em Ortopedia\" data-balloon-pos=\"up\">M\u00e9dico - Ortopedista<\/span><\/td>\r\n<td class=\"cvagas\">CR<\/td>\r\n<td class=\"cremuneracao\">R$ 10.021,21 \/20h<\/td>\r\n<\/tr><tr>\r\n<td class=\"ccargos\">\r\n<span data-balloon-length=\"medium\" aria-label=\"Superior em Medicina + Especializa\u00e7\u00e3o em Otorrinolaringologia\" data-balloon-pos=\"up\">M\u00e9dico - Otorrinolaringologista<\/span><\/td>\r\n<td class=\"cvagas\">CR<\/td>\r\n<td class=\"cremuneracao\">R$ 10.021,21 \/20h<\/td>\r\n<\/tr><tr>\r\n<td class=\"ccargos\">\r\n<span data-balloon-length=\"medium\" aria-label=\"Superior em Medicina + Especializa\u00e7\u00e3o em Psiquiatria\" data-balloon-pos=\"up\">M\u00e9dico - Psiquiatra<\/span><\/td>\r\n<td class=\"cvagas\">01<\/td>\r\n<td class=\"cremuneracao\">R$ 10.021,21 \/20h<\/td>\r\n<\/tr><tr>\r\n<td class=\"ccargos\">\r\n<span data-balloon-length=\"medium\" aria-label=\"Superior em Biomedicina, Enfermagem, Farm\u00e1cia, Fisioterapia, Medicina ou Psicologia + Especializa\u00e7\u00e3o em Acupuntura\" data-balloon-pos=\"up\">Profissional Acupunturista<\/span><\/td>\r\n<td class=\"cvagas\">CR<\/td>\r\n<td class=\"cremuneracao\">R$ 6.531,39 \/40h<\/td>\r\n<\/tr><tr>\r\n<td class=\"ccargos\">\r\n<span data-balloon-length=\"medium\" aria-label=\"Superior em Educa\u00e7\u00e3o F\u00edsica\" data-balloon-pos=\"up\">T\u00e9cnico Desportivo<\/span><\/td>\r\n<td class=\"cvagas\">CR<\/td>\r\n<td class=\"cremuneracao\">R$ 6.531,39 \/40h<\/td>\r\n<\/tr><tr>\r\n<td class=\"ccargos\">\r\n<span data-balloon-length=\"medium\" aria-label=\"Superior em diversas \u00e1reas (Administra\u00e7\u00e3o, Cont\u00e1beis, Direito, etc.)\" data-balloon-pos=\"up\">Tecn\u00f3logo em Gest\u00e3o P\u00fablica<\/span><\/td>\r\n<td class=\"cvagas\">CR<\/td>\r\n<td class=\"cremuneracao\">R$ 4.087,38 \/40h<\/td>\r\n<\/tr>\r\n    <\/tbody>\r\n  <\/table>\r\n<\/div>"},"_links":{"self":[{"href":"https:\/\/www.agrobase.com.br\/concursos\/wp-json\/wp\/v2\/posts\/277290","targetHints":{"allow":["GET"]}}],"collection":[{"href":"https:\/\/www.agrobase.com.br\/concursos\/wp-json\/wp\/v2\/posts"}],"about":[{"href":"https:\/\/www.agrobase.com.br\/concursos\/wp-json\/wp\/v2\/types\/post"}],"author":[{"embeddable":true,"href":"https:\/\/www.agrobase.com.br\/concursos\/wp-json\/wp\/v2\/users\/7"}],"replies":[{"embeddable":true,"href":"https:\/\/www.agrobase.com.br\/concursos\/wp-json\/wp\/v2\/comments?post=277290"}],"version-history":[{"count":2,"href":"https:\/\/www.agrobase.com.br\/concursos\/wp-json\/wp\/v2\/posts\/277290\/revisions"}],"predecessor-version":[{"id":277294,"href":"https:\/\/www.agrobase.com.br\/concursos\/wp-json\/wp\/v2\/posts\/277290\/revisions\/277294"}],"wp:featuredmedia":[{"embeddable":true,"href":"https:\/\/www.agrobase.com.br\/concursos\/wp-json\/wp\/v2\/media\/277289"}],"wp:attachment":[{"href":"https:\/\/www.agrobase.com.br\/concursos\/wp-json\/wp\/v2\/media?parent=277290"}],"wp:term":[{"taxonomy":"category","embeddable":true,"href":"https:\/\/www.agrobase.com.br\/concursos\/wp-json\/wp\/v2\/categories?post=277290"},{"taxonomy":"post_tag","embeddable":true,"href":"https:\/\/www.agrobase.com.br\/concursos\/wp-json\/wp\/v2\/tags?post=277290"},{"taxonomy":"_amplo","embeddable":true,"href":"https:\/\/www.agrobase.com.br\/concursos\/wp-json\/wp\/v2\/_amplo?post=277290"},{"taxonomy":"destaque","embeddable":true,"href":"https:\/\/www.agrobase.com.br\/concursos\/wp-json\/wp\/v2\/destaque?post=277290"},{"taxonomy":"instituicoes","embeddable":true,"href":"https:\/\/www.agrobase.com.br\/concursos\/wp-json\/wp\/v2\/instituicoes?post=277290"}],"curies":[{"name":"wp","href":"https:\/\/api.w.org\/{rel}","templated":true}]}}