{"id":277284,"date":"2026-01-27T08:20:47","date_gmt":"2026-01-27T11:20:47","guid":{"rendered":"https:\/\/www.agrobase.com.br\/concursos\/?p=277284"},"modified":"2026-01-26T15:13:40","modified_gmt":"2026-01-26T18:13:40","slug":"prefeitura-otacilio-costa-sc-selecao-publica-01-2026","status":"publish","type":"post","link":"https:\/\/www.agrobase.com.br\/concursos\/2026\/prefeitura-otacilio-costa-sc-selecao-publica-01-2026\/","title":{"rendered":"Prefeitura Otac\u00edlio Costa (SC) &#8211; Sele\u00e7\u00e3o P\u00fablica 01\/2026"},"content":{"rendered":"<h2>Informa\u00e7\u00f5es Gerais<\/h2>\n<p>A <strong>Prefeitura Municipal de Otac\u00edlio Costa<\/strong>, em Santa Catarina, publicou o <strong>Edital n\u00ba 001\/2026<\/strong> do Processo Seletivo destinado \u00e0 contrata\u00e7\u00e3o tempor\u00e1ria e forma\u00e7\u00e3o de <strong>cadastro de reserva<\/strong> para o quadro de pessoal da Secretaria Municipal de Educa\u00e7\u00e3o. O certame \u00e9 organizado pela Fronte Concursos e Projetos LTDA.<\/p>\n<p>Este processo seletivo oferece oportunidades exclusivamente na <strong>\u00e1rea da Educa\u00e7\u00e3o<\/strong>, contemplando profissionais de <strong>n\u00edvel m\u00e9dio (Magist\u00e9rio)<\/strong> e <strong>n\u00edvel superior (Licenciaturas)<\/strong>, al\u00e9m de vagas para graduandos a partir do 5\u00ba semestre. A remunera\u00e7\u00e3o varia de <strong>R$ 1.093,49 a R$ 4.905,52<\/strong>, conforme o cargo e a carga hor\u00e1ria, que pode ser de 10h a 40h semanais.<\/p>\n<p>As vagas abrangem diversas fun\u00e7\u00f5es docentes, incluindo Professor de Educa\u00e7\u00e3o Infantil, Anos Iniciais, Educa\u00e7\u00e3o Especial, al\u00e9m de disciplinas espec\u00edficas como L\u00edngua Portuguesa, Matem\u00e1tica, Hist\u00f3ria, Geografia, <strong>Ci\u00eancias\/Ci\u00eancias Biol\u00f3gicas<\/strong>, Ingl\u00eas, Arte, Educa\u00e7\u00e3o F\u00edsica e Ensino Religioso. H\u00e1 tamb\u00e9m oportunidades para Apoio Pedag\u00f3gico e projetos especiais como BNCC da Computa\u00e7\u00e3o e Educa\u00e7\u00e3o Financeira.<\/p>\n<p>Continue a leitura para conhecer todos os detalhes sobre inscri\u00e7\u00f5es, etapas do processo seletivo e como acompanhar os resultados.<\/p>\n<h2>Inscri\u00e7\u00f5es<\/h2>\n<p>As inscri\u00e7\u00f5es para o Processo Seletivo da Prefeitura de Otac\u00edlio Costa\/SC estar\u00e3o abertas no per\u00edodo estabelecido no cronograma oficial, devendo ser realizadas <strong>exclusivamente pela internet<\/strong>, atrav\u00e9s do endere\u00e7o eletr\u00f4nico <strong>portal.fronteprojetos.com.br<\/strong>.<\/p>\n<p><strong>Per\u00edodo de inscri\u00e7\u00f5es:<\/strong> de <strong>26 de janeiro de 2026<\/strong> at\u00e9 <strong>20 de fevereiro de 2026<\/strong>, conforme hor\u00e1rios definidos no cronograma do certame.<\/p>\n<p>Para efetuar a inscri\u00e7\u00e3o, o candidato dever\u00e1:<\/p>\n<ul>\n<li>Acessar o site portal.fronteprojetos.com.br durante o per\u00edodo de inscri\u00e7\u00f5es;<\/li>\n<li>Localizar os links correspondentes ao Processo Seletivo;<\/li>\n<li>Ler e aceitar o requerimento de inscri\u00e7\u00e3o;<\/li>\n<li>Preencher corretamente o formul\u00e1rio de inscri\u00e7\u00e3o;<\/li>\n<li>Transmitir os dados via internet;<\/li>\n<li>Imprimir o comprovante de inscri\u00e7\u00e3o.<\/li>\n<\/ul>\n<p><strong>Importante:<\/strong> N\u00e3o ser\u00e3o aceitas inscri\u00e7\u00f5es fora do per\u00edodo estabelecido no cronograma oficial. Recomenda-se que o candidato n\u00e3o deixe para realizar sua inscri\u00e7\u00e3o nos \u00faltimos dias, evitando poss\u00edveis congestionamentos no sistema.<\/p>\n<p>Para informa\u00e7\u00f5es sobre valores de taxa de inscri\u00e7\u00e3o e eventuais crit\u00e9rios de isen\u00e7\u00e3o, consulte o edital completo dispon\u00edvel no site da banca organizadora.<\/p>\n<h2>Etapas e Provas<\/h2>\n<p>O Processo Seletivo da Prefeitura de Otac\u00edlio Costa\/SC ser\u00e1 composto por <strong>Prova Objetiva<\/strong> (para todos os cargos) e <strong>Prova de T\u00edtulos<\/strong> (exclusiva para cargos de n\u00edvel superior). Confira os detalhes de cada etapa:<\/p>\n<ul>\n<li><strong>Prova Objetiva<\/strong> \u2014 Car\u00e1ter <strong>eliminat\u00f3rio e classificat\u00f3rio<\/strong>\n<ul>\n<li>Composta por <strong>30 quest\u00f5es<\/strong> de m\u00faltipla escolha, com 5 alternativas (A, B, C, D e E);<\/li>\n<li>Pontua\u00e7\u00e3o na escala de <strong>0 a 100 pontos<\/strong>;<\/li>\n<li>Dura\u00e7\u00e3o m\u00e1xima de <strong>2 horas e 30 minutos<\/strong>, incluindo o tempo para preenchimento da folha de respostas;<\/li>\n<li><strong>Data prevista:<\/strong> 08 de mar\u00e7o de 2026;<\/li>\n<li><strong>Local:<\/strong> Otac\u00edlio Costa\/SC, em endere\u00e7o a ser divulgado no Edital de Convoca\u00e7\u00e3o;<\/li>\n<li>A prova ser\u00e1 aplicada nos per\u00edodos da manh\u00e3 e da tarde, conforme distribui\u00e7\u00e3o dos cargos;<\/li>\n<li>O Edital de Convoca\u00e7\u00e3o com local e hor\u00e1rio est\u00e1 previsto para <strong>03 de mar\u00e7o de 2026<\/strong>.<\/li>\n<\/ul>\n<\/li>\n<li><strong>Prova de T\u00edtulos<\/strong> \u2014 Car\u00e1ter <strong>apenas classificat\u00f3rio<\/strong>\n<ul>\n<li>Destinada exclusivamente aos candidatos aos cargos de <strong>Ensino Superior<\/strong> que forem habilitados na prova objetiva;<\/li>\n<li>A pontua\u00e7\u00e3o obtida ser\u00e1 somada \u00e0 nota da prova objetiva para composi\u00e7\u00e3o da nota final.<\/li>\n<\/ul>\n<\/li>\n<\/ul>\n<p>Para informa\u00e7\u00f5es detalhadas sobre conte\u00fado program\u00e1tico, crit\u00e9rios de aprova\u00e7\u00e3o e pontua\u00e7\u00e3o m\u00ednima exigida, consulte o edital completo dispon\u00edvel nos sites <strong>www.fronteprojetos.com.br<\/strong> e <strong>www.otaciliocosta.sc.gov.br<\/strong>.<\/p>\n<h2>Resultados e Gabarito<\/h2>\n<p>A divulga\u00e7\u00e3o dos resultados do Processo Seletivo da Prefeitura de Otac\u00edlio Costa\/SC seguir\u00e1 o cronograma estabelecido no edital, com publica\u00e7\u00f5es nos sites oficiais da banca organizadora e do munic\u00edpio.<\/p>\n<p><strong>Gabarito Preliminar:<\/strong> Ser\u00e1 divulgado at\u00e9 o <strong>segundo dia \u00fatil<\/strong> ap\u00f3s a realiza\u00e7\u00e3o da prova objetiva, a partir das <strong>17h00min<\/strong>, atrav\u00e9s de edital afixado na Prefeitura de Otac\u00edlio Costa\/SC e nos endere\u00e7os eletr\u00f4nicos <strong>www.fronteprojetos.com.br<\/strong> e <strong>www.otaciliocosta.sc.gov.br<\/strong>.<\/p>\n<p><strong>Classifica\u00e7\u00e3o Final:<\/strong><\/p>\n<ul>\n<li>A nota final ser\u00e1 calculada pela soma dos pontos obtidos na prova objetiva com a pontua\u00e7\u00e3o da prova de t\u00edtulos (quando aplic\u00e1vel);<\/li>\n<li>Os candidatos ser\u00e3o classificados em ordem decrescente de nota final, por cargo;<\/li>\n<li>Em caso de empate, ser\u00e3o aplicados os crit\u00e9rios de desempate previstos no edital.<\/li>\n<\/ul>\n<p><strong>Validade do Processo Seletivo:<\/strong> O certame ter\u00e1 validade de <strong>1 (um) ano<\/strong>, contado a partir da data de homologa\u00e7\u00e3o, podendo ser <strong>prorrogado uma \u00fanica vez<\/strong> por igual per\u00edodo.<\/p>\n<p><strong>Arquivamento de documentos:<\/strong> Ap\u00f3s 120 dias da divulga\u00e7\u00e3o oficial do resultado final, as folhas de respostas ser\u00e3o incineradas, sendo mantidas em arquivo eletr\u00f4nico com c\u00f3pia de seguran\u00e7a pelo prazo de cinco anos.<\/p>\n<p><strong>Aten\u00e7\u00e3o:<\/strong> O acompanhamento de todas as publica\u00e7\u00f5es oficiais, incluindo convoca\u00e7\u00f5es, resultados e eventuais retifica\u00e7\u00f5es, \u00e9 de <strong>responsabilidade exclusiva do candidato<\/strong>. Consulte regularmente os sites da banca organizadora e da Prefeitura de Otac\u00edlio Costa.<\/p>\n","protected":false},"excerpt":{"rendered":"<p>Processo Seletivo Pref. Otac\u00edlio Costa (SC) com edital publicado! Vagas p\/ Professores (M\u00e9dio\/Sup.). Inscri\u00e7\u00f5es a partir de 26\/01. Sal\u00e1rios at\u00e9 R$ 4.9k. Confira!<\/p>\n","protected":false},"author":7,"featured_media":277283,"comment_status":"open","ping_status":"open","sticky":false,"template":"","format":"standard","meta":{"_acf_changed":false,"_breakdance_hide_in_design_set":false,"_breakdance_tags":"","footnotes":""},"categories":[6433,6434,6436,111,100,20,6871,116,25,6435],"tags":[61],"_amplo":[],"destaque":[],"instituicoes":[],"class_list":["post-277284","post","type-post","status-publish","format-standard","has-post-thumbnail","hentry","category-biologia-licenciatura","category-educacao-fisica-licenciatura","category-fisica-licenciatura","category-geografia","category-historia","category-letras","category-letras-ingles","category-matematica","category-pedagogia","category-quimica-licenciatura","tag-santa-catarina"],"acf":{"_tipo_vagas":"vagas","_numero_vagas":"","_quadro_vagas":"","_cargos":"diversos","_cargos_especificos":"","_salario_max":"R$ 4905.52","_abertura":"20260126","_encerramento":"20260220","_inscricoes":"https:\/\/portal.fronteprojetos.com.br","_executora_concurso":"","_instituicao_concurso":[],"_link_adicional":null,"_anexos":null,"_produtos":null,"_vagas":"Cadastro Reserva","_salario_min":"R$ 1093.49","_instituicao":"Prefeitura de Otac\u00edlio Costa","_edital":"https:\/\/www.agrobase.com.br\/concursos\/wp-content\/uploads\/sites\/4\/2026\/01\/edital-01-2026-prefeitura-de-otacilio-costa-sc.pdf","_anexos_edital":"https:\/\/www.agrobase.com.br\/concursos\/wp-content\/uploads\/sites\/4\/2026\/01\/anexos-edital-01-2026-prefeitura-de-otacilio-costa-sc.pdf","_fund_incompleto":"","_fund_completo":"","_medio":"<div>\r\n<table class=\"quadro\">\r\n<thead>\r\n<tr>\r\n<th class=\"hcargo\">Cargo<\/th>\r\n<th class=\"hvagas\">Vagas<\/th>\r\n<th class=\"hremuneracao\">Remunera\u00e7\u00e3o<\/th>\r\n<\/tr>\r\n<\/thead>\r\n    <tbody>\r\n      <td class=\"ccargos\">\r\n<span data-balloon-length=\"medium\" aria-label=\"Diploma de Curso de Magist\u00e9rio\" data-balloon-pos=\"up\">Professor - Anos Iniciais (1\u00ba ao 5\u00ba Ano)<\/span><\/td>\r\n<td class=\"cvagas\">CR<\/td>\r\n<td class=\"cremuneracao\">R$ 1.093,49 \/Vari\u00e1vel (10h a 40h)<\/td>\r\n<\/tr><td class=\"ccargos\">\r\n<span data-balloon-length=\"medium\" aria-label=\"Diploma de Curso de Magist\u00e9rio\" data-balloon-pos=\"up\">Professor - Anos Iniciais (1\u00ba ao 5\u00ba Ano) - Educa\u00e7\u00e3o no Campo<\/span><\/td>\r\n<td class=\"cvagas\">CR<\/td>\r\n<td class=\"cremuneracao\">R$ 1.093,49 \/Vari\u00e1vel (10h a 40h)<\/td>\r\n<\/tr><td class=\"ccargos\">\r\n<span data-balloon-length=\"medium\" aria-label=\"Diploma de Curso de Magist\u00e9rio\" data-balloon-pos=\"up\">Professor - Educa\u00e7\u00e3o Infantil<\/span><\/td>\r\n<td class=\"cvagas\">CR<\/td>\r\n<td class=\"cremuneracao\">R$ 1.093,49 \/Vari\u00e1vel (10h a 40h)<\/td>\r\n<\/tr>\r\n    <\/tbody>\r\n  <\/table>\r\n<\/div>","_superior":"<div>\r\n<table class=\"quadro\">\r\n<thead>\r\n<tr>\r\n<th class=\"hcargo\">Cargo<\/th>\r\n<th class=\"hvagas\">Vagas<\/th>\r\n<th class=\"hremuneracao\">Remunera\u00e7\u00e3o<\/th>\r\n<\/tr>\r\n<\/thead>\r\n    <tbody>\r\n      <tr>\r\n<td class=\"ccargos\">\r\n<span data-balloon-length=\"medium\" aria-label=\"Diploma de gradua\u00e7\u00e3o em Pedagogia ou Normal Superior (Habilitado)\" data-balloon-pos=\"up\">Professor - Anos Iniciais (1\u00ba ao 5\u00ba Ano)<\/span><\/td>\r\n<td class=\"cvagas\">CR<\/td>\r\n<td class=\"cremuneracao\">R$ 1.226,36 \/Vari\u00e1vel (10h a 40h)<\/td>\r\n<\/tr><tr>\r\n<td class=\"ccargos\">\r\n<span data-balloon-length=\"medium\" aria-label=\"Diploma de gradua\u00e7\u00e3o em Pedagogia ou Normal Superior (Habilitado)\" data-balloon-pos=\"up\">Professor - Anos Iniciais (1\u00ba ao 5\u00ba Ano) - Educa\u00e7\u00e3o no Campo<\/span><\/td>\r\n<td class=\"cvagas\">CR<\/td>\r\n<td class=\"cremuneracao\">R$ 1.226,36 \/Vari\u00e1vel (10h a 40h)<\/td>\r\n<\/tr><tr>\r\n<td class=\"ccargos\">\r\n<span data-balloon-length=\"medium\" aria-label=\"Diploma de gradua\u00e7\u00e3o em Pedagogia ou Normal Superior (Habilitado)\" data-balloon-pos=\"up\">Professor - Educa\u00e7\u00e3o Infantil<\/span><\/td>\r\n<td class=\"cvagas\">CR<\/td>\r\n<td class=\"cremuneracao\">R$ 1.226,36 \/Vari\u00e1vel (10h a 40h)<\/td>\r\n<\/tr><tr>\r\n<td class=\"ccargos\">\r\n<span data-balloon-length=\"medium\" aria-label=\"Licenciatura em Educa\u00e7\u00e3o Especial ou Pedagogia com Habilita\u00e7\u00e3o\/Especializa\u00e7\u00e3o (Habilitado)\" data-balloon-pos=\"up\">Professor - Educa\u00e7\u00e3o Especial<\/span><\/td>\r\n<td class=\"cvagas\">CR<\/td>\r\n<td class=\"cremuneracao\">R$ 1.226,36 \/Vari\u00e1vel (10h a 40h)<\/td>\r\n<\/tr><tr>\r\n<td class=\"ccargos\">\r\n<span data-balloon-length=\"medium\" aria-label=\"Licenciatura em Arte ou Educa\u00e7\u00e3o Art\u00edstica (Habilitado)\" data-balloon-pos=\"up\">Professor - Arte<\/span><\/td>\r\n<td class=\"cvagas\">CR<\/td>\r\n<td class=\"cremuneracao\">R$ 1.226,36 \/Vari\u00e1vel (10h a 40h)<\/td>\r\n<\/tr><tr>\r\n<td class=\"ccargos\">\r\n<span data-balloon-length=\"medium\" aria-label=\"Licenciatura em Letras (Habilitado)\" data-balloon-pos=\"up\">Professor - L\u00edngua Portuguesa<\/span><\/td>\r\n<td class=\"cvagas\">CR<\/td>\r\n<td class=\"cremuneracao\">R$ 1.226,36 \/Vari\u00e1vel (10h a 40h)<\/td>\r\n<\/tr><tr>\r\n<td class=\"ccargos\">\r\n<span data-balloon-length=\"medium\" aria-label=\"Licenciatura em Ingl\u00eas ou Letras com habilita\u00e7\u00e3o em Ingl\u00eas (Habilitado)\" data-balloon-pos=\"up\">Professor - Ingl\u00eas<\/span><\/td>\r\n<td class=\"cvagas\">CR<\/td>\r\n<td class=\"cremuneracao\">R$ 1.226,36 \/Vari\u00e1vel (10h a 40h)<\/td>\r\n<\/tr><tr>\r\n<td class=\"ccargos\">\r\n<span data-balloon-length=\"medium\" aria-label=\"Licenciatura em Estudos Sociais ou Hist\u00f3ria (Habilitado)\" data-balloon-pos=\"up\">Professor - Hist\u00f3ria<\/span><\/td>\r\n<td class=\"cvagas\">CR<\/td>\r\n<td class=\"cremuneracao\">R$ 1.226,36 \/Vari\u00e1vel (10h a 40h)<\/td>\r\n<\/tr><tr>\r\n<td class=\"ccargos\">\r\n<span data-balloon-length=\"medium\" aria-label=\"Licenciatura em Estudos Sociais ou Geografia (Habilitado)\" data-balloon-pos=\"up\">Professor - Geografia<\/span><\/td>\r\n<td class=\"cvagas\">CR<\/td>\r\n<td class=\"cremuneracao\">R$ 1.226,36 \/Vari\u00e1vel (10h a 40h)<\/td>\r\n<\/tr><tr>\r\n<td class=\"ccargos\">\r\n<span data-balloon-length=\"medium\" aria-label=\"Licenciatura em Ci\u00eancias ou Ci\u00eancias Biol\u00f3gicas (Habilitado)\" data-balloon-pos=\"up\">Professor - Ci\u00eancias<\/span><\/td>\r\n<td class=\"cvagas\">CR<\/td>\r\n<td class=\"cremuneracao\">R$ 1.226,36 \/Vari\u00e1vel (10h a 40h)<\/td>\r\n<\/tr><tr>\r\n<td class=\"ccargos\">\r\n<span data-balloon-length=\"medium\" aria-label=\"Licenciatura em Matem\u00e1tica (Habilitado)\" data-balloon-pos=\"up\">Professor - Matem\u00e1tica<\/span><\/td>\r\n<td class=\"cvagas\">CR<\/td>\r\n<td class=\"cremuneracao\">R$ 1.226,36 \/Vari\u00e1vel (10h a 40h)<\/td>\r\n<\/tr><tr>\r\n<td class=\"ccargos\">\r\n<span data-balloon-length=\"medium\" aria-label=\"Licenciatura em Ci\u00eancias da Religi\u00e3o (Habilitado)\" data-balloon-pos=\"up\">Professor - Ensino Religioso<\/span><\/td>\r\n<td class=\"cvagas\">CR<\/td>\r\n<td class=\"cremuneracao\">R$ 1.226,36 \/Vari\u00e1vel (10h a 40h)<\/td>\r\n<\/tr><tr>\r\n<td class=\"ccargos\">\r\n<span data-balloon-length=\"medium\" aria-label=\"Licenciatura em Educa\u00e7\u00e3o F\u00edsica (Habilitado)\" data-balloon-pos=\"up\">Professor - Educa\u00e7\u00e3o F\u00edsica<\/span><\/td>\r\n<td class=\"cvagas\">CR<\/td>\r\n<td class=\"cremuneracao\">R$ 1.226,36 \/Vari\u00e1vel (10h a 40h)<\/td>\r\n<\/tr><tr>\r\n<td class=\"ccargos\">\r\n<span data-balloon-length=\"medium\" aria-label=\"Gradua\u00e7\u00e3o em Pedagogia\/Normal Superior + Forma\u00e7\u00e3o Continuada em Tecnologias Digitais (Habilitado)\" data-balloon-pos=\"up\">Professor - BNCC da Computa\u00e7\u00e3o (Projeto)<\/span><\/td>\r\n<td class=\"cvagas\">CR<\/td>\r\n<td class=\"cremuneracao\">R$ 1.226,36 \/Vari\u00e1vel (10h a 40h)<\/td>\r\n<\/tr><tr>\r\n<td class=\"ccargos\">\r\n<span data-balloon-length=\"medium\" aria-label=\"Gradua\u00e7\u00e3o em Pedagogia\/Normal Superior + Forma\u00e7\u00e3o Continuada em Educa\u00e7\u00e3o Financeira Escolar (Habilitado)\" data-balloon-pos=\"up\">Professor - Educa\u00e7\u00e3o Financeira (Projeto)<\/span><\/td>\r\n<td class=\"cvagas\">CR<\/td>\r\n<td class=\"cremuneracao\">R$ 1.226,36 \/Vari\u00e1vel (10h a 40h)<\/td>\r\n<\/tr><tr>\r\n<td class=\"ccargos\">\r\n<span data-balloon-length=\"medium\" aria-label=\"Gradua\u00e7\u00e3o em Pedagogia ou Normal Superior (Habilitado)\" data-balloon-pos=\"up\">Apoio Pedag\u00f3gico - Anos Iniciais (1\u00ba ao 5\u00ba Ano)<\/span><\/td>\r\n<td class=\"cvagas\">CR<\/td>\r\n<td class=\"cremuneracao\">R$ 1.226,36 \/Vari\u00e1vel (10h a 40h)<\/td>\r\n<\/tr><tr>\r\n<td class=\"ccargos\">\r\n<span data-balloon-length=\"medium\" aria-label=\"Licenciatura em Letras (Habilitado)\" data-balloon-pos=\"up\">Apoio Pedag\u00f3gico - L\u00edngua Portuguesa<\/span><\/td>\r\n<td class=\"cvagas\">CR<\/td>\r\n<td class=\"cremuneracao\">R$ 1.226,36 \/Vari\u00e1vel (10h a 40h)<\/td>\r\n<\/tr><tr>\r\n<td class=\"ccargos\">\r\n<span data-balloon-length=\"medium\" aria-label=\"Licenciatura em Matem\u00e1tica (Habilitado)\" data-balloon-pos=\"up\">Apoio Pedag\u00f3gico - Matem\u00e1tica<\/span><\/td>\r\n<td class=\"cvagas\">CR<\/td>\r\n<td class=\"cremuneracao\">R$ 1.226,36 \/Vari\u00e1vel (10h a 40h)<\/td>\r\n<\/tr><tr>\r\n<td class=\"ccargos\">\r\n<span data-balloon-length=\"medium\" aria-label=\"M\u00ednimo 5\u00ba semestre em Pedagogia\" data-balloon-pos=\"up\">Professor N\u00e3o Habilitado - Anos Iniciais (1\u00ba ao 5\u00ba Ano)<\/span><\/td>\r\n<td class=\"cvagas\">CR<\/td>\r\n<td class=\"cremuneracao\">R$ 1.093,49 \/Vari\u00e1vel (10h a 40h)<\/td>\r\n<\/tr><tr>\r\n<td class=\"ccargos\">\r\n<span data-balloon-length=\"medium\" aria-label=\"M\u00ednimo 5\u00ba semestre em Pedagogia\" data-balloon-pos=\"up\">Professor N\u00e3o Habilitado - Anos Iniciais (1\u00ba ao 5\u00ba Ano) - Educa\u00e7\u00e3o no Campo<\/span><\/td>\r\n<td class=\"cvagas\">CR<\/td>\r\n<td class=\"cremuneracao\">R$ 1.093,49 \/Vari\u00e1vel (10h a 40h)<\/td>\r\n<\/tr><tr>\r\n<td class=\"ccargos\">\r\n<span data-balloon-length=\"medium\" aria-label=\"M\u00ednimo 5\u00ba semestre em Pedagogia\" data-balloon-pos=\"up\">Professor N\u00e3o Habilitado - Educa\u00e7\u00e3o Infantil<\/span><\/td>\r\n<td class=\"cvagas\">CR<\/td>\r\n<td class=\"cremuneracao\">R$ 1.093,49 \/Vari\u00e1vel (10h a 40h)<\/td>\r\n<\/tr><tr>\r\n<td class=\"ccargos\">\r\n<span data-balloon-length=\"medium\" aria-label=\"M\u00ednimo 5\u00ba semestre de licenciatura em Educa\u00e7\u00e3o Especial\" data-balloon-pos=\"up\">Professor N\u00e3o Habilitado - Educa\u00e7\u00e3o Especial<\/span><\/td>\r\n<td class=\"cvagas\">CR<\/td>\r\n<td class=\"cremuneracao\">R$ 1.093,49 \/Vari\u00e1vel (10h a 40h)<\/td>\r\n<\/tr><tr>\r\n<td class=\"ccargos\">\r\n<span data-balloon-length=\"medium\" aria-label=\"M\u00ednimo 5\u00ba semestre de licenciatura em Artes\" data-balloon-pos=\"up\">Professor N\u00e3o Habilitado - Arte<\/span><\/td>\r\n<td class=\"cvagas\">CR<\/td>\r\n<td class=\"cremuneracao\">R$ 1.093,49 \/Vari\u00e1vel (10h a 40h)<\/td>\r\n<\/tr><tr>\r\n<td class=\"ccargos\">\r\n<span data-balloon-length=\"medium\" aria-label=\"M\u00ednimo 5\u00ba semestre de licenciatura em Letras\" data-balloon-pos=\"up\">Professor N\u00e3o Habilitado - L\u00edngua Portuguesa<\/span><\/td>\r\n<td class=\"cvagas\">CR<\/td>\r\n<td class=\"cremuneracao\">R$ 1.093,49 \/Vari\u00e1vel (10h a 40h)<\/td>\r\n<\/tr><tr>\r\n<td class=\"ccargos\">\r\n<span data-balloon-length=\"medium\" aria-label=\"M\u00ednimo 5\u00ba semestre de licenciatura em Letras\" data-balloon-pos=\"up\">Professor N\u00e3o Habilitado - Ingl\u00eas<\/span><\/td>\r\n<td class=\"cvagas\">CR<\/td>\r\n<td class=\"cremuneracao\">R$ 1.093,49 \/Vari\u00e1vel (10h a 40h)<\/td>\r\n<\/tr><tr>\r\n<td class=\"ccargos\">\r\n<span data-balloon-length=\"medium\" aria-label=\"M\u00ednimo 5\u00ba semestre de licenciatura em Hist\u00f3ria\" data-balloon-pos=\"up\">Professor N\u00e3o Habilitado - Hist\u00f3ria<\/span><\/td>\r\n<td class=\"cvagas\">CR<\/td>\r\n<td class=\"cremuneracao\">R$ 1.093,49 \/Vari\u00e1vel (10h a 40h)<\/td>\r\n<\/tr><tr>\r\n<td class=\"ccargos\">\r\n<span data-balloon-length=\"medium\" aria-label=\"M\u00ednimo 5\u00ba semestre de licenciatura em Geografia\" data-balloon-pos=\"up\">Professor N\u00e3o Habilitado - Geografia<\/span><\/td>\r\n<td class=\"cvagas\">CR<\/td>\r\n<td class=\"cremuneracao\">R$ 1.093,49 \/Vari\u00e1vel (10h a 40h)<\/td>\r\n<\/tr><tr>\r\n<td class=\"ccargos\">\r\n<span data-balloon-length=\"medium\" aria-label=\"M\u00ednimo 5\u00ba semestre de licenciatura em Ci\u00eancias ou Ci\u00eancias Biol\u00f3gicas\" data-balloon-pos=\"up\">Professor N\u00e3o Habilitado - Ci\u00eancias<\/span><\/td>\r\n<td class=\"cvagas\">CR<\/td>\r\n<td class=\"cremuneracao\">R$ 1.093,49 \/Vari\u00e1vel (10h a 40h)<\/td>\r\n<\/tr><tr>\r\n<td class=\"ccargos\">\r\n<span data-balloon-length=\"medium\" aria-label=\"M\u00ednimo 5\u00ba semestre de licenciatura em Matem\u00e1tica\" data-balloon-pos=\"up\">Professor N\u00e3o Habilitado - Matem\u00e1tica<\/span><\/td>\r\n<td class=\"cvagas\">CR<\/td>\r\n<td class=\"cremuneracao\">R$ 1.093,49 \/Vari\u00e1vel (10h a 40h)<\/td>\r\n<\/tr><tr>\r\n<td class=\"ccargos\">\r\n<span data-balloon-length=\"medium\" aria-label=\"M\u00ednimo 5\u00ba semestre de licenciatura em Ci\u00eancias da Religi\u00e3o, Pedagogia ou Magist\u00e9rio conclu\u00eddo\" data-balloon-pos=\"up\">Professor N\u00e3o Habilitado - Ensino Religioso<\/span><\/td>\r\n<td class=\"cvagas\">CR<\/td>\r\n<td class=\"cremuneracao\">R$ 1.093,49 \/Vari\u00e1vel (10h a 40h)<\/td>\r\n<\/tr>\r\n    <\/tbody>\r\n  <\/table>\r\n<\/div>"},"_links":{"self":[{"href":"https:\/\/www.agrobase.com.br\/concursos\/wp-json\/wp\/v2\/posts\/277284","targetHints":{"allow":["GET"]}}],"collection":[{"href":"https:\/\/www.agrobase.com.br\/concursos\/wp-json\/wp\/v2\/posts"}],"about":[{"href":"https:\/\/www.agrobase.com.br\/concursos\/wp-json\/wp\/v2\/types\/post"}],"author":[{"embeddable":true,"href":"https:\/\/www.agrobase.com.br\/concursos\/wp-json\/wp\/v2\/users\/7"}],"replies":[{"embeddable":true,"href":"https:\/\/www.agrobase.com.br\/concursos\/wp-json\/wp\/v2\/comments?post=277284"}],"version-history":[{"count":1,"href":"https:\/\/www.agrobase.com.br\/concursos\/wp-json\/wp\/v2\/posts\/277284\/revisions"}],"predecessor-version":[{"id":277286,"href":"https:\/\/www.agrobase.com.br\/concursos\/wp-json\/wp\/v2\/posts\/277284\/revisions\/277286"}],"wp:featuredmedia":[{"embeddable":true,"href":"https:\/\/www.agrobase.com.br\/concursos\/wp-json\/wp\/v2\/media\/277283"}],"wp:attachment":[{"href":"https:\/\/www.agrobase.com.br\/concursos\/wp-json\/wp\/v2\/media?parent=277284"}],"wp:term":[{"taxonomy":"category","embeddable":true,"href":"https:\/\/www.agrobase.com.br\/concursos\/wp-json\/wp\/v2\/categories?post=277284"},{"taxonomy":"post_tag","embeddable":true,"href":"https:\/\/www.agrobase.com.br\/concursos\/wp-json\/wp\/v2\/tags?post=277284"},{"taxonomy":"_amplo","embeddable":true,"href":"https:\/\/www.agrobase.com.br\/concursos\/wp-json\/wp\/v2\/_amplo?post=277284"},{"taxonomy":"destaque","embeddable":true,"href":"https:\/\/www.agrobase.com.br\/concursos\/wp-json\/wp\/v2\/destaque?post=277284"},{"taxonomy":"instituicoes","embeddable":true,"href":"https:\/\/www.agrobase.com.br\/concursos\/wp-json\/wp\/v2\/instituicoes?post=277284"}],"curies":[{"name":"wp","href":"https:\/\/api.w.org\/{rel}","templated":true}]}}