{"id":277194,"date":"2026-01-23T07:10:12","date_gmt":"2026-01-23T10:10:12","guid":{"rendered":"https:\/\/www.agrobase.com.br\/concursos\/?p=277194"},"modified":"2026-01-23T11:40:06","modified_gmt":"2026-01-23T14:40:06","slug":"prefeitura-sao-vicente-do-serido-pb-selecao-simplificada-01-2026","status":"publish","type":"post","link":"https:\/\/www.agrobase.com.br\/concursos\/2026\/prefeitura-sao-vicente-do-serido-pb-selecao-simplificada-01-2026\/","title":{"rendered":"Prefeitura S\u00e3o Vicente do Serid\u00f3 (PB) &#8211; Sele\u00e7\u00e3o Simplificada 01\/2026"},"content":{"rendered":"<h2>Informa\u00e7\u00f5es Gerais<\/h2>\n<p>A <strong>Secretaria Municipal de Educa\u00e7\u00e3o de S\u00e3o Vicente do Serid\u00f3<\/strong>, no Estado da Para\u00edba, publicou o <strong>Edital SME n\u00ba 001\/2026<\/strong>, que estabelece as normas para a realiza\u00e7\u00e3o de Processo Seletivo Simplificado destinado \u00e0 contrata\u00e7\u00e3o tempor\u00e1ria de profissionais para atender \u00e0s necessidades da rede municipal de ensino.<\/p>\n<p>O certame oferece <strong>146 vagas imediatas<\/strong>, al\u00e9m de forma\u00e7\u00e3o de cadastro reserva, distribu\u00eddas entre cargos de n\u00edveis Fundamental Incompleto, Fundamental Completo, M\u00e9dio\/T\u00e9cnico e Superior. As remunera\u00e7\u00f5es variam de <strong>R$ 1.621,00 a R$ 3.802,94<\/strong>, com carga hor\u00e1ria de 30 a 40 horas semanais.<\/p>\n<p>As oportunidades contemplam diversas \u00e1reas da educa\u00e7\u00e3o, incluindo <strong>Professor Polivalente<\/strong> (Educa\u00e7\u00e3o Infantil e Fundamental I), professores de disciplinas espec\u00edficas (Matem\u00e1tica, Portugu\u00eas, Geografia, Ci\u00eancias, Hist\u00f3ria e Ingl\u00eas), al\u00e9m de cargos t\u00e9cnicos e de apoio como Auxiliar Administrativo, Inspetor Escolar, Vigilante, Merendeira e Motorista.<\/p>\n<p>Destaque para as vagas de <strong>Nutricionista<\/strong>, com remunera\u00e7\u00e3o de R$ 2.500,00, voltadas para profissionais com forma\u00e7\u00e3o superior em Nutri\u00e7\u00e3o. O processo tamb\u00e9m oferece oportunidades para Psic\u00f3logo Educacional e Psicopedagogo.<\/p>\n<p>Continue a leitura para conhecer todos os detalhes sobre inscri\u00e7\u00f5es, etapas de sele\u00e7\u00e3o e como acompanhar os resultados deste processo seletivo.<\/p>\n<h2>Inscri\u00e7\u00f5es<\/h2>\n<p>As inscri\u00e7\u00f5es para o Processo Seletivo Simplificado da Secretaria Municipal de Educa\u00e7\u00e3o de S\u00e3o Vicente do Serid\u00f3\/PB ser\u00e3o realizadas no per\u00edodo de <strong>21 de janeiro de 2026 a 23 de janeiro de 2026<\/strong>, exclusivamente de forma <strong>presencial<\/strong>.<\/p>\n<p>Para se inscrever, o candidato dever\u00e1 comparecer ao <strong>Setor de Recursos Humanos<\/strong>, junto \u00e0 Secretaria Municipal de Administra\u00e7\u00e3o, localizada na Avenida Senador Rui Carneiro, n\u00ba 355, Centro, S\u00e3o Vicente do Serid\u00f3\/PB, no hor\u00e1rio das <strong>08h \u00e0s 11h30<\/strong> e das <strong>14h \u00e0s 17h<\/strong>.<\/p>\n<p>O procedimento de inscri\u00e7\u00e3o consiste em:<\/p>\n<ul>\n<li>Preenchimento e entrega do Formul\u00e1rio de Inscri\u00e7\u00e3o (Anexo II do edital)<\/li>\n<li>Entrega de toda a documenta\u00e7\u00e3o exigida no item 2.12 do edital<\/li>\n<li>Pagamento da taxa de inscri\u00e7\u00e3o mediante dep\u00f3sito ou transfer\u00eancia banc\u00e1ria<\/li>\n<\/ul>\n<p>O pagamento deve ser realizado em favor da <strong>Prefeitura Municipal de S\u00e3o Vicente do Serid\u00f3<\/strong>, atrav\u00e9s das seguintes op\u00e7\u00f5es:<\/p>\n<ul>\n<li>Banco do Brasil \u2013 Ag\u00eancia 1149-5 \u2013 Conta Corrente n\u00ba 31510-9<\/li>\n<li>Chave Pix: 6f01ff3c-b600-4c38-af51-0ef226fd22ee (chave aleat\u00f3ria)<\/li>\n<\/ul>\n<p>\u00c9 obrigat\u00f3ria a apresenta\u00e7\u00e3o do comprovante de pagamento no ato da inscri\u00e7\u00e3o. <strong>N\u00e3o ser\u00e3o aceitas inscri\u00e7\u00f5es condicionais, via fax, por correspond\u00eancia ou fora do prazo estabelecido.<\/strong><\/p>\n<p>A inscri\u00e7\u00e3o implica no conhecimento e aceita\u00e7\u00e3o t\u00e1cita de todas as condi\u00e7\u00f5es estabelecidas no edital. Recomenda-se a leitura integral do documento oficial antes de efetuar a inscri\u00e7\u00e3o.<\/p>\n<h2>Etapas e Provas<\/h2>\n<p>O Processo Seletivo Simplificado da Secretaria Municipal de Educa\u00e7\u00e3o de S\u00e3o Vicente do Serid\u00f3\/PB ser\u00e1 composto por <strong>duas etapas<\/strong> de avalia\u00e7\u00e3o:<\/p>\n<ul>\n<li><strong>1\u00aa Fase \u2013 An\u00e1lise Curricular (Prova de T\u00edtulos)<\/strong>: etapa de car\u00e1ter <strong>classificat\u00f3rio<\/strong>, aplic\u00e1vel a todos os cargos, que avaliar\u00e1 a qualifica\u00e7\u00e3o profissional e a experi\u00eancia do candidato.<\/li>\n<li><strong>2\u00aa Fase \u2013 Entrevista<\/strong>: etapa de car\u00e1ter <strong>eliminat\u00f3rio e classificat\u00f3rio<\/strong>, obrigat\u00f3ria para todos os cargos.<\/li>\n<\/ul>\n<p><strong>Detalhamento da Prova de T\u00edtulos:<\/strong><\/p>\n<p>A avalia\u00e7\u00e3o de t\u00edtulos ter\u00e1 valor m\u00e1ximo de <strong>40 pontos<\/strong>, distribu\u00eddos da seguinte forma:<\/p>\n<ul>\n<li>Experi\u00eancia Profissional: at\u00e9 20 pontos<\/li>\n<li>Qualifica\u00e7\u00e3o Profissional: at\u00e9 20 pontos<\/li>\n<\/ul>\n<p>Os crit\u00e9rios espec\u00edficos de pontua\u00e7\u00e3o est\u00e3o detalhados nos Anexos III e IV do edital.<\/p>\n<p><strong>Detalhamento da Entrevista:<\/strong><\/p>\n<p>As entrevistas e a entrega de t\u00edtulos est\u00e3o previstas para os dias <strong>04 a 06 de fevereiro de 2026<\/strong>. A avalia\u00e7\u00e3o ser\u00e1 realizada por uma banca composta por 05 (cinco) avaliadores, sendo a nota final da entrevista calculada pela m\u00e9dia das pontua\u00e7\u00f5es atribu\u00eddas.<\/p>\n<p>Para informa\u00e7\u00f5es completas sobre os crit\u00e9rios de avalia\u00e7\u00e3o, documenta\u00e7\u00e3o necess\u00e1ria e cronograma detalhado, consulte o edital oficial do certame.<\/p>\n<h2>Resultados e Gabarito<\/h2>\n<p>A <strong>Pontua\u00e7\u00e3o Final<\/strong> dos candidatos ser\u00e1 calculada pela soma da m\u00e9dia obtida na Entrevista (atribu\u00edda pelos 05 avaliadores) com a pontua\u00e7\u00e3o total da Prova de T\u00edtulos e experi\u00eancia profissional.<\/p>\n<p><strong>Crit\u00e9rios de classifica\u00e7\u00e3o:<\/strong><\/p>\n<ul>\n<li>A classifica\u00e7\u00e3o seguir\u00e1 ordem num\u00e9rica decrescente da pontua\u00e7\u00e3o final<\/li>\n<li>O primeiro lugar ser\u00e1 atribu\u00eddo ao candidato com maior pontua\u00e7\u00e3o, e assim sucessivamente<\/li>\n<li>A classifica\u00e7\u00e3o ser\u00e1 organizada por cargo de inscri\u00e7\u00e3o<\/li>\n<\/ul>\n<p><strong>Divulga\u00e7\u00e3o dos resultados:<\/strong><\/p>\n<p>Ser\u00e3o publicadas duas listas de classifica\u00e7\u00e3o:<\/p>\n<ul>\n<li>Lista geral com todos os candidatos aprovados<\/li>\n<li>Lista espec\u00edfica com candidatos com defici\u00eancia<\/li>\n<\/ul>\n<p>O resultado provis\u00f3rio e o resultado final ser\u00e3o divulgados no site oficial do munic\u00edpio: <strong>https:\/\/saovicentedoserido.pb.gov.br\/<\/strong>, conforme cronograma estabelecido no edital.<\/p>\n<p><strong>Convoca\u00e7\u00e3o e homologa\u00e7\u00e3o:<\/strong><\/p>\n<p>Ap\u00f3s a homologa\u00e7\u00e3o oficial do Processo Seletivo Simplificado, a convoca\u00e7\u00e3o dos classificados ser\u00e1 realizada atrav\u00e9s de publica\u00e7\u00e3o no <strong>Di\u00e1rio Oficial do Munic\u00edpio de S\u00e3o Vicente do Serid\u00f3\/PB<\/strong>, no prazo m\u00e1ximo de 30 (trinta) dias, de acordo com o n\u00famero de vagas dispon\u00edveis.<\/p>\n<p><strong>Importante:<\/strong> O acompanhamento de todas as publica\u00e7\u00f5es, comunicados e convoca\u00e7\u00f5es \u00e9 de <strong>responsabilidade exclusiva do candidato<\/strong>. Recomenda-se consultar regularmente o site oficial do munic\u00edpio e o Di\u00e1rio Oficial para n\u00e3o perder nenhum prazo ou informa\u00e7\u00e3o relevante.<\/p>\n","protected":false},"excerpt":{"rendered":"<p>Inscri\u00e7\u00f5es abrem 21\/01! Sel. Simplificada Pref. S\u00e3o Vicente do Serid\u00f3 (PB) p\/ Professor e Apoio Escolar (Fund. a Sup.). Sal\u00e1rios at\u00e9 R$3.8k. Veja o edital!<\/p>\n","protected":false},"author":7,"featured_media":277193,"comment_status":"open","ping_status":"open","sticky":false,"template":"","format":"standard","meta":{"_acf_changed":false,"_breakdance_hide_in_design_set":false,"_breakdance_tags":"","footnotes":""},"categories":[6433,6436,111,100,20,6871,116,23,25,26,6435],"tags":[53],"_amplo":[],"destaque":[],"instituicoes":[],"class_list":["post-277194","post","type-post","status-publish","format-standard","has-post-thumbnail","hentry","category-biologia-licenciatura","category-fisica-licenciatura","category-geografia","category-historia","category-letras","category-letras-ingles","category-matematica","category-nutricao","category-pedagogia","category-psicologia","category-quimica-licenciatura","tag-paraiba"],"acf":{"_tipo_vagas":"vagas","_numero_vagas":"","_quadro_vagas":"","_cargos":"diversos","_cargos_especificos":"","_salario_max":"R$ 3802.94","_abertura":"20260121","_encerramento":"20260123","_inscricoes":"https:\/\/saovicentedoserido.pb.gov.br\/","_executora_concurso":"","_instituicao_concurso":[],"_link_adicional":null,"_anexos":null,"_produtos":null,"_vagas":"146 vagas + CR","_salario_min":"R$ 1621","_instituicao":"Prefeitura de S\u00e3o Vicente do Serid\u00f3","_edital":"https:\/\/www.agrobase.com.br\/concursos\/wp-content\/uploads\/sites\/4\/2026\/01\/edital-01-2026-prefeitura-de-sao-vicente-do-serido-pb.pdf","_anexos_edital":"https:\/\/www.agrobase.com.br\/concursos\/wp-content\/uploads\/sites\/4\/2026\/01\/anexos-edital-01-2026-prefeitura-de-sao-vicente-do-serido-pb.pdf","_fund_incompleto":"<div>\r\n<table class=\"quadro\">\r\n<thead>\r\n<tr>\r\n<th class=\"hcargo\">Cargo<\/th>\r\n<th class=\"hvagas\">Vagas<\/th>\r\n<th class=\"hremuneracao\">Remunera\u00e7\u00e3o<\/th>\r\n<\/tr>\r\n<\/thead>\r\n    <tbody>\r\n      <td class=\"ccargos\">\r\n<span data-balloon-length=\"medium\" aria-label=\"Ensino Fundamental Incompleto + Carteira de Motorista B\" data-balloon-pos=\"up\">Motorista<\/span><\/td>\r\n<td class=\"cvagas\">02 + CR<\/td>\r\n<td class=\"cremuneracao\">R$ 1.621,00 \/40 horas<\/td>\r\n<\/tr>\r\n    <\/tbody>\r\n  <\/table>\r\n<\/div>","_fund_completo":"<div>\r\n<table class=\"quadro\">\r\n<thead>\r\n<tr>\r\n<th class=\"hcargo\">Cargo<\/th>\r\n<th class=\"hvagas\">Vagas<\/th>\r\n<th class=\"hremuneracao\">Remunera\u00e7\u00e3o<\/th>\r\n<\/tr>\r\n<\/thead>\r\n    <tbody>\r\n      <td class=\"ccargos\">\r\n<span data-balloon-length=\"medium\" aria-label=\"Ensino Fundamental Completo\" data-balloon-pos=\"up\">Auxiliar de Servi\u00e7os<\/span><\/td>\r\n<td class=\"cvagas\">20 + CR<\/td>\r\n<td class=\"cremuneracao\">R$ 1.621,00 \/40 horas<\/td>\r\n<\/tr><td class=\"ccargos\">\r\n<span data-balloon-length=\"medium\" aria-label=\"Ensino Fundamental Completo\" data-balloon-pos=\"up\">Merendeira<\/span><\/td>\r\n<td class=\"cvagas\">15 + CR<\/td>\r\n<td class=\"cremuneracao\">R$ 1.621,00 \/40 horas<\/td>\r\n<\/tr>\r\n    <\/tbody>\r\n  <\/table>\r\n<\/div>","_medio":"<div>\r\n<table class=\"quadro\">\r\n<thead>\r\n<tr>\r\n<th class=\"hcargo\">Cargo<\/th>\r\n<th class=\"hvagas\">Vagas<\/th>\r\n<th class=\"hremuneracao\">Remunera\u00e7\u00e3o<\/th>\r\n<\/tr>\r\n<\/thead>\r\n    <tbody>\r\n      <td class=\"ccargos\">\r\n<span data-balloon-length=\"medium\" aria-label=\"Ensino M\u00e9dio Completo + Curso de Forma\u00e7\u00e3o Profissional em Apoio Escolar na Educa\u00e7\u00e3o Especial\" data-balloon-pos=\"up\">Profissional de apoio escolar para Aluno Especial<\/span><\/td>\r\n<td class=\"cvagas\">20 + CR<\/td>\r\n<td class=\"cremuneracao\">R$ 1.621,00 \/40 horas<\/td>\r\n<\/tr><td class=\"ccargos\">\r\n<span data-balloon-length=\"medium\" aria-label=\"Ensino M\u00e9dio Completo ou Cursar (pelo menos 80%) Superior em Pedagogia\" data-balloon-pos=\"up\">Auxiliar de Doc\u00eancia \u2013 Educa\u00e7\u00e3o Infantil I<\/span><\/td>\r\n<td class=\"cvagas\">10 + CR<\/td>\r\n<td class=\"cremuneracao\">R$ 1.621,00 \/40 horas<\/td>\r\n<\/tr><td class=\"ccargos\">\r\n<span data-balloon-length=\"medium\" aria-label=\"Ensino M\u00e9dio Completo\" data-balloon-pos=\"up\">Auxiliar Administrativo<\/span><\/td>\r\n<td class=\"cvagas\">15 + CR<\/td>\r\n<td class=\"cremuneracao\">R$ 1.621,00 \/40 horas<\/td>\r\n<\/tr><td class=\"ccargos\">\r\n<span data-balloon-length=\"medium\" aria-label=\"Ensino M\u00e9dio Completo\" data-balloon-pos=\"up\">Inspetor Escolar<\/span><\/td>\r\n<td class=\"cvagas\">05 + CR<\/td>\r\n<td class=\"cremuneracao\">R$ 1.621,00 \/40 horas<\/td>\r\n<\/tr><td class=\"ccargos\">\r\n<span data-balloon-length=\"medium\" aria-label=\"Ensino M\u00e9dio Completo\" data-balloon-pos=\"up\">Vigilante<\/span><\/td>\r\n<td class=\"cvagas\">15 + CR<\/td>\r\n<td class=\"cremuneracao\">R$ 1.621,00 \/40 horas<\/td>\r\n<\/tr>\r\n    <\/tbody>\r\n  <\/table>\r\n<\/div>","_superior":"<div>\r\n<table class=\"quadro\">\r\n<thead>\r\n<tr>\r\n<th class=\"hcargo\">Cargo<\/th>\r\n<th class=\"hvagas\">Vagas<\/th>\r\n<th class=\"hremuneracao\">Remunera\u00e7\u00e3o<\/th>\r\n<\/tr>\r\n<\/thead>\r\n    <tbody>\r\n      <tr>\r\n<td class=\"ccargos\">\r\n<span data-balloon-length=\"medium\" aria-label=\"Curso Superior em Pedagogia\" data-balloon-pos=\"up\">Professor Polivalente (Educa\u00e7\u00e3o Infantil I e II e Fundamental I)<\/span><\/td>\r\n<td class=\"cvagas\">30 + CR<\/td>\r\n<td class=\"cremuneracao\">R$ 3.802,94 \/30 horas<\/td>\r\n<\/tr><tr>\r\n<td class=\"ccargos\">\r\n<span data-balloon-length=\"medium\" aria-label=\"Curso Superior de Licenciatura\" data-balloon-pos=\"up\">Professor de Matem\u00e1tica<\/span><\/td>\r\n<td class=\"cvagas\">02 + CR<\/td>\r\n<td class=\"cremuneracao\">R$ 3.802,94 \/30 horas<\/td>\r\n<\/tr><tr>\r\n<td class=\"ccargos\">\r\n<span data-balloon-length=\"medium\" aria-label=\"Curso Superior de Licenciatura em Letras Portugu\u00eas\" data-balloon-pos=\"up\">Professor de Portugu\u00eas<\/span><\/td>\r\n<td class=\"cvagas\">02 + CR<\/td>\r\n<td class=\"cremuneracao\">R$ 3.802,94 \/30 horas<\/td>\r\n<\/tr><tr>\r\n<td class=\"ccargos\">\r\n<span data-balloon-length=\"medium\" aria-label=\"Curso Superior de Licenciatura em Geografia\" data-balloon-pos=\"up\">Professor de Geografia<\/span><\/td>\r\n<td class=\"cvagas\">01 + CR<\/td>\r\n<td class=\"cremuneracao\">R$ 3.802,94 \/30 horas<\/td>\r\n<\/tr><tr>\r\n<td class=\"ccargos\">\r\n<span data-balloon-length=\"medium\" aria-label=\"Curso Superior de Licenciatura em F\u00edsica, em Qu\u00edmica ou em Biologia\" data-balloon-pos=\"up\">Professor de Ci\u00eancias<\/span><\/td>\r\n<td class=\"cvagas\">01 + CR<\/td>\r\n<td class=\"cremuneracao\">R$ 3.802,94 \/30 horas<\/td>\r\n<\/tr><tr>\r\n<td class=\"ccargos\">\r\n<span data-balloon-length=\"medium\" aria-label=\"Curso Superior de Licenciatura em Hist\u00f3ria\" data-balloon-pos=\"up\">Professor de Hist\u00f3ria<\/span><\/td>\r\n<td class=\"cvagas\">01 + CR<\/td>\r\n<td class=\"cremuneracao\">R$ 3.802,94 \/30 horas<\/td>\r\n<\/tr><tr>\r\n<td class=\"ccargos\">\r\n<span data-balloon-length=\"medium\" aria-label=\"Curso Superior de Licenciatura em Letras Ingl\u00eas\" data-balloon-pos=\"up\">Professor de Ingl\u00eas<\/span><\/td>\r\n<td class=\"cvagas\">01 + CR<\/td>\r\n<td class=\"cremuneracao\">R$ 3.802,94 \/30 horas<\/td>\r\n<\/tr><tr>\r\n<td class=\"ccargos\">\r\n<span data-balloon-length=\"medium\" aria-label=\"Curso Superior em Nutri\u00e7\u00e3o\" data-balloon-pos=\"up\">Nutricionista<\/span><\/td>\r\n<td class=\"cvagas\">02 + CR<\/td>\r\n<td class=\"cremuneracao\">R$ 2.500,00 \/30 horas<\/td>\r\n<\/tr><tr>\r\n<td class=\"ccargos\">\r\n<span data-balloon-length=\"medium\" aria-label=\"Curso Superior em Psicologia + P\u00f3s-gradua\u00e7\u00e3o em Psicologia Educacional\" data-balloon-pos=\"up\">Psic\u00f3logo Educacional<\/span><\/td>\r\n<td class=\"cvagas\">02 + CR<\/td>\r\n<td class=\"cremuneracao\">R$ 2.500,00 \/30 horas<\/td>\r\n<\/tr><tr>\r\n<td class=\"ccargos\">\r\n<span data-balloon-length=\"medium\" aria-label=\"Curso Superior + P\u00f3s-gradua\u00e7\u00e3o em Psicopedagogia\" data-balloon-pos=\"up\">Psicopedagogo<\/span><\/td>\r\n<td class=\"cvagas\">02 + CR<\/td>\r\n<td class=\"cremuneracao\">R$ 2.500,00 \/30 horas<\/td>\r\n<\/tr>\r\n    <\/tbody>\r\n  <\/table>\r\n<\/div>"},"_links":{"self":[{"href":"https:\/\/www.agrobase.com.br\/concursos\/wp-json\/wp\/v2\/posts\/277194","targetHints":{"allow":["GET"]}}],"collection":[{"href":"https:\/\/www.agrobase.com.br\/concursos\/wp-json\/wp\/v2\/posts"}],"about":[{"href":"https:\/\/www.agrobase.com.br\/concursos\/wp-json\/wp\/v2\/types\/post"}],"author":[{"embeddable":true,"href":"https:\/\/www.agrobase.com.br\/concursos\/wp-json\/wp\/v2\/users\/7"}],"replies":[{"embeddable":true,"href":"https:\/\/www.agrobase.com.br\/concursos\/wp-json\/wp\/v2\/comments?post=277194"}],"version-history":[{"count":1,"href":"https:\/\/www.agrobase.com.br\/concursos\/wp-json\/wp\/v2\/posts\/277194\/revisions"}],"predecessor-version":[{"id":277196,"href":"https:\/\/www.agrobase.com.br\/concursos\/wp-json\/wp\/v2\/posts\/277194\/revisions\/277196"}],"wp:featuredmedia":[{"embeddable":true,"href":"https:\/\/www.agrobase.com.br\/concursos\/wp-json\/wp\/v2\/media\/277193"}],"wp:attachment":[{"href":"https:\/\/www.agrobase.com.br\/concursos\/wp-json\/wp\/v2\/media?parent=277194"}],"wp:term":[{"taxonomy":"category","embeddable":true,"href":"https:\/\/www.agrobase.com.br\/concursos\/wp-json\/wp\/v2\/categories?post=277194"},{"taxonomy":"post_tag","embeddable":true,"href":"https:\/\/www.agrobase.com.br\/concursos\/wp-json\/wp\/v2\/tags?post=277194"},{"taxonomy":"_amplo","embeddable":true,"href":"https:\/\/www.agrobase.com.br\/concursos\/wp-json\/wp\/v2\/_amplo?post=277194"},{"taxonomy":"destaque","embeddable":true,"href":"https:\/\/www.agrobase.com.br\/concursos\/wp-json\/wp\/v2\/destaque?post=277194"},{"taxonomy":"instituicoes","embeddable":true,"href":"https:\/\/www.agrobase.com.br\/concursos\/wp-json\/wp\/v2\/instituicoes?post=277194"}],"curies":[{"name":"wp","href":"https:\/\/api.w.org\/{rel}","templated":true}]}}