{"id":277188,"date":"2026-01-26T07:00:38","date_gmt":"2026-01-26T10:00:38","guid":{"rendered":"https:\/\/www.agrobase.com.br\/concursos\/?p=277188"},"modified":"2026-01-23T11:34:06","modified_gmt":"2026-01-23T14:34:06","slug":"prefeitura-conselheiro-pena-mg-concurso-01-2026","status":"publish","type":"post","link":"https:\/\/www.agrobase.com.br\/concursos\/2026\/prefeitura-conselheiro-pena-mg-concurso-01-2026\/","title":{"rendered":"Prefeitura Conselheiro Pena (MG) &#8211; Concurso 01\/2026"},"content":{"rendered":"<h2>Informa\u00e7\u00f5es Gerais<\/h2>\n<p>A <strong>Prefeitura Municipal de Conselheiro Pena<\/strong>, no Estado de Minas Gerais, publicou edital de <strong>Concurso P\u00fablico<\/strong> para provimento de cargos efetivos em diversas \u00e1reas da administra\u00e7\u00e3o municipal. O certame oferece <strong>242 vagas<\/strong> imediatas, sob regime estatut\u00e1rio, com remunera\u00e7\u00f5es que variam de <strong>R$ 1.590,27 a R$ 7.210,35<\/strong>.<\/p>\n<p>O concurso contempla oportunidades para todos os n\u00edveis de escolaridade: <strong>Fundamental Incompleto e Completo<\/strong>, <strong>M\u00e9dio\/T\u00e9cnico<\/strong> e <strong>Superior<\/strong>. As vagas est\u00e3o distribu\u00eddas em \u00e1reas como Educa\u00e7\u00e3o, Sa\u00fade, Administra\u00e7\u00e3o, Fiscaliza\u00e7\u00e3o, Obras e Servi\u00e7os Urbanos.<\/p>\n<p>Entre os cargos de n\u00edvel superior, destacam-se vagas para <strong>Nutricionista<\/strong> e <strong>Veterin\u00e1rio<\/strong>, al\u00e9m de oportunidades para Advogado, Arquiteto, Assistente Social, Contador, Enfermeiro, Engenheiro Civil, Farmac\u00eautico, Fonoaudi\u00f3logo, Terapeuta Ocupacional e T\u00e9cnico de Processamento de Dados. A \u00e1rea da Educa\u00e7\u00e3o concentra o maior n\u00famero de vagas, com 70 postos para Professor da Educa\u00e7\u00e3o B\u00e1sica e 01 para Supervisor Escolar.<\/p>\n<p>O processo seletivo ser\u00e1 conduzido pelo <strong>Instituto IMESO<\/strong> e contar\u00e1 com Provas Objetivas para todos os cargos, Prova de T\u00edtulos para cargos de n\u00edvel superior da Educa\u00e7\u00e3o e Prova Pr\u00e1tica para cargos espec\u00edficos. Continue a leitura para conhecer todos os detalhes sobre inscri\u00e7\u00f5es, etapas e cronograma do certame.<\/p>\n<h2>Inscri\u00e7\u00f5es<\/h2>\n<p>As <strong>inscri\u00e7\u00f5es est\u00e3o abertas<\/strong> e podem ser realizadas de duas formas: online ou presencial.<\/p>\n<p><strong>Per\u00edodo de inscri\u00e7\u00f5es:<\/strong> das <strong>10h do dia 04 de maio de 2026<\/strong> at\u00e9 as <strong>17h do dia 08 de junho de 2026<\/strong> (hor\u00e1rio de Bras\u00edlia).<\/p>\n<p><strong>Inscri\u00e7\u00e3o online:<\/strong> deve ser realizada exclusivamente pelo site <strong>https:\/\/portal.imeso.com.br\/<\/strong>. O candidato dever\u00e1 preencher o Requerimento de Inscri\u00e7\u00e3o com dados verdadeiros, sob pena de responsabiliza\u00e7\u00e3o legal.<\/p>\n<p><strong>Inscri\u00e7\u00e3o presencial:<\/strong> pode ser feita na sede da Prefeitura Municipal de Conselheiro Pena, localizada na Pra\u00e7a Jo\u00e3o Luiz da Silva, 156, Centro, CEP 35.240.049. O atendimento ocorre de segunda a sexta-feira, das 08h30 \u00e0s 11h30 e das 12h30 \u00e0s 16h00, exceto s\u00e1bados, domingos, feriados e pontos facultativos.<\/p>\n<p><strong>Importante:<\/strong> n\u00e3o ser\u00e3o aceitas inscri\u00e7\u00f5es por via postal, fax, e-mail ou qualquer outro meio n\u00e3o especificado no edital. Inscri\u00e7\u00f5es condicionais tamb\u00e9m n\u00e3o ser\u00e3o admitidas.<\/p>\n<p>Ao efetuar a inscri\u00e7\u00e3o, o candidato declara estar ciente de todas as exig\u00eancias e normas do concurso, bem como possuir os requisitos necess\u00e1rios para o provimento do cargo pretendido, comprometendo-se a apresentar a documenta\u00e7\u00e3o comprobat\u00f3ria caso seja nomeado.<\/p>\n<p>Eventuais retifica\u00e7\u00f5es nos dados cadastrais poder\u00e3o ser realizadas em Ata no dia da aplica\u00e7\u00e3o da prova objetiva. Recomenda-se a leitura integral do edital para conhecer todos os procedimentos, valores de taxas de inscri\u00e7\u00e3o e poss\u00edveis crit\u00e9rios de isen\u00e7\u00e3o.<\/p>\n<p>As taxas de inscri\u00e7\u00e3o apresentam valores entre <strong>R$ 80,00, R$ 90,00 e R$ 100,00<\/strong>, de acordo com a escolaridade exigida pelo cargo de interesse.<\/p>\n<h2>Etapas e Provas<\/h2>\n<p>O Concurso P\u00fablico da Prefeitura de Conselheiro Pena ser\u00e1 composto por at\u00e9 tr\u00eas etapas, conforme o cargo pretendido:<\/p>\n<ul>\n<li><strong>Prova Objetiva de M\u00faltipla Escolha<\/strong> \u2014 aplicada a todos os cargos, com car\u00e1ter eliminat\u00f3rio e classificat\u00f3rio. A prova ter\u00e1 dura\u00e7\u00e3o de <strong>02h30 (duas horas e trinta minutos)<\/strong> e ser\u00e1 realizada nos dias <strong>11 e 12 de julho de 2026<\/strong>.<\/li>\n<li><strong>Prova Pr\u00e1tica<\/strong> \u2014 de car\u00e1ter eliminat\u00f3rio, destinada exclusivamente aos candidatos aos cargos de: <strong>Agente Administrativo, Eletricista, Mec\u00e2nico de Manuten\u00e7\u00e3o, Operador de M\u00e1quinas, Pedreiro e Soldador<\/strong>. Ser\u00e3o convocados os candidatos aprovados na Prova Objetiva em at\u00e9 duas vezes o n\u00famero de vagas previstas, incluindo empatados e pessoas com defici\u00eancia aprovadas dentro do limite estabelecido. As Provas Pr\u00e1ticas est\u00e3o previstas para os dias <strong>22 e 23 de agosto de 2026<\/strong>.<\/li>\n<li><strong>Prova de T\u00edtulos<\/strong> \u2014 de car\u00e1ter exclusivamente classificat\u00f3rio, aplicada somente aos candidatos aos cargos de <strong>N\u00edvel Superior da \u00e1rea da Educa\u00e7\u00e3o<\/strong> (Professor da Educa\u00e7\u00e3o B\u00e1sica e Supervisor Escolar). A pontua\u00e7\u00e3o m\u00e1xima nesta etapa \u00e9 de <strong>4 (quatro) pontos<\/strong>.<\/li>\n<\/ul>\n<p>Para informa\u00e7\u00f5es detalhadas sobre conte\u00fado program\u00e1tico, crit\u00e9rios de pontua\u00e7\u00e3o, notas m\u00ednimas para aprova\u00e7\u00e3o e demais especificidades de cada etapa, consulte o edital completo dispon\u00edvel no site do Instituto IMESO.<\/p>\n<h2>Resultados e Gabarito<\/h2>\n<p>A divulga\u00e7\u00e3o dos resultados do Concurso P\u00fablico de Conselheiro Pena\/MG seguir\u00e1 o cronograma estabelecido no edital, com publica\u00e7\u00f5es no site <strong>https:\/\/portal.imeso.com.br\/<\/strong> e no quadro de avisos da Prefeitura Municipal.<\/p>\n<p><strong>Gabarito preliminar:<\/strong> ser\u00e1 divulgado a partir do dia <strong>13 de julho de 2026, ap\u00f3s as 14h<\/strong>.<\/p>\n<p><strong>Resultado Final:<\/strong><\/p>\n<ul>\n<li>Para a maioria dos cargos: <strong>13 de agosto de 2026, ap\u00f3s as 17h<\/strong>.<\/li>\n<li>Para os cargos de N\u00edvel Superior da Educa\u00e7\u00e3o e cargos com Prova Pr\u00e1tica: <strong>11 de setembro de 2026, ap\u00f3s as 17h<\/strong>.<\/li>\n<\/ul>\n<p>A <strong>classifica\u00e7\u00e3o final<\/strong> ser\u00e1 publicada com a rela\u00e7\u00e3o dos candidatos classificados e excedentes, constando o somat\u00f3rio das notas das Provas Objetivas e, quando aplic\u00e1vel, das Provas Pr\u00e1ticas e de T\u00edtulos. Haver\u00e1 listagem espec\u00edfica para pessoas com defici\u00eancia classificadas.<\/p>\n<p>A <strong>homologa\u00e7\u00e3o<\/strong> do concurso \u00e9 de compet\u00eancia da Prefeita do Munic\u00edpio de Conselheiro Pena e ser\u00e1 publicada ap\u00f3s a divulga\u00e7\u00e3o do Resultado Final. A homologa\u00e7\u00e3o oficializa o encerramento do certame e autoriza a convoca\u00e7\u00e3o dos aprovados para nomea\u00e7\u00e3o.<\/p>\n<p>Os candidatos devem acompanhar todas as publica\u00e7\u00f5es oficiais pelo site da banca organizadora e pelos canais oficiais da Prefeitura. <strong>O acompanhamento das divulga\u00e7\u00f5es \u00e9 de responsabilidade exclusiva do candidato<\/strong>, n\u00e3o cabendo alega\u00e7\u00e3o de desconhecimento quanto a prazos, convoca\u00e7\u00f5es ou resultados publicados.<\/p>\n","protected":false},"excerpt":{"rendered":"<p>Concurso Pref. Conselheiro Pena (MG) com edital publicado! Vagas p\/ Professor e Agente (Fund. a Sup.). Inscri\u00e7\u00f5es a partir de 04\/05. Confira detalhes!<\/p>\n","protected":false},"author":7,"featured_media":277187,"comment_status":"open","ping_status":"open","sticky":false,"template":"","format":"standard","meta":{"_acf_changed":false,"_breakdance_hide_in_design_set":false,"_breakdance_tags":"","footnotes":""},"categories":[5,126,9,10,12,14,17,19,22,23,25,101,31,108,134],"tags":[50],"_amplo":[],"destaque":[],"instituicoes":[],"class_list":["post-277188","post","type-post","status-publish","format-standard","has-post-thumbnail","hentry","category-arquitetura","category-ciencia-computacao","category-ciencias-contabeis","category-direito","category-enfermagem","category-engenharia","category-farmacia","category-fonoaudiologia","category-veterinaria","category-nutricao","category-pedagogia","category-servico-social","category-tecnico-ambiental","category-tecnico-enfermagem","category-terapia-ocupacional","tag-minas-gerais"],"acf":{"_tipo_vagas":"vagas","_numero_vagas":"","_quadro_vagas":"","_cargos":"diversos","_cargos_especificos":"","_salario_max":"R$ 7210.35","_abertura":"20260504","_encerramento":"20260608","_inscricoes":"https:\/\/portal.imeso.com.br\/","_executora_concurso":"","_instituicao_concurso":[],"_link_adicional":null,"_anexos":null,"_produtos":null,"_vagas":"242 vagas","_salario_min":"R$ 1590.27","_instituicao":"Prefeitura de Conselheiro Pena","_edital":"https:\/\/www.agrobase.com.br\/concursos\/wp-content\/uploads\/sites\/4\/2026\/01\/edital-01-2026-prefeitura-de-conselheiro-pena-mg.pdf","_anexos_edital":"https:\/\/www.agrobase.com.br\/concursos\/wp-content\/uploads\/sites\/4\/2026\/01\/anexos-edital-01-2026-prefeitura-de-conselheiro-pena-mg.pdf","_fund_incompleto":"<div>\r\n<table class=\"quadro\">\r\n<thead>\r\n<tr>\r\n<th class=\"hcargo\">Cargo<\/th>\r\n<th class=\"hvagas\">Vagas<\/th>\r\n<th class=\"hremuneracao\">Remunera\u00e7\u00e3o<\/th>\r\n<\/tr>\r\n<\/thead>\r\n    <tbody>\r\n      <td class=\"ccargos\">\r\n<span data-balloon-length=\"medium\" aria-label=\"Ensino Fundamental Incompleto.\" data-balloon-pos=\"up\">AGENTE DE SERVI\u00c7OS URBANOS<\/span><\/td>\r\n<td class=\"cvagas\">70<\/td>\r\n<td class=\"cremuneracao\">R$ 1.590,27 \/40h<\/td>\r\n<\/tr><td class=\"ccargos\">\r\n<span data-balloon-length=\"medium\" aria-label=\"Ensino Fundamental Incompleto.\" data-balloon-pos=\"up\">PEDREIRO<\/span><\/td>\r\n<td class=\"cvagas\">02<\/td>\r\n<td class=\"cremuneracao\">R$ 2.193,47 \/40h<\/td>\r\n<\/tr><td class=\"ccargos\">\r\n<span data-balloon-length=\"medium\" aria-label=\"Ensino Fundamental Incompleto.\" data-balloon-pos=\"up\">SOLDADOR<\/span><\/td>\r\n<td class=\"cvagas\">02<\/td>\r\n<td class=\"cremuneracao\">R$ 2.606,45 \/40h<\/td>\r\n<\/tr>\r\n    <\/tbody>\r\n  <\/table>\r\n<\/div>","_fund_completo":"<div>\r\n<table class=\"quadro\">\r\n<thead>\r\n<tr>\r\n<th class=\"hcargo\">Cargo<\/th>\r\n<th class=\"hvagas\">Vagas<\/th>\r\n<th class=\"hremuneracao\">Remunera\u00e7\u00e3o<\/th>\r\n<\/tr>\r\n<\/thead>\r\n    <tbody>\r\n      <td class=\"ccargos\">\r\n<span data-balloon-length=\"medium\" aria-label=\"Ensino Fundamental Completo.\" data-balloon-pos=\"up\">AUXILIAR DE SERVI\u00c7OS GERAIS<\/span><\/td>\r\n<td class=\"cvagas\">35<\/td>\r\n<td class=\"cremuneracao\">R$ 1.974,12 \/40h<\/td>\r\n<\/tr><td class=\"ccargos\">\r\n<span data-balloon-length=\"medium\" aria-label=\"Ensino Fundamental Completo.\" data-balloon-pos=\"up\">OPERADOR DE M\u00c1QUINAS + CNH EXIGIDA EM LEI<\/span><\/td>\r\n<td class=\"cvagas\">03<\/td>\r\n<td class=\"cremuneracao\">R$ 2.606,45 \/40h<\/td>\r\n<\/tr>\r\n    <\/tbody>\r\n  <\/table>\r\n<\/div>","_medio":"<div>\r\n<table class=\"quadro\">\r\n<thead>\r\n<tr>\r\n<th class=\"hcargo\">Cargo<\/th>\r\n<th class=\"hvagas\">Vagas<\/th>\r\n<th class=\"hremuneracao\">Remunera\u00e7\u00e3o<\/th>\r\n<\/tr>\r\n<\/thead>\r\n    <tbody>\r\n      <td class=\"ccargos\">\r\n<span data-balloon-length=\"medium\" aria-label=\"Ensino M\u00e9dio Completo.\" data-balloon-pos=\"up\">AGENTE ADMINISTRATIVO<\/span><\/td>\r\n<td class=\"cvagas\">20<\/td>\r\n<td class=\"cremuneracao\">R$ 2.193,47 \/40h<\/td>\r\n<\/tr><td class=\"ccargos\">\r\n<span data-balloon-length=\"medium\" aria-label=\"Ensino M\u00e9dio Completo.\" data-balloon-pos=\"up\">ELETRICISTA<\/span><\/td>\r\n<td class=\"cvagas\">01<\/td>\r\n<td class=\"cremuneracao\">R$ 2.193,47 \/40h<\/td>\r\n<\/tr><td class=\"ccargos\">\r\n<span data-balloon-length=\"medium\" aria-label=\"Ensino M\u00e9dio Completo.\" data-balloon-pos=\"up\">FISCAL AMBIENTAL<\/span><\/td>\r\n<td class=\"cvagas\">01<\/td>\r\n<td class=\"cremuneracao\">R$ 2.606,45 \/40h<\/td>\r\n<\/tr><td class=\"ccargos\">\r\n<span data-balloon-length=\"medium\" aria-label=\"Ensino M\u00e9dio Completo.\" data-balloon-pos=\"up\">FISCAL DE OBRAS E POSTURAS<\/span><\/td>\r\n<td class=\"cvagas\">01<\/td>\r\n<td class=\"cremuneracao\">R$ 2.606,45 \/40h<\/td>\r\n<\/tr><td class=\"ccargos\">\r\n<span data-balloon-length=\"medium\" aria-label=\"Ensino M\u00e9dio Completo.\" data-balloon-pos=\"up\">FISCAL SANIT\u00c1RIO<\/span><\/td>\r\n<td class=\"cvagas\">01<\/td>\r\n<td class=\"cremuneracao\">R$ 2.606,45 \/40h<\/td>\r\n<\/tr><td class=\"ccargos\">\r\n<span data-balloon-length=\"medium\" aria-label=\"Ensino M\u00e9dio Completo.\" data-balloon-pos=\"up\">FISCAL TRIBUT\u00c1RIO<\/span><\/td>\r\n<td class=\"cvagas\">01<\/td>\r\n<td class=\"cremuneracao\">R$ 2.606,45 \/40h<\/td>\r\n<\/tr><td class=\"ccargos\">\r\n<span data-balloon-length=\"medium\" aria-label=\"Ensino M\u00e9dio Completo.\" data-balloon-pos=\"up\">MEC\u00c2NICO DE MANUTEN\u00c7\u00c3O<\/span><\/td>\r\n<td class=\"cvagas\">01<\/td>\r\n<td class=\"cremuneracao\">R$ 2.606,45 \/40h<\/td>\r\n<\/tr><td class=\"ccargos\">\r\n<span data-balloon-length=\"medium\" aria-label=\"Ensino M\u00e9dio Completo.\" data-balloon-pos=\"up\">MOTORISTA + CNH M\u00cdNIMO CATEGORIA \"B\"<\/span><\/td>\r\n<td class=\"cvagas\">15<\/td>\r\n<td class=\"cremuneracao\">R$ 2.193,47 \/40h<\/td>\r\n<\/tr><td class=\"ccargos\">\r\n<span data-balloon-length=\"medium\" aria-label=\"Curso T\u00e9cnico em Enfermagem e Registro no COREN\" data-balloon-pos=\"up\">T\u00c9CNICO DE ENFERMAGEM<\/span><\/td>\r\n<td class=\"cvagas\">01<\/td>\r\n<td class=\"cremuneracao\">R$ 3.646,63 \/40h<\/td>\r\n<\/tr>\r\n    <\/tbody>\r\n  <\/table>\r\n<\/div>","_superior":"<div>\r\n<table class=\"quadro\">\r\n<thead>\r\n<tr>\r\n<th class=\"hcargo\">Cargo<\/th>\r\n<th class=\"hvagas\">Vagas<\/th>\r\n<th class=\"hremuneracao\">Remunera\u00e7\u00e3o<\/th>\r\n<\/tr>\r\n<\/thead>\r\n    <tbody>\r\n      <tr>\r\n<td class=\"ccargos\">\r\n<span data-balloon-length=\"medium\" aria-label=\"Ensino Superior Completo em Direito e Registro na OAB.\" data-balloon-pos=\"up\">ADVOGADO<\/span><\/td>\r\n<td class=\"cvagas\">01<\/td>\r\n<td class=\"cremuneracao\">R$ 4.972,87 \/30h<\/td>\r\n<\/tr><tr>\r\n<td class=\"ccargos\">\r\n<span data-balloon-length=\"medium\" aria-label=\"Ensino Superior Completo em Ci\u00eancias Cont\u00e1beis e Registro no CRC.\" data-balloon-pos=\"up\">ANALISTA CONTABIL<\/span><\/td>\r\n<td class=\"cvagas\">02<\/td>\r\n<td class=\"cremuneracao\">R$ 2.855,89 \/40h<\/td>\r\n<\/tr><tr>\r\n<td class=\"ccargos\">\r\n<span data-balloon-length=\"medium\" aria-label=\"Ensino Superior Completo em Arquitetura e Urbanismo e Registro no CAU.\" data-balloon-pos=\"up\">ARQUITETO<\/span><\/td>\r\n<td class=\"cvagas\">01<\/td>\r\n<td class=\"cremuneracao\">R$ 6.630,50 \/40h<\/td>\r\n<\/tr><tr>\r\n<td class=\"ccargos\">\r\n<span data-balloon-length=\"medium\" aria-label=\"Ensino Superior Completo em Servi\u00e7o Social e Registro no CRESS.\" data-balloon-pos=\"up\">ASSISTENTE SOCIAL<\/span><\/td>\r\n<td class=\"cvagas\">02<\/td>\r\n<td class=\"cremuneracao\">R$ 4.972,87 \/30h<\/td>\r\n<\/tr><tr>\r\n<td class=\"ccargos\">\r\n<span data-balloon-length=\"medium\" aria-label=\"Ensino Superior Completo em Ci\u00eancias Cont\u00e1beis e Registro no CRC.\" data-balloon-pos=\"up\">CONTADOR<\/span><\/td>\r\n<td class=\"cvagas\">01<\/td>\r\n<td class=\"cremuneracao\">R$ 6.630,50 \/40h<\/td>\r\n<\/tr><tr>\r\n<td class=\"ccargos\">\r\n<span data-balloon-length=\"medium\" aria-label=\"Ensino Superior Completo em Enfermagem e Registro no COREN.\" data-balloon-pos=\"up\">ENFERMEIRO<\/span><\/td>\r\n<td class=\"cvagas\">03<\/td>\r\n<td class=\"cremuneracao\">R$ 6.630,50 \/40h<\/td>\r\n<\/tr><tr>\r\n<td class=\"ccargos\">\r\n<span data-balloon-length=\"medium\" aria-label=\"Ensino Superior Completo em Engenharia e Registro no CREA\" data-balloon-pos=\"up\">ENGENHEIRO CIVIL<\/span><\/td>\r\n<td class=\"cvagas\">01<\/td>\r\n<td class=\"cremuneracao\">R$ 6.630,50 \/40h<\/td>\r\n<\/tr><tr>\r\n<td class=\"ccargos\">\r\n<span data-balloon-length=\"medium\" aria-label=\"Ensino Superior Completo em Farm\u00e1cia e Registro no CRF.\" data-balloon-pos=\"up\">FARMAC\u00caUTICO<\/span><\/td>\r\n<td class=\"cvagas\">01<\/td>\r\n<td class=\"cremuneracao\">R$ 6.630,50 \/40h<\/td>\r\n<\/tr><tr>\r\n<td class=\"ccargos\">\r\n<span data-balloon-length=\"medium\" aria-label=\"Ensino Superior Completo em Fonoaudiologia e Registro no CREFONO.\" data-balloon-pos=\"up\">FONOAUDI\u00d3LOGO<\/span><\/td>\r\n<td class=\"cvagas\">01<\/td>\r\n<td class=\"cremuneracao\">R$ 4.972,87 \/30h<\/td>\r\n<\/tr><tr>\r\n<td class=\"ccargos\">\r\n<span data-balloon-length=\"medium\" aria-label=\"Ensino Superior Completo em Nutri\u00e7\u00e3o e Registro no CRN.\" data-balloon-pos=\"up\">NUTRICIONISTA II<\/span><\/td>\r\n<td class=\"cvagas\">01<\/td>\r\n<td class=\"cremuneracao\">R$ 4.972,87 \/30h<\/td>\r\n<\/tr><tr>\r\n<td class=\"ccargos\">\r\n<span data-balloon-length=\"medium\" aria-label=\"Ensino Superior Completo em Processamento de Dados, Sistema de Informa\u00e7\u00e3o ou Ci\u00eancias da Computa\u00e7\u00e3o.\" data-balloon-pos=\"up\">T\u00c9CNICO DE PROCESSAMENTO DE DADOS<\/span><\/td>\r\n<td class=\"cvagas\">01<\/td>\r\n<td class=\"cremuneracao\">R$ 3.646,63 \/40h<\/td>\r\n<\/tr><tr>\r\n<td class=\"ccargos\">\r\n<span data-balloon-length=\"medium\" aria-label=\"Ensino Superior Completo em Terapia Ocupacional e Registro no CREFITO.\" data-balloon-pos=\"up\">TERAPEUTA OCUPACIONAL<\/span><\/td>\r\n<td class=\"cvagas\">01<\/td>\r\n<td class=\"cremuneracao\">R$ 4.972,87 \/30h<\/td>\r\n<\/tr><tr>\r\n<td class=\"ccargos\">\r\n<span data-balloon-length=\"medium\" aria-label=\"Ensino Superior Completo em Medicina Veterin\u00e1ria e Registro no CRMV.\" data-balloon-pos=\"up\">VETERIN\u00c1RIO<\/span><\/td>\r\n<td class=\"cvagas\">01<\/td>\r\n<td class=\"cremuneracao\">R$ 4.972,87 \/30h<\/td>\r\n<\/tr><tr>\r\n<td class=\"ccargos\">\r\n<span data-balloon-length=\"medium\" aria-label=\"Licenciatura em Normal Superior ou Licenciatura em Pedagogia com habilita\u00e7\u00e3o em Educa\u00e7\u00e3o Infantil e Anos Iniciais.\" data-balloon-pos=\"up\">PROFESSOR DA EDUCA\u00c7\u00c3O B\u00c1SICA<\/span><\/td>\r\n<td class=\"cvagas\">70<\/td>\r\n<td class=\"cremuneracao\">R$ 3.764,69 \/25h<\/td>\r\n<\/tr><tr>\r\n<td class=\"ccargos\">\r\n<span data-balloon-length=\"medium\" aria-label=\"Licenciatura em Pedagogia.\" data-balloon-pos=\"up\">SUPERVISOR ESCOLAR<\/span><\/td>\r\n<td class=\"cvagas\">01<\/td>\r\n<td class=\"cremuneracao\">R$ 7.210,35 \/40h<\/td>\r\n<\/tr>\r\n    <\/tbody>\r\n  <\/table>\r\n<\/div>"},"_links":{"self":[{"href":"https:\/\/www.agrobase.com.br\/concursos\/wp-json\/wp\/v2\/posts\/277188","targetHints":{"allow":["GET"]}}],"collection":[{"href":"https:\/\/www.agrobase.com.br\/concursos\/wp-json\/wp\/v2\/posts"}],"about":[{"href":"https:\/\/www.agrobase.com.br\/concursos\/wp-json\/wp\/v2\/types\/post"}],"author":[{"embeddable":true,"href":"https:\/\/www.agrobase.com.br\/concursos\/wp-json\/wp\/v2\/users\/7"}],"replies":[{"embeddable":true,"href":"https:\/\/www.agrobase.com.br\/concursos\/wp-json\/wp\/v2\/comments?post=277188"}],"version-history":[{"count":2,"href":"https:\/\/www.agrobase.com.br\/concursos\/wp-json\/wp\/v2\/posts\/277188\/revisions"}],"predecessor-version":[{"id":277192,"href":"https:\/\/www.agrobase.com.br\/concursos\/wp-json\/wp\/v2\/posts\/277188\/revisions\/277192"}],"wp:featuredmedia":[{"embeddable":true,"href":"https:\/\/www.agrobase.com.br\/concursos\/wp-json\/wp\/v2\/media\/277187"}],"wp:attachment":[{"href":"https:\/\/www.agrobase.com.br\/concursos\/wp-json\/wp\/v2\/media?parent=277188"}],"wp:term":[{"taxonomy":"category","embeddable":true,"href":"https:\/\/www.agrobase.com.br\/concursos\/wp-json\/wp\/v2\/categories?post=277188"},{"taxonomy":"post_tag","embeddable":true,"href":"https:\/\/www.agrobase.com.br\/concursos\/wp-json\/wp\/v2\/tags?post=277188"},{"taxonomy":"_amplo","embeddable":true,"href":"https:\/\/www.agrobase.com.br\/concursos\/wp-json\/wp\/v2\/_amplo?post=277188"},{"taxonomy":"destaque","embeddable":true,"href":"https:\/\/www.agrobase.com.br\/concursos\/wp-json\/wp\/v2\/destaque?post=277188"},{"taxonomy":"instituicoes","embeddable":true,"href":"https:\/\/www.agrobase.com.br\/concursos\/wp-json\/wp\/v2\/instituicoes?post=277188"}],"curies":[{"name":"wp","href":"https:\/\/api.w.org\/{rel}","templated":true}]}}