{"id":277170,"date":"2026-01-23T08:10:39","date_gmt":"2026-01-23T11:10:39","guid":{"rendered":"https:\/\/www.agrobase.com.br\/concursos\/?p=277170"},"modified":"2026-01-22T14:45:24","modified_gmt":"2026-01-22T17:45:24","slug":"funed-mg-selecao-simplificada-01-2026","status":"publish","type":"post","link":"https:\/\/www.agrobase.com.br\/concursos\/2026\/funed-mg-selecao-simplificada-01-2026\/","title":{"rendered":"FUNED (MG) &#8211; Sele\u00e7\u00e3o Simplificada 01\/2026"},"content":{"rendered":"<h2>Informa\u00e7\u00f5es Gerais<\/h2>\n<p>A <strong>Funda\u00e7\u00e3o Ezequiel Dias (FUNED)<\/strong>, vinculada ao Governo do Estado de Minas Gerais, publicou edital de <strong>Processo Seletivo Simplificado (PSS)<\/strong> para contrata\u00e7\u00e3o por tempo determinado, visando atender necessidade tempor\u00e1ria de excepcional interesse p\u00fablico. O certame est\u00e1 fundamentado no inciso IX do artigo 37 da Constitui\u00e7\u00e3o Federal e na Lei Estadual 23.750\/2020.<\/p>\n<p>S\u00e3o oferecidas <strong>39 vagas<\/strong> distribu\u00eddas entre cargos de <strong>n\u00edvel m\u00e9dio\/t\u00e9cnico e superior<\/strong>, com remunera\u00e7\u00f5es que variam de <strong>R$ 1.957,49 a R$ 3.989,11<\/strong>, para jornada de 40 horas semanais. O regime de contrata\u00e7\u00e3o \u00e9 <strong>tempor\u00e1rio<\/strong>, por tempo determinado.<\/p>\n<p>As oportunidades de n\u00edvel superior contemplam \u00e1reas como Farm\u00e1cia, Engenharia Qu\u00edmica, Engenharia de Produ\u00e7\u00e3o, Jornalismo e Administra\u00e7\u00e3o. Destaque para a vaga de <strong>Analista em Meio Ambiente<\/strong>, que exige gradua\u00e7\u00e3o em <strong>Ci\u00eancias Biol\u00f3gicas ou Engenharia Ambiental<\/strong>, com experi\u00eancia em gest\u00e3o ambiental. H\u00e1 tamb\u00e9m vagas para profissionais de <strong>Biologia<\/strong> nas \u00e1reas de Desenvolvimento de Medicamentos Biol\u00f3gicos e Controle Biol\u00f3gico.<\/p>\n<p>Para n\u00edvel t\u00e9cnico, as vagas abrangem fun\u00e7\u00f5es em Administra\u00e7\u00e3o, Contabilidade, Qu\u00edmica, Biotecnologia, Produ\u00e7\u00e3o Farmac\u00eautica e Controle de Qualidade, entre outras especialidades voltadas ao setor farmac\u00eautico e laboratorial.<\/p>\n<p>Continue a leitura para conhecer os detalhes sobre inscri\u00e7\u00f5es, etapas do processo seletivo e como acompanhar os resultados.<\/p>\n<h2>Inscri\u00e7\u00f5es<\/h2>\n<p>As inscri\u00e7\u00f5es para o Processo Seletivo Simplificado da FUNED estar\u00e3o abertas no per\u00edodo de <strong>08h do dia 19 de janeiro de 2026 at\u00e9 as 18h do dia 23 de janeiro de 2026<\/strong>, hor\u00e1rio de Bras\u00edlia.<\/p>\n<p>O procedimento ser\u00e1 realizado <strong>exclusivamente pela internet<\/strong>, por meio do portal <strong>http:\/\/www.processoseletivo.mg.gov.br<\/strong>. \u00c9 importante ressaltar que o sistema foi desenvolvido para acesso via computador desktop, <strong>sem garantia de funcionalidade em celulares ou tablets<\/strong>.<\/p>\n<p>Para efetuar a inscri\u00e7\u00e3o, o candidato dever\u00e1:<\/p>\n<ul>\n<li>Acessar o site oficial do processo seletivo<\/li>\n<li>Realizar login utilizando o n\u00famero do CPF e senha<\/li>\n<li>Preencher o formul\u00e1rio eletr\u00f4nico com informa\u00e7\u00f5es pessoais e dados curriculares<\/li>\n<li>Anexar a documenta\u00e7\u00e3o comprobat\u00f3ria dos requisitos exigidos para o cargo pretendido<\/li>\n<\/ul>\n<p><strong>N\u00e3o haver\u00e1 cobran\u00e7a de taxa de inscri\u00e7\u00e3o<\/strong> para participa\u00e7\u00e3o neste certame.<\/p>\n<p>Durante o preenchimento da inscri\u00e7\u00e3o, o candidato dever\u00e1 anexar os documentos que comprovem o atendimento aos requisitos do cargo, bem como os t\u00edtulos e experi\u00eancias profissionais que ser\u00e3o avaliados na etapa de An\u00e1lise de Curr\u00edculo. Recomenda-se aten\u00e7\u00e3o especial \u00e0 digitaliza\u00e7\u00e3o leg\u00edvel de todos os documentos.<\/p>\n<p>Para informa\u00e7\u00f5es completas sobre documenta\u00e7\u00e3o exigida e procedimentos detalhados, consulte o edital na \u00edntegra.<\/p>\n<h2>Etapas e Provas<\/h2>\n<p>O Processo Seletivo Simplificado da FUNED ser\u00e1 composto por <strong>tr\u00eas etapas<\/strong>, conforme detalhado a seguir:<\/p>\n<ul>\n<li><strong>1\u00aa Etapa \u2013 Candidatura e Habilita\u00e7\u00e3o (Eliminat\u00f3ria):<\/strong> Nesta fase, o candidato dever\u00e1 preencher o formul\u00e1rio eletr\u00f4nico com informa\u00e7\u00f5es pessoais e dados curriculares, al\u00e9m de anexar toda a documenta\u00e7\u00e3o comprobat\u00f3ria dos requisitos exigidos para o cargo. Trata-se de etapa eliminat\u00f3ria, sendo desclassificados os candidatos que n\u00e3o atenderem aos requisitos m\u00ednimos estabelecidos no edital.<\/li>\n<li><strong>2\u00aa Etapa \u2013 An\u00e1lise de Curr\u00edculo e T\u00edtulos (Classificat\u00f3ria):<\/strong> Consiste na verifica\u00e7\u00e3o das informa\u00e7\u00f5es prestadas relativas \u00e0 experi\u00eancia acad\u00eamica e profissional do candidato. A an\u00e1lise considerar\u00e1 a conformidade com as atribui\u00e7\u00f5es da vaga e os pr\u00e9-requisitos espec\u00edficos de cada cargo. Esta etapa possui <strong>pontua\u00e7\u00e3o m\u00e1xima de 100 pontos<\/strong> e car\u00e1ter exclusivamente classificat\u00f3rio.<\/li>\n<li><strong>3\u00aa Etapa \u2013 Entrevista (Eliminat\u00f3ria e Classificat\u00f3ria):<\/strong> Os candidatos aptos ser\u00e3o convocados para entrevista, que buscar\u00e1 identificar comportamentos, resultados obtidos e atua\u00e7\u00e3o em situa\u00e7\u00f5es profissionais anteriores. Para aprova\u00e7\u00e3o, \u00e9 necess\u00e1rio alcan\u00e7ar <strong>no m\u00ednimo 60% da pontua\u00e7\u00e3o prevista<\/strong> e obter pontua\u00e7\u00e3o em todos os indicadores estabelecidos. Esta etapa possui car\u00e1ter eliminat\u00f3rio e classificat\u00f3rio.<\/li>\n<\/ul>\n<p>A nota final ser\u00e1 composta pelo <strong>somat\u00f3rio das pontua\u00e7\u00f5es obtidas na 2\u00aa e 3\u00aa etapas<\/strong>. Ser\u00e1 selecionado o candidato que obtiver maior pontua\u00e7\u00e3o total.<\/p>\n<p>Consulte o edital completo para verificar o cronograma detalhado de cada etapa e os crit\u00e9rios espec\u00edficos de avalia\u00e7\u00e3o previstos nos anexos.<\/p>\n<h2>Resultados e Gabarito<\/h2>\n<p>O resultado final do Processo Seletivo Simplificado da FUNED ser\u00e1 divulgado no <strong>Di\u00e1rio Oficial Eletr\u00f4nico de Minas Gerais<\/strong> (www.jornalminasgerais.mg.gov.br) e no site institucional da Funda\u00e7\u00e3o: <strong>http:\/\/www.funed.mg.gov.br\/<\/strong>.<\/p>\n<p>A classifica\u00e7\u00e3o final dos candidatos ser\u00e1 determinada pelo <strong>somat\u00f3rio das pontua\u00e7\u00f5es obtidas na 2\u00aa etapa (An\u00e1lise de Curr\u00edculo e T\u00edtulos) e na 3\u00aa etapa (Entrevista)<\/strong>. Os candidatos classificados ser\u00e3o convocados obedecendo rigorosamente \u00e0 ordem de classifica\u00e7\u00e3o.<\/p>\n<p>Ap\u00f3s a publica\u00e7\u00e3o do resultado final, as convoca\u00e7\u00f5es para <strong>exame m\u00e9dico admissional<\/strong> e apresenta\u00e7\u00e3o da documenta\u00e7\u00e3o necess\u00e1ria para celebra\u00e7\u00e3o do contrato administrativo ser\u00e3o divulgadas exclusivamente no site da FUNED.<\/p>\n<p>O prazo de <strong>validade do processo seletivo ser\u00e1 de at\u00e9 1 (um) ano<\/strong>, podendo ser prorrogado por igual per\u00edodo, conforme previsto no Decreto Estadual n\u00ba 48.097\/2020. A contagem do prazo ter\u00e1 in\u00edcio a partir da data de publica\u00e7\u00e3o da classifica\u00e7\u00e3o final no Di\u00e1rio Oficial, ap\u00f3s cumpridas todas as etapas e analisados eventuais recursos.<\/p>\n<p><strong>\u00c9 de responsabilidade exclusiva do candidato acompanhar todas as publica\u00e7\u00f5es oficiais<\/strong> referentes a este processo seletivo, incluindo convoca\u00e7\u00f5es, retifica\u00e7\u00f5es e demais comunicados. Recomenda-se consulta frequente aos canais oficiais de divulga\u00e7\u00e3o para n\u00e3o perder prazos importantes.<\/p>\n","protected":false},"excerpt":{"rendered":"<p>\u00daltimos dias! Inscri\u00e7\u00f5es at\u00e9 23\/01 p\/ Sel. Simplificada FUNED (MG). Vagas: Analista e T\u00e9cnico (M\u00e9dio\/Sup.). Sal\u00e1rios at\u00e9 R$3.9k. Inscreva-se AGORA!<\/p>\n","protected":false},"author":7,"featured_media":277169,"comment_status":"open","ping_status":"open","sticky":false,"template":"","format":"standard","meta":{"_acf_changed":false,"_breakdance_hide_in_design_set":false,"_breakdance_tags":"","footnotes":""},"categories":[3,6,8,13,125,104,102,17,99,27,128,150],"tags":[50],"_amplo":[],"destaque":[],"instituicoes":[],"class_list":["post-277170","post","type-post","status-publish","format-standard","has-post-thumbnail","hentry","category-administracao","category-biologia","category-biotecnologia","category-engenharia-ambiental","category-engenharia-producao","category-engenharia-mecanica","category-engenharia-quimica","category-farmacia","category-jornalismo","category-quimica","category-tecnico-em-contabilidade","category-tecnico-eletronica","tag-minas-gerais"],"acf":{"_tipo_vagas":"vagas","_numero_vagas":"","_quadro_vagas":"","_cargos":"diversos","_cargos_especificos":"","_salario_max":"R$ 3989.11","_abertura":"20260119","_encerramento":"20260123","_inscricoes":"http:\/\/www.processoseletivo.mg.gov.br","_executora_concurso":"","_instituicao_concurso":[],"_link_adicional":null,"_anexos":null,"_produtos":null,"_vagas":"39 vagas","_salario_min":"R$ 1957.49","_instituicao":"FUNED","_edital":"https:\/\/www.agrobase.com.br\/concursos\/wp-content\/uploads\/sites\/4\/2026\/01\/edital-01-2026-funed-mg.pdf","_anexos_edital":"","_fund_incompleto":"","_fund_completo":"","_medio":"<div>\r\n<table class=\"quadro\">\r\n<thead>\r\n<tr>\r\n<th class=\"hcargo\">Cargo<\/th>\r\n<th class=\"hvagas\">Vagas<\/th>\r\n<th class=\"hremuneracao\">Remunera\u00e7\u00e3o<\/th>\r\n<\/tr>\r\n<\/thead>\r\n    <tbody>\r\n      <td class=\"ccargos\">\r\n<span data-balloon-length=\"medium\" aria-label=\"Curso T\u00e9cnico em Administra\u00e7\u00e3o ou T\u00e9cnico em Qu\u00edmica ou T\u00e9cnico em Farm\u00e1cia ou T\u00e9cnico em Biologia.\" data-balloon-pos=\"up\">T\u00e9cnico de Sa\u00fade e Tecnologia - T\u00e9cnico em Compras e Contratos<\/span><\/td>\r\n<td class=\"cvagas\">06<\/td>\r\n<td class=\"cremuneracao\">R$ 1.957,49 \/40h<\/td>\r\n<\/tr><td class=\"ccargos\">\r\n<span data-balloon-length=\"medium\" aria-label=\"Curso T\u00e9cnico em Administra\u00e7\u00e3o; e Experi\u00eancia profissional de 01 ano comprovada em rotinas administrativas.\" data-balloon-pos=\"up\">T\u00e9cnico de Sa\u00fade e Tecnologia - T\u00e9cnico em Administra\u00e7\u00e3o<\/span><\/td>\r\n<td class=\"cvagas\">04<\/td>\r\n<td class=\"cremuneracao\">R$ 1.957,49 \/40h<\/td>\r\n<\/tr><td class=\"ccargos\">\r\n<span data-balloon-length=\"medium\" aria-label=\"Curso T\u00e9cnico em Contabilidade ou T\u00e9cnico em Administra\u00e7\u00e3o; e Experi\u00eancia profissional de 02 anos comprovada em atividades nas \u00e1reas financeira, cont\u00e1bil, or\u00e7ament\u00e1ria ou conv\u00eanios de \u00f3rg\u00e3os e entidades p\u00fablicas ou privadas.\" data-balloon-pos=\"up\">T\u00e9cnico de Sa\u00fade e Tecnologia - T\u00e9cnico Cont\u00e1bil Financeiro<\/span><\/td>\r\n<td class=\"cvagas\">03<\/td>\r\n<td class=\"cremuneracao\">R$ 1.957,49 \/40h<\/td>\r\n<\/tr><td class=\"ccargos\">\r\n<span data-balloon-length=\"medium\" aria-label=\"Curso T\u00e9cnico em Qu\u00edmica ou T\u00e9cnico em Biotecnologia; e Experi\u00eancia profissional de 01 ano comprovada em execu\u00e7\u00e3o de an\u00e1lises laboratoriais.\" data-balloon-pos=\"up\">T\u00e9cnico de Sa\u00fade e Tecnologia - T\u00e9cnico de Desenvolvimento de Medicamentos<\/span><\/td>\r\n<td class=\"cvagas\">03<\/td>\r\n<td class=\"cremuneracao\">R$ 1.957,49 \/40h<\/td>\r\n<\/tr><td class=\"ccargos\">\r\n<span data-balloon-length=\"medium\" aria-label=\"Curso T\u00e9cnico em Qu\u00edmica ou T\u00e9cnico em Biotecnologia ou T\u00e9cnico em Patologia Cl\u00ednica ou T\u00e9cnico em An\u00e1lises Cl\u00ednicas; e Experi\u00eancia profissional de 01 ano em Laborat\u00f3rio.\" data-balloon-pos=\"up\">T\u00e9cnico de Sa\u00fade e Tecnologia - T\u00e9cnico em Gest\u00e3o de Estoque de Laborat\u00f3rio<\/span><\/td>\r\n<td class=\"cvagas\">01<\/td>\r\n<td class=\"cremuneracao\">R$ 1.957,49 \/40h<\/td>\r\n<\/tr><td class=\"ccargos\">\r\n<span data-balloon-length=\"medium\" aria-label=\"Curso de n\u00edvel T\u00e9cnico em qualquer \u00e1rea; e Experi\u00eancia profissional de 01 ano comprovada em opera\u00e7\u00e3o de equipamentos fabris.\" data-balloon-pos=\"up\">T\u00e9cnico de Sa\u00fade e Tecnologia - Operador de M\u00e1quinas<\/span><\/td>\r\n<td class=\"cvagas\">01<\/td>\r\n<td class=\"cremuneracao\">R$ 1.957,49 \/40h<\/td>\r\n<\/tr><td class=\"ccargos\">\r\n<span data-balloon-length=\"medium\" aria-label=\"Curso T\u00e9cnico em Biotecnologia ou T\u00e9cnico em Qu\u00edmica; e Experi\u00eancia profissional de 01 ano comprovada em Ind\u00fastria Farmac\u00eautica.\" data-balloon-pos=\"up\">T\u00e9cnico de Sa\u00fade e Tecnologia - T\u00e9cnico em Produ\u00e7\u00e3o<\/span><\/td>\r\n<td class=\"cvagas\">01<\/td>\r\n<td class=\"cremuneracao\">R$ 1.957,49 \/40h<\/td>\r\n<\/tr><td class=\"ccargos\">\r\n<span data-balloon-length=\"medium\" aria-label=\"Curso T\u00e9cnico em Qu\u00edmica; ou Biotecnologia ou An\u00e1lises Cl\u00ednicas ou Patologia Cl\u00ednica; e Registro no respectivo Conselho de Classe Profissional.\" data-balloon-pos=\"up\">T\u00e9cnico de Sa\u00fade e Tecnologia - T\u00e9cnico em Laborat\u00f3rio: F\u00edsico-Qu\u00edmica de Produtos<\/span><\/td>\r\n<td class=\"cvagas\">01<\/td>\r\n<td class=\"cremuneracao\">R$ 1.957,49 \/40h<\/td>\r\n<\/tr><td class=\"ccargos\">\r\n<span data-balloon-length=\"medium\" aria-label=\"Curso T\u00e9cnico em Qu\u00edmica; ou Biotecnologia ou An\u00e1lises Cl\u00ednicas ou Patologia Cl\u00ednica.\" data-balloon-pos=\"up\">T\u00e9cnico de Sa\u00fade e Tecnologia - T\u00e9cnico em Populariza\u00e7\u00e3o da Ci\u00eancia<\/span><\/td>\r\n<td class=\"cvagas\">01<\/td>\r\n<td class=\"cremuneracao\">R$ 1.957,49 \/40h<\/td>\r\n<\/tr><td class=\"ccargos\">\r\n<span data-balloon-length=\"medium\" aria-label=\"Curso T\u00e9cnico em Eletr\u00f4nica; T\u00e9cnico em Mec\u00e2nica ou T\u00e9cnico em Eletromec\u00e2nica; e Experi\u00eancia profissional de 02 anos comprovada em Ind\u00fastria Farmac\u00eautica.\" data-balloon-pos=\"up\">T\u00e9cnico de Sa\u00fade e Tecnologia - T\u00e9cnico em Qualifica\u00e7\u00e3o<\/span><\/td>\r\n<td class=\"cvagas\">01<\/td>\r\n<td class=\"cremuneracao\">R$ 1.957,49 \/40h<\/td>\r\n<\/tr><td class=\"ccargos\">\r\n<span data-balloon-length=\"medium\" aria-label=\"Curso T\u00e9cnico em Biotecnologia ou An\u00e1lises Cl\u00ednicas ou Patologia Cl\u00ednica; e Registro no respectivo Conselho de Classe Profissional.\" data-balloon-pos=\"up\">T\u00e9cnico de Sa\u00fade e Tecnologia - T\u00e9cnico de Controle Biol\u00f3gico<\/span><\/td>\r\n<td class=\"cvagas\">01<\/td>\r\n<td class=\"cremuneracao\">R$ 1.957,49 \/40h<\/td>\r\n<\/tr><td class=\"ccargos\">\r\n<span data-balloon-length=\"medium\" aria-label=\"Curso T\u00e9cnico em Qu\u00edmica; e Experi\u00eancia profissional de 01 ano comprovada em laborat\u00f3rio de controle de qualidade. (Vaga destinada exclusivamente a pessoas do sexo masculino, conforme item 1.12 do Edital).\" data-balloon-pos=\"up\">T\u00e9cnico de Sa\u00fade e Tecnologia - T\u00e9cnico em Qu\u00edmica - Controle F\u00edsico-Qu\u00edmico<\/span><\/td>\r\n<td class=\"cvagas\">01<\/td>\r\n<td class=\"cremuneracao\">R$ 1.957,49 \/40h<\/td>\r\n<\/tr><td class=\"ccargos\">\r\n<span data-balloon-length=\"medium\" aria-label=\"Curso T\u00e9cnico em Biotecnologia ou An\u00e1lises Cl\u00ednicas ou Patologia Cl\u00ednica; e Experi\u00eancia profissional de 01 ano comprovada em laborat\u00f3rio de controle de qualidade.\" data-balloon-pos=\"up\">T\u00e9cnico de Sa\u00fade e Tecnologia - T\u00e9cnico em Controle Microbiol\u00f3gico<\/span><\/td>\r\n<td class=\"cvagas\">01<\/td>\r\n<td class=\"cremuneracao\">R$ 1.957,49 \/40h<\/td>\r\n<\/tr>\r\n    <\/tbody>\r\n  <\/table>\r\n<\/div>","_superior":"<div>\r\n<table class=\"quadro\">\r\n<thead>\r\n<tr>\r\n<th class=\"hcargo\">Cargo<\/th>\r\n<th class=\"hvagas\">Vagas<\/th>\r\n<th class=\"hremuneracao\">Remunera\u00e7\u00e3o<\/th>\r\n<\/tr>\r\n<\/thead>\r\n    <tbody>\r\n      <tr>\r\n<td class=\"ccargos\">\r\n<span data-balloon-length=\"medium\" aria-label=\"Gradua\u00e7\u00e3o em Farm\u00e1cia Industrial ou Generalista, Ci\u00eancias Biol\u00f3gicas ou Biologia, Biotecnologia ou Engenharia Qu\u00edmica ou Engenharia de Bioprocessos; e Experi\u00eancia profissional de 01 ano comprovada em Laborat\u00f3rio ou Ind\u00fastria Farmac\u00eautica.\" data-balloon-pos=\"up\">Analista e Pesquisador de Sa\u00fade e Tecnologia - Desenvolvimento de Medicamentos Biol\u00f3gicos<\/span><\/td>\r\n<td class=\"cvagas\">01<\/td>\r\n<td class=\"cremuneracao\">R$ 3.989,11 \/40h<\/td>\r\n<\/tr><tr>\r\n<td class=\"ccargos\">\r\n<span data-balloon-length=\"medium\" aria-label=\"Gradua\u00e7\u00e3o em Farm\u00e1cia Industrial ou Generalista; e Registro no respectivo Conselho de Classe profissional.\" data-balloon-pos=\"up\">Analista e Pesquisador de Sa\u00fade e Tecnologia - Farmac\u00eautico \u2013 Produ\u00e7\u00e3o Farmac\u00eautica<\/span><\/td>\r\n<td class=\"cvagas\">02<\/td>\r\n<td class=\"cremuneracao\">R$ 3.989,11 \/40h<\/td>\r\n<\/tr><tr>\r\n<td class=\"ccargos\">\r\n<span data-balloon-length=\"medium\" aria-label=\"Gradua\u00e7\u00e3o em Farm\u00e1cia Industrial ou Generalista; e Registro no respectivo Conselho de Classe profissional.\" data-balloon-pos=\"up\">Analista e Pesquisador de Sa\u00fade e Tecnologia - Farmac\u00eautico-Garantia da Qualidade, Valida\u00e7\u00e3o e Qualifica\u00e7\u00e3o<\/span><\/td>\r\n<td class=\"cvagas\">02<\/td>\r\n<td class=\"cremuneracao\">R$ 3.989,11 \/40h<\/td>\r\n<\/tr><tr>\r\n<td class=\"ccargos\">\r\n<span data-balloon-length=\"medium\" aria-label=\"Gradua\u00e7\u00e3o em Farm\u00e1cia Industrial ou Generalista ou Ci\u00eancias Biol\u00f3gicas ou Biologia; e Registro no respectivo Conselho de Classe profissional.\" data-balloon-pos=\"up\">Analista e Pesquisador de Sa\u00fade e Tecnologia - Analista em Controle Biol\u00f3gico<\/span><\/td>\r\n<td class=\"cvagas\">01<\/td>\r\n<td class=\"cremuneracao\">R$ 3.989,11 \/40h<\/td>\r\n<\/tr><tr>\r\n<td class=\"ccargos\">\r\n<span data-balloon-length=\"medium\" aria-label=\"Gradua\u00e7\u00e3o em Farm\u00e1cia Industrial ou Generalista, ou Qu\u00edmica ou Engenharia Qu\u00edmica; e Experi\u00eancia profissional de 01 ano comprovada em Laborat\u00f3rio ou Ind\u00fastria Farmac\u00eautica.\" data-balloon-pos=\"up\">Analista e Pesquisador de Sa\u00fade e Tecnologia - Analista de Desenvolvimento Anal\u00edtico<\/span><\/td>\r\n<td class=\"cvagas\">01<\/td>\r\n<td class=\"cremuneracao\">R$ 3.989,11 \/40h<\/td>\r\n<\/tr><tr>\r\n<td class=\"ccargos\">\r\n<span data-balloon-length=\"medium\" aria-label=\"Gradua\u00e7\u00e3o em Engenharia de Produ\u00e7\u00e3o; ou Farm\u00e1cia Industrial ou Generalista; ou Administra\u00e7\u00e3o; e Experi\u00eancia profissional de 01 ano comprovada em ind\u00fastria farmac\u00eautica ou planejamento de produ\u00e7\u00e3o.\" data-balloon-pos=\"up\">Analista e Pesquisador de Sa\u00fade e Tecnologia - Analista em Planejamento de Produ\u00e7\u00e3o<\/span><\/td>\r\n<td class=\"cvagas\">01<\/td>\r\n<td class=\"cremuneracao\">R$ 3.989,11 \/40h<\/td>\r\n<\/tr><tr>\r\n<td class=\"ccargos\">\r\n<span data-balloon-length=\"medium\" aria-label=\"Gradua\u00e7\u00e3o em Jornalismo; e Experi\u00eancia profissional de 1 ano, comprovada em produ\u00e7\u00e3o de textos jornal\u00edsticos e de pe\u00e7as gr\u00e1ficas.\" data-balloon-pos=\"up\">Analista e Pesquisador de Sa\u00fade e Tecnologia - Jornalista<\/span><\/td>\r\n<td class=\"cvagas\">01<\/td>\r\n<td class=\"cremuneracao\">R$ 3.989,11 \/40h<\/td>\r\n<\/tr><tr>\r\n<td class=\"ccargos\">\r\n<span data-balloon-length=\"medium\" aria-label=\"Gradua\u00e7\u00e3o em qualquer \u00e1rea de conhecimento de n\u00edvel superior; e Experi\u00eancia profissional de 01 ano comprovada em Modelagem de Processos (BPMN 2.0), Gest\u00e3o de Processos (BPM), Automa\u00e7\u00e3o de Processos, Desenvolvimento de dashboards (Power BI), An\u00e1lise de Dados e Estat\u00edstica Aplicada ou Elabora\u00e7\u00e3o de diagn\u00f3sticos Institucionais.\" data-balloon-pos=\"up\">Analista e Pesquisador de Sa\u00fade e Tecnologia - Analista de Processos de Neg\u00f3cios<\/span><\/td>\r\n<td class=\"cvagas\">01<\/td>\r\n<td class=\"cremuneracao\">R$ 3.989,11 \/40h<\/td>\r\n<\/tr><tr>\r\n<td class=\"ccargos\">\r\n<span data-balloon-length=\"medium\" aria-label=\"Gradua\u00e7\u00e3o em Qu\u00edmica; ou Farm\u00e1cia; ou Ci\u00eancias Biol\u00f3gicas ou Biologia, ou Engenharia Qu\u00edmica; e Experi\u00eancia profissional de 01 ano comprovada em atividades relacionadas a compra ou pesquisa de pre\u00e7os de mat\u00e9rias-primas, equipamentos e insumos laboratoriais.\" data-balloon-pos=\"up\">Analista e Pesquisador de Sa\u00fade e Tecnologia - Analista em Compras<\/span><\/td>\r\n<td class=\"cvagas\">02<\/td>\r\n<td class=\"cremuneracao\">R$ 3.989,11 \/40h<\/td>\r\n<\/tr><tr>\r\n<td class=\"ccargos\">\r\n<span data-balloon-length=\"medium\" aria-label=\"Gradua\u00e7\u00e3o em Ci\u00eancias Biol\u00f3gicas ou Engenharia Ambiental; e Experi\u00eancia profissional de 02 anos comprovada na \u00e1rea de gest\u00e3o ambiental.\" data-balloon-pos=\"up\">Analista e Pesquisador de Sa\u00fade e Tecnologia - Analista em Meio Ambiente<\/span><\/td>\r\n<td class=\"cvagas\">01<\/td>\r\n<td class=\"cremuneracao\">R$ 3.989,11 \/40h<\/td>\r\n<\/tr><tr>\r\n<td class=\"ccargos\">\r\n<span data-balloon-length=\"medium\" aria-label=\"Gradua\u00e7\u00e3o em Engenharia Mec\u00e2nica; e Experi\u00eancia profissional de 02 anos comprovada em elabora\u00e7\u00e3o de projetos mec\u00e2nicos para ambientes industriais e\/ou farmac\u00eauticos (ex: HVAC, utilidades, tubula\u00e7\u00f5es e equipamentos).\" data-balloon-pos=\"up\">Analista e Pesquisador de Sa\u00fade e Tecnologia - Engenheiro Mec\u00e2nico<\/span><\/td>\r\n<td class=\"cvagas\">01<\/td>\r\n<td class=\"cremuneracao\">R$ 3.989,11 \/40h<\/td>\r\n<\/tr>\r\n    <\/tbody>\r\n  <\/table>\r\n<\/div>"},"_links":{"self":[{"href":"https:\/\/www.agrobase.com.br\/concursos\/wp-json\/wp\/v2\/posts\/277170","targetHints":{"allow":["GET"]}}],"collection":[{"href":"https:\/\/www.agrobase.com.br\/concursos\/wp-json\/wp\/v2\/posts"}],"about":[{"href":"https:\/\/www.agrobase.com.br\/concursos\/wp-json\/wp\/v2\/types\/post"}],"author":[{"embeddable":true,"href":"https:\/\/www.agrobase.com.br\/concursos\/wp-json\/wp\/v2\/users\/7"}],"replies":[{"embeddable":true,"href":"https:\/\/www.agrobase.com.br\/concursos\/wp-json\/wp\/v2\/comments?post=277170"}],"version-history":[{"count":1,"href":"https:\/\/www.agrobase.com.br\/concursos\/wp-json\/wp\/v2\/posts\/277170\/revisions"}],"predecessor-version":[{"id":277172,"href":"https:\/\/www.agrobase.com.br\/concursos\/wp-json\/wp\/v2\/posts\/277170\/revisions\/277172"}],"wp:featuredmedia":[{"embeddable":true,"href":"https:\/\/www.agrobase.com.br\/concursos\/wp-json\/wp\/v2\/media\/277169"}],"wp:attachment":[{"href":"https:\/\/www.agrobase.com.br\/concursos\/wp-json\/wp\/v2\/media?parent=277170"}],"wp:term":[{"taxonomy":"category","embeddable":true,"href":"https:\/\/www.agrobase.com.br\/concursos\/wp-json\/wp\/v2\/categories?post=277170"},{"taxonomy":"post_tag","embeddable":true,"href":"https:\/\/www.agrobase.com.br\/concursos\/wp-json\/wp\/v2\/tags?post=277170"},{"taxonomy":"_amplo","embeddable":true,"href":"https:\/\/www.agrobase.com.br\/concursos\/wp-json\/wp\/v2\/_amplo?post=277170"},{"taxonomy":"destaque","embeddable":true,"href":"https:\/\/www.agrobase.com.br\/concursos\/wp-json\/wp\/v2\/destaque?post=277170"},{"taxonomy":"instituicoes","embeddable":true,"href":"https:\/\/www.agrobase.com.br\/concursos\/wp-json\/wp\/v2\/instituicoes?post=277170"}],"curies":[{"name":"wp","href":"https:\/\/api.w.org\/{rel}","templated":true}]}}