{"id":277161,"date":"2026-01-23T07:50:46","date_gmt":"2026-01-23T10:50:46","guid":{"rendered":"https:\/\/www.agrobase.com.br\/concursos\/?p=277161"},"modified":"2026-01-22T13:11:06","modified_gmt":"2026-01-22T16:11:06","slug":"ufu-mg-concurso-09-2026","status":"publish","type":"post","link":"https:\/\/www.agrobase.com.br\/concursos\/2026\/ufu-mg-concurso-09-2026\/","title":{"rendered":"UFU (MG) &#8211; Concurso 09\/2026"},"content":{"rendered":"<h2>Informa\u00e7\u00f5es Gerais<\/h2>\n<p>A <strong>Universidade Federal de Uberl\u00e2ndia (UFU)<\/strong> publicou edital de concurso p\u00fablico para provimento de vaga e forma\u00e7\u00e3o de cadastro de reserva para o cargo de <strong>M\u00e9dico Veterin\u00e1rio\/Animais de Laborat\u00f3rio<\/strong>. O certame est\u00e1 com inscri\u00e7\u00f5es abertas e representa uma excelente oportunidade para profissionais da \u00e1rea de Medicina Veterin\u00e1ria que desejam ingressar no servi\u00e7o p\u00fablico federal.<\/p>\n<p>O concurso oferece <strong>01 vaga imediata<\/strong>, al\u00e9m de cadastro de reserva, para atua\u00e7\u00e3o em quaisquer campi da Universidade Federal de Uberl\u00e2ndia, localizada em Minas Gerais. O regime de contrata\u00e7\u00e3o \u00e9 <strong>estatut\u00e1rio<\/strong>, regido pela Lei n\u00ba 8.112\/90, com enquadramento no Plano de Carreira dos Cargos T\u00e9cnico-Administrativos em Educa\u00e7\u00e3o (PCCTAE).<\/p>\n<p>A vaga dispon\u00edvel \u00e9 de <strong>n\u00edvel superior<\/strong>, exigindo gradua\u00e7\u00e3o em Medicina Veterin\u00e1ria e registro ativo no Conselho Regional de Medicina Veterin\u00e1ria (CRMV). A carga hor\u00e1ria \u00e9 de <strong>20 horas semanais<\/strong>, com remunera\u00e7\u00e3o inicial de <strong>R$ 4.976,27<\/strong>.<\/p>\n<p>Esta \u00e9 uma oportunidade especialmente relevante para <strong>m\u00e9dicos veterin\u00e1rios<\/strong> com interesse em atuar na \u00e1rea de animais de laborat\u00f3rio, contribuindo para as atividades de ensino, pesquisa e extens\u00e3o da universidade. Continue a leitura para conhecer todos os detalhes sobre inscri\u00e7\u00f5es, etapas do processo seletivo e cronograma de resultados.<\/p>\n<h2>Inscri\u00e7\u00f5es<\/h2>\n<p>As inscri\u00e7\u00f5es para o concurso da UFU est\u00e3o <strong>abertas<\/strong> e devem ser realizadas exclusivamente pela internet, no per\u00edodo de <strong>13 de fevereiro de 2026 at\u00e9 o dia 09 de mar\u00e7o de 2026<\/strong>, por meio do Portal de Sele\u00e7\u00e3o da universidade.<\/p>\n<p>O valor da taxa de inscri\u00e7\u00e3o \u00e9 de <strong>R$ 149,00<\/strong> para o cargo de M\u00e9dico Veterin\u00e1rio\/Animais de Laborat\u00f3rio. O pagamento dever\u00e1 ser efetuado <strong>at\u00e9 o dia 10 de mar\u00e7o de 2026<\/strong>, exclusivamente por meio de boleto banc\u00e1rio gerado no sistema de inscri\u00e7\u00e3o. Aten\u00e7\u00e3o: a inscri\u00e7\u00e3o s\u00f3 ser\u00e1 confirmada ap\u00f3s a compensa\u00e7\u00e3o do pagamento.<\/p>\n<p>Para se inscrever, o candidato deve:<\/p>\n<ul>\n<li>Acessar o endere\u00e7o <strong>www.portalselecao.ufu.br<\/strong><\/li>\n<li>Preencher o formul\u00e1rio de inscri\u00e7\u00e3o com seus dados pessoais<\/li>\n<li>Gerar o boleto banc\u00e1rio e efetuar o pagamento dentro do prazo<\/li>\n<li>Acompanhar a confirma\u00e7\u00e3o do pagamento em at\u00e9 3 dias \u00fateis ap\u00f3s a quita\u00e7\u00e3o<\/li>\n<\/ul>\n<p>A confirma\u00e7\u00e3o da inscri\u00e7\u00e3o pode ser verificada na op\u00e7\u00e3o <em>Detalhes de sua Inscri\u00e7\u00e3o<\/em> no portal. Caso o pagamento n\u00e3o seja confirmado, o candidato dever\u00e1 entrar em contato com a Diretoria de Processos Seletivos (DIRPS) <strong>at\u00e9 13 de mar\u00e7o de 2026<\/strong>, por meio da op\u00e7\u00e3o <em>Atendimento &gt; Solicitar Atendimento<\/em> no portal.<\/p>\n<p>Recomendamos a leitura integral do edital para verificar os procedimentos completos de inscri\u00e7\u00e3o, bem como os crit\u00e9rios e prazos para solicita\u00e7\u00e3o de isen\u00e7\u00e3o da taxa, se aplic\u00e1vel.<\/p>\n<h2>Etapas e Provas<\/h2>\n<p>O concurso p\u00fablico da UFU para M\u00e9dico Veterin\u00e1rio\/Animais de Laborat\u00f3rio ser\u00e1 realizado em <strong>duas fases<\/strong>:<\/p>\n<ul>\n<li><strong>Primeira Fase: Prova Objetiva<\/strong> \u2014 Car\u00e1ter eliminat\u00f3rio e classificat\u00f3rio<\/li>\n<li><strong>Segunda Fase: Prova Pr\u00e1tica<\/strong> \u2014 Car\u00e1ter eliminat\u00f3rio<\/li>\n<\/ul>\n<p><strong>Prova Objetiva<\/strong><\/p>\n<p>A prova objetiva ser\u00e1 composta por quest\u00f5es de m\u00faltipla escolha, abrangendo <strong>Conhecimentos Gerais<\/strong> e <strong>Conhecimentos Espec\u00edficos<\/strong>. A aplica\u00e7\u00e3o est\u00e1 prevista para o dia <strong>29 de mar\u00e7o de 2026<\/strong>, na cidade de <strong>Uberl\u00e2ndia\/MG<\/strong>, com in\u00edcio \u00e0s <strong>10 horas<\/strong> e dura\u00e7\u00e3o de <strong>3 horas<\/strong>.<\/p>\n<p>Os port\u00f5es ser\u00e3o abertos \u00e0s 09h e fechados pontualmente \u00e0s 09h45. Ser\u00e1 eliminado o candidato que obtiver menos de <strong>12 acertos<\/strong> nas quest\u00f5es de Conhecimentos Espec\u00edficos.<\/p>\n<p><strong>Prova Pr\u00e1tica<\/strong><\/p>\n<p>Para a segunda fase ser\u00e3o convocados os candidatos classificados na prova objetiva, limitados a <strong>duas vezes o n\u00famero de vagas<\/strong> previstas no edital. A rela\u00e7\u00e3o dos classificados para a prova pr\u00e1tica ser\u00e1 divulgada no dia <strong>27 de abril de 2026<\/strong>.<\/p>\n<p>A prova pr\u00e1tica est\u00e1 prevista para o dia <strong>10 de maio de 2026<\/strong>, totalizando <strong>100 pontos<\/strong>. Ser\u00e1 considerado reprovado o candidato que obtiver nota inferior a <strong>60% (sessenta pontos)<\/strong>. N\u00e3o haver\u00e1 segunda chamada em hip\u00f3tese alguma.<\/p>\n<p>Consulte o edital completo para conhecer o conte\u00fado program\u00e1tico detalhado e demais informa\u00e7\u00f5es sobre os crit\u00e9rios de avalia\u00e7\u00e3o de cada etapa.<\/p>\n<h2>Resultados e Gabarito<\/h2>\n<p>A divulga\u00e7\u00e3o dos resultados do concurso da UFU seguir\u00e1 o cronograma abaixo:<\/p>\n<ul>\n<li><strong>30 de mar\u00e7o de 2026<\/strong> (at\u00e9 \u00e0s 11h) \u2014 Gabarito oficial preliminar da prova objetiva<\/li>\n<li><strong>10 de abril de 2026<\/strong> \u2014 Respostas \u00e0s contesta\u00e7\u00f5es e gabarito oficial definitivo<\/li>\n<li><strong>27 de abril de 2026<\/strong> \u2014 Rela\u00e7\u00e3o dos classificados para a prova pr\u00e1tica<\/li>\n<li><strong>02 de junho de 2026<\/strong> \u2014 Lista de classifica\u00e7\u00e3o provis\u00f3ria<\/li>\n<\/ul>\n<p>Todas as publica\u00e7\u00f5es ser\u00e3o realizadas no endere\u00e7o <strong>www.portalselecao.ufu.br<\/strong>. O resultado provis\u00f3rio ser\u00e1 divulgado em lista \u00fanica por cargo, contendo a rela\u00e7\u00e3o de todos os candidatos aprovados e classificados, seguindo os crit\u00e9rios de altern\u00e2ncia e proporcionalidade previstos em lei.<\/p>\n<p>Os <strong>crit\u00e9rios de desempate<\/strong> ser\u00e3o aplicados conforme estabelecido no edital, considerando a legisla\u00e7\u00e3o vigente. Ap\u00f3s a an\u00e1lise de eventuais recursos, ser\u00e1 publicado o <strong>resultado final<\/strong> e, posteriormente, a <strong>homologa\u00e7\u00e3o do concurso<\/strong> no Di\u00e1rio Oficial da Uni\u00e3o, momento em que o certame passa a ter validade oficial para fins de nomea\u00e7\u00e3o.<\/p>\n<p>\u00c9 de <strong>responsabilidade exclusiva do candidato<\/strong> acompanhar todas as publica\u00e7\u00f5es oficiais referentes ao concurso, incluindo convoca\u00e7\u00f5es, resultados e eventuais retifica\u00e7\u00f5es do edital. Recomenda-se consultar regularmente o portal de sele\u00e7\u00e3o da UFU e o Di\u00e1rio Oficial da Uni\u00e3o durante todo o per\u00edodo de validade do certame.<\/p>\n","protected":false},"excerpt":{"rendered":"<p>Concurso UFU (MG) com edital publicado! Vaga p\/ M\u00e9dico Vet. (Superior). Inscri\u00e7\u00f5es a partir de 13\/02. Sal\u00e1rio R$ 4.9k. Confira detalhes!<\/p>\n","protected":false},"author":7,"featured_media":277160,"comment_status":"open","ping_status":"open","sticky":false,"template":"","format":"standard","meta":{"_acf_changed":false,"_breakdance_hide_in_design_set":false,"_breakdance_tags":"","footnotes":""},"categories":[22],"tags":[50],"_amplo":[],"destaque":[],"instituicoes":[],"class_list":["post-277161","post","type-post","status-publish","format-standard","has-post-thumbnail","hentry","category-veterinaria","tag-minas-gerais"],"acf":{"_tipo_vagas":"vagas","_numero_vagas":"","_quadro_vagas":"","_cargos":"diversos","_cargos_especificos":"","_salario_max":"R$ 4976.27","_abertura":"20260213","_encerramento":"20260309","_inscricoes":"https:\/\/www.portalselecao.ufu.br","_executora_concurso":"","_instituicao_concurso":[],"_link_adicional":null,"_anexos":null,"_produtos":null,"_vagas":"01 vaga + CR","_salario_min":"R$ 4976.27","_instituicao":"UFU","_edital":"https:\/\/www.agrobase.com.br\/concursos\/wp-content\/uploads\/sites\/4\/2026\/01\/edital-09-2026-ufu-mg.pdf","_anexos_edital":"","_fund_incompleto":"","_fund_completo":"","_medio":"","_superior":"<div>\r\n<table class=\"quadro\">\r\n<thead>\r\n<tr>\r\n<th class=\"hcargo\">Cargo<\/th>\r\n<th class=\"hvagas\">Vagas<\/th>\r\n<th class=\"hremuneracao\">Remunera\u00e7\u00e3o<\/th>\r\n<\/tr>\r\n<\/thead>\r\n    <tbody>\r\n      <tr>\r\n<td class=\"ccargos\">\r\n<span data-balloon-length=\"medium\" aria-label=\"Gradua\u00e7\u00e3o em Medicina Veterin\u00e1ria e Registro no Conselho competente (CRMV).\" data-balloon-pos=\"up\">M\u00e9dico Veterin\u00e1rio\/Animais de Laborat\u00f3rio<\/span><\/td>\r\n<td class=\"cvagas\">01 + CR<\/td>\r\n<td class=\"cremuneracao\">R$ 4.976,27 \/20h<\/td>\r\n<\/tr>\r\n    <\/tbody>\r\n  <\/table>\r\n<\/div>"},"_links":{"self":[{"href":"https:\/\/www.agrobase.com.br\/concursos\/wp-json\/wp\/v2\/posts\/277161","targetHints":{"allow":["GET"]}}],"collection":[{"href":"https:\/\/www.agrobase.com.br\/concursos\/wp-json\/wp\/v2\/posts"}],"about":[{"href":"https:\/\/www.agrobase.com.br\/concursos\/wp-json\/wp\/v2\/types\/post"}],"author":[{"embeddable":true,"href":"https:\/\/www.agrobase.com.br\/concursos\/wp-json\/wp\/v2\/users\/7"}],"replies":[{"embeddable":true,"href":"https:\/\/www.agrobase.com.br\/concursos\/wp-json\/wp\/v2\/comments?post=277161"}],"version-history":[{"count":2,"href":"https:\/\/www.agrobase.com.br\/concursos\/wp-json\/wp\/v2\/posts\/277161\/revisions"}],"predecessor-version":[{"id":277164,"href":"https:\/\/www.agrobase.com.br\/concursos\/wp-json\/wp\/v2\/posts\/277161\/revisions\/277164"}],"wp:featuredmedia":[{"embeddable":true,"href":"https:\/\/www.agrobase.com.br\/concursos\/wp-json\/wp\/v2\/media\/277160"}],"wp:attachment":[{"href":"https:\/\/www.agrobase.com.br\/concursos\/wp-json\/wp\/v2\/media?parent=277161"}],"wp:term":[{"taxonomy":"category","embeddable":true,"href":"https:\/\/www.agrobase.com.br\/concursos\/wp-json\/wp\/v2\/categories?post=277161"},{"taxonomy":"post_tag","embeddable":true,"href":"https:\/\/www.agrobase.com.br\/concursos\/wp-json\/wp\/v2\/tags?post=277161"},{"taxonomy":"_amplo","embeddable":true,"href":"https:\/\/www.agrobase.com.br\/concursos\/wp-json\/wp\/v2\/_amplo?post=277161"},{"taxonomy":"destaque","embeddable":true,"href":"https:\/\/www.agrobase.com.br\/concursos\/wp-json\/wp\/v2\/destaque?post=277161"},{"taxonomy":"instituicoes","embeddable":true,"href":"https:\/\/www.agrobase.com.br\/concursos\/wp-json\/wp\/v2\/instituicoes?post=277161"}],"curies":[{"name":"wp","href":"https:\/\/api.w.org\/{rel}","templated":true}]}}