{"id":277152,"date":"2026-01-23T07:30:55","date_gmt":"2026-01-23T10:30:55","guid":{"rendered":"https:\/\/www.agrobase.com.br\/concursos\/?p=277152"},"modified":"2026-01-22T12:34:50","modified_gmt":"2026-01-22T15:34:50","slug":"prefeitura-capitao-andrade-mg-selecao-simplificada-01-2026","status":"publish","type":"post","link":"https:\/\/www.agrobase.com.br\/concursos\/2026\/prefeitura-capitao-andrade-mg-selecao-simplificada-01-2026\/","title":{"rendered":"Prefeitura Capit\u00e3o Andrade (MG) &#8211; Sele\u00e7\u00e3o Simplificada 01\/2026"},"content":{"rendered":"<h2>Informa\u00e7\u00f5es Gerais<\/h2>\n<p>O <strong>Processo Seletivo Simplificado do Munic\u00edpio de Capit\u00e3o Andrade\/MG<\/strong> est\u00e1 com edital publicado para contrata\u00e7\u00e3o tempor\u00e1ria de profissionais para o quadro de pessoal municipal. O certame \u00e9 organizado pelo Instituto Brasileiro de Gest\u00e3o e Pesquisa (IBGP) e visa preencher <strong>43 vagas imediatas<\/strong>, al\u00e9m de forma\u00e7\u00e3o de cadastro de reserva.<\/p>\n<p>As oportunidades contemplam candidatos com <strong>n\u00edvel m\u00e9dio\/t\u00e9cnico e superior<\/strong>, com remunera\u00e7\u00f5es que variam de <strong>R$ 1.518,00 a R$ 8.000,00<\/strong>, conforme o cargo. O regime de contrata\u00e7\u00e3o \u00e9 tempor\u00e1rio, fundamentado na Lei Complementar Municipal n\u00ba 96\/2025.<\/p>\n<p>As vagas est\u00e3o distribu\u00eddas principalmente nas \u00e1reas de <strong>Sa\u00fade<\/strong> e <strong>Assist\u00eancia Social<\/strong>, com destaque para cargos como M\u00e9dicos PSF, Enfermeiro PSF, Cirurgi\u00e3o Dentista, T\u00e9cnico em Enfermagem, Psic\u00f3logo, Assistente Social e Fisioterapeuta. Para profissionais da \u00e1rea de <strong>Nutri\u00e7\u00e3o<\/strong>, h\u00e1 <strong>02 vagas para Nutricionista<\/strong>, com carga hor\u00e1ria de 20 horas semanais e remunera\u00e7\u00e3o de R$ 2.100,00.<\/p>\n<p>Continue a leitura para conhecer os prazos de inscri\u00e7\u00e3o, etapas do processo seletivo e como acompanhar os resultados.<\/p>\n<h2>Inscri\u00e7\u00f5es<\/h2>\n<p>As inscri\u00e7\u00f5es para o Processo Seletivo de Capit\u00e3o Andrade\/MG estar\u00e3o <strong>abertas das 09h do dia 20 de janeiro de 2026 at\u00e9 as 16h do dia 29 de janeiro de 2026<\/strong>.<\/p>\n<p>O procedimento \u00e9 realizado <strong>exclusivamente pela internet<\/strong>, atrav\u00e9s do site da banca organizadora: <strong>www.ibgpconcursos.com.br<\/strong>. Para se inscrever, o candidato deve acessar o link correspondente ao certame, preencher o formul\u00e1rio de inscri\u00e7\u00e3o com seus dados pessoais, selecionar o cargo desejado e gerar o boleto banc\u00e1rio para pagamento da taxa de inscri\u00e7\u00e3o.<\/p>\n<p>Os valores das taxas de inscri\u00e7\u00e3o, bem como eventuais crit\u00e9rios e prazos para solicita\u00e7\u00e3o de isen\u00e7\u00e3o, devem ser consultados diretamente no edital completo, dispon\u00edvel no site do IBGP.<\/p>\n<p>Ap\u00f3s a confirma\u00e7\u00e3o do pagamento, recomenda-se que o candidato acompanhe o status de sua inscri\u00e7\u00e3o na \u00e1rea restrita do site da banca, verificando se foi deferida ou se h\u00e1 pend\u00eancias a serem regularizadas.<\/p>\n<p>Para garantir sua participa\u00e7\u00e3o no certame, leia atentamente todas as disposi\u00e7\u00f5es do edital antes de efetuar a inscri\u00e7\u00e3o.<\/p>\n<h2>Etapas e Provas<\/h2>\n<p>O Processo Seletivo Simplificado de Capit\u00e3o Andrade\/MG ser\u00e1 composto por at\u00e9 duas etapas, conforme o n\u00edvel de escolaridade do cargo:<\/p>\n<ul>\n<li><strong>1\u00aa Etapa \u2013 Prova Objetiva de M\u00faltipla Escolha<\/strong> (Eliminat\u00f3ria e Classificat\u00f3ria): aplicada a todos os cargos;<\/li>\n<li><strong>2\u00aa Etapa \u2013 Prova de T\u00edtulos<\/strong> (Classificat\u00f3ria): exclusiva para cargos de n\u00edvel superior.<\/li>\n<\/ul>\n<p><strong>Prova Objetiva<\/strong><\/p>\n<p>A aplica\u00e7\u00e3o da prova objetiva est\u00e1 prevista para o dia <strong>15 de fevereiro de 2026 (domingo)<\/strong>, em turno \u00fanico, com in\u00edcio \u00e0s <strong>09h15<\/strong> (hor\u00e1rio oficial de Bras\u00edlia). A dura\u00e7\u00e3o total ser\u00e1 de <strong>3 horas<\/strong>, incluindo o tempo para distribui\u00e7\u00e3o dos cadernos, leitura das instru\u00e7\u00f5es e preenchimento da folha de respostas.<\/p>\n<p>Ser\u00e1 considerado aprovado na prova objetiva o candidato que obtiver, no m\u00ednimo, <strong>50% da maior nota obtida no cargo pleiteado<\/strong>.<\/p>\n<p><strong>Prova de T\u00edtulos<\/strong><\/p>\n<p>Os candidatos aos cargos de n\u00edvel superior que tiverem a inscri\u00e7\u00e3o preliminarmente deferida dever\u00e3o enviar a documenta\u00e7\u00e3o referente aos t\u00edtulos no per\u00edodo de <strong>04 a 06 de fevereiro de 2026<\/strong> (das 09h do dia 04\/02 \u00e0s 16h do dia 06\/02), conforme procedimentos estabelecidos no edital.<\/p>\n<p>Para informa\u00e7\u00f5es detalhadas sobre conte\u00fado program\u00e1tico, crit\u00e9rios de pontua\u00e7\u00e3o da prova de t\u00edtulos e cronograma completo, consulte o edital oficial do certame.<\/p>\n<h2>Resultados e Gabarito<\/h2>\n<p>Os resultados do Processo Seletivo Simplificado de Capit\u00e3o Andrade\/MG ser\u00e3o divulgados no site da banca organizadora: <strong>www.ibgpconcursos.com.br<\/strong>.<\/p>\n<p>O resultado final ser\u00e1 publicado em duas listas:<\/p>\n<ul>\n<li><strong>Primeira lista:<\/strong> classifica\u00e7\u00e3o geral por cargo, incluindo todos os candidatos aprovados, bem como os inscritos como Pessoa com Defici\u00eancia (PcD) e na condi\u00e7\u00e3o de negros que atingiram pontua\u00e7\u00e3o suficiente;<\/li>\n<li><strong>Segunda lista:<\/strong> classifica\u00e7\u00e3o exclusiva dos candidatos inscritos como Pessoa com Defici\u00eancia (PcD), por cargo.<\/li>\n<\/ul>\n<p>A <strong>homologa\u00e7\u00e3o do resultado final<\/strong> ser\u00e1 realizada por ato do Prefeito Municipal de Capit\u00e3o Andrade\/MG e publicada no <strong>Di\u00e1rio Oficial do Munic\u00edpio<\/strong>, al\u00e9m dos sites <strong>www.capitaoandrade.mg.gov.br<\/strong> e <strong>www.ibgpconcursos.com.br<\/strong>. Ap\u00f3s a homologa\u00e7\u00e3o, n\u00e3o caber\u00e1 recurso.<\/p>\n<p>O acompanhamento de todas as publica\u00e7\u00f5es oficiais \u2014 incluindo gabaritos, resultados preliminares, definitivos e convoca\u00e7\u00f5es \u2014 \u00e9 de <strong>responsabilidade exclusiva do candidato<\/strong>. Recomenda-se consultar regularmente os canais oficiais para n\u00e3o perder nenhum prazo importante.<\/p>\n","protected":false},"excerpt":{"rendered":"<p>Inscri\u00e7\u00f5es abrem 20\/01! Sel. Simplificada Pref. Capit\u00e3o Andrade (MG) p\/ M\u00e9dicos e T\u00e9cnicos (M\u00e9d\/T\u00e9c a Sup.). Sal\u00e1rios at\u00e9 R$ 8k. Prepare-se e veja o edital!<\/p>\n","protected":false},"author":7,"featured_media":277151,"comment_status":"open","ping_status":"open","sticky":false,"template":"","format":"standard","meta":{"_acf_changed":false,"_breakdance_hide_in_design_set":false,"_breakdance_tags":"","footnotes":""},"categories":[10,11,12,18,19,21,23,24,26,101,108,143,134],"tags":[50],"_amplo":[],"destaque":[],"instituicoes":[],"class_list":["post-277152","post","type-post","status-publish","format-standard","has-post-thumbnail","hentry","category-direito","category-educacao-fisica","category-enfermagem","category-fisioterapia","category-fonoaudiologia","category-medicina","category-nutricao","category-odontologia","category-psicologia","category-servico-social","category-tecnico-enfermagem","category-tecnico-odontologia","category-terapia-ocupacional","tag-minas-gerais"],"acf":{"_tipo_vagas":"vagas","_numero_vagas":"","_quadro_vagas":"","_cargos":"diversos","_cargos_especificos":"","_salario_max":"R$ 8000","_abertura":"20260120","_encerramento":"20260129","_inscricoes":"https:\/\/www.ibgpconcursos.com.br","_executora_concurso":"","_instituicao_concurso":[],"_link_adicional":null,"_anexos":null,"_produtos":null,"_vagas":"43 vagas + CR","_salario_min":"R$ 1518","_instituicao":"Prefeitura de Capit\u00e3o Andrade","_edital":"https:\/\/www.agrobase.com.br\/concursos\/wp-content\/uploads\/sites\/4\/2026\/01\/edital-01-2026-prefeitura-de-capitao-andrade-mg.pdf","_anexos_edital":"https:\/\/www.agrobase.com.br\/concursos\/wp-content\/uploads\/sites\/4\/2026\/01\/anexos-edital-01-2026-prefeitura-de-capitao-andrade-mg.pdf","_fund_incompleto":"","_fund_completo":"","_medio":"<div>\r\n<table class=\"quadro\">\r\n<thead>\r\n<tr>\r\n<th class=\"hcargo\">Cargo<\/th>\r\n<th class=\"hvagas\">Vagas<\/th>\r\n<th class=\"hremuneracao\">Remunera\u00e7\u00e3o<\/th>\r\n<\/tr>\r\n<\/thead>\r\n    <tbody>\r\n      <td class=\"ccargos\">\r\n<span data-balloon-length=\"medium\" aria-label=\"Ensino m\u00e9dio completo, preferencialmente com forma\u00e7\u00e3o em \u00e1reas sociais ou experi\u00eancia de 06 (seis) meses em administra\u00e7\u00e3o p\u00fablica.\" data-balloon-pos=\"up\">ENTREVISTADOR SOCIAL<\/span><\/td>\r\n<td class=\"cvagas\">01<\/td>\r\n<td class=\"cremuneracao\">R$ 1.518,00 \/40 horas semanais<\/td>\r\n<\/tr><td class=\"ccargos\">\r\n<span data-balloon-length=\"medium\" aria-label=\"Ensino m\u00e9dio completo com experi\u00eancia comprovada em artesanato.\" data-balloon-pos=\"up\">INSTRUTOR DE ARTESANATO<\/span><\/td>\r\n<td class=\"cvagas\">01<\/td>\r\n<td class=\"cremuneracao\">R$ 1.800,00 \/20 horas semanais<\/td>\r\n<\/tr><td class=\"ccargos\">\r\n<span data-balloon-length=\"medium\" aria-label=\"Experi\u00eancia comprovada em m\u00fasica.\" data-balloon-pos=\"up\">INSTRUTOR MUSICAL<\/span><\/td>\r\n<td class=\"cvagas\">01<\/td>\r\n<td class=\"cremuneracao\">R$ 1.800,00 \/20 horas semanais<\/td>\r\n<\/tr><td class=\"ccargos\">\r\n<span data-balloon-length=\"medium\" aria-label=\"Ensino m\u00e9dio completo e experi\u00eancia no m\u00ednimo de 06 meses em Servi\u00e7o de Conviv\u00eancia e Fortalecimento de V\u00ednculos.\" data-balloon-pos=\"up\">MONITOR SOCIAL<\/span><\/td>\r\n<td class=\"cvagas\">01<\/td>\r\n<td class=\"cremuneracao\">R$ 1.518,00 \/40 horas semanais<\/td>\r\n<\/tr><td class=\"ccargos\">\r\n<span data-balloon-length=\"medium\" aria-label=\"Ensino m\u00e9dio completo, com experi\u00eancia pr\u00e9via em \u00e1reas sociais ou cursos de forma\u00e7\u00e3o \u00e1rea social.\" data-balloon-pos=\"up\">VISITADOR SOCIAL<\/span><\/td>\r\n<td class=\"cvagas\">03<\/td>\r\n<td class=\"cremuneracao\">R$ 1.518,00 \/40 horas semanais<\/td>\r\n<\/tr><td class=\"ccargos\">\r\n<span data-balloon-length=\"medium\" aria-label=\"Ensino M\u00e9dio Completo e T\u00e9cnico em Enfermagem com Registro no COREN.\" data-balloon-pos=\"up\">T\u00c9CNICO EM ENFERMAGEM<\/span><\/td>\r\n<td class=\"cvagas\">04<\/td>\r\n<td class=\"cremuneracao\">R$ 1.700,00 \/40 horas semanais<\/td>\r\n<\/tr><td class=\"ccargos\">\r\n<span data-balloon-length=\"medium\" aria-label=\"Ensino M\u00e9dio Completo e T\u00e9cnico em Higiene Dental\/Bucal e Registro no CRO.\" data-balloon-pos=\"up\">T\u00c9CNICO EM SA\u00daDE BUCAL<\/span><\/td>\r\n<td class=\"cvagas\">03<\/td>\r\n<td class=\"cremuneracao\">R$ 1.700,00 \/40 horas semanais<\/td>\r\n<\/tr>\r\n    <\/tbody>\r\n  <\/table>\r\n<\/div>","_superior":"<div>\r\n<table class=\"quadro\">\r\n<thead>\r\n<tr>\r\n<th class=\"hcargo\">Cargo<\/th>\r\n<th class=\"hvagas\">Vagas<\/th>\r\n<th class=\"hremuneracao\">Remunera\u00e7\u00e3o<\/th>\r\n<\/tr>\r\n<\/thead>\r\n    <tbody>\r\n      <tr>\r\n<td class=\"ccargos\">\r\n<span data-balloon-length=\"medium\" aria-label=\"Ensino superior completo em Direito com inscri\u00e7\u00e3o na OAB.\" data-balloon-pos=\"up\">ADVOGADO - CREAS<\/span><\/td>\r\n<td class=\"cvagas\">01<\/td>\r\n<td class=\"cremuneracao\">R$ 2.900,00 \/20 horas semanais<\/td>\r\n<\/tr><tr>\r\n<td class=\"ccargos\">\r\n<span data-balloon-length=\"medium\" aria-label=\"N\u00edvel Superior Completo em Servi\u00e7o Social com Registro no CRESS.\" data-balloon-pos=\"up\">ASSISTENTE SOCIAL - CRAS<\/span><\/td>\r\n<td class=\"cvagas\">01<\/td>\r\n<td class=\"cremuneracao\">R$ 3.150,00 \/30 horas semanais<\/td>\r\n<\/tr><tr>\r\n<td class=\"ccargos\">\r\n<span data-balloon-length=\"medium\" aria-label=\"N\u00edvel Superior Completo em Servi\u00e7o Social com Registro no CRESS.\" data-balloon-pos=\"up\">ASSISTENTE SOCIAL - CREAS<\/span><\/td>\r\n<td class=\"cvagas\">01<\/td>\r\n<td class=\"cremuneracao\">R$ 2.100,00 \/20 horas semanais<\/td>\r\n<\/tr><tr>\r\n<td class=\"ccargos\">\r\n<span data-balloon-length=\"medium\" aria-label=\"N\u00edvel Superior Completo em Servi\u00e7o Social com Registro no CRESS.\" data-balloon-pos=\"up\">ASSISTENTE SOCIAL - SA\u00daDE<\/span><\/td>\r\n<td class=\"cvagas\">01<\/td>\r\n<td class=\"cremuneracao\">R$ 3.150,00 \/30 horas semanais<\/td>\r\n<\/tr><tr>\r\n<td class=\"ccargos\">\r\n<span data-balloon-length=\"medium\" aria-label=\"Ensino Superior Completo em Odontologia com registro no CRO.\" data-balloon-pos=\"up\">CIRURGI\u00c3O DENTISTA<\/span><\/td>\r\n<td class=\"cvagas\">03<\/td>\r\n<td class=\"cremuneracao\">R$ 4.000,00 \/40 horas semanais<\/td>\r\n<\/tr><tr>\r\n<td class=\"ccargos\">\r\n<span data-balloon-length=\"medium\" aria-label=\"N\u00edvel Superior Completo Bacharelado em Educa\u00e7\u00e3o F\u00edsica e Registro no CREF.\" data-balloon-pos=\"up\">EDUCADOR F\u00cdSICO - ASSIST\u00caNCIA SOCIAL<\/span><\/td>\r\n<td class=\"cvagas\">01<\/td>\r\n<td class=\"cremuneracao\">R$ 2.100,00 \/20 horas semanais<\/td>\r\n<\/tr><tr>\r\n<td class=\"ccargos\">\r\n<span data-balloon-length=\"medium\" aria-label=\"N\u00edvel Superior Completo Bacharelado em Educa\u00e7\u00e3o F\u00edsica e Registro no CREF.\" data-balloon-pos=\"up\">EDUCADOR F\u00cdSICO - SA\u00daDE<\/span><\/td>\r\n<td class=\"cvagas\">02<\/td>\r\n<td class=\"cremuneracao\">R$ 2.100,00 \/20 horas semanais<\/td>\r\n<\/tr><tr>\r\n<td class=\"ccargos\">\r\n<span data-balloon-length=\"medium\" aria-label=\"Ensino Superior Completo em Enfermagem com Registro no COREN\" data-balloon-pos=\"up\">ENFERMEIRO PSF<\/span><\/td>\r\n<td class=\"cvagas\">03<\/td>\r\n<td class=\"cremuneracao\">R$ 2.300,00 \/40 horas semanais<\/td>\r\n<\/tr><tr>\r\n<td class=\"ccargos\">\r\n<span data-balloon-length=\"medium\" aria-label=\"Ensino Superior Completo em Fisioterapia com Registro no CREFITO\" data-balloon-pos=\"up\">FISIOTERAPEUTA<\/span><\/td>\r\n<td class=\"cvagas\">01<\/td>\r\n<td class=\"cremuneracao\">R$ 2.100,00 \/20 horas semanais<\/td>\r\n<\/tr><tr>\r\n<td class=\"ccargos\">\r\n<span data-balloon-length=\"medium\" aria-label=\"Ensino Superior Completo em Fonoaudiologia e registro no CREFONO.\" data-balloon-pos=\"up\">FONOAUDI\u00d3LOGO<\/span><\/td>\r\n<td class=\"cvagas\">02<\/td>\r\n<td class=\"cremuneracao\">R$ 3.300,00 \/20 horas semanais<\/td>\r\n<\/tr><tr>\r\n<td class=\"ccargos\">\r\n<span data-balloon-length=\"medium\" aria-label=\"Ensino Superior Completo em Medicina com Registro no CRM.\" data-balloon-pos=\"up\">M\u00c9DICOS PSF<\/span><\/td>\r\n<td class=\"cvagas\">03<\/td>\r\n<td class=\"cremuneracao\">R$ 8.000,00 \/40 horas semanais<\/td>\r\n<\/tr><tr>\r\n<td class=\"ccargos\">\r\n<span data-balloon-length=\"medium\" aria-label=\"Ensino Superior Completo em Nutri\u00e7\u00e3o com registro no CRN.\" data-balloon-pos=\"up\">NUTRICIONISTA<\/span><\/td>\r\n<td class=\"cvagas\">02<\/td>\r\n<td class=\"cremuneracao\">R$ 2.100,00 \/20 horas semanais<\/td>\r\n<\/tr><tr>\r\n<td class=\"ccargos\">\r\n<span data-balloon-length=\"medium\" aria-label=\"Ensino superior completo em Psicologia, com registro no CRP.\" data-balloon-pos=\"up\">PSIC\u00d3LOGO - CRAS<\/span><\/td>\r\n<td class=\"cvagas\">01<\/td>\r\n<td class=\"cremuneracao\">R$ 2.100,00 \/20 horas semanais<\/td>\r\n<\/tr><tr>\r\n<td class=\"ccargos\">\r\n<span data-balloon-length=\"medium\" aria-label=\"Ensino superior completo em Psicologia, com registro no CRP.\" data-balloon-pos=\"up\">PSIC\u00d3LOGO - CREAS<\/span><\/td>\r\n<td class=\"cvagas\">01<\/td>\r\n<td class=\"cremuneracao\">R$ 2.100,00 \/20 horas semanais<\/td>\r\n<\/tr><tr>\r\n<td class=\"ccargos\">\r\n<span data-balloon-length=\"medium\" aria-label=\"Ensino superior completo em Psicologia, com registro no CRP.\" data-balloon-pos=\"up\">PSIC\u00d3LOGO - SA\u00daDE<\/span><\/td>\r\n<td class=\"cvagas\">03<\/td>\r\n<td class=\"cremuneracao\">R$ 2.100,00 \/20 horas semanais<\/td>\r\n<\/tr><tr>\r\n<td class=\"ccargos\">\r\n<span data-balloon-length=\"medium\" aria-label=\"Ensino Superior, experi\u00eancia comprovada com o Programa.\" data-balloon-pos=\"up\">SUPERVISOR - PROJETO CRIAN\u00c7A FELIZ<\/span><\/td>\r\n<td class=\"cvagas\">01<\/td>\r\n<td class=\"cremuneracao\">R$ 2.100,00 \/20 horas semanais<\/td>\r\n<\/tr><tr>\r\n<td class=\"ccargos\">\r\n<span data-balloon-length=\"medium\" aria-label=\"Ensino Superior Completo em Terapia Ocupacional com Registro no CREFITO.\" data-balloon-pos=\"up\">TERAPEUTA OCUPACIONAL<\/span><\/td>\r\n<td class=\"cvagas\">02<\/td>\r\n<td class=\"cremuneracao\">R$ 3.300,00 \/20 horas semanais<\/td>\r\n<\/tr>\r\n    <\/tbody>\r\n  <\/table>\r\n<\/div>"},"_links":{"self":[{"href":"https:\/\/www.agrobase.com.br\/concursos\/wp-json\/wp\/v2\/posts\/277152","targetHints":{"allow":["GET"]}}],"collection":[{"href":"https:\/\/www.agrobase.com.br\/concursos\/wp-json\/wp\/v2\/posts"}],"about":[{"href":"https:\/\/www.agrobase.com.br\/concursos\/wp-json\/wp\/v2\/types\/post"}],"author":[{"embeddable":true,"href":"https:\/\/www.agrobase.com.br\/concursos\/wp-json\/wp\/v2\/users\/7"}],"replies":[{"embeddable":true,"href":"https:\/\/www.agrobase.com.br\/concursos\/wp-json\/wp\/v2\/comments?post=277152"}],"version-history":[{"count":1,"href":"https:\/\/www.agrobase.com.br\/concursos\/wp-json\/wp\/v2\/posts\/277152\/revisions"}],"predecessor-version":[{"id":277154,"href":"https:\/\/www.agrobase.com.br\/concursos\/wp-json\/wp\/v2\/posts\/277152\/revisions\/277154"}],"wp:featuredmedia":[{"embeddable":true,"href":"https:\/\/www.agrobase.com.br\/concursos\/wp-json\/wp\/v2\/media\/277151"}],"wp:attachment":[{"href":"https:\/\/www.agrobase.com.br\/concursos\/wp-json\/wp\/v2\/media?parent=277152"}],"wp:term":[{"taxonomy":"category","embeddable":true,"href":"https:\/\/www.agrobase.com.br\/concursos\/wp-json\/wp\/v2\/categories?post=277152"},{"taxonomy":"post_tag","embeddable":true,"href":"https:\/\/www.agrobase.com.br\/concursos\/wp-json\/wp\/v2\/tags?post=277152"},{"taxonomy":"_amplo","embeddable":true,"href":"https:\/\/www.agrobase.com.br\/concursos\/wp-json\/wp\/v2\/_amplo?post=277152"},{"taxonomy":"destaque","embeddable":true,"href":"https:\/\/www.agrobase.com.br\/concursos\/wp-json\/wp\/v2\/destaque?post=277152"},{"taxonomy":"instituicoes","embeddable":true,"href":"https:\/\/www.agrobase.com.br\/concursos\/wp-json\/wp\/v2\/instituicoes?post=277152"}],"curies":[{"name":"wp","href":"https:\/\/api.w.org\/{rel}","templated":true}]}}