{"id":277147,"date":"2026-01-23T07:20:08","date_gmt":"2026-01-23T10:20:08","guid":{"rendered":"https:\/\/www.agrobase.com.br\/concursos\/?p=277147"},"modified":"2026-01-22T12:13:37","modified_gmt":"2026-01-22T15:13:37","slug":"prefeitura-ibaretama-ce-selecao-simplificada-01-2026","status":"publish","type":"post","link":"https:\/\/www.agrobase.com.br\/concursos\/2026\/prefeitura-ibaretama-ce-selecao-simplificada-01-2026\/","title":{"rendered":"Prefeitura Ibaretama (CE) &#8211; Sele\u00e7\u00e3o Simplificada 01\/2026"},"content":{"rendered":"<h2>Informa\u00e7\u00f5es Gerais<\/h2>\n<p>A <strong>Prefeitura Municipal de Ibaretama<\/strong>, no interior do Cear\u00e1, publicou edital de <strong>Processo Seletivo Simplificado<\/strong> destinado \u00e0 forma\u00e7\u00e3o de <strong>cadastro de reserva<\/strong> para contrata\u00e7\u00e3o tempor\u00e1ria de professores da rede municipal de ensino.<\/p>\n<p>O certame \u00e9 voltado exclusivamente para profissionais de <strong>n\u00edvel superior<\/strong>, com exig\u00eancia de Licenciatura Plena nas \u00e1reas de atua\u00e7\u00e3o. As oportunidades contemplam os seguintes componentes curriculares: <strong>Pedagogia<\/strong> (Educa\u00e7\u00e3o Infantil e Anos Iniciais), <strong>L\u00edngua Portuguesa<\/strong>, <strong>Matem\u00e1tica<\/strong>, <strong>Hist\u00f3ria<\/strong>, <strong>Geografia<\/strong> e <strong>Ci\u00eancias da Natureza<\/strong>.<\/p>\n<p>Destaca-se que h\u00e1 vagas para <strong>Professor de Ci\u00eancias da Natureza<\/strong>, que exige Licenciatura em <strong>Ci\u00eancias Biol\u00f3gicas<\/strong> ou Ci\u00eancias \u2014 \u00e1rea de interesse para profissionais da Biologia.<\/p>\n<p>O regime de contrata\u00e7\u00e3o ser\u00e1 <strong>tempor\u00e1rio<\/strong>, com base na Lei Municipal n\u00ba 154\/2017 e no art. 37, inciso IX, da Constitui\u00e7\u00e3o Federal. O edital n\u00e3o informa valores de remunera\u00e7\u00e3o ou carga hor\u00e1ria espec\u00edfica para os cargos.<\/p>\n<p>Uma particularidade deste processo seletivo \u00e9 a utiliza\u00e7\u00e3o da <strong>Prova Nacional Docente (PND\/MEC)<\/strong> como uma das etapas de avalia\u00e7\u00e3o, conforme regulamenta\u00e7\u00e3o do Minist\u00e9rio da Educa\u00e7\u00e3o.<\/p>\n<p>Continue a leitura para conhecer os detalhes sobre inscri\u00e7\u00f5es, etapas de sele\u00e7\u00e3o e como acompanhar os resultados.<\/p>\n<h2>Inscri\u00e7\u00f5es<\/h2>\n<p>As inscri\u00e7\u00f5es para o Processo Seletivo Simplificado da Prefeitura de Ibaretama-CE estar\u00e3o <strong>abertas no per\u00edodo de 20 a 23 de janeiro de 2026<\/strong>, no hor\u00e1rio das <strong>8h \u00e0s 17h<\/strong>.<\/p>\n<p>A inscri\u00e7\u00e3o ser\u00e1 realizada de forma <strong>presencial<\/strong>, na sede da Secretaria de Educa\u00e7\u00e3o e Cultura de Ibaretama, localizada na <strong>Rua Prof\u00aa. Maria Am\u00e9lia, n\u00ba 126, bairro Nova Ibaretama, Ibaretama-CE<\/strong>.<\/p>\n<p><strong>Documentos obrigat\u00f3rios para inscri\u00e7\u00e3o:<\/strong><\/p>\n<ul>\n<li>Ficha de Inscri\u00e7\u00e3o do Candidato devidamente preenchida (Anexo I do edital);<\/li>\n<li>Documento de Identidade oficial com foto (c\u00f3pia e original);<\/li>\n<li>CPF (c\u00f3pia e original);<\/li>\n<li>Comprovante de escolaridade \u2014 Diploma de Conclus\u00e3o de Curso de Licenciatura Plena compat\u00edvel com o cargo pleiteado;<\/li>\n<li><strong>Comprovante Oficial de Resultado (Boletim de Desempenho) da Prova Nacional Docente (PND)<\/strong>, contendo a nota obtida;<\/li>\n<li>Comprovantes dos cursos referentes \u00e0 Prova de T\u00edtulos.<\/li>\n<\/ul>\n<p><strong>Aten\u00e7\u00e3o:<\/strong> A n\u00e3o apresenta\u00e7\u00e3o do Comprovante Oficial de Resultado da PND implicar\u00e1 no <strong>indeferimento autom\u00e1tico da inscri\u00e7\u00e3o<\/strong>.<\/p>\n<p>O edital n\u00e3o menciona cobran\u00e7a de taxa de inscri\u00e7\u00e3o para este processo seletivo.<\/p>\n<p>Recomendamos a leitura integral do edital para verificar todos os requisitos e orienta\u00e7\u00f5es espec\u00edficas antes de comparecer ao local de inscri\u00e7\u00e3o.<\/p>\n<h2>Etapas e Provas<\/h2>\n<p>A sele\u00e7\u00e3o dos candidatos ser\u00e1 realizada em <strong>tr\u00eas etapas<\/strong>, todas de car\u00e1ter eliminat\u00f3rio e classificat\u00f3rio:<\/p>\n<ul>\n<li><strong>1\u00aa Etapa \u2014 Prova Nacional Docente (PND\/MEC):<\/strong> Ser\u00e1 considerada a nota global obtida pelo candidato na \u00faltima edi\u00e7\u00e3o da PND, conforme documento oficial emitido pelo INEP\/MEC. A pontua\u00e7\u00e3o ser\u00e1 expressa em escala de 0 a 10 pontos, com <strong>peso de 40%<\/strong> na nota final. O candidato que n\u00e3o alcan\u00e7ar a pontua\u00e7\u00e3o m\u00ednima estabelecida pelo INEP\/MEC para o n\u00edvel adequado ser\u00e1 <strong>eliminado<\/strong>.<\/li>\n<li><strong>2\u00aa Etapa \u2014 Prova de T\u00edtulos:<\/strong> O candidato dever\u00e1 preencher o Formul\u00e1rio de Avalia\u00e7\u00e3o da Prova de T\u00edtulos (Anexo II) e entregar no ato da inscri\u00e7\u00e3o, acompanhado das c\u00f3pias autenticadas dos documentos comprobat\u00f3rios. Esta etapa possui car\u00e1ter <strong>classificat\u00f3rio<\/strong>, com pontua\u00e7\u00e3o de 0 a 10 pontos e <strong>peso de 30%<\/strong> na nota final.<\/li>\n<li><strong>3\u00aa Etapa \u2014 Entrevista T\u00e9cnica e Comportamental:<\/strong> Os candidatos com inscri\u00e7\u00e3o deferida e nota da PND validada ser\u00e3o convocados para entrevista na sede da Secretaria de Educa\u00e7\u00e3o e Cultura. A avalia\u00e7\u00e3o contemplar\u00e1: dom\u00ednio do conhecimento espec\u00edfico da \u00e1rea; conhecimentos sobre a BNCC; capacidade de comunica\u00e7\u00e3o e postura profissional; e experi\u00eancia profissional pr\u00e9via. A pontua\u00e7\u00e3o m\u00e1xima \u00e9 de 10 pontos, com <strong>peso de 30%<\/strong> na nota final. O candidato que n\u00e3o alcan\u00e7ar a <strong>nota m\u00ednima de 6,0 pontos<\/strong> ser\u00e1 <strong>eliminado<\/strong>.<\/li>\n<\/ul>\n<p>As datas espec\u00edficas de realiza\u00e7\u00e3o das etapas est\u00e3o previstas no cronograma constante no Anexo III do edital. Consulte o documento oficial para verificar o calend\u00e1rio completo e os crit\u00e9rios detalhados de avalia\u00e7\u00e3o.<\/p>\n<h2>Resultados e Gabarito<\/h2>\n<p>A <strong>Nota Final (NF)<\/strong> do candidato ser\u00e1 calculada pela m\u00e9dia ponderada das tr\u00eas etapas, conforme a f\u00f3rmula:<\/p>\n<p><em>NF = (Nota PND \u00d7 0,4) + (Nota Prova de T\u00edtulos \u00d7 0,3) + (Nota Entrevista \u00d7 0,3)<\/em><\/p>\n<p><strong>Crit\u00e9rios de desempate<\/strong>, em ordem de aplica\u00e7\u00e3o:<\/p>\n<ul>\n<li>Maior titula\u00e7\u00e3o acad\u00eamica;<\/li>\n<li>Maior nota na PND;<\/li>\n<li>Maior idade (conforme Lei n\u00ba 10.741\/2003 \u2014 Estatuto do Idoso).<\/li>\n<\/ul>\n<p>O <strong>resultado preliminar<\/strong>, contendo as notas finais ponderadas, ser\u00e1 publicado no site da Prefeitura de Ibaretama (<strong>www.ibaretama.ce.gov.br<\/strong>) e demais meios oficiais, conforme data prevista no cronograma do Anexo III.<\/p>\n<p>Ap\u00f3s a divulga\u00e7\u00e3o do resultado preliminar, os candidatos poder\u00e3o interpor <strong>recurso<\/strong> dentro do prazo estabelecido no cronograma, que ser\u00e1 analisado pela Comiss\u00e3o de Avalia\u00e7\u00e3o.<\/p>\n<p>O <strong>resultado final<\/strong> ser\u00e1 publicado no Di\u00e1rio Oficial e no site da Prefeitura, consistindo na forma\u00e7\u00e3o do Cadastro de Reserva organizado por cargo, componente curricular e etapa de ensino, em ordem decrescente de classifica\u00e7\u00e3o.<\/p>\n<p>A <strong>validade<\/strong> deste Processo Seletivo Simplificado \u00e9 de <strong>1 (um) ano<\/strong>, podendo ser prorrogada por igual per\u00edodo.<\/p>\n<p><strong>Importante:<\/strong> O acompanhamento de todas as publica\u00e7\u00f5es oficiais, convoca\u00e7\u00f5es e comunicados \u00e9 de <strong>responsabilidade exclusiva do candidato<\/strong>. Mantenha-se atento ao site oficial e aos canais de divulga\u00e7\u00e3o indicados no edital.<\/p>\n","protected":false},"excerpt":{"rendered":"<p>Sel. Simplificada Pref. Ibaretama (CE) com edital publicado! Vagas p\/ Professores (Superior). Inscri\u00e7\u00f5es a partir de 20\/01. Confira detalhes!<\/p>\n","protected":false},"author":7,"featured_media":277146,"comment_status":"open","ping_status":"open","sticky":false,"template":"","format":"standard","meta":{"_acf_changed":false,"_breakdance_hide_in_design_set":false,"_breakdance_tags":"","footnotes":""},"categories":[6433,111,100,20,116,25],"tags":[43],"_amplo":[],"destaque":[],"instituicoes":[],"class_list":["post-277147","post","type-post","status-publish","format-standard","has-post-thumbnail","hentry","category-biologia-licenciatura","category-geografia","category-historia","category-letras","category-matematica","category-pedagogia","tag-ceara"],"acf":{"_tipo_vagas":"vagas","_numero_vagas":"","_quadro_vagas":"","_cargos":"diversos","_cargos_especificos":"","_salario_max":"","_abertura":"20260120","_encerramento":"20260123","_inscricoes":"http:\/\/www.ibaretama.ce.gov.br","_executora_concurso":"","_instituicao_concurso":[],"_link_adicional":null,"_anexos":null,"_produtos":null,"_vagas":"Cadastro Reserva","_salario_min":"","_instituicao":"Prefeitura de Ibaretama","_edital":"https:\/\/www.agrobase.com.br\/concursos\/wp-content\/uploads\/sites\/4\/2026\/01\/edital-01-2026-prefeitura-de-ibaretama-ce.pdf","_anexos_edital":"","_fund_incompleto":"","_fund_completo":"","_medio":"","_superior":"<div>\r\n<table class=\"quadro\">\r\n<thead>\r\n<tr>\r\n<th class=\"hcargo\">Cargo<\/th>\r\n<th class=\"hvagas\">Vagas<\/th>\r\n<th class=\"hremuneracao\">Remunera\u00e7\u00e3o<\/th>\r\n<\/tr>\r\n<\/thead>\r\n    <tbody>\r\n      <tr>\r\n<td class=\"ccargos\">\r\n<span data-balloon-length=\"medium\" aria-label=\"Licenciatura em Pedagogia (Educa\u00e7\u00e3o Infantil e Ensino Fundamental - Anos Iniciais)\" data-balloon-pos=\"up\">Professor - Pedagogia<\/span><\/td>\r\n<td class=\"cvagas\">CR<\/td>\r\n<td class=\"cremuneracao\">R$ 0,00 \/N\u00e3o Informada<\/td>\r\n<\/tr><tr>\r\n<td class=\"ccargos\">\r\n<span data-balloon-length=\"medium\" aria-label=\"Licenciatura em Letras (Ensino Fundamental - Anos Finais)\" data-balloon-pos=\"up\">Professor - L\u00edngua Portuguesa<\/span><\/td>\r\n<td class=\"cvagas\">CR<\/td>\r\n<td class=\"cremuneracao\">R$ 0,00 \/N\u00e3o Informada<\/td>\r\n<\/tr><tr>\r\n<td class=\"ccargos\">\r\n<span data-balloon-length=\"medium\" aria-label=\"Licenciatura em Matem\u00e1tica (Ensino Fundamental - Anos Finais)\" data-balloon-pos=\"up\">Professor - Matem\u00e1tica<\/span><\/td>\r\n<td class=\"cvagas\">CR<\/td>\r\n<td class=\"cremuneracao\">R$ 0,00 \/N\u00e3o Informada<\/td>\r\n<\/tr><tr>\r\n<td class=\"ccargos\">\r\n<span data-balloon-length=\"medium\" aria-label=\"Licenciatura em Hist\u00f3ria (Ensino Fundamental - Anos Finais)\" data-balloon-pos=\"up\">Professor - Hist\u00f3ria<\/span><\/td>\r\n<td class=\"cvagas\">CR<\/td>\r\n<td class=\"cremuneracao\">R$ 0,00 \/N\u00e3o Informada<\/td>\r\n<\/tr><tr>\r\n<td class=\"ccargos\">\r\n<span data-balloon-length=\"medium\" aria-label=\"Licenciatura em Geografia (Ensino Fundamental - Anos Finais)\" data-balloon-pos=\"up\">Professor - Geografia<\/span><\/td>\r\n<td class=\"cvagas\">CR<\/td>\r\n<td class=\"cremuneracao\">R$ 0,00 \/N\u00e3o Informada<\/td>\r\n<\/tr><tr>\r\n<td class=\"ccargos\">\r\n<span data-balloon-length=\"medium\" aria-label=\"Licenciatura em Ci\u00eancias Biol\u00f3gicas ou Ci\u00eancias (Ensino Fundamental - Anos Finais)\" data-balloon-pos=\"up\">Professor - Ci\u00eancias da Natureza<\/span><\/td>\r\n<td class=\"cvagas\">CR<\/td>\r\n<td class=\"cremuneracao\">R$ 0,00 \/N\u00e3o Informada<\/td>\r\n<\/tr>\r\n    <\/tbody>\r\n  <\/table>\r\n<\/div>"},"_links":{"self":[{"href":"https:\/\/www.agrobase.com.br\/concursos\/wp-json\/wp\/v2\/posts\/277147","targetHints":{"allow":["GET"]}}],"collection":[{"href":"https:\/\/www.agrobase.com.br\/concursos\/wp-json\/wp\/v2\/posts"}],"about":[{"href":"https:\/\/www.agrobase.com.br\/concursos\/wp-json\/wp\/v2\/types\/post"}],"author":[{"embeddable":true,"href":"https:\/\/www.agrobase.com.br\/concursos\/wp-json\/wp\/v2\/users\/7"}],"replies":[{"embeddable":true,"href":"https:\/\/www.agrobase.com.br\/concursos\/wp-json\/wp\/v2\/comments?post=277147"}],"version-history":[{"count":2,"href":"https:\/\/www.agrobase.com.br\/concursos\/wp-json\/wp\/v2\/posts\/277147\/revisions"}],"predecessor-version":[{"id":277150,"href":"https:\/\/www.agrobase.com.br\/concursos\/wp-json\/wp\/v2\/posts\/277147\/revisions\/277150"}],"wp:featuredmedia":[{"embeddable":true,"href":"https:\/\/www.agrobase.com.br\/concursos\/wp-json\/wp\/v2\/media\/277146"}],"wp:attachment":[{"href":"https:\/\/www.agrobase.com.br\/concursos\/wp-json\/wp\/v2\/media?parent=277147"}],"wp:term":[{"taxonomy":"category","embeddable":true,"href":"https:\/\/www.agrobase.com.br\/concursos\/wp-json\/wp\/v2\/categories?post=277147"},{"taxonomy":"post_tag","embeddable":true,"href":"https:\/\/www.agrobase.com.br\/concursos\/wp-json\/wp\/v2\/tags?post=277147"},{"taxonomy":"_amplo","embeddable":true,"href":"https:\/\/www.agrobase.com.br\/concursos\/wp-json\/wp\/v2\/_amplo?post=277147"},{"taxonomy":"destaque","embeddable":true,"href":"https:\/\/www.agrobase.com.br\/concursos\/wp-json\/wp\/v2\/destaque?post=277147"},{"taxonomy":"instituicoes","embeddable":true,"href":"https:\/\/www.agrobase.com.br\/concursos\/wp-json\/wp\/v2\/instituicoes?post=277147"}],"curies":[{"name":"wp","href":"https:\/\/api.w.org\/{rel}","templated":true}]}}