{"id":277097,"date":"2026-01-22T07:40:05","date_gmt":"2026-01-22T10:40:05","guid":{"rendered":"https:\/\/www.agrobase.com.br\/concursos\/?p=277097"},"modified":"2026-01-21T13:11:52","modified_gmt":"2026-01-21T16:11:52","slug":"prefeitura-pereiro-ce-concurso-01-2026","status":"publish","type":"post","link":"https:\/\/www.agrobase.com.br\/concursos\/2026\/prefeitura-pereiro-ce-concurso-01-2026\/","title":{"rendered":"Prefeitura Pereiro (CE) &#8211; Concurso 01\/2026"},"content":{"rendered":"<h2>Informa\u00e7\u00f5es Gerais<\/h2>\n<p>A <strong>Prefeitura Municipal de Pereiro<\/strong>, no interior do Cear\u00e1, publicou edital de <strong>Concurso P\u00fablico<\/strong> para preenchimento de <strong>134 vagas imediatas<\/strong>, al\u00e9m de forma\u00e7\u00e3o de cadastro de reserva, em seu quadro de pessoal permanente. O certame \u00e9 coordenado pelo <strong>Instituto Consulpam<\/strong> e oferece oportunidades para candidatos de todos os n\u00edveis de escolaridade.<\/p>\n<p>As vagas contemplam os n\u00edveis <strong>Fundamental Completo<\/strong>, <strong>M\u00e9dio\/T\u00e9cnico<\/strong> e <strong>Superior<\/strong>, com remunera\u00e7\u00f5es que variam de <strong>R$ 1.518,00 a R$ 10.000,00<\/strong>, conforme o cargo. O regime de contrata\u00e7\u00e3o \u00e9 estatut\u00e1rio, garantindo estabilidade aos aprovados.<\/p>\n<p>Entre as principais \u00e1reas com vagas, destacam-se oportunidades na <strong>Sa\u00fade<\/strong> \u2014 com cargos para M\u00e9dicos de diversas especialidades, Enfermeiros, Fisioterapeutas, Fonoaudi\u00f3logos e T\u00e9cnicos em Enfermagem \u2014, na <strong>Assist\u00eancia Social<\/strong>, na <strong>Educa\u00e7\u00e3o<\/strong> e na \u00e1rea <strong>Administrativa<\/strong>. Para profissionais do setor prim\u00e1rio, o concurso oferece vagas para <strong>M\u00e9dico Veterin\u00e1rio<\/strong>, <strong>Engenheiro Ambiental<\/strong> e <strong>Nutricionista<\/strong>, \u00e1reas de grande relev\u00e2ncia para o desenvolvimento municipal.<\/p>\n<p>As inscri\u00e7\u00f5es j\u00e1 possuem data definida e as provas est\u00e3o previstas para junho de 2026. Continue a leitura para conhecer todos os detalhes sobre como participar deste certame.<\/p>\n<h2>Inscri\u00e7\u00f5es<\/h2>\n<p>As inscri\u00e7\u00f5es para o Concurso P\u00fablico da Prefeitura de Pereiro &#8211; CE estar\u00e3o abertas no per\u00edodo de <strong>16 de janeiro de 2026 a 19 de fevereiro de 2026<\/strong>, realizadas <strong>exclusivamente pela internet<\/strong>, por meio do site do Instituto Consulpam.<\/p>\n<p>Os valores das taxas de inscri\u00e7\u00e3o variam conforme o n\u00edvel de escolaridade do cargo pretendido:<\/p>\n<ul>\n<li><strong>N\u00edvel Fundamental:<\/strong> R$ 70,00<\/li>\n<li><strong>N\u00edvel M\u00e9dio\/T\u00e9cnico:<\/strong> R$ 100,00<\/li>\n<li><strong>N\u00edvel Superior:<\/strong> R$ 140,00<\/li>\n<\/ul>\n<p>Para efetuar a inscri\u00e7\u00e3o, o candidato dever\u00e1 seguir os seguintes passos:<\/p>\n<ul>\n<li>Acessar o site <strong>www.consulpam.com.br<\/strong> e localizar a p\u00e1gina do concurso;<\/li>\n<li>Preencher o cadastro com seus dados pessoais;<\/li>\n<li>Gerar o boleto banc\u00e1rio e efetuar o pagamento dentro do per\u00edodo de inscri\u00e7\u00f5es;<\/li>\n<li>Antes de pagar, certificar-se de que atende a todos os requisitos exigidos no edital.<\/li>\n<\/ul>\n<p>\u00c9 importante ressaltar que a inscri\u00e7\u00e3o, a isen\u00e7\u00e3o e o valor pago s\u00e3o <strong>pessoais e intransfer\u00edveis<\/strong>. O candidato \u00e9 integralmente respons\u00e1vel pelas informa\u00e7\u00f5es prestadas no cadastro, podendo ter sua inscri\u00e7\u00e3o indeferida caso sejam constatadas irregularidades.<\/p>\n<p>Recomenda-se a leitura integral do edital para verificar os procedimentos de isen\u00e7\u00e3o da taxa, caso aplic\u00e1vel, e demais orienta\u00e7\u00f5es sobre o processo de inscri\u00e7\u00e3o.<\/p>\n<h2>Etapas e Provas<\/h2>\n<p>O Concurso P\u00fablico da Prefeitura de Pereiro &#8211; CE ser\u00e1 composto por at\u00e9 tr\u00eas etapas, conforme o cargo pretendido:<\/p>\n<ul>\n<li><strong>Prova Objetiva<\/strong> \u2014 car\u00e1ter <em>eliminat\u00f3rio e classificat\u00f3rio<\/em>, aplicada a todos os cargos;<\/li>\n<li><strong>Prova de T\u00edtulos<\/strong> \u2014 car\u00e1ter <em>exclusivamente classificat\u00f3rio<\/em>, destinada aos cargos de N\u00edvel Superior;<\/li>\n<li><strong>Prova Pr\u00e1tica<\/strong> \u2014 car\u00e1ter <em>eliminat\u00f3rio<\/em>, exclusiva para o cargo de Motorista Categoria D.<\/li>\n<\/ul>\n<p><strong>Prova Objetiva<\/strong><\/p>\n<p>A prova objetiva est\u00e1 prevista para o dia <strong>14 de junho de 2026<\/strong>, com aplica\u00e7\u00e3o em dois turnos:<\/p>\n<ul>\n<li><strong>Manh\u00e3 (09h \u00e0s 12h):<\/strong> cargos de N\u00edvel Fundamental e N\u00edvel Superior;<\/li>\n<li><strong>Tarde (15h \u00e0s 18h):<\/strong> cargos de N\u00edvel M\u00e9dio\/T\u00e9cnico.<\/li>\n<\/ul>\n<p>A dura\u00e7\u00e3o da prova ser\u00e1 de <strong>3 (tr\u00eas) horas<\/strong>, exceto para candidatos com tempo adicional deferido. A prova abranger\u00e1 quest\u00f5es de <strong>Conhecimentos B\u00e1sicos<\/strong> e <strong>Conhecimentos Espec\u00edficos<\/strong>, sendo necess\u00e1rio obter, no m\u00ednimo, <strong>50% de acertos em cada \u00e1rea<\/strong> para aprova\u00e7\u00e3o.<\/p>\n<p><strong>Prova de T\u00edtulos<\/strong><\/p>\n<p>Destinada exclusivamente aos candidatos de <strong>N\u00edvel Superior<\/strong> aprovados na Prova Objetiva. A documenta\u00e7\u00e3o dever\u00e1 ser enviada via <em>upload<\/em> na \u00e1rea do candidato, conforme per\u00edodo estabelecido no cronograma oficial.<\/p>\n<p><strong>Prova Pr\u00e1tica<\/strong><\/p>\n<p>Aplicada ao cargo de <strong>Motorista Categoria D<\/strong>, com participa\u00e7\u00e3o dos candidatos classificados na Prova Objetiva em at\u00e9 duas vezes o n\u00famero de vagas (incluindo cadastro de reserva). A prova valer\u00e1 <strong>20 pontos<\/strong> e consistir\u00e1 em condu\u00e7\u00e3o de ve\u00edculo motorizado, contemplando dire\u00e7\u00e3o em via p\u00fablica urbana e rodovi\u00e1ria, al\u00e9m de estacionamento em vaga delimitada por balizas.<\/p>\n<p>Consulte o edital completo para verificar o conte\u00fado program\u00e1tico detalhado e o cronograma atualizado de cada etapa.<\/p>\n<h2>Resultados e Gabarito<\/h2>\n<p>A divulga\u00e7\u00e3o dos resultados do Concurso P\u00fablico da Prefeitura de Pereiro &#8211; CE seguir\u00e1 o cronograma estabelecido no edital, com todas as publica\u00e7\u00f5es realizadas no site do <strong>Instituto Consulpam<\/strong> (www.consulpam.com.br).<\/p>\n<p><strong>Gabaritos:<\/strong> O gabarito preliminar oficial da Prova Objetiva ser\u00e1 divulgado no <strong>primeiro dia \u00fatil ap\u00f3s a aplica\u00e7\u00e3o da prova<\/strong>. Ap\u00f3s an\u00e1lise de eventuais recursos, ser\u00e1 publicado o gabarito definitivo.<\/p>\n<p><strong>Resultados:<\/strong> A classifica\u00e7\u00e3o dos aprovados ser\u00e1 divulgada em ordem decrescente de pontua\u00e7\u00e3o, organizada em tr\u00eas listagens:<\/p>\n<ul>\n<li>Ampla Concorr\u00eancia (incluindo candidatos PcD e cotistas);<\/li>\n<li>Pessoas com Defici\u00eancia (PcD);<\/li>\n<li>Pessoas Negras, Ind\u00edgenas e Quilombolas.<\/li>\n<\/ul>\n<p><strong>Crit\u00e9rios de classifica\u00e7\u00e3o:<\/strong> A aprova\u00e7\u00e3o considera o desempenho no conjunto das provas, conforme f\u00f3rmulas previstas no edital. Candidatos que n\u00e3o atingirem a pontua\u00e7\u00e3o m\u00ednima para aprova\u00e7\u00e3o, mas obtiverem classifica\u00e7\u00e3o, integrar\u00e3o o <strong>Cadastro de Reserva<\/strong> do certame.<\/p>\n<p><strong>Homologa\u00e7\u00e3o:<\/strong> O resultado final do concurso ser\u00e1 homologado por <strong>Decreto da Prefeitura Municipal<\/strong>, sendo este o ato oficial que encerra o certame e autoriza a convoca\u00e7\u00e3o dos aprovados.<\/p>\n<p>O acompanhamento de todas as publica\u00e7\u00f5es oficiais \u2014 incluindo convoca\u00e7\u00f5es, retifica\u00e7\u00f5es e demais comunicados \u2014 \u00e9 de <strong>responsabilidade exclusiva do candidato<\/strong>. Recomenda-se consultar regularmente o site da banca organizadora e os canais oficiais da Prefeitura de Pereiro.<\/p>\n","protected":false},"excerpt":{"rendered":"<p>Concurso Pref. Pereiro (CE) com edital publicado! Vagas p\/ M\u00e9dico e Motorista (Fund. a Sup.). Inscri\u00e7\u00f5es a partir de 16\/01. Sal\u00e1rios at\u00e9 R$10k. Confira detalhes!<\/p>\n","protected":false},"author":7,"featured_media":277096,"comment_status":"open","ping_status":"open","sticky":false,"template":"","format":"standard","meta":{"_acf_changed":false,"_breakdance_hide_in_design_set":false,"_breakdance_tags":"","footnotes":""},"categories":[106,12,13,17,18,19,21,22,23,24,26,101,108,143,134],"tags":[43],"_amplo":[],"destaque":[],"instituicoes":[],"class_list":["post-277097","post","type-post","status-publish","format-standard","has-post-thumbnail","hentry","category-bioquimica","category-enfermagem","category-engenharia-ambiental","category-farmacia","category-fisioterapia","category-fonoaudiologia","category-medicina","category-veterinaria","category-nutricao","category-odontologia","category-psicologia","category-servico-social","category-tecnico-enfermagem","category-tecnico-odontologia","category-terapia-ocupacional","tag-ceara"],"acf":{"_tipo_vagas":"vagas","_numero_vagas":"","_quadro_vagas":"","_cargos":"diversos","_cargos_especificos":"","_salario_max":"R$ 10000","_abertura":"20260116","_encerramento":"20260219","_inscricoes":"https:\/\/www.consulpam.com.br","_executora_concurso":"","_instituicao_concurso":[],"_link_adicional":null,"_anexos":null,"_produtos":null,"_vagas":"134 vagas + CR","_salario_min":"R$ 1518","_instituicao":"Prefeitura de Pereiro","_edital":"https:\/\/www.agrobase.com.br\/concursos\/wp-content\/uploads\/sites\/4\/2026\/01\/edital-01-2026-prefeitura-de-pereiro-ce.pdf","_anexos_edital":"https:\/\/www.agrobase.com.br\/concursos\/wp-content\/uploads\/sites\/4\/2026\/01\/anexos-edital-01-2026-prefeitura-de-pereiro-ce.pdf","_fund_incompleto":"","_fund_completo":"<div>\r\n<table class=\"quadro\">\r\n<thead>\r\n<tr>\r\n<th class=\"hcargo\">Cargo<\/th>\r\n<th class=\"hvagas\">Vagas<\/th>\r\n<th class=\"hremuneracao\">Remunera\u00e7\u00e3o<\/th>\r\n<\/tr>\r\n<\/thead>\r\n    <tbody>\r\n      <td class=\"ccargos\">\r\n<span data-balloon-length=\"medium\" aria-label=\"Ensino Fundamental completo e CNH Categoria D.\" data-balloon-pos=\"up\">MOTORISTA<\/span><\/td>\r\n<td class=\"cvagas\">20 + CR<\/td>\r\n<td class=\"cremuneracao\">R$ 2.125,00 \/40h<\/td>\r\n<\/tr>\r\n    <\/tbody>\r\n  <\/table>\r\n<\/div>","_medio":"<div>\r\n<table class=\"quadro\">\r\n<thead>\r\n<tr>\r\n<th class=\"hcargo\">Cargo<\/th>\r\n<th class=\"hvagas\">Vagas<\/th>\r\n<th class=\"hremuneracao\">Remunera\u00e7\u00e3o<\/th>\r\n<\/tr>\r\n<\/thead>\r\n    <tbody>\r\n      <td class=\"ccargos\">\r\n<span data-balloon-length=\"medium\" aria-label=\"N\u00edvel M\u00e9dio Completo.\" data-balloon-pos=\"up\">AGENTE ADMINISTRATIVO<\/span><\/td>\r\n<td class=\"cvagas\">15 + CR<\/td>\r\n<td class=\"cremuneracao\">R$ 1.518,00 \/40h<\/td>\r\n<\/tr><td class=\"ccargos\">\r\n<span data-balloon-length=\"medium\" aria-label=\"Ensino M\u00e9dio + Curso T\u00e9cnico em Enfermagem e registro no Conselho de Classe ativo e regular.\" data-balloon-pos=\"up\">T\u00c9CNICO EM ENFERMAGEM M\u00c9DIA E ALTA COMPLEXIDADE<\/span><\/td>\r\n<td class=\"cvagas\">09 + CR<\/td>\r\n<td class=\"cremuneracao\">R$ 1.518,00 \/20h<\/td>\r\n<\/tr><td class=\"ccargos\">\r\n<span data-balloon-length=\"medium\" aria-label=\"Ensino M\u00e9dio + Curso T\u00e9cnico em Enfermagem e registro no Conselho de Classe ativo e regular.\" data-balloon-pos=\"up\">T\u00c9CNICO EM ENFERMAGEM ATEN\u00c7\u00c3O PRIM\u00c1RIA<\/span><\/td>\r\n<td class=\"cvagas\">05 + CR<\/td>\r\n<td class=\"cremuneracao\">R$ 3.022,72 \/40h<\/td>\r\n<\/tr><td class=\"ccargos\">\r\n<span data-balloon-length=\"medium\" aria-label=\"Ensino M\u00e9dio + Certificado de conclus\u00e3o de curso t\u00e9cnico em sa\u00fade bucal e registro ativo no Conselho de Classe.\" data-balloon-pos=\"up\">T\u00c9CNICO EM SA\u00daDE BUCAL<\/span><\/td>\r\n<td class=\"cvagas\">03 + CR<\/td>\r\n<td class=\"cremuneracao\">R$ 1.518,00 \/40h<\/td>\r\n<\/tr><td class=\"ccargos\">\r\n<span data-balloon-length=\"medium\" aria-label=\"N\u00edvel M\u00e9dio completo com curso de secret\u00e1rio escolar.\" data-balloon-pos=\"up\">SECRET\u00c1RIO ESCOLAR<\/span><\/td>\r\n<td class=\"cvagas\">04 + CR<\/td>\r\n<td class=\"cremuneracao\">R$ 2.500,00 \/40h<\/td>\r\n<\/tr><td class=\"ccargos\">\r\n<span data-balloon-length=\"medium\" aria-label=\"Ensino M\u00e9dio Completo.\" data-balloon-pos=\"up\">MONITOR DE ESPORTES<\/span><\/td>\r\n<td class=\"cvagas\">05 + CR<\/td>\r\n<td class=\"cremuneracao\">R$ 1.518,00 \/40h<\/td>\r\n<\/tr>\r\n    <\/tbody>\r\n  <\/table>\r\n<\/div>","_superior":"<div>\r\n<table class=\"quadro\">\r\n<thead>\r\n<tr>\r\n<th class=\"hcargo\">Cargo<\/th>\r\n<th class=\"hvagas\">Vagas<\/th>\r\n<th class=\"hremuneracao\">Remunera\u00e7\u00e3o<\/th>\r\n<\/tr>\r\n<\/thead>\r\n    <tbody>\r\n      <tr>\r\n<td class=\"ccargos\">\r\n<span data-balloon-length=\"medium\" aria-label=\"Ensino Superior completo em Servi\u00e7o Social e registro profissional.\" data-balloon-pos=\"up\">ASSISTENTE SOCIAL<\/span><\/td>\r\n<td class=\"cvagas\">07 + CR<\/td>\r\n<td class=\"cremuneracao\">R$ 1.642,31 \/20h<\/td>\r\n<\/tr><tr>\r\n<td class=\"ccargos\">\r\n<span data-balloon-length=\"medium\" aria-label=\"Ensino Superior completo em Odontologia e registro profissional.\" data-balloon-pos=\"up\">CIRURGI\u00c3O DENTISTA<\/span><\/td>\r\n<td class=\"cvagas\">03 + CR<\/td>\r\n<td class=\"cremuneracao\">R$ 4.591,16 \/40h<\/td>\r\n<\/tr><tr>\r\n<td class=\"ccargos\">\r\n<span data-balloon-length=\"medium\" aria-label=\"Gradua\u00e7\u00e3o em Enfermagem e registro no Conselho de classe.\" data-balloon-pos=\"up\">ENFERMEIRO ATEN\u00c7\u00c3O PRIM\u00c1RIA<\/span><\/td>\r\n<td class=\"cvagas\">04 + CR<\/td>\r\n<td class=\"cremuneracao\">R$ 4.318,00 \/40h<\/td>\r\n<\/tr><tr>\r\n<td class=\"ccargos\">\r\n<span data-balloon-length=\"medium\" aria-label=\"Gradua\u00e7\u00e3o em Enfermagem e registro no Conselho de classe.\" data-balloon-pos=\"up\">ENFERMEIRO M\u00c9DIA E ALTA COMPLEXIDADE<\/span><\/td>\r\n<td class=\"cvagas\">06 + CR<\/td>\r\n<td class=\"cremuneracao\">R$ 2.159,00 \/20h<\/td>\r\n<\/tr><tr>\r\n<td class=\"ccargos\">\r\n<span data-balloon-length=\"medium\" aria-label=\"Gradua\u00e7\u00e3o em Engenharia Ambiental e registro no respectivo conselho de classe.\" data-balloon-pos=\"up\">ENGENHEIRO AMBIENTAL<\/span><\/td>\r\n<td class=\"cvagas\">01<\/td>\r\n<td class=\"cremuneracao\">R$ 3.401,64 \/40h<\/td>\r\n<\/tr><tr>\r\n<td class=\"ccargos\">\r\n<span data-balloon-length=\"medium\" aria-label=\"Ensino Superior Completo em Farm\u00e1cia ou Bioqu\u00edmica e registro no Conselho de Classe ativo e regular.\" data-balloon-pos=\"up\">FARMAC\u00caUTICO\/BIOQU\u00cdMICO<\/span><\/td>\r\n<td class=\"cvagas\">05 + CR<\/td>\r\n<td class=\"cremuneracao\">R$ 1.700,82 \/20h<\/td>\r\n<\/tr><tr>\r\n<td class=\"ccargos\">\r\n<span data-balloon-length=\"medium\" aria-label=\"Gradua\u00e7\u00e3o em Fisioterapia e registro no Conselho de classe.\" data-balloon-pos=\"up\">FISIOTERAPEUTA<\/span><\/td>\r\n<td class=\"cvagas\">04 + CR<\/td>\r\n<td class=\"cremuneracao\">R$ 2.360,46 \/20h<\/td>\r\n<\/tr><tr>\r\n<td class=\"ccargos\">\r\n<span data-balloon-length=\"medium\" aria-label=\"Gradua\u00e7\u00e3o em Fonoaudiologia e registro no Conselho de classe.\" data-balloon-pos=\"up\">FONOAUDI\u00d3LOGO<\/span><\/td>\r\n<td class=\"cvagas\">05 + CR<\/td>\r\n<td class=\"cremuneracao\">R$ 5.000,00 \/40h<\/td>\r\n<\/tr><tr>\r\n<td class=\"ccargos\">\r\n<span data-balloon-length=\"medium\" aria-label=\"Gradua\u00e7\u00e3o em Medicina com registro no conselho de classe e especializa\u00e7\u00e3o em Cardiologia.\" data-balloon-pos=\"up\">M\u00c9DICO CARDIOLOGISTA<\/span><\/td>\r\n<td class=\"cvagas\">01<\/td>\r\n<td class=\"cremuneracao\">R$ 6.000,00 \/10h<\/td>\r\n<\/tr><tr>\r\n<td class=\"ccargos\">\r\n<span data-balloon-length=\"medium\" aria-label=\"Superior em Medicina, registro profissional e resid\u00eancia m\u00e9dica completa em ginecologia ou T\u00edtulo de P\u00f3s-gradua\u00e7\u00e3o em Cirurgia Geral.\" data-balloon-pos=\"up\">M\u00c9DICO GINECOLOGISTA<\/span><\/td>\r\n<td class=\"cvagas\">01<\/td>\r\n<td class=\"cremuneracao\">R$ 6.000,00 \/10h<\/td>\r\n<\/tr><tr>\r\n<td class=\"ccargos\">\r\n<span data-balloon-length=\"medium\" aria-label=\"Superior Completo em Medicina com Especializa\u00e7\u00e3o em Neurologia e registro no Conselho da Categoria.\" data-balloon-pos=\"up\">M\u00c9DICO NEUROPEDIATRA<\/span><\/td>\r\n<td class=\"cvagas\">02 + CR<\/td>\r\n<td class=\"cremuneracao\">R$ 9.000,00 \/10h<\/td>\r\n<\/tr><tr>\r\n<td class=\"ccargos\">\r\n<span data-balloon-length=\"medium\" aria-label=\"Gradua\u00e7\u00e3o em Medicina, registro profissional e resid\u00eancia m\u00e9dica completa em neurologia.\" data-balloon-pos=\"up\">M\u00c9DICO NEUROLOGISTA<\/span><\/td>\r\n<td class=\"cvagas\">02 + CR<\/td>\r\n<td class=\"cremuneracao\">R$ 8.000,00 \/10h<\/td>\r\n<\/tr><tr>\r\n<td class=\"ccargos\">\r\n<span data-balloon-length=\"medium\" aria-label=\"Gradua\u00e7\u00e3o em Medicina, registro profissional e resid\u00eancia m\u00e9dica completa em Pediatria.\" data-balloon-pos=\"up\">M\u00c9DICO PEDIATRA<\/span><\/td>\r\n<td class=\"cvagas\">01<\/td>\r\n<td class=\"cremuneracao\">R$ 6.000,00 \/10h<\/td>\r\n<\/tr><tr>\r\n<td class=\"ccargos\">\r\n<span data-balloon-length=\"medium\" aria-label=\"Superior em Medicina, registro profissional e resid\u00eancia m\u00e9dica completa em psiquiatria.\" data-balloon-pos=\"up\">M\u00c9DICO PSIQUIATRA<\/span><\/td>\r\n<td class=\"cvagas\">02 + CR<\/td>\r\n<td class=\"cremuneracao\">R$ 10.000,00 \/10h<\/td>\r\n<\/tr><tr>\r\n<td class=\"ccargos\">\r\n<span data-balloon-length=\"medium\" aria-label=\"Curso superior em Medicina Veterin\u00e1ria e registro no respectivo conselho de classe.\" data-balloon-pos=\"up\">M\u00c9DICO VETERIN\u00c1RIO<\/span><\/td>\r\n<td class=\"cvagas\">01<\/td>\r\n<td class=\"cremuneracao\">R$ 3.401,64 \/40h<\/td>\r\n<\/tr><tr>\r\n<td class=\"ccargos\">\r\n<span data-balloon-length=\"medium\" aria-label=\"Gradua\u00e7\u00e3o em Nutri\u00e7\u00e3o e registro no respectivo conselho de classe.\" data-balloon-pos=\"up\">NUTRICIONISTA<\/span><\/td>\r\n<td class=\"cvagas\">06 + CR<\/td>\r\n<td class=\"cremuneracao\">R$ 1.518,00 \/20h<\/td>\r\n<\/tr><tr>\r\n<td class=\"ccargos\">\r\n<span data-balloon-length=\"medium\" aria-label=\"Ensino Superior completo em Psicologia e registro profissional.\" data-balloon-pos=\"up\">PSIC\u00d3LOGO<\/span><\/td>\r\n<td class=\"cvagas\">08 + CR<\/td>\r\n<td class=\"cremuneracao\">R$ 1.800,00 \/20h<\/td>\r\n<\/tr><tr>\r\n<td class=\"ccargos\">\r\n<span data-balloon-length=\"medium\" aria-label=\"Bacharelado em Psicologia com especializa\u00e7\u00e3o em Psicopedagogia ou Licenciatura Plena em Pedagogia com especializa\u00e7\u00e3o em Psicopedagogia.\" data-balloon-pos=\"up\">PSICOPEDAGOGO<\/span><\/td>\r\n<td class=\"cvagas\">05 + CR<\/td>\r\n<td class=\"cremuneracao\">R$ 2.448,02 \/20h<\/td>\r\n<\/tr><tr>\r\n<td class=\"ccargos\">\r\n<span data-balloon-length=\"medium\" aria-label=\"Gradua\u00e7\u00e3o em Terapia Ocupacional e registro no Conselho de classe.\" data-balloon-pos=\"up\">TERAPEUTA OCUPACIONAL<\/span><\/td>\r\n<td class=\"cvagas\">06 + CR<\/td>\r\n<td class=\"cremuneracao\">R$ 5.000,00 \/40h<\/td>\r\n<\/tr>\r\n    <\/tbody>\r\n  <\/table>\r\n<\/div>"},"_links":{"self":[{"href":"https:\/\/www.agrobase.com.br\/concursos\/wp-json\/wp\/v2\/posts\/277097","targetHints":{"allow":["GET"]}}],"collection":[{"href":"https:\/\/www.agrobase.com.br\/concursos\/wp-json\/wp\/v2\/posts"}],"about":[{"href":"https:\/\/www.agrobase.com.br\/concursos\/wp-json\/wp\/v2\/types\/post"}],"author":[{"embeddable":true,"href":"https:\/\/www.agrobase.com.br\/concursos\/wp-json\/wp\/v2\/users\/7"}],"replies":[{"embeddable":true,"href":"https:\/\/www.agrobase.com.br\/concursos\/wp-json\/wp\/v2\/comments?post=277097"}],"version-history":[{"count":1,"href":"https:\/\/www.agrobase.com.br\/concursos\/wp-json\/wp\/v2\/posts\/277097\/revisions"}],"predecessor-version":[{"id":277099,"href":"https:\/\/www.agrobase.com.br\/concursos\/wp-json\/wp\/v2\/posts\/277097\/revisions\/277099"}],"wp:featuredmedia":[{"embeddable":true,"href":"https:\/\/www.agrobase.com.br\/concursos\/wp-json\/wp\/v2\/media\/277096"}],"wp:attachment":[{"href":"https:\/\/www.agrobase.com.br\/concursos\/wp-json\/wp\/v2\/media?parent=277097"}],"wp:term":[{"taxonomy":"category","embeddable":true,"href":"https:\/\/www.agrobase.com.br\/concursos\/wp-json\/wp\/v2\/categories?post=277097"},{"taxonomy":"post_tag","embeddable":true,"href":"https:\/\/www.agrobase.com.br\/concursos\/wp-json\/wp\/v2\/tags?post=277097"},{"taxonomy":"_amplo","embeddable":true,"href":"https:\/\/www.agrobase.com.br\/concursos\/wp-json\/wp\/v2\/_amplo?post=277097"},{"taxonomy":"destaque","embeddable":true,"href":"https:\/\/www.agrobase.com.br\/concursos\/wp-json\/wp\/v2\/destaque?post=277097"},{"taxonomy":"instituicoes","embeddable":true,"href":"https:\/\/www.agrobase.com.br\/concursos\/wp-json\/wp\/v2\/instituicoes?post=277097"}],"curies":[{"name":"wp","href":"https:\/\/api.w.org\/{rel}","templated":true}]}}