{"id":277076,"date":"2026-01-22T07:01:48","date_gmt":"2026-01-22T10:01:48","guid":{"rendered":"https:\/\/www.agrobase.com.br\/concursos\/?p=277076"},"modified":"2026-01-21T11:25:15","modified_gmt":"2026-01-21T14:25:15","slug":"prefeitura-tijucas-sc-selecao-publica-01-2026","status":"publish","type":"post","link":"https:\/\/www.agrobase.com.br\/concursos\/2026\/prefeitura-tijucas-sc-selecao-publica-01-2026\/","title":{"rendered":"Prefeitura Tijucas (SC) &#8211; Sele\u00e7\u00e3o P\u00fablica 01\/2026"},"content":{"rendered":"<h2>Informa\u00e7\u00f5es Gerais<\/h2>\n<p>A <strong>Secretaria Municipal de Sa\u00fade de Tijucas, em Santa Catarina<\/strong>, publicou edital de <strong>Processo Seletivo<\/strong> destinado \u00e0 contrata\u00e7\u00e3o por tempo determinado para atender necessidade tempor\u00e1ria de excepcional interesse p\u00fablico. O certame est\u00e1 sendo organizado pela empresa Acesse Concursos Ltda.<\/p>\n<p>O processo seletivo oferece vagas em <strong>cadastro reserva (CR)<\/strong> para diversos cargos na \u00e1rea da sa\u00fade, contemplando profissionais de <strong>todos os n\u00edveis de escolaridade<\/strong>: Fundamental Incompleto, Fundamental Completo, M\u00e9dio\/T\u00e9cnico e Superior.<\/p>\n<p>As remunera\u00e7\u00f5es variam de <strong>R$ 1.858,05 a R$ 21.773,73<\/strong>, conforme o cargo pretendido, com cargas hor\u00e1rias que v\u00e3o de 20h a 42h semanais.<\/p>\n<p>Entre as oportunidades dispon\u00edveis, destacam-se vagas para <strong>Nutricionista<\/strong>, al\u00e9m de diversos cargos na \u00e1rea m\u00e9dica (Cl\u00ednico Geral, Pediatra, Ginecologista, Endocrinologista, Infectologista, Neuropediatra), Enfermagem, Odontologia, Fisioterapia, Fonoaudiologia, Farm\u00e1cia e Educa\u00e7\u00e3o F\u00edsica. H\u00e1 tamb\u00e9m vagas para n\u00edveis t\u00e9cnico e fundamental, incluindo T\u00e9cnico em Enfermagem, Auxiliar de Consult\u00f3rio Odontol\u00f3gico, Motoristas e Auxiliar de Servi\u00e7os Gerais.<\/p>\n<p>Continue a leitura para conhecer todos os detalhes sobre inscri\u00e7\u00f5es, etapas do processo seletivo e como acompanhar os resultados.<\/p>\n<h2>Inscri\u00e7\u00f5es<\/h2>\n<p>As inscri\u00e7\u00f5es para o Processo Seletivo da Secretaria Municipal de Sa\u00fade de Tijucas\/SC estar\u00e3o abertas no per\u00edodo de <strong>15 de janeiro de 2026 at\u00e9 as 17h do dia 04 de fevereiro de 2026<\/strong>.<\/p>\n<p>As inscri\u00e7\u00f5es devem ser realizadas <strong>exclusivamente pela internet<\/strong>, atrav\u00e9s do site <strong>www.acesseconcursossc.com.br<\/strong>.<\/p>\n<p><strong>Como realizar a inscri\u00e7\u00e3o:<\/strong><\/p>\n<ul>\n<li>Acesse o site www.acesseconcursossc.com.br<\/li>\n<li>Candidatos sem cadastro devem clicar em &#8220;inscrever-se&#8221;, depois em &#8220;novo cadastro&#8221;, preencher os dados pessoais e criar senha<\/li>\n<li>Para alterar senha, utilize a op\u00e7\u00e3o &#8220;esqueci minha senha&#8221;<\/li>\n<li>Ap\u00f3s o login, clique na aba &#8220;concursos&#8221;, selecione o certame desejado e clique em &#8220;inscrever-se&#8221;<\/li>\n<li>Selecione o cargo, preencha as informa\u00e7\u00f5es solicitadas e aceite o termo de concord\u00e2ncia com as normas do edital<\/li>\n<li>Clique em &#8220;salvar&#8221; para finalizar a inscri\u00e7\u00e3o<\/li>\n<li>Gere o boleto banc\u00e1rio para pagamento da taxa de inscri\u00e7\u00e3o<\/li>\n<\/ul>\n<p>Caso n\u00e3o imprima o boleto no ato da inscri\u00e7\u00e3o, o candidato poder\u00e1 acessar o site a qualquer momento, dentro do prazo estabelecido no cronograma, e clicar em &#8220;2\u00aa via do boleto&#8221; para imprimi-lo.<\/p>\n<p><strong>Importante:<\/strong> Solicita\u00e7\u00f5es de altera\u00e7\u00e3o de senha por e-mail ou WhatsApp somente ser\u00e3o atendidas mediante envio de c\u00f3pia de documento oficial com foto e confirma\u00e7\u00e3o de dados pessoais.<\/p>\n<p>Recomendamos a leitura integral do edital para verificar os valores das taxas de inscri\u00e7\u00e3o por cargo e demais informa\u00e7\u00f5es complementares.<\/p>\n<h2>Etapas e Provas<\/h2>\n<p>O Processo Seletivo da Secretaria Municipal de Sa\u00fade de Tijucas\/SC ser\u00e1 composto por <strong>Prova Objetiva<\/strong>, de car\u00e1ter <strong>eliminat\u00f3rio e classificat\u00f3rio<\/strong>, aplicada a todos os cargos.<\/p>\n<p><strong>Prova Objetiva:<\/strong><\/p>\n<ul>\n<li><strong>Data de aplica\u00e7\u00e3o:<\/strong> 01 de mar\u00e7o de 2026<\/li>\n<li><strong>Formato:<\/strong> quest\u00f5es de m\u00faltipla escolha com quatro alternativas, sendo apenas uma correta<\/li>\n<li><strong>Dura\u00e7\u00e3o:<\/strong> das 9h \u00e0s 12h (3 horas)<\/li>\n<li><strong>Nota m\u00ednima para aprova\u00e7\u00e3o:<\/strong> 5,0 (cinco) pontos<\/li>\n<\/ul>\n<p><strong>Hor\u00e1rios importantes no dia da prova:<\/strong><\/p>\n<ul>\n<li>Abertura dos port\u00f5es: 8h<\/li>\n<li>Fechamento dos port\u00f5es: 8h50<\/li>\n<li>In\u00edcio da prova: 9h<\/li>\n<li>Prazo m\u00ednimo para retirar-se do local: 10h<\/li>\n<li>T\u00e9rmino da prova: 12h<\/li>\n<\/ul>\n<p><strong>Aten\u00e7\u00e3o:<\/strong> N\u00e3o ser\u00e1 permitida a entrada de candidatos que se apresentarem ap\u00f3s as 8h50, sob qualquer alega\u00e7\u00e3o.<\/p>\n<p><strong>O que levar no dia da prova:<\/strong><\/p>\n<ul>\n<li>Documento oficial de identidade com foto<\/li>\n<li>Caneta esferogr\u00e1fica com tinta azul marinho ou preta e tubo transparente<\/li>\n<\/ul>\n<p><strong>Local de prova:<\/strong> Ser\u00e1 divulgado juntamente com a homologa\u00e7\u00e3o das inscri\u00e7\u00f5es. A prova poder\u00e1 ser realizada em cidades lim\u00edtrofes ao munic\u00edpio de Tijucas.<\/p>\n<p>Consulte o edital completo para verificar o conte\u00fado program\u00e1tico espec\u00edfico de cada cargo e demais detalhes sobre a avalia\u00e7\u00e3o.<\/p>\n<h2>Resultados e Gabarito<\/h2>\n<p>Os resultados do Processo Seletivo da Secretaria Municipal de Sa\u00fade de Tijucas\/SC ser\u00e3o divulgados conforme o seguinte cronograma:<\/p>\n<ul>\n<li><strong>01\/03\/2026:<\/strong> Publica\u00e7\u00e3o do Gabarito Provis\u00f3rio (ap\u00f3s as 20h)<\/li>\n<li><strong>10\/03\/2026:<\/strong> Publica\u00e7\u00e3o do Gabarito Definitivo<\/li>\n<li><strong>11 e 12\/03\/2026:<\/strong> Publica\u00e7\u00e3o da Nota da Prova Objetiva e Classifica\u00e7\u00e3o Provis\u00f3ria<\/li>\n<li><strong>13\/03\/2026:<\/strong> Publica\u00e7\u00e3o do Julgamento dos Recursos contra Nota da Prova Objetiva e Classifica\u00e7\u00e3o Provis\u00f3ria<\/li>\n<li><strong>13\/03\/2026:<\/strong> Publica\u00e7\u00e3o do Resultado Final para Homologa\u00e7\u00e3o<\/li>\n<\/ul>\n<p><strong>Onde acompanhar as publica\u00e7\u00f5es:<\/strong><\/p>\n<ul>\n<li>Site da banca organizadora: www.acesseconcursossc.com.br<\/li>\n<li>Site oficial do munic\u00edpio: https:\/\/www.tijucas.sc.gov.br<\/li>\n<li>Quadro de publica\u00e7\u00f5es oficiais do Munic\u00edpio de Tijucas<\/li>\n<\/ul>\n<p>A <strong>homologa\u00e7\u00e3o<\/strong> do Processo Seletivo ser\u00e1 realizada em lista \u00fanica, indicando a classifica\u00e7\u00e3o dos candidatos concorrentes \u00e0s vagas destinadas a Pessoas com Defici\u00eancia (PcD) e \u00e0s vagas de ampla concorr\u00eancia, respeitando a ordem de classifica\u00e7\u00e3o estabelecida no edital.<\/p>\n<p><strong>Importante:<\/strong> O acompanhamento de todas as publica\u00e7\u00f5es oficiais, incluindo gabaritos, resultados, convoca\u00e7\u00f5es e demais atos referentes ao certame, \u00e9 de <strong>responsabilidade exclusiva do candidato<\/strong>. Recomenda-se verificar regularmente os canais oficiais de divulga\u00e7\u00e3o.<\/p>\n","protected":false},"excerpt":{"rendered":"<p>Proc. Seletivo Pref. Tijucas (SC) com edital publicado! Vagas p\/ M\u00e9dico e Enfermeiro (Fund. a Sup.). Inscri\u00e7\u00f5es a partir de 15\/01. Sal\u00e1rios at\u00e9 R$21.7k. Confira!<\/p>\n","protected":false},"author":7,"featured_media":277075,"comment_status":"open","ping_status":"open","sticky":false,"template":"","format":"standard","meta":{"_acf_changed":false,"_breakdance_hide_in_design_set":false,"_breakdance_tags":"","footnotes":""},"categories":[11,12,17,18,19,21,23,24,108,143],"tags":[61],"_amplo":[],"destaque":[],"instituicoes":[],"class_list":["post-277076","post","type-post","status-publish","format-standard","has-post-thumbnail","hentry","category-educacao-fisica","category-enfermagem","category-farmacia","category-fisioterapia","category-fonoaudiologia","category-medicina","category-nutricao","category-odontologia","category-tecnico-enfermagem","category-tecnico-odontologia","tag-santa-catarina"],"acf":{"_tipo_vagas":"vagas","_numero_vagas":"","_quadro_vagas":"","_cargos":"diversos","_cargos_especificos":"","_salario_max":"R$ 21773.73","_abertura":"20260115","_encerramento":"20260204","_inscricoes":"https:\/\/www.acesseconcursossc.com.br","_executora_concurso":"","_instituicao_concurso":[],"_link_adicional":null,"_anexos":null,"_produtos":null,"_vagas":"Cadastro Reserva","_salario_min":"R$ 1858.05","_instituicao":"Prefeitura de Tijucas","_edital":"https:\/\/www.agrobase.com.br\/concursos\/wp-content\/uploads\/sites\/4\/2026\/01\/edital-01-2026-prefeitura-de-tijucas-sc.pdf","_anexos_edital":"https:\/\/www.agrobase.com.br\/concursos\/wp-content\/uploads\/sites\/4\/2026\/01\/anexos-edital-01-2026-prefeitura-de-tijucas-sc.pdf","_fund_incompleto":"<div>\r\n<table class=\"quadro\">\r\n<thead>\r\n<tr>\r\n<th class=\"hcargo\">Cargo<\/th>\r\n<th class=\"hvagas\">Vagas<\/th>\r\n<th class=\"hremuneracao\">Remunera\u00e7\u00e3o<\/th>\r\n<\/tr>\r\n<\/thead>\r\n    <tbody>\r\n      <td class=\"ccargos\">\r\n<span data-balloon-length=\"medium\" aria-label=\"Ensino fundamental incompleto.\" data-balloon-pos=\"up\">Auxiliar de Servi\u00e7os Gerais<\/span><\/td>\r\n<td class=\"cvagas\">CR<\/td>\r\n<td class=\"cremuneracao\">R$ 1.858,05 \/40h<\/td>\r\n<\/tr>\r\n    <\/tbody>\r\n  <\/table>\r\n<\/div>","_fund_completo":"<div>\r\n<table class=\"quadro\">\r\n<thead>\r\n<tr>\r\n<th class=\"hcargo\">Cargo<\/th>\r\n<th class=\"hvagas\">Vagas<\/th>\r\n<th class=\"hremuneracao\">Remunera\u00e7\u00e3o<\/th>\r\n<\/tr>\r\n<\/thead>\r\n    <tbody>\r\n      <td class=\"ccargos\">\r\n<span data-balloon-length=\"medium\" aria-label=\"Fundamental Completo.\" data-balloon-pos=\"up\">Auxiliar de Manuten\u00e7\u00e3o e Conserva\u00e7\u00e3o<\/span><\/td>\r\n<td class=\"cvagas\">CR<\/td>\r\n<td class=\"cremuneracao\">R$ 1.858,05 \/40h<\/td>\r\n<\/tr><td class=\"ccargos\">\r\n<span data-balloon-length=\"medium\" aria-label=\"Ensino fundamental completo e possuir carteira nacional de habilita\u00e7\u00e3o categoria profissional D.\" data-balloon-pos=\"up\">Motorista III<\/span><\/td>\r\n<td class=\"cvagas\">CR<\/td>\r\n<td class=\"cremuneracao\">R$ 3.077,36 \/40h<\/td>\r\n<\/tr><td class=\"ccargos\">\r\n<span data-balloon-length=\"medium\" aria-label=\"Ensino fundamental completo e possuir carteira nacional de habilita\u00e7\u00e3o, categoria profissional D.\" data-balloon-pos=\"up\">Motorista do Servi\u00e7o de Atendimento M\u00f3vel de Urg\u00eancia - SAMU<\/span><\/td>\r\n<td class=\"cvagas\">CR<\/td>\r\n<td class=\"cremuneracao\">R$ 3.077,32 \/42h<\/td>\r\n<\/tr>\r\n    <\/tbody>\r\n  <\/table>\r\n<\/div>","_medio":"<div>\r\n<table class=\"quadro\">\r\n<thead>\r\n<tr>\r\n<th class=\"hcargo\">Cargo<\/th>\r\n<th class=\"hvagas\">Vagas<\/th>\r\n<th class=\"hremuneracao\">Remunera\u00e7\u00e3o<\/th>\r\n<\/tr>\r\n<\/thead>\r\n    <tbody>\r\n      <td class=\"ccargos\">\r\n<span data-balloon-length=\"medium\" aria-label=\"Ensino m\u00e9dio completo.\" data-balloon-pos=\"up\">Assistente Administrativo<\/span><\/td>\r\n<td class=\"cvagas\">CR<\/td>\r\n<td class=\"cremuneracao\">R$ 3.077,32 \/40h<\/td>\r\n<\/tr><td class=\"ccargos\">\r\n<span data-balloon-length=\"medium\" aria-label=\"Ensino m\u00e9dio completo, com curso t\u00e9cnico de auxiliar de consult\u00f3rio odontol\u00f3gico.\" data-balloon-pos=\"up\">Auxiliar de Consult\u00f3rio Odontol\u00f3gico<\/span><\/td>\r\n<td class=\"cvagas\">CR<\/td>\r\n<td class=\"cremuneracao\">R$ 3.077,36 \/40h<\/td>\r\n<\/tr><td class=\"ccargos\">\r\n<span data-balloon-length=\"medium\" aria-label=\"Ensino M\u00e9dio Completo e curso b\u00e1sico em Inform\u00e1tica.\" data-balloon-pos=\"up\">Recepcionista em Sa\u00fade P\u00fablica<\/span><\/td>\r\n<td class=\"cvagas\">CR<\/td>\r\n<td class=\"cremuneracao\">R$ 3.077,36 \/40h<\/td>\r\n<\/tr><td class=\"ccargos\">\r\n<span data-balloon-length=\"medium\" aria-label=\"Ensino M\u00e9dio Completo com forma\u00e7\u00e3o t\u00e9cnica em enfermagem com registro.\" data-balloon-pos=\"up\">T\u00e9cnico em Enfermagem da ESF<\/span><\/td>\r\n<td class=\"cvagas\">CR<\/td>\r\n<td class=\"cremuneracao\">R$ 4.350,96 \/40h<\/td>\r\n<\/tr><td class=\"ccargos\">\r\n<span data-balloon-length=\"medium\" aria-label=\"Ensino fundamental completo, com curso de T\u00e9cnico de Enfermagem e com registro.\" data-balloon-pos=\"up\">T\u00e9cnico em Enfermagem do Servi\u00e7o de Atendimento M\u00f3vel de Urg\u00eancia - SAMU<\/span><\/td>\r\n<td class=\"cvagas\">CR<\/td>\r\n<td class=\"cremuneracao\">R$ 3.654,83 \/42h<\/td>\r\n<\/tr><td class=\"ccargos\">\r\n<span data-balloon-length=\"medium\" aria-label=\"Ensino m\u00e9dio completo com forma\u00e7\u00e3o t\u00e9cnica em enfermagem com registro.\" data-balloon-pos=\"up\">T\u00e9cnico em Enfermagem<\/span><\/td>\r\n<td class=\"cvagas\">CR<\/td>\r\n<td class=\"cremuneracao\">R$ 2.612,85 \/30h<\/td>\r\n<\/tr>\r\n    <\/tbody>\r\n  <\/table>\r\n<\/div>","_superior":"<div>\r\n<table class=\"quadro\">\r\n<thead>\r\n<tr>\r\n<th class=\"hcargo\">Cargo<\/th>\r\n<th class=\"hvagas\">Vagas<\/th>\r\n<th class=\"hremuneracao\">Remunera\u00e7\u00e3o<\/th>\r\n<\/tr>\r\n<\/thead>\r\n    <tbody>\r\n      <tr>\r\n<td class=\"ccargos\">\r\n<span data-balloon-length=\"medium\" aria-label=\"Curso Superior Completo em Educa\u00e7\u00e3o f\u00edsica com registro.\" data-balloon-pos=\"up\">Educador F\u00edsico<\/span><\/td>\r\n<td class=\"cvagas\">CR<\/td>\r\n<td class=\"cremuneracao\">R$ 5.370,83 \/40h<\/td>\r\n<\/tr><tr>\r\n<td class=\"ccargos\">\r\n<span data-balloon-length=\"medium\" aria-label=\"Curso superior completo em Enfermagem com registro.\" data-balloon-pos=\"up\">Enfermeiro<\/span><\/td>\r\n<td class=\"cvagas\">CR<\/td>\r\n<td class=\"cremuneracao\">R$ 5.035,14 \/30h<\/td>\r\n<\/tr><tr>\r\n<td class=\"ccargos\">\r\n<span data-balloon-length=\"medium\" aria-label=\"Curso superior completo em Enfermagem, com registro.\" data-balloon-pos=\"up\">Enfermeiro CAPS<\/span><\/td>\r\n<td class=\"cvagas\">CR<\/td>\r\n<td class=\"cremuneracao\">R$ 6.713,53 \/40h<\/td>\r\n<\/tr><tr>\r\n<td class=\"ccargos\">\r\n<span data-balloon-length=\"medium\" aria-label=\"Curso superior completo em Enfermagem com registro.\" data-balloon-pos=\"up\">Enfermeiro da ESF<\/span><\/td>\r\n<td class=\"cvagas\">CR<\/td>\r\n<td class=\"cremuneracao\">R$ 6.713,53 \/40h<\/td>\r\n<\/tr><tr>\r\n<td class=\"ccargos\">\r\n<span data-balloon-length=\"medium\" aria-label=\"Curso superior completo em Farm\u00e1cia com registro.\" data-balloon-pos=\"up\">Farmac\u00eautico<\/span><\/td>\r\n<td class=\"cvagas\">CR<\/td>\r\n<td class=\"cremuneracao\">R$ 5.370,83 \/40h<\/td>\r\n<\/tr><tr>\r\n<td class=\"ccargos\">\r\n<span data-balloon-length=\"medium\" aria-label=\"Curso superior completo em Fisioterapia com registro.\" data-balloon-pos=\"up\">Fisioterapeuta<\/span><\/td>\r\n<td class=\"cvagas\">CR<\/td>\r\n<td class=\"cremuneracao\">R$ 2.685,42 \/20h<\/td>\r\n<\/tr><tr>\r\n<td class=\"ccargos\">\r\n<span data-balloon-length=\"medium\" aria-label=\"Curso superior completo em Fonoaudiologia com registro.\" data-balloon-pos=\"up\">Fonoaudi\u00f3logo<\/span><\/td>\r\n<td class=\"cvagas\">CR<\/td>\r\n<td class=\"cremuneracao\">R$ 4.028,12 \/30h<\/td>\r\n<\/tr><tr>\r\n<td class=\"ccargos\">\r\n<span data-balloon-length=\"medium\" aria-label=\"Curso superior completo em Medicina com registro.\" data-balloon-pos=\"up\">M\u00e9dico Cl\u00ednico Geral<\/span><\/td>\r\n<td class=\"cvagas\">CR<\/td>\r\n<td class=\"cremuneracao\">R$ 8.709,50 \/20h<\/td>\r\n<\/tr><tr>\r\n<td class=\"ccargos\">\r\n<span data-balloon-length=\"medium\" aria-label=\"Curso superior completo em Medicina, com registro.\" data-balloon-pos=\"up\">M\u00e9dico Cl\u00ednico Geral da Estrat\u00e9gia Sa\u00fade da Fam\u00edlia<\/span><\/td>\r\n<td class=\"cvagas\">CR<\/td>\r\n<td class=\"cremuneracao\">R$ 21.773,73 \/40h<\/td>\r\n<\/tr><tr>\r\n<td class=\"ccargos\">\r\n<span data-balloon-length=\"medium\" aria-label=\"Curso superior completo em Medicina com resid\u00eancia m\u00e9dica em Endocrinologia, com registro.\" data-balloon-pos=\"up\">M\u00e9dico Endocrinologista<\/span><\/td>\r\n<td class=\"cvagas\">CR<\/td>\r\n<td class=\"cremuneracao\">R$ 9.580,43 \/20h<\/td>\r\n<\/tr><tr>\r\n<td class=\"ccargos\">\r\n<span data-balloon-length=\"medium\" aria-label=\"Curso superior completo em Medicina com resid\u00eancia m\u00e9dica em Ginecologia, com registro.\" data-balloon-pos=\"up\">M\u00e9dico Ginecologista<\/span><\/td>\r\n<td class=\"cvagas\">CR<\/td>\r\n<td class=\"cremuneracao\">R$ 9.580,43 \/20h<\/td>\r\n<\/tr><tr>\r\n<td class=\"ccargos\">\r\n<span data-balloon-length=\"medium\" aria-label=\"Curso superior completo em Medicina com resid\u00eancia m\u00e9dica em Infectologia, com registro.\" data-balloon-pos=\"up\">M\u00e9dico Infectologista - DST\/Aids\/Plano de A\u00e7\u00f5es e Metas<\/span><\/td>\r\n<td class=\"cvagas\">CR<\/td>\r\n<td class=\"cremuneracao\">R$ 9.580,43 \/20h<\/td>\r\n<\/tr><tr>\r\n<td class=\"ccargos\">\r\n<span data-balloon-length=\"medium\" aria-label=\"Curso superior completo em Medicina com resid\u00eancia m\u00e9dica em pediatria, com registro.\" data-balloon-pos=\"up\">M\u00e9dico Pediatra<\/span><\/td>\r\n<td class=\"cvagas\">CR<\/td>\r\n<td class=\"cremuneracao\">R$ 9.580,43 \/20h<\/td>\r\n<\/tr><tr>\r\n<td class=\"ccargos\">\r\n<span data-balloon-length=\"medium\" aria-label=\"Gradua\u00e7\u00e3o em Medicina, CRM, Resid\u00eancia m\u00e9dica ou especializa\u00e7\u00e3o em Neurologia Pedi\u00e1trica.\" data-balloon-pos=\"up\">M\u00e9dico Neuropediatra<\/span><\/td>\r\n<td class=\"cvagas\">CR<\/td>\r\n<td class=\"cremuneracao\">R$ 9.106,87 \/20h<\/td>\r\n<\/tr><tr>\r\n<td class=\"ccargos\">\r\n<span data-balloon-length=\"medium\" aria-label=\"Curso superior completo em Medicina, com registro.\" data-balloon-pos=\"up\">M\u00e9dico Cl\u00ednico Geral Plantonista<\/span><\/td>\r\n<td class=\"cvagas\">CR<\/td>\r\n<td class=\"cremuneracao\">R$ 10.451,37 \/24h<\/td>\r\n<\/tr><tr>\r\n<td class=\"ccargos\">\r\n<span data-balloon-length=\"medium\" aria-label=\"Curso superior completo em Nutri\u00e7\u00e3o, com registro.\" data-balloon-pos=\"up\">Nutricionista<\/span><\/td>\r\n<td class=\"cvagas\">CR<\/td>\r\n<td class=\"cremuneracao\">R$ 5.370,83 \/40h<\/td>\r\n<\/tr><tr>\r\n<td class=\"ccargos\">\r\n<span data-balloon-length=\"medium\" aria-label=\"Curso superior completo em Odontologia com especializa\u00e7\u00e3o em Endodontia e com registro.\" data-balloon-pos=\"up\">Odont\u00f3logo Endodontista do CEO<\/span><\/td>\r\n<td class=\"cvagas\">CR<\/td>\r\n<td class=\"cremuneracao\">R$ 5.516,01 \/20h<\/td>\r\n<\/tr><tr>\r\n<td class=\"ccargos\">\r\n<span data-balloon-length=\"medium\" aria-label=\"Ensino superior completo em Odontologia com registro.\" data-balloon-pos=\"up\">Odont\u00f3logo da Equipe de Sa\u00fade Bucal - ESB<\/span><\/td>\r\n<td class=\"cvagas\">CR<\/td>\r\n<td class=\"cremuneracao\">R$ 13.262,17 \/40h<\/td>\r\n<\/tr><tr>\r\n<td class=\"ccargos\">\r\n<span data-balloon-length=\"medium\" aria-label=\"Curso superior completo em Odontologia com especializa\u00e7\u00e3o em Odontopediatria e com registro.\" data-balloon-pos=\"up\">Odontopediatra<\/span><\/td>\r\n<td class=\"cvagas\">CR<\/td>\r\n<td class=\"cremuneracao\">R$ 4.925,01 \/20h<\/td>\r\n<\/tr>\r\n    <\/tbody>\r\n  <\/table>\r\n<\/div>"},"_links":{"self":[{"href":"https:\/\/www.agrobase.com.br\/concursos\/wp-json\/wp\/v2\/posts\/277076","targetHints":{"allow":["GET"]}}],"collection":[{"href":"https:\/\/www.agrobase.com.br\/concursos\/wp-json\/wp\/v2\/posts"}],"about":[{"href":"https:\/\/www.agrobase.com.br\/concursos\/wp-json\/wp\/v2\/types\/post"}],"author":[{"embeddable":true,"href":"https:\/\/www.agrobase.com.br\/concursos\/wp-json\/wp\/v2\/users\/7"}],"replies":[{"embeddable":true,"href":"https:\/\/www.agrobase.com.br\/concursos\/wp-json\/wp\/v2\/comments?post=277076"}],"version-history":[{"count":1,"href":"https:\/\/www.agrobase.com.br\/concursos\/wp-json\/wp\/v2\/posts\/277076\/revisions"}],"predecessor-version":[{"id":277078,"href":"https:\/\/www.agrobase.com.br\/concursos\/wp-json\/wp\/v2\/posts\/277076\/revisions\/277078"}],"wp:featuredmedia":[{"embeddable":true,"href":"https:\/\/www.agrobase.com.br\/concursos\/wp-json\/wp\/v2\/media\/277075"}],"wp:attachment":[{"href":"https:\/\/www.agrobase.com.br\/concursos\/wp-json\/wp\/v2\/media?parent=277076"}],"wp:term":[{"taxonomy":"category","embeddable":true,"href":"https:\/\/www.agrobase.com.br\/concursos\/wp-json\/wp\/v2\/categories?post=277076"},{"taxonomy":"post_tag","embeddable":true,"href":"https:\/\/www.agrobase.com.br\/concursos\/wp-json\/wp\/v2\/tags?post=277076"},{"taxonomy":"_amplo","embeddable":true,"href":"https:\/\/www.agrobase.com.br\/concursos\/wp-json\/wp\/v2\/_amplo?post=277076"},{"taxonomy":"destaque","embeddable":true,"href":"https:\/\/www.agrobase.com.br\/concursos\/wp-json\/wp\/v2\/destaque?post=277076"},{"taxonomy":"instituicoes","embeddable":true,"href":"https:\/\/www.agrobase.com.br\/concursos\/wp-json\/wp\/v2\/instituicoes?post=277076"}],"curies":[{"name":"wp","href":"https:\/\/api.w.org\/{rel}","templated":true}]}}