{"id":277042,"date":"2026-01-21T07:40:18","date_gmt":"2026-01-21T10:40:18","guid":{"rendered":"https:\/\/www.agrobase.com.br\/concursos\/?p=277042"},"modified":"2026-01-20T12:01:20","modified_gmt":"2026-01-20T15:01:20","slug":"prefeitura-solidao-pe-selecao-simplificada-01-2026","status":"publish","type":"post","link":"https:\/\/www.agrobase.com.br\/concursos\/2026\/prefeitura-solidao-pe-selecao-simplificada-01-2026\/","title":{"rendered":"Prefeitura Solid\u00e3o (PE) &#8211; Sele\u00e7\u00e3o Simplificada 01\/2026"},"content":{"rendered":"<h2>Informa\u00e7\u00f5es Gerais<\/h2>\n<p>A <strong>Prefeitura Municipal de Solid\u00e3o<\/strong>, no estado de Pernambuco, publicou edital de <strong>Processo Seletivo Simplificado<\/strong> destinado \u00e0 contrata\u00e7\u00e3o tempor\u00e1ria de profissionais para atender \u00e0s necessidades das Secretarias Municipais. O certame \u00e9 regido pela Resolu\u00e7\u00e3o do TCE\/PE n\u00ba 296\/2025 e pelas Leis Municipais n\u00ba 096\/2001 e n\u00ba 296\/2021.<\/p>\n<p>S\u00e3o oferecidas <strong>76 vagas imediatas<\/strong>, al\u00e9m de forma\u00e7\u00e3o de <strong>cadastro reserva<\/strong>, distribu\u00eddas entre cargos de <strong>n\u00edvel superior<\/strong> e <strong>n\u00edvel m\u00e9dio\/t\u00e9cnico<\/strong>. O regime de contrata\u00e7\u00e3o \u00e9 <strong>tempor\u00e1rio<\/strong>, por excepcional interesse p\u00fablico.<\/p>\n<p>As remunera\u00e7\u00f5es variam de <strong>R$ 16,00\/hora-aula<\/strong> (para cargos de Professor) at\u00e9 <strong>R$ 4.318,18<\/strong> (para Enfermeiro do PSF), com cargas hor\u00e1rias entre 20h e 40h semanais.<\/p>\n<p>As oportunidades abrangem diversas \u00e1reas de atua\u00e7\u00e3o, com destaque para:<\/p>\n<ul>\n<li><strong>Sa\u00fade:<\/strong> Enfermeiros, Dentistas, T\u00e9cnicos em Enfermagem, Fisioterapeutas, Psic\u00f3logos, Biom\u00e9dico e <strong>Nutricionistas<\/strong><\/li>\n<li><strong>Assist\u00eancia Social:<\/strong> Assistentes Sociais, Psic\u00f3logos e Advogado para CRAS e CREAS<\/li>\n<li><strong>Educa\u00e7\u00e3o:<\/strong> Professores para Educa\u00e7\u00e3o Infantil, Anos Iniciais e Anos Finais do Ensino Fundamental<\/li>\n<\/ul>\n<p>Candidatos interessados em atuar no servi\u00e7o p\u00fablico municipal de Solid\u00e3o-PE devem continuar a leitura para conhecer todos os detalhes sobre inscri\u00e7\u00f5es, etapas do processo seletivo e cronograma de resultados.<\/p>\n<h2>Inscri\u00e7\u00f5es<\/h2>\n<p>As <strong>inscri\u00e7\u00f5es est\u00e3o abertas<\/strong> e podem ser realizadas no per\u00edodo de <strong>17 a 26 de janeiro de 2026<\/strong>.<\/p>\n<p>A participa\u00e7\u00e3o neste processo seletivo \u00e9 <strong>totalmente gratuita<\/strong>, n\u00e3o havendo cobran\u00e7a de taxa de inscri\u00e7\u00e3o.<\/p>\n<p>Os candidatos podem se inscrever por duas modalidades:<\/p>\n<ul>\n<li><strong>Presencial:<\/strong> Na Secretaria Municipal de Administra\u00e7\u00e3o, localizada no pr\u00e9dio sede da Prefeitura Municipal de Solid\u00e3o-PE, no hor\u00e1rio das <strong>08h \u00e0s 14h<\/strong><\/li>\n<li><strong>Online:<\/strong> Atrav\u00e9s do e-mail <strong>selecao2026solidao@gmail.com<\/strong>, enviando os documentos escaneados dentro do prazo de inscri\u00e7\u00e3o<\/li>\n<\/ul>\n<p>Para efetuar a inscri\u00e7\u00e3o, o candidato deve apresentar todos os documentos exigidos no edital, ficando sob sua <strong>inteira responsabilidade<\/strong> a veracidade das informa\u00e7\u00f5es e a autenticidade dos documentos apresentados.<\/p>\n<p><strong>Aten\u00e7\u00e3o:<\/strong> A inscri\u00e7\u00e3o por e-mail somente ser\u00e1 v\u00e1lida se encaminhada dentro do prazo estabelecido e para o endere\u00e7o eletr\u00f4nico oficial indicado no edital.<\/p>\n<p>Mais informa\u00e7\u00f5es e acompanhamento do processo seletivo podem ser obtidos no site oficial da Prefeitura: <strong>www.solidao.pe.gov.br<\/strong><\/p>\n<p>Recomenda-se a leitura integral do edital para conhecer todos os requisitos espec\u00edficos de cada cargo e a documenta\u00e7\u00e3o necess\u00e1ria para inscri\u00e7\u00e3o.<\/p>\n<h2>Etapas e Provas<\/h2>\n<p>O Processo Seletivo Simplificado da Prefeitura de Solid\u00e3o-PE ser\u00e1 composto por <strong>duas etapas<\/strong>, ambas de car\u00e1ter <strong>eliminat\u00f3rio e classificat\u00f3rio<\/strong>:<\/p>\n<ul>\n<li><strong>1\u00aa Etapa &#8211; An\u00e1lise Curricular:<\/strong> Consiste na avalia\u00e7\u00e3o, pela Comiss\u00e3o Coordenadora da Sele\u00e7\u00e3o, dos documentos exigidos no edital e das informa\u00e7\u00f5es prestadas no formul\u00e1rio de inscri\u00e7\u00e3o. Esta etapa verificar\u00e1 o cumprimento dos requisitos m\u00ednimos para cada cargo e a pontua\u00e7\u00e3o referente \u00e0 forma\u00e7\u00e3o e experi\u00eancia profissional do candidato.<\/li>\n<li><strong>2\u00aa Etapa &#8211; Entrevista:<\/strong> Os candidatos aprovados na An\u00e1lise Curricular ser\u00e3o convocados para entrevista, que ser\u00e1 realizada nos dias <strong>02 e 03 de fevereiro de 2026<\/strong>, nos hor\u00e1rios das <strong>8h \u00e0s 12h<\/strong> e das <strong>14h \u00e0s 17h<\/strong>. O local ser\u00e1 a <strong>Prefeitura Municipal de Solid\u00e3o<\/strong>, situada na Rua Luiz Carolino de Siqueira, Centro, CEP 56.795-000, ou outro local a ser designado pela comiss\u00e3o coordenadora.<\/li>\n<\/ul>\n<p>A classifica\u00e7\u00e3o final dos candidatos ser\u00e1 determinada pelo desempenho conjunto nas duas etapas do processo seletivo.<\/p>\n<p>Consulte o edital completo para conhecer os crit\u00e9rios detalhados de pontua\u00e7\u00e3o da An\u00e1lise Curricular e da Entrevista, bem como os requisitos espec\u00edficos exigidos para cada cargo.<\/p>\n<h2>Resultados e Gabarito<\/h2>\n<p>O <strong>resultado final<\/strong> do Processo Seletivo Simplificado da Prefeitura de Solid\u00e3o-PE est\u00e1 previsto para ser divulgado no dia <strong>10 de fevereiro de 2026<\/strong>.<\/p>\n<p>A publica\u00e7\u00e3o incluir\u00e1:<\/p>\n<ul>\n<li>Lista de classifica\u00e7\u00e3o geral em ordem decrescente<\/li>\n<li>Portaria de Homologa\u00e7\u00e3o do Resultado Final, assinada pelo Prefeito Municipal<\/li>\n<\/ul>\n<p>Os resultados ser\u00e3o divulgados nos seguintes canais oficiais:<\/p>\n<ul>\n<li><strong>Site da Prefeitura:<\/strong> www.solidao.pe.gov.br<\/li>\n<li><strong>Di\u00e1rio Oficial da AMUPE<\/strong> (Associa\u00e7\u00e3o Municipalista de Pernambuco)<\/li>\n<\/ul>\n<p>Os candidatos aprovados dentro do n\u00famero de vagas poder\u00e3o ser convocados para contrata\u00e7\u00e3o tempor\u00e1ria conforme a necessidade das Secretarias Municipais, respeitando a ordem de classifica\u00e7\u00e3o.<\/p>\n<p><strong>Importante:<\/strong> \u00c9 de <strong>exclusiva responsabilidade do candidato<\/strong> acompanhar todos os comunicados, convoca\u00e7\u00f5es e o resultado final da sele\u00e7\u00e3o atrav\u00e9s dos canais oficiais de divulga\u00e7\u00e3o. A Prefeitura n\u00e3o se responsabiliza por informa\u00e7\u00f5es n\u00e3o acessadas pelo candidato.<\/p>\n","protected":false},"excerpt":{"rendered":"<p>Inscri\u00e7\u00f5es abrem 17\/01! Sel. Simplificada Pref. Solid\u00e3o (PE) p\/ Professor e Enfermeiro (M\u00e9dio\/T\u00e9c. e Sup.). Sal\u00e1rios at\u00e9 R$ 4.3k. Prepare-se e veja o edital!<\/p>\n","protected":false},"author":7,"featured_media":277041,"comment_status":"open","ping_status":"open","sticky":false,"template":"","format":"standard","meta":{"_acf_changed":false,"_breakdance_hide_in_design_set":false,"_breakdance_tags":"","footnotes":""},"categories":[6433,7,10,11,6434,12,18,111,100,20,6871,116,23,24,25,26,101,108,143],"tags":[54],"_amplo":[],"destaque":[],"instituicoes":[],"class_list":["post-277042","post","type-post","status-publish","format-standard","has-post-thumbnail","hentry","category-biologia-licenciatura","category-biomedicina","category-direito","category-educacao-fisica","category-educacao-fisica-licenciatura","category-enfermagem","category-fisioterapia","category-geografia","category-historia","category-letras","category-letras-ingles","category-matematica","category-nutricao","category-odontologia","category-pedagogia","category-psicologia","category-servico-social","category-tecnico-enfermagem","category-tecnico-odontologia","tag-pernambuco"],"acf":{"_tipo_vagas":"vagas","_numero_vagas":"","_quadro_vagas":"","_cargos":"diversos","_cargos_especificos":"","_salario_max":"R$ 4318.18","_abertura":"20260117","_encerramento":"20260126","_inscricoes":"http:\/\/www.solidao.pe.gov.br","_executora_concurso":"","_instituicao_concurso":[],"_link_adicional":null,"_anexos":null,"_produtos":null,"_vagas":"76 vagas + CR","_salario_min":"R$ 16","_instituicao":"Prefeitura de Solid\u00e3o","_edital":"https:\/\/www.agrobase.com.br\/concursos\/wp-content\/uploads\/sites\/4\/2026\/01\/edital-01-2026-prefeitura-de-solidao-pe.pdf","_anexos_edital":"","_fund_incompleto":"","_fund_completo":"","_medio":"<div>\r\n<table class=\"quadro\">\r\n<thead>\r\n<tr>\r\n<th class=\"hcargo\">Cargo<\/th>\r\n<th class=\"hvagas\">Vagas<\/th>\r\n<th class=\"hremuneracao\">Remunera\u00e7\u00e3o<\/th>\r\n<\/tr>\r\n<\/thead>\r\n    <tbody>\r\n      <td class=\"ccargos\">\r\n<span data-balloon-length=\"medium\" aria-label=\"Diploma de Conclus\u00e3o de Curso, Inscri\u00e7\u00e3o no Conselho de Classe, Cursos na \u00c1rea de Aten\u00e7\u00e3o B\u00e1sica e PlanificaSUS\" data-balloon-pos=\"up\">T\u00e9cnico em Enfermagem - PSF<\/span><\/td>\r\n<td class=\"cvagas\">03 + CR<\/td>\r\n<td class=\"cremuneracao\">R$ 3.022,72 \/40h<\/td>\r\n<\/tr><td class=\"ccargos\">\r\n<span data-balloon-length=\"medium\" aria-label=\"Diploma de Conclus\u00e3o de Curso, Inscri\u00e7\u00e3o no Conselho de Classe, Cursos na \u00c1rea de Aten\u00e7\u00e3o B\u00e1sica e PlanificaSUS\" data-balloon-pos=\"up\">Auxiliar de Sa\u00fade Bucal - PSF<\/span><\/td>\r\n<td class=\"cvagas\">01 + CR<\/td>\r\n<td class=\"cremuneracao\">R$ 1.621,00 \/40h<\/td>\r\n<\/tr><td class=\"ccargos\">\r\n<span data-balloon-length=\"medium\" aria-label=\"Diploma de Conclus\u00e3o de Curso, Inscri\u00e7\u00e3o no Conselho de Classe, Curso em Urg\u00eancia e Emerg\u00eancia\" data-balloon-pos=\"up\">T\u00e9cnico em Enfermagem - UMMJS<\/span><\/td>\r\n<td class=\"cvagas\">03 + CR<\/td>\r\n<td class=\"cremuneracao\">R$ 2.267,04 \/30h<\/td>\r\n<\/tr><td class=\"ccargos\">\r\n<span data-balloon-length=\"medium\" aria-label=\"Diploma de Conclus\u00e3o de Curso e Inscri\u00e7\u00e3o no Conselho de Classe\" data-balloon-pos=\"up\">Auxiliar de Sa\u00fade Bucal - UMMJS<\/span><\/td>\r\n<td class=\"cvagas\">01 + CR<\/td>\r\n<td class=\"cremuneracao\">R$ 1.621,00 \/20h<\/td>\r\n<\/tr><td class=\"ccargos\">\r\n<span data-balloon-length=\"medium\" aria-label=\"Diploma de Conclus\u00e3o de Curso e Inscri\u00e7\u00e3o no Conselho de Classe\" data-balloon-pos=\"up\">T\u00e9cnico em Enfermagem - Centro de Promo\u00e7\u00e3o \u00e0 Sa\u00fade Mental<\/span><\/td>\r\n<td class=\"cvagas\">01 + CR<\/td>\r\n<td class=\"cremuneracao\">R$ 2.267,04 \/30h<\/td>\r\n<\/tr>\r\n    <\/tbody>\r\n  <\/table>\r\n<\/div>","_superior":"<div>\r\n<table class=\"quadro\">\r\n<thead>\r\n<tr>\r\n<th class=\"hcargo\">Cargo<\/th>\r\n<th class=\"hvagas\">Vagas<\/th>\r\n<th class=\"hremuneracao\">Remunera\u00e7\u00e3o<\/th>\r\n<\/tr>\r\n<\/thead>\r\n    <tbody>\r\n      <tr>\r\n<td class=\"ccargos\">\r\n<span data-balloon-length=\"medium\" aria-label=\"Curso Superior em Assist\u00eancia Social e Inscri\u00e7\u00e3o no Conselho de Classe\" data-balloon-pos=\"up\">Assistente Social - CREAS<\/span><\/td>\r\n<td class=\"cvagas\">01 + CR<\/td>\r\n<td class=\"cremuneracao\">R$ 1.621,00 \/30h<\/td>\r\n<\/tr><tr>\r\n<td class=\"ccargos\">\r\n<span data-balloon-length=\"medium\" aria-label=\"Curso Superior de Psicologia e Inscri\u00e7\u00e3o no Conselho de Classe\" data-balloon-pos=\"up\">Psic\u00f3logo - CREAS<\/span><\/td>\r\n<td class=\"cvagas\">01 + CR<\/td>\r\n<td class=\"cremuneracao\">R$ 1.621,00 \/30h<\/td>\r\n<\/tr><tr>\r\n<td class=\"ccargos\">\r\n<span data-balloon-length=\"medium\" aria-label=\"Curso Superior de Direito e Inscri\u00e7\u00e3o no Conselho de Classe\" data-balloon-pos=\"up\">Advogado - CREAS<\/span><\/td>\r\n<td class=\"cvagas\">01 + CR<\/td>\r\n<td class=\"cremuneracao\">R$ 1.621,00 \/30h<\/td>\r\n<\/tr><tr>\r\n<td class=\"ccargos\">\r\n<span data-balloon-length=\"medium\" aria-label=\"Curso Superior em Assist\u00eancia Social e Inscri\u00e7\u00e3o no Conselho de Classe\" data-balloon-pos=\"up\">Assistente Social - CRAS<\/span><\/td>\r\n<td class=\"cvagas\">02 + CR<\/td>\r\n<td class=\"cremuneracao\">R$ 1.621,00 \/30h<\/td>\r\n<\/tr><tr>\r\n<td class=\"ccargos\">\r\n<span data-balloon-length=\"medium\" aria-label=\"Curso Superior de Psicologia e Inscri\u00e7\u00e3o no Conselho de Classe\" data-balloon-pos=\"up\">Psic\u00f3logo - CRAS<\/span><\/td>\r\n<td class=\"cvagas\">02 + CR<\/td>\r\n<td class=\"cremuneracao\">R$ 1.621,00 \/30h<\/td>\r\n<\/tr><tr>\r\n<td class=\"ccargos\">\r\n<span data-balloon-length=\"medium\" aria-label=\"Licenciatura Plena em Pedagogia\" data-balloon-pos=\"up\">Professor - Educa\u00e7\u00e3o Infantil<\/span><\/td>\r\n<td class=\"cvagas\">07 + CR<\/td>\r\n<td class=\"cremuneracao\">R$ 16,00 \/30h<\/td>\r\n<\/tr><tr>\r\n<td class=\"ccargos\">\r\n<span data-balloon-length=\"medium\" aria-label=\"Licenciatura Plena em Pedagogia\" data-balloon-pos=\"up\">Professor - Anos Iniciais (1\u00ba ao 5\u00ba Ano)<\/span><\/td>\r\n<td class=\"cvagas\">07 + CR<\/td>\r\n<td class=\"cremuneracao\">R$ 16,00 \/30h<\/td>\r\n<\/tr><tr>\r\n<td class=\"ccargos\">\r\n<span data-balloon-length=\"medium\" aria-label=\"Licenciatura Plena em Letras (Portugu\u00eas e Ingl\u00eas)\" data-balloon-pos=\"up\">Professor - L\u00edngua Portuguesa e Ingl\u00eas (6\u00ba ao 9\u00ba Ano)<\/span><\/td>\r\n<td class=\"cvagas\">02 + CR<\/td>\r\n<td class=\"cremuneracao\">R$ 16,00 \/De acordo com a necessidade<\/td>\r\n<\/tr><tr>\r\n<td class=\"ccargos\">\r\n<span data-balloon-length=\"medium\" aria-label=\"Licenciatura Plena em Matem\u00e1tica e\/ou Equivalente\" data-balloon-pos=\"up\">Professor - Matem\u00e1tica (6\u00ba ao 9\u00ba Ano)<\/span><\/td>\r\n<td class=\"cvagas\">02 + CR<\/td>\r\n<td class=\"cremuneracao\">R$ 16,00 \/De acordo com a necessidade<\/td>\r\n<\/tr><tr>\r\n<td class=\"ccargos\">\r\n<span data-balloon-length=\"medium\" aria-label=\"Licenciatura Plena em Ci\u00eancias Biol\u00f3gicas e\/ou Equivalente\" data-balloon-pos=\"up\">Professor - Ci\u00eancias (6\u00ba ao 9\u00ba Ano)<\/span><\/td>\r\n<td class=\"cvagas\">02 + CR<\/td>\r\n<td class=\"cremuneracao\">R$ 16,00 \/De acordo com a necessidade<\/td>\r\n<\/tr><tr>\r\n<td class=\"ccargos\">\r\n<span data-balloon-length=\"medium\" aria-label=\"Licenciatura Plena em Educa\u00e7\u00e3o F\u00edsica e Registro no Conselho Competente\" data-balloon-pos=\"up\">Professor - Educa\u00e7\u00e3o F\u00edsica (6\u00ba ao 9\u00ba Ano)<\/span><\/td>\r\n<td class=\"cvagas\">02 + CR<\/td>\r\n<td class=\"cremuneracao\">R$ 16,00 \/De acordo com a necessidade<\/td>\r\n<\/tr><tr>\r\n<td class=\"ccargos\">\r\n<span data-balloon-length=\"medium\" aria-label=\"Licenciatura Plena em Hist\u00f3ria e\/ou Equivalente\" data-balloon-pos=\"up\">Professor - Hist\u00f3ria (6\u00ba ao 9\u00ba Ano)<\/span><\/td>\r\n<td class=\"cvagas\">02 + CR<\/td>\r\n<td class=\"cremuneracao\">R$ 16,00 \/De acordo com a necessidade<\/td>\r\n<\/tr><tr>\r\n<td class=\"ccargos\">\r\n<span data-balloon-length=\"medium\" aria-label=\"Licenciatura Plena em Geografia e\/ou Equivalente\" data-balloon-pos=\"up\">Professor - Geografia (6\u00ba ao 9\u00ba Ano)<\/span><\/td>\r\n<td class=\"cvagas\">02 + CR<\/td>\r\n<td class=\"cremuneracao\">R$ 16,00 \/De acordo com a necessidade<\/td>\r\n<\/tr><tr>\r\n<td class=\"ccargos\">\r\n<span data-balloon-length=\"medium\" aria-label=\"Cursando Gradua\u00e7\u00e3o em Pedagogia (a partir do 5\u00ba per\u00edodo) e\/ou Equivalente\" data-balloon-pos=\"up\">Auxiliar de Educa\u00e7\u00e3o Infantil e Creche<\/span><\/td>\r\n<td class=\"cvagas\">04 + CR<\/td>\r\n<td class=\"cremuneracao\">R$ 1.621,00 \/30h<\/td>\r\n<\/tr><tr>\r\n<td class=\"ccargos\">\r\n<span data-balloon-length=\"medium\" aria-label=\"Curso Superior em Assist\u00eancia Social e Inscri\u00e7\u00e3o no Conselho de Classe\" data-balloon-pos=\"up\">Assistente Social - Institucional (Educa\u00e7\u00e3o)<\/span><\/td>\r\n<td class=\"cvagas\">01 + CR<\/td>\r\n<td class=\"cremuneracao\">R$ 1.621,00 \/30h<\/td>\r\n<\/tr><tr>\r\n<td class=\"ccargos\">\r\n<span data-balloon-length=\"medium\" aria-label=\"Curso Superior de Psicologia e Inscri\u00e7\u00e3o no Conselho de Classe\" data-balloon-pos=\"up\">Psic\u00f3logo - Institucional (Educa\u00e7\u00e3o)<\/span><\/td>\r\n<td class=\"cvagas\">02 + CR<\/td>\r\n<td class=\"cremuneracao\">R$ 1.621,00 \/30h<\/td>\r\n<\/tr><tr>\r\n<td class=\"ccargos\">\r\n<span data-balloon-length=\"medium\" aria-label=\"Diploma de Conclus\u00e3o de Curso, Inscri\u00e7\u00e3o no Conselho de Classe, Cursos na \u00c1rea de Aten\u00e7\u00e3o B\u00e1sica e PlanificaSUS\" data-balloon-pos=\"up\">Enfermeiro - PSF<\/span><\/td>\r\n<td class=\"cvagas\">03 + CR<\/td>\r\n<td class=\"cremuneracao\">R$ 4.318,18 \/40h<\/td>\r\n<\/tr><tr>\r\n<td class=\"ccargos\">\r\n<span data-balloon-length=\"medium\" aria-label=\"Diploma de Conclus\u00e3o de Curso, Inscri\u00e7\u00e3o no Conselho de Classe, Cursos na \u00c1rea de Aten\u00e7\u00e3o B\u00e1sica e PlanificaSUS\" data-balloon-pos=\"up\">Dentista - PSF<\/span><\/td>\r\n<td class=\"cvagas\">03 + CR<\/td>\r\n<td class=\"cremuneracao\">R$ 3.200,00 \/40h<\/td>\r\n<\/tr><tr>\r\n<td class=\"ccargos\">\r\n<span data-balloon-length=\"medium\" aria-label=\"Diploma de Conclus\u00e3o de Curso, Inscri\u00e7\u00e3o no Conselho de Classe, Curso em Urg\u00eancia e Emerg\u00eancia\" data-balloon-pos=\"up\">Enfermeiro - UMMJS<\/span><\/td>\r\n<td class=\"cvagas\">03 + CR<\/td>\r\n<td class=\"cremuneracao\">R$ 3.238,63 \/30h<\/td>\r\n<\/tr><tr>\r\n<td class=\"ccargos\">\r\n<span data-balloon-length=\"medium\" aria-label=\"Diploma de Conclus\u00e3o de Curso e Inscri\u00e7\u00e3o no Conselho de Classe\" data-balloon-pos=\"up\">Nutricionista - UMMJS<\/span><\/td>\r\n<td class=\"cvagas\">01 + CR<\/td>\r\n<td class=\"cremuneracao\">R$ 1.621,00 \/20h<\/td>\r\n<\/tr><tr>\r\n<td class=\"ccargos\">\r\n<span data-balloon-length=\"medium\" aria-label=\"Diploma de Conclus\u00e3o de Curso, Inscri\u00e7\u00e3o no Conselho de Classe, Cursos em Sa\u00fade Bucal na Aten\u00e7\u00e3o Especializada\" data-balloon-pos=\"up\">Cirurgi\u00e3o Dentista Especializado em Endodontia - UMMJS<\/span><\/td>\r\n<td class=\"cvagas\">02 + CR<\/td>\r\n<td class=\"cremuneracao\">R$ 3.000,00 \/20h<\/td>\r\n<\/tr><tr>\r\n<td class=\"ccargos\">\r\n<span data-balloon-length=\"medium\" aria-label=\"Diploma de Conclus\u00e3o de Curso, Inscri\u00e7\u00e3o no Conselho de Classe, Experi\u00eancia em atendimento a crian\u00e7as com TEA\" data-balloon-pos=\"up\">Psic\u00f3logo - UMMJS<\/span><\/td>\r\n<td class=\"cvagas\">02 + CR<\/td>\r\n<td class=\"cremuneracao\">R$ 1.621,00 \/20h<\/td>\r\n<\/tr><tr>\r\n<td class=\"ccargos\">\r\n<span data-balloon-length=\"medium\" aria-label=\"Diploma de Conclus\u00e3o de Curso e Inscri\u00e7\u00e3o no Conselho de Classe\" data-balloon-pos=\"up\">Biom\u00e9dico - UMMJS<\/span><\/td>\r\n<td class=\"cvagas\">01 + CR<\/td>\r\n<td class=\"cremuneracao\">R$ 1.621,00 \/30h<\/td>\r\n<\/tr><tr>\r\n<td class=\"ccargos\">\r\n<span data-balloon-length=\"medium\" aria-label=\"Diploma de Conclus\u00e3o de Curso, Inscri\u00e7\u00e3o no Conselho de Classe, Cursos de Capacita\u00e7\u00e3o em Aten\u00e7\u00e3o B\u00e1sica e PlanificaSUS\" data-balloon-pos=\"up\">Fisioterapeuta - Equipe E-Mult<\/span><\/td>\r\n<td class=\"cvagas\">01 + CR<\/td>\r\n<td class=\"cremuneracao\">R$ 1.621,00 \/20h<\/td>\r\n<\/tr><tr>\r\n<td class=\"ccargos\">\r\n<span data-balloon-length=\"medium\" aria-label=\"Diploma de Conclus\u00e3o de Curso, Inscri\u00e7\u00e3o no Conselho de Classe, Cursos de Capacita\u00e7\u00e3o em Aten\u00e7\u00e3o B\u00e1sica e PlanificaSUS\" data-balloon-pos=\"up\">Assistente Social - Equipe E-Mult<\/span><\/td>\r\n<td class=\"cvagas\">01 + CR<\/td>\r\n<td class=\"cremuneracao\">R$ 1.621,00 \/20h<\/td>\r\n<\/tr><tr>\r\n<td class=\"ccargos\">\r\n<span data-balloon-length=\"medium\" aria-label=\"Diploma de Conclus\u00e3o de Curso, Inscri\u00e7\u00e3o no Conselho de Classe, Cursos de Capacita\u00e7\u00e3o em Aten\u00e7\u00e3o B\u00e1sica e PlanificaSUS\" data-balloon-pos=\"up\">Nutricionista - Equipe E-Mult<\/span><\/td>\r\n<td class=\"cvagas\">01 + CR<\/td>\r\n<td class=\"cremuneracao\">R$ 1.621,00 \/20h<\/td>\r\n<\/tr><tr>\r\n<td class=\"ccargos\">\r\n<span data-balloon-length=\"medium\" aria-label=\"Diploma de Conclus\u00e3o de Curso Superior de Bacharelado em Educa\u00e7\u00e3o F\u00edsica\" data-balloon-pos=\"up\">Educador F\u00edsico - Academia da Sa\u00fade<\/span><\/td>\r\n<td class=\"cvagas\">01 + CR<\/td>\r\n<td class=\"cremuneracao\">R$ 1.621,00 \/40h<\/td>\r\n<\/tr><tr>\r\n<td class=\"ccargos\">\r\n<span data-balloon-length=\"medium\" aria-label=\"Diploma de Conclus\u00e3o de Curso e Inscri\u00e7\u00e3o no Conselho de Classe\" data-balloon-pos=\"up\">Fisioterapeuta - Centro de Fisioterapia<\/span><\/td>\r\n<td class=\"cvagas\">02 + CR<\/td>\r\n<td class=\"cremuneracao\">R$ 1.621,00 \/20h<\/td>\r\n<\/tr><tr>\r\n<td class=\"ccargos\">\r\n<span data-balloon-length=\"medium\" aria-label=\"Diploma de Conclus\u00e3o de Curso e Inscri\u00e7\u00e3o no Conselho de Classe\" data-balloon-pos=\"up\">Psic\u00f3logo - Centro de Promo\u00e7\u00e3o \u00e0 Sa\u00fade Mental<\/span><\/td>\r\n<td class=\"cvagas\">02 + CR<\/td>\r\n<td class=\"cremuneracao\">R$ 1.621,00 \/20h<\/td>\r\n<\/tr><tr>\r\n<td class=\"ccargos\">\r\n<span data-balloon-length=\"medium\" aria-label=\"Diploma de Conclus\u00e3o de Curso e Inscri\u00e7\u00e3o no Conselho de Classe\" data-balloon-pos=\"up\">Assistente Social - Centro de Promo\u00e7\u00e3o \u00e0 Sa\u00fade Mental<\/span><\/td>\r\n<td class=\"cvagas\">01 + CR<\/td>\r\n<td class=\"cremuneracao\">R$ 1.621,00 \/20h<\/td>\r\n<\/tr>\r\n    <\/tbody>\r\n  <\/table>\r\n<\/div>"},"_links":{"self":[{"href":"https:\/\/www.agrobase.com.br\/concursos\/wp-json\/wp\/v2\/posts\/277042","targetHints":{"allow":["GET"]}}],"collection":[{"href":"https:\/\/www.agrobase.com.br\/concursos\/wp-json\/wp\/v2\/posts"}],"about":[{"href":"https:\/\/www.agrobase.com.br\/concursos\/wp-json\/wp\/v2\/types\/post"}],"author":[{"embeddable":true,"href":"https:\/\/www.agrobase.com.br\/concursos\/wp-json\/wp\/v2\/users\/7"}],"replies":[{"embeddable":true,"href":"https:\/\/www.agrobase.com.br\/concursos\/wp-json\/wp\/v2\/comments?post=277042"}],"version-history":[{"count":1,"href":"https:\/\/www.agrobase.com.br\/concursos\/wp-json\/wp\/v2\/posts\/277042\/revisions"}],"predecessor-version":[{"id":277044,"href":"https:\/\/www.agrobase.com.br\/concursos\/wp-json\/wp\/v2\/posts\/277042\/revisions\/277044"}],"wp:featuredmedia":[{"embeddable":true,"href":"https:\/\/www.agrobase.com.br\/concursos\/wp-json\/wp\/v2\/media\/277041"}],"wp:attachment":[{"href":"https:\/\/www.agrobase.com.br\/concursos\/wp-json\/wp\/v2\/media?parent=277042"}],"wp:term":[{"taxonomy":"category","embeddable":true,"href":"https:\/\/www.agrobase.com.br\/concursos\/wp-json\/wp\/v2\/categories?post=277042"},{"taxonomy":"post_tag","embeddable":true,"href":"https:\/\/www.agrobase.com.br\/concursos\/wp-json\/wp\/v2\/tags?post=277042"},{"taxonomy":"_amplo","embeddable":true,"href":"https:\/\/www.agrobase.com.br\/concursos\/wp-json\/wp\/v2\/_amplo?post=277042"},{"taxonomy":"destaque","embeddable":true,"href":"https:\/\/www.agrobase.com.br\/concursos\/wp-json\/wp\/v2\/destaque?post=277042"},{"taxonomy":"instituicoes","embeddable":true,"href":"https:\/\/www.agrobase.com.br\/concursos\/wp-json\/wp\/v2\/instituicoes?post=277042"}],"curies":[{"name":"wp","href":"https:\/\/api.w.org\/{rel}","templated":true}]}}