{"id":277038,"date":"2026-01-21T07:30:11","date_gmt":"2026-01-21T10:30:11","guid":{"rendered":"https:\/\/www.agrobase.com.br\/concursos\/?p=277038"},"modified":"2026-01-20T11:52:56","modified_gmt":"2026-01-20T14:52:56","slug":"prefeitura-tomazina-pr-selecao-publica-02-2026","status":"publish","type":"post","link":"https:\/\/www.agrobase.com.br\/concursos\/2026\/prefeitura-tomazina-pr-selecao-publica-02-2026\/","title":{"rendered":"Prefeitura Tomazina (PR) &#8211; Sele\u00e7\u00e3o P\u00fablica 02\/2026"},"content":{"rendered":"<h2>Informa\u00e7\u00f5es Gerais<\/h2>\n<p>O <strong>Munic\u00edpio de Tomazina<\/strong>, no Estado do Paran\u00e1, publicou o <strong>Edital do Processo Seletivo Simplificado (PSS) n\u00ba 002\/2026<\/strong>, destinado \u00e0 forma\u00e7\u00e3o de cadastro reserva e preenchimento de <strong>13 vagas imediatas<\/strong> para contrata\u00e7\u00f5es tempor\u00e1rias em Regime Especial. Os contratos ter\u00e3o dura\u00e7\u00e3o inicial de at\u00e9 12 meses, podendo ser prorrogados por igual per\u00edodo, conforme a Lei Municipal n\u00ba 012\/1997.<\/p>\n<p>O certame contempla oportunidades para todos os n\u00edveis de escolaridade: <strong>Fundamental Incompleto e Completo<\/strong>, <strong>M\u00e9dio\/T\u00e9cnico<\/strong> e <strong>Superior<\/strong>. As remunera\u00e7\u00f5es variam de <strong>R$ 1.621,00 a R$ 8.193,62<\/strong>, com cargas hor\u00e1rias entre 20 e 40 horas semanais.<\/p>\n<p>As vagas abrangem diversas \u00e1reas da administra\u00e7\u00e3o municipal, incluindo Sa\u00fade, Educa\u00e7\u00e3o, Assist\u00eancia Social, Obras e Servi\u00e7os Gerais. Para candidatos das \u00e1reas de ci\u00eancias agr\u00e1rias e biol\u00f3gicas, destacam-se as oportunidades para <strong>M\u00e9dico Veterin\u00e1rio<\/strong> e <strong>Nutricionista<\/strong>, ambas de n\u00edvel superior com registro nos respectivos conselhos profissionais.<\/p>\n<p>Continue a leitura para conhecer todos os detalhes sobre inscri\u00e7\u00f5es, etapas de sele\u00e7\u00e3o e como acompanhar os resultados deste processo seletivo.<\/p>\n<h2>Inscri\u00e7\u00f5es<\/h2>\n<p>As inscri\u00e7\u00f5es para o Processo Seletivo Simplificado PSS n\u00ba 002\/2026 de Tomazina\/PR estar\u00e3o <strong>abertas das 08h30 do dia 23 de janeiro de 2026 at\u00e9 as 16h do dia 27 de janeiro de 2026<\/strong>.<\/p>\n<p>A inscri\u00e7\u00e3o ser\u00e1 realizada exclusivamente de forma <strong>presencial<\/strong>, na sede da <strong>C\u00e2mara Municipal de Tomazina<\/strong>. O candidato dever\u00e1 comparecer ao local, solicitar o formul\u00e1rio de Requerimento de Inscri\u00e7\u00e3o, preench\u00ea-lo e anexar obrigatoriamente os seguintes documentos:<\/p>\n<ul>\n<li>Documento pessoal com foto contendo RG e CPF<\/li>\n<li>C\u00f3pia do comprovante de resid\u00eancia<\/li>\n<li>Hist\u00f3rico Escolar e Diploma<\/li>\n<li>C\u00f3pia da Carteira de Trabalho com registros no cargo pretendido (setor privado) e\/ou declara\u00e7\u00e3o de tempo de servi\u00e7o (setor p\u00fablico)<\/li>\n<li>C\u00f3pia dos t\u00edtulos com os quais pretende pontuar<\/li>\n<li>C\u00f3pia do registro no respectivo Conselho Profissional (quando exigido para o cargo)<\/li>\n<li>C\u00f3pia da CNH v\u00e1lida na categoria exigida (quando necess\u00e1rio)<\/li>\n<\/ul>\n<p><strong>Aten\u00e7\u00e3o:<\/strong> N\u00e3o ser\u00e1 poss\u00edvel realizar fotoc\u00f3pias nas depend\u00eancias do Poder Executivo ou Legislativo Municipal. Todos os documentos devem ser apresentados j\u00e1 copiados no ato da inscri\u00e7\u00e3o.<\/p>\n<p>O edital n\u00e3o menciona cobran\u00e7a de taxa de inscri\u00e7\u00e3o para este processo seletivo. Recomenda-se a leitura integral do edital para verificar todas as exig\u00eancias espec\u00edficas de cada cargo.<\/p>\n<h2>Etapas e Provas<\/h2>\n<p>O Processo Seletivo Simplificado PSS n\u00ba 002\/2026 de Tomazina\/PR ser\u00e1 composto por <strong>etapa \u00fanica de Avalia\u00e7\u00e3o de T\u00edtulos<\/strong>, de car\u00e1ter <strong>classificat\u00f3rio<\/strong>, aplic\u00e1vel a todos os cargos oferecidos.<\/p>\n<ul>\n<li><strong>Avalia\u00e7\u00e3o de T\u00edtulos:<\/strong> A classifica\u00e7\u00e3o ser\u00e1 realizada com base na an\u00e1lise dos documentos e t\u00edtulos apresentados no ato da inscri\u00e7\u00e3o. A pontua\u00e7\u00e3o considerar\u00e1 a experi\u00eancia profissional comprovada no cargo pretendido e demais t\u00edtulos acad\u00eamicos conforme crit\u00e9rios estabelecidos no edital.<\/li>\n<li><strong>An\u00e1lise documental:<\/strong> Ser\u00e1 realizada por Comiss\u00e3o Examinadora nomeada por portaria municipal, que avaliar\u00e1 todos os documentos obrigat\u00f3rios apresentados pelos candidatos.<\/li>\n<\/ul>\n<p><strong>Crit\u00e9rios de desempate:<\/strong> Em caso de empate na pontua\u00e7\u00e3o final, ter\u00e1 prefer\u00eancia o candidato com idade mais avan\u00e7ada. Persistindo o empate, ser\u00e1 realizado sorteio em ato p\u00fablico, aberto a todos os candidatos e interessados, em local e data a serem definidos.<\/p>\n<p>Consulte o edital completo para conhecer os crit\u00e9rios detalhados de pontua\u00e7\u00e3o dos t\u00edtulos e experi\u00eancia profissional para cada cargo.<\/p>\n<h2>Resultados e Gabarito<\/h2>\n<p>Os resultados do Processo Seletivo Simplificado PSS n\u00ba 002\/2026 de Tomazina\/PR ser\u00e3o divulgados conforme o seguinte cronograma:<\/p>\n<ul>\n<li><strong>Classifica\u00e7\u00e3o Provis\u00f3ria:<\/strong> 03 de fevereiro de 2026<\/li>\n<li><strong>Classifica\u00e7\u00e3o Final:<\/strong> 09 de fevereiro de 2026<\/li>\n<\/ul>\n<p>Todas as publica\u00e7\u00f5es ser\u00e3o realizadas no <strong>Di\u00e1rio Oficial dos Munic\u00edpios do Paran\u00e1<\/strong>, dispon\u00edvel no endere\u00e7o eletr\u00f4nico <em>http:\/\/www.diariomunicipal.com.br\/amp\/<\/em>.<\/p>\n<p><strong>Recursos:<\/strong> Os candidatos poder\u00e3o interpor recurso quanto ao resultado das notas no prazo de <strong>3 (tr\u00eas) dias \u00fateis<\/strong>, a contar da publica\u00e7\u00e3o da classifica\u00e7\u00e3o provis\u00f3ria. O recurso dever\u00e1 ser apresentado por escrito, em formul\u00e1rio pr\u00f3prio (Anexo II do edital), mediante protocolo f\u00edsico e presencial na sede da Prefeitura Municipal, no hor\u00e1rio das 08h30 \u00e0s 11h30 ou das 13h \u00e0s 16h.<\/p>\n<p><strong>Validade:<\/strong> Este Processo Seletivo ter\u00e1 validade at\u00e9 <strong>31 de dezembro de 2026<\/strong>, podendo ser prorrogado conforme disposto na Lei Municipal n\u00ba 012\/1997.<\/p>\n<p>\u00c9 de responsabilidade exclusiva do candidato acompanhar todas as publica\u00e7\u00f5es oficiais referentes a este certame, incluindo convoca\u00e7\u00f5es, retifica\u00e7\u00f5es e demais comunicados.<\/p>\n","protected":false},"excerpt":{"rendered":"<p>\u00daltimos dias! Inscri\u00e7\u00f5es at\u00e9 27\/01 p\/ Sel. Pref. Tomazina (PR). Vagas: Professor e T\u00e9cnico Enfermagem (Fund. a Sup.). Sal\u00e1rios at\u00e9 R$ 8.1k. Inscreva-se AGORA!<\/p>\n","protected":false},"author":7,"featured_media":277037,"comment_status":"open","ping_status":"open","sticky":false,"template":"","format":"standard","meta":{"_acf_changed":false,"_breakdance_hide_in_design_set":false,"_breakdance_tags":"","footnotes":""},"categories":[6434,12,14,17,19,6871,22,119,23,25,26,101,108,143],"tags":[52],"_amplo":[],"destaque":[],"instituicoes":[],"class_list":["post-277038","post","type-post","status-publish","format-standard","has-post-thumbnail","hentry","category-educacao-fisica-licenciatura","category-enfermagem","category-engenharia","category-farmacia","category-fonoaudiologia","category-letras-ingles","category-veterinaria","category-musica","category-nutricao","category-pedagogia","category-psicologia","category-servico-social","category-tecnico-enfermagem","category-tecnico-odontologia","tag-parana"],"acf":{"_tipo_vagas":"vagas","_numero_vagas":"","_quadro_vagas":"","_cargos":"diversos","_cargos_especificos":"","_salario_max":"R$ 8193.62","_abertura":"20260123","_encerramento":"20260127","_inscricoes":"http:\/\/www.diariomunicipal.com.br\/amp\/","_executora_concurso":"","_instituicao_concurso":[],"_link_adicional":null,"_anexos":null,"_produtos":null,"_vagas":"13 vagas + CR","_salario_min":"R$ 1621","_instituicao":"Prefeitura de Tomazina","_edital":"https:\/\/www.agrobase.com.br\/concursos\/wp-content\/uploads\/sites\/4\/2026\/01\/edital-02-2026-prefeitura-de-tomazina-pr.pdf","_anexos_edital":"","_fund_incompleto":"<div>\r\n<table class=\"quadro\">\r\n<thead>\r\n<tr>\r\n<th class=\"hcargo\">Cargo<\/th>\r\n<th class=\"hvagas\">Vagas<\/th>\r\n<th class=\"hremuneracao\">Remunera\u00e7\u00e3o<\/th>\r\n<\/tr>\r\n<\/thead>\r\n    <tbody>\r\n      <td class=\"ccargos\">\r\n<span data-balloon-length=\"medium\" aria-label=\"Ser Alfabetizado\" data-balloon-pos=\"up\">Auxiliar de Servi\u00e7os Gerais<\/span><\/td>\r\n<td class=\"cvagas\">CR<\/td>\r\n<td class=\"cremuneracao\">R$ 1.621,00 \/40h<\/td>\r\n<\/tr><td class=\"ccargos\">\r\n<span data-balloon-length=\"medium\" aria-label=\"Ser Alfabetizado\" data-balloon-pos=\"up\">Oper\u00e1rio<\/span><\/td>\r\n<td class=\"cvagas\">01 + CR<\/td>\r\n<td class=\"cremuneracao\">R$ 1.621,00 \/40h<\/td>\r\n<\/tr><td class=\"ccargos\">\r\n<span data-balloon-length=\"medium\" aria-label=\"Ser Alfabetizado\" data-balloon-pos=\"up\">Pedreiro<\/span><\/td>\r\n<td class=\"cvagas\">01 + CR<\/td>\r\n<td class=\"cremuneracao\">R$ 1.845,58 \/40h<\/td>\r\n<\/tr>\r\n    <\/tbody>\r\n  <\/table>\r\n<\/div>","_fund_completo":"<div>\r\n<table class=\"quadro\">\r\n<thead>\r\n<tr>\r\n<th class=\"hcargo\">Cargo<\/th>\r\n<th class=\"hvagas\">Vagas<\/th>\r\n<th class=\"hremuneracao\">Remunera\u00e7\u00e3o<\/th>\r\n<\/tr>\r\n<\/thead>\r\n    <tbody>\r\n      <td class=\"ccargos\">\r\n<span data-balloon-length=\"medium\" aria-label=\"Ensino Fundamental Completo\" data-balloon-pos=\"up\">Agente de Combate a Endemias<\/span><\/td>\r\n<td class=\"cvagas\">CR<\/td>\r\n<td class=\"cremuneracao\">R$ 3.242,00 \/40h<\/td>\r\n<\/tr><td class=\"ccargos\">\r\n<span data-balloon-length=\"medium\" aria-label=\"Ensino Fundamental Completo e CNH Categoria D\" data-balloon-pos=\"up\">Motorista<\/span><\/td>\r\n<td class=\"cvagas\">01 + CR<\/td>\r\n<td class=\"cremuneracao\">R$ 2.058,55 \/40h<\/td>\r\n<\/tr><td class=\"ccargos\">\r\n<span data-balloon-length=\"medium\" aria-label=\"Ensino Fundamental Completo e 01 ano de Habilita\u00e7\u00e3o Profissional Categoria E\" data-balloon-pos=\"up\">Operador de M\u00e1quinas Pesadas<\/span><\/td>\r\n<td class=\"cvagas\">01 + CR<\/td>\r\n<td class=\"cremuneracao\">R$ 2.241,07 \/40h<\/td>\r\n<\/tr>\r\n    <\/tbody>\r\n  <\/table>\r\n<\/div>","_medio":"<div>\r\n<table class=\"quadro\">\r\n<thead>\r\n<tr>\r\n<th class=\"hcargo\">Cargo<\/th>\r\n<th class=\"hvagas\">Vagas<\/th>\r\n<th class=\"hremuneracao\">Remunera\u00e7\u00e3o<\/th>\r\n<\/tr>\r\n<\/thead>\r\n    <tbody>\r\n      <td class=\"ccargos\">\r\n<span data-balloon-length=\"medium\" aria-label=\"Ensino M\u00e9dio Completo\" data-balloon-pos=\"up\">Auxiliar Administrativo de N\u00edvel M\u00e9dio<\/span><\/td>\r\n<td class=\"cvagas\">01 + CR<\/td>\r\n<td class=\"cremuneracao\">R$ 2.241,07 \/40h<\/td>\r\n<\/tr><td class=\"ccargos\">\r\n<span data-balloon-length=\"medium\" aria-label=\"Ensino M\u00e9dio Completo\" data-balloon-pos=\"up\">Fiscal Geral<\/span><\/td>\r\n<td class=\"cvagas\">CR<\/td>\r\n<td class=\"cremuneracao\">R$ 3.163,85 \/40h<\/td>\r\n<\/tr><td class=\"ccargos\">\r\n<span data-balloon-length=\"medium\" aria-label=\"Ensino M\u00e9dio Completo\" data-balloon-pos=\"up\">Monitor<\/span><\/td>\r\n<td class=\"cvagas\">CR<\/td>\r\n<td class=\"cremuneracao\">R$ 1.632,63 \/40h<\/td>\r\n<\/tr><td class=\"ccargos\">\r\n<span data-balloon-length=\"medium\" aria-label=\"T\u00e9cnico em Enfermagem e Registro no COREN\/PR\" data-balloon-pos=\"up\">T\u00e9cnico em Enfermagem<\/span><\/td>\r\n<td class=\"cvagas\">01 + CR<\/td>\r\n<td class=\"cremuneracao\">R$ 2.241,07 \/40h<\/td>\r\n<\/tr><td class=\"ccargos\">\r\n<span data-balloon-length=\"medium\" aria-label=\"T\u00e9cnico em Higiene Dental e Registro no CRO\/PR\" data-balloon-pos=\"up\">T\u00e9cnico em Higiene Bucal<\/span><\/td>\r\n<td class=\"cvagas\">01<\/td>\r\n<td class=\"cremuneracao\">R$ 2.241,07 \/40h<\/td>\r\n<\/tr>\r\n    <\/tbody>\r\n  <\/table>\r\n<\/div>","_superior":"<div>\r\n<table class=\"quadro\">\r\n<thead>\r\n<tr>\r\n<th class=\"hcargo\">Cargo<\/th>\r\n<th class=\"hvagas\">Vagas<\/th>\r\n<th class=\"hremuneracao\">Remunera\u00e7\u00e3o<\/th>\r\n<\/tr>\r\n<\/thead>\r\n    <tbody>\r\n      <tr>\r\n<td class=\"ccargos\">\r\n<span data-balloon-length=\"medium\" aria-label=\"Ensino Superior Completo e Registro no CRESS\/PR\" data-balloon-pos=\"up\">Assistente Social (20 horas)<\/span><\/td>\r\n<td class=\"cvagas\">CR<\/td>\r\n<td class=\"cremuneracao\">R$ 3.163,85 \/20h<\/td>\r\n<\/tr><tr>\r\n<td class=\"ccargos\">\r\n<span data-balloon-length=\"medium\" aria-label=\"Ensino Superior Completo e Registro no CRESS\/PR\" data-balloon-pos=\"up\">Assistente Social - Sa\u00fade Mental (30 horas)<\/span><\/td>\r\n<td class=\"cvagas\">CR<\/td>\r\n<td class=\"cremuneracao\">R$ 3.831,37 \/30h<\/td>\r\n<\/tr><tr>\r\n<td class=\"ccargos\">\r\n<span data-balloon-length=\"medium\" aria-label=\"Ensino Superior Completo e Registro no COREN\/PR\" data-balloon-pos=\"up\">Enfermeiro Padr\u00e3o<\/span><\/td>\r\n<td class=\"cvagas\">CR<\/td>\r\n<td class=\"cremuneracao\">R$ 4.096,82 \/40h<\/td>\r\n<\/tr><tr>\r\n<td class=\"ccargos\">\r\n<span data-balloon-length=\"medium\" aria-label=\"Ensino Superior Completo e Registro no CREA\/PR\" data-balloon-pos=\"up\">Engenheiro Civil<\/span><\/td>\r\n<td class=\"cvagas\">CR<\/td>\r\n<td class=\"cremuneracao\">R$ 8.193,62 \/40h<\/td>\r\n<\/tr><tr>\r\n<td class=\"ccargos\">\r\n<span data-balloon-length=\"medium\" aria-label=\"Ensino Superior Completo e Registro no CRF\/PR\" data-balloon-pos=\"up\">Farmac\u00eautico<\/span><\/td>\r\n<td class=\"cvagas\">CR<\/td>\r\n<td class=\"cremuneracao\">R$ 3.163,85 \/20h<\/td>\r\n<\/tr><tr>\r\n<td class=\"ccargos\">\r\n<span data-balloon-length=\"medium\" aria-label=\"Ensino Superior Completo e Registro no CFFA\/PR\" data-balloon-pos=\"up\">Fonoaudi\u00f3logo<\/span><\/td>\r\n<td class=\"cvagas\">01 + CR<\/td>\r\n<td class=\"cremuneracao\">R$ 3.163,85 \/20h<\/td>\r\n<\/tr><tr>\r\n<td class=\"ccargos\">\r\n<span data-balloon-length=\"medium\" aria-label=\"Ensino Superior Completo e Registro no CRMV\/PR\" data-balloon-pos=\"up\">M\u00e9dico Veterin\u00e1rio<\/span><\/td>\r\n<td class=\"cvagas\">CR<\/td>\r\n<td class=\"cremuneracao\">R$ 4.096,82 \/20h<\/td>\r\n<\/tr><tr>\r\n<td class=\"ccargos\">\r\n<span data-balloon-length=\"medium\" aria-label=\"Ensino Superior Completo e Registro no CFN\/PR\" data-balloon-pos=\"up\">Nutricionista<\/span><\/td>\r\n<td class=\"cvagas\">01 + CR<\/td>\r\n<td class=\"cremuneracao\">R$ 3.163,85 \/20h<\/td>\r\n<\/tr><tr>\r\n<td class=\"ccargos\">\r\n<span data-balloon-length=\"medium\" aria-label=\"Ensino Superior Completo em Pedagogia\" data-balloon-pos=\"up\">Pedagogo (20 horas)<\/span><\/td>\r\n<td class=\"cvagas\">CR<\/td>\r\n<td class=\"cremuneracao\">R$ 3.417,51 \/20h<\/td>\r\n<\/tr><tr>\r\n<td class=\"ccargos\">\r\n<span data-balloon-length=\"medium\" aria-label=\"Ensino Superior Completo em Pedagogia\" data-balloon-pos=\"up\">Professor - Ensino Fundamental<\/span><\/td>\r\n<td class=\"cvagas\">02 + CR<\/td>\r\n<td class=\"cremuneracao\">R$ 1.898,61 \/20h<\/td>\r\n<\/tr><tr>\r\n<td class=\"ccargos\">\r\n<span data-balloon-length=\"medium\" aria-label=\"Ensino Superior Completo em Licenciatura em M\u00fasica\" data-balloon-pos=\"up\">Professor - M\u00fasica<\/span><\/td>\r\n<td class=\"cvagas\">CR<\/td>\r\n<td class=\"cremuneracao\">R$ 1.898,61 \/20h<\/td>\r\n<\/tr><tr>\r\n<td class=\"ccargos\">\r\n<span data-balloon-length=\"medium\" aria-label=\"Ensino Superior Completo em Licenciatura em Educa\u00e7\u00e3o F\u00edsica\" data-balloon-pos=\"up\">Professor - Educa\u00e7\u00e3o F\u00edsica<\/span><\/td>\r\n<td class=\"cvagas\">01 + CR<\/td>\r\n<td class=\"cremuneracao\">R$ 1.898,61 \/20h<\/td>\r\n<\/tr><tr>\r\n<td class=\"ccargos\">\r\n<span data-balloon-length=\"medium\" aria-label=\"Ensino Superior Completo em Licenciatura em Letras - Habilita\u00e7\u00e3o em L\u00edngua Inglesa\" data-balloon-pos=\"up\">Professor - Ingl\u00eas<\/span><\/td>\r\n<td class=\"cvagas\">CR<\/td>\r\n<td class=\"cremuneracao\">R$ 1.898,61 \/20h<\/td>\r\n<\/tr><tr>\r\n<td class=\"ccargos\">\r\n<span data-balloon-length=\"medium\" aria-label=\"Ensino Superior Completo e Registro no CFP\/PR\" data-balloon-pos=\"up\">Psic\u00f3logo (20 horas)<\/span><\/td>\r\n<td class=\"cvagas\">01 + CR<\/td>\r\n<td class=\"cremuneracao\">R$ 3.163,85 \/20h<\/td>\r\n<\/tr><tr>\r\n<td class=\"ccargos\">\r\n<span data-balloon-length=\"medium\" aria-label=\"Ensino Superior Completo e Registro no CFP\/PR\" data-balloon-pos=\"up\">Psic\u00f3logo - Sa\u00fade Mental (30 horas)<\/span><\/td>\r\n<td class=\"cvagas\">CR<\/td>\r\n<td class=\"cremuneracao\">R$ 3.831,37 \/30h<\/td>\r\n<\/tr>\r\n    <\/tbody>\r\n  <\/table>\r\n<\/div>"},"_links":{"self":[{"href":"https:\/\/www.agrobase.com.br\/concursos\/wp-json\/wp\/v2\/posts\/277038","targetHints":{"allow":["GET"]}}],"collection":[{"href":"https:\/\/www.agrobase.com.br\/concursos\/wp-json\/wp\/v2\/posts"}],"about":[{"href":"https:\/\/www.agrobase.com.br\/concursos\/wp-json\/wp\/v2\/types\/post"}],"author":[{"embeddable":true,"href":"https:\/\/www.agrobase.com.br\/concursos\/wp-json\/wp\/v2\/users\/7"}],"replies":[{"embeddable":true,"href":"https:\/\/www.agrobase.com.br\/concursos\/wp-json\/wp\/v2\/comments?post=277038"}],"version-history":[{"count":1,"href":"https:\/\/www.agrobase.com.br\/concursos\/wp-json\/wp\/v2\/posts\/277038\/revisions"}],"predecessor-version":[{"id":277040,"href":"https:\/\/www.agrobase.com.br\/concursos\/wp-json\/wp\/v2\/posts\/277038\/revisions\/277040"}],"wp:featuredmedia":[{"embeddable":true,"href":"https:\/\/www.agrobase.com.br\/concursos\/wp-json\/wp\/v2\/media\/277037"}],"wp:attachment":[{"href":"https:\/\/www.agrobase.com.br\/concursos\/wp-json\/wp\/v2\/media?parent=277038"}],"wp:term":[{"taxonomy":"category","embeddable":true,"href":"https:\/\/www.agrobase.com.br\/concursos\/wp-json\/wp\/v2\/categories?post=277038"},{"taxonomy":"post_tag","embeddable":true,"href":"https:\/\/www.agrobase.com.br\/concursos\/wp-json\/wp\/v2\/tags?post=277038"},{"taxonomy":"_amplo","embeddable":true,"href":"https:\/\/www.agrobase.com.br\/concursos\/wp-json\/wp\/v2\/_amplo?post=277038"},{"taxonomy":"destaque","embeddable":true,"href":"https:\/\/www.agrobase.com.br\/concursos\/wp-json\/wp\/v2\/destaque?post=277038"},{"taxonomy":"instituicoes","embeddable":true,"href":"https:\/\/www.agrobase.com.br\/concursos\/wp-json\/wp\/v2\/instituicoes?post=277038"}],"curies":[{"name":"wp","href":"https:\/\/api.w.org\/{rel}","templated":true}]}}