{"id":277016,"date":"2026-01-20T09:16:38","date_gmt":"2026-01-20T12:16:38","guid":{"rendered":"https:\/\/www.agrobase.com.br\/concursos\/?p=277016"},"modified":"2026-01-19T16:17:12","modified_gmt":"2026-01-19T19:17:12","slug":"prefeitura-altamira-pa-selecao-simplificada-01-2026","status":"publish","type":"post","link":"https:\/\/www.agrobase.com.br\/concursos\/2026\/prefeitura-altamira-pa-selecao-simplificada-01-2026\/","title":{"rendered":"Prefeitura Altamira (PA) &#8211; Sele\u00e7\u00e3o Simplificada 01\/2026"},"content":{"rendered":"<h2>Informa\u00e7\u00f5es Gerais<\/h2>\n<p>A <strong>Secretaria Municipal de Educa\u00e7\u00e3o de Altamira (SEMED)<\/strong>, no Estado do Par\u00e1, publicou edital de <strong>Processo Seletivo Simplificado (PSS)<\/strong> para forma\u00e7\u00e3o de <strong>cadastro de reserva<\/strong> destinado \u00e0 contrata\u00e7\u00e3o tempor\u00e1ria de professores para a rede municipal de ensino.<\/p>\n<p>O certame oferece oportunidades exclusivamente para profissionais de <strong>n\u00edvel superior<\/strong>, com vagas para a fun\u00e7\u00e3o de <strong>Professor da Educa\u00e7\u00e3o B\u00e1sica<\/strong> em diversas \u00e1reas de atua\u00e7\u00e3o. As contrata\u00e7\u00f5es ser\u00e3o por tempo determinado, visando atender necessidades tempor\u00e1rias e excepcionais da rede municipal.<\/p>\n<p>As vagas contemplam atua\u00e7\u00e3o na <strong>Zona Urbana de Altamira<\/strong>, abrangendo creches (parciais e integrais), pr\u00e9-escola (parciais e integrais) e ensino fundamental. Entre as \u00e1reas dispon\u00edveis est\u00e3o: Pedagogia (Creche, Pr\u00e9-Escola, Alfabetiza\u00e7\u00e3o e Anos Iniciais), L\u00edngua Portuguesa, Matem\u00e1tica, Hist\u00f3ria, Geografia, Estudos Amaz\u00f4nicos, L\u00edngua Inglesa, Educa\u00e7\u00e3o F\u00edsica, Artes, Ensino Religioso, Ci\u00eancias, Libras e Computa\u00e7\u00e3o.<\/p>\n<p>Os interessados em ingressar na carreira docente na rede municipal de Altamira devem continuar a leitura para conhecer todos os detalhes sobre inscri\u00e7\u00f5es, etapas de sele\u00e7\u00e3o e cronograma do processo seletivo.<\/p>\n<h2>Inscri\u00e7\u00f5es<\/h2>\n<p>As inscri\u00e7\u00f5es para o Processo Seletivo Simplificado da SEMED Altamira s\u00e3o <strong>gratuitas<\/strong> e ser\u00e3o realizadas <strong>exclusivamente pela internet<\/strong>.<\/p>\n<p>O per\u00edodo de inscri\u00e7\u00f5es est\u00e1 previsto para ocorrer de <strong>16 de janeiro de 2026 a 20 de janeiro de 2026<\/strong>, conforme cronograma estabelecido no edital.<\/p>\n<p>Para se inscrever, o candidato deve acessar o site oficial do PSS e preencher o formul\u00e1rio eletr\u00f4nico dispon\u00edvel. O link para inscri\u00e7\u00e3o \u00e9: <strong>https:\/\/sites.google.com\/altamiraeduc.com.br\/pssemed\/inicio<\/strong><\/p>\n<p>Procedimentos para inscri\u00e7\u00e3o:<\/p>\n<ul>\n<li>Acessar o site oficial do processo seletivo;<\/li>\n<li>Preencher integralmente o formul\u00e1rio eletr\u00f4nico de inscri\u00e7\u00e3o;<\/li>\n<li>Informar corretamente todos os dados solicitados, incluindo forma\u00e7\u00e3o acad\u00eamica e experi\u00eancia profissional;<\/li>\n<li>Confirmar o envio da inscri\u00e7\u00e3o.<\/li>\n<\/ul>\n<p><strong>Importante:<\/strong> A inscri\u00e7\u00e3o do candidato implicar\u00e1 na aceita\u00e7\u00e3o integral das normas contidas no edital. N\u00e3o ser\u00e3o aceitas inscri\u00e7\u00f5es por outra via n\u00e3o prevista no edital ou fora do prazo estabelecido.<\/p>\n<p>Recomenda-se a leitura completa do edital antes de realizar a inscri\u00e7\u00e3o para garantir o correto preenchimento das informa\u00e7\u00f5es exigidas.<\/p>\n<h2>Etapas e Provas<\/h2>\n<p>O Processo Seletivo Simplificado da SEMED Altamira ser\u00e1 composto por <strong>quatro etapas<\/strong>:<\/p>\n<ul>\n<li><strong>Primeira Etapa \u2013 Inscri\u00e7\u00e3o Online:<\/strong> Realizada exclusivamente por meio de formul\u00e1rio eletr\u00f4nico no site oficial do PSS. Nesta fase, o candidato deve informar seus dados pessoais, forma\u00e7\u00e3o acad\u00eamica e experi\u00eancia profissional.<\/li>\n<li><strong>Segunda Etapa \u2013 An\u00e1lise Curricular:<\/strong> Avalia\u00e7\u00e3o das informa\u00e7\u00f5es prestadas no ato da inscri\u00e7\u00e3o pela Comiss\u00e3o do PSS, seguindo os crit\u00e9rios estabelecidos no edital. Esta etapa considera a forma\u00e7\u00e3o e experi\u00eancia declaradas pelo candidato.<\/li>\n<li><strong>Terceira Etapa \u2013 Entrevista (apenas para Professor Alfabetizador):<\/strong> Etapa de car\u00e1ter <strong>classificat\u00f3rio e eliminat\u00f3rio<\/strong>, aplicada exclusivamente aos candidatos classificados na an\u00e1lise curricular que concorrem ao cargo de <strong>Professor(a) Alfabetizador(a) (Ciclo de Alfabetiza\u00e7\u00e3o \u2013 1\u00ba e 2\u00ba ano)<\/strong>. A entrevista avaliar\u00e1: habilidade de comunica\u00e7\u00e3o, capacidade de trabalhar em equipe, habilidades t\u00e9cnicas, experi\u00eancia e dom\u00ednio do conte\u00fado da \u00e1rea de atua\u00e7\u00e3o, comprometimento e disponibilidade. A pontua\u00e7\u00e3o m\u00e1xima \u00e9 de <strong>10,0 pontos<\/strong>, sendo <strong>eliminado o candidato que obtiver nota inferior a 5,0 pontos<\/strong>.<\/li>\n<li><strong>Quarta Etapa \u2013 Convoca\u00e7\u00e3o para Assinatura do Contrato:<\/strong> Etapa de confer\u00eancia dos dados informados pelo candidato e formaliza\u00e7\u00e3o do instrumento contratual. <strong>A diverg\u00eancia entre os dados informados na inscri\u00e7\u00e3o e os documentos apresentados resultar\u00e1 em desclassifica\u00e7\u00e3o autom\u00e1tica do candidato.<\/strong><\/li>\n<\/ul>\n<p>Consulte o edital completo para informa\u00e7\u00f5es detalhadas sobre os crit\u00e9rios de pontua\u00e7\u00e3o da an\u00e1lise curricular e demais especificidades de cada etapa.<\/p>\n<h2>Resultados e Gabarito<\/h2>\n<p>O resultado final do Processo Seletivo Simplificado ser\u00e1 homologado pela Secretaria Municipal de Educa\u00e7\u00e3o de Altamira e publicado integralmente no <strong>site oficial do PSS<\/strong>, ap\u00f3s o decurso dos prazos para interposi\u00e7\u00e3o e an\u00e1lise dos recursos.<\/p>\n<p>Conforme cronograma previsto no edital, a divulga\u00e7\u00e3o do <strong>resultado final<\/strong> est\u00e1 programada para o per\u00edodo de <strong>24 de janeiro de 2026 a 29 de janeiro de 2026<\/strong>.<\/p>\n<p>A classifica\u00e7\u00e3o final dos candidatos levar\u00e1 em considera\u00e7\u00e3o:<\/p>\n<ul>\n<li>Pontua\u00e7\u00e3o obtida na an\u00e1lise curricular;<\/li>\n<li>Pontua\u00e7\u00e3o da entrevista (quando aplic\u00e1vel \u2013 cargo de Professor Alfabetizador);<\/li>\n<li>Crit\u00e9rios de desempate previstos no edital.<\/li>\n<\/ul>\n<p><strong>Validade do processo seletivo:<\/strong> O PSS ter\u00e1 validade de <strong>12 (doze) meses<\/strong>, contados a partir da publica\u00e7\u00e3o do resultado final, podendo ser prorrogado por igual per\u00edodo, de acordo com o interesse e necessidade da administra\u00e7\u00e3o municipal.<\/p>\n<p>Os candidatos devem acompanhar todas as publica\u00e7\u00f5es oficiais exclusivamente pelo site do processo seletivo. O acompanhamento das divulga\u00e7\u00f5es e convoca\u00e7\u00f5es \u00e9 de <strong>responsabilidade exclusiva do candidato<\/strong>.<\/p>\n","protected":false},"excerpt":{"rendered":"<p>Sel. Simplificada Pref. Altamira (PA) com edital publicado! Vagas p\/ Professores (Superior). Inscri\u00e7\u00f5es a partir de 16\/01. Confira detalhes!<\/p>\n","protected":false},"author":7,"featured_media":277015,"comment_status":"open","ping_status":"open","sticky":false,"template":"","format":"standard","meta":{"_acf_changed":false,"_breakdance_hide_in_design_set":false,"_breakdance_tags":"","footnotes":""},"categories":[6433,141,6434,112,111,100,20,6871,116,25,118],"tags":[51],"_amplo":[],"destaque":[],"instituicoes":[],"class_list":["post-277016","post","type-post","status-publish","format-standard","has-post-thumbnail","hentry","category-biologia-licenciatura","category-educacao-artistica","category-educacao-fisica-licenciatura","category-filosofia","category-geografia","category-historia","category-letras","category-letras-ingles","category-matematica","category-pedagogia","category-sociologia","tag-para"],"acf":{"_tipo_vagas":"vagas","_numero_vagas":"","_quadro_vagas":"","_cargos":"diversos","_cargos_especificos":"","_salario_max":"","_abertura":"20260116","_encerramento":"20260120","_inscricoes":"https:\/\/sites.google.com\/altamiraeduc.com.br\/pssemed\/inicio","_executora_concurso":"","_instituicao_concurso":[],"_link_adicional":null,"_anexos":null,"_produtos":null,"_vagas":"Cadastro Reserva","_salario_min":"","_instituicao":"Prefeitura de Altamira","_edital":"https:\/\/www.agrobase.com.br\/concursos\/wp-content\/uploads\/sites\/4\/2026\/01\/edital-01-2026-prefeitura-de-altamira-pa.pdf","_anexos_edital":"https:\/\/www.agrobase.com.br\/concursos\/wp-content\/uploads\/sites\/4\/2026\/01\/anexos-edital-01-2026-prefeitura-de-altamira-pa.pdf","_fund_incompleto":"","_fund_completo":"","_medio":"","_superior":"<div>\r\n<table class=\"quadro\">\r\n<thead>\r\n<tr>\r\n<th class=\"hcargo\">Cargo<\/th>\r\n<th class=\"hvagas\">Vagas<\/th>\r\n<th class=\"hremuneracao\">Remunera\u00e7\u00e3o<\/th>\r\n<\/tr>\r\n<\/thead>\r\n    <tbody>\r\n      <tr>\r\n<td class=\"ccargos\">\r\n<span data-balloon-length=\"medium\" aria-label=\"Diploma de Licenciatura em Pedagogia, expedido por Institui\u00e7\u00e3o de Ensino Superior, reconhecida pelo MEC.\" data-balloon-pos=\"up\">Professor Pedagogo (Creche)<\/span><\/td>\r\n<td class=\"cvagas\">CR<\/td>\r\n<td class=\"cremuneracao\">R$ 0,00<\/td>\r\n<\/tr><tr>\r\n<td class=\"ccargos\">\r\n<span data-balloon-length=\"medium\" aria-label=\"Diploma de Licenciatura em Pedagogia, expedido por Institui\u00e7\u00e3o de Ensino Superior, reconhecida pelo MEC.\" data-balloon-pos=\"up\">Professor Pedagogo (Pr\u00e9-Escola)<\/span><\/td>\r\n<td class=\"cvagas\">CR<\/td>\r\n<td class=\"cremuneracao\">R$ 0,00<\/td>\r\n<\/tr><tr>\r\n<td class=\"ccargos\">\r\n<span data-balloon-length=\"medium\" aria-label=\"Licenciatura Plena em Pedagogia; Forma\u00e7\u00e3o compat\u00edvel com atua\u00e7\u00e3o no Ciclo de Alfabetiza\u00e7\u00e3o, conforme BNCC e Documento Curricular Municipal vigente.\" data-balloon-pos=\"up\">Professor Pedagogo\/Alfabetizador (1\u00ba e 2\u00ba ano)<\/span><\/td>\r\n<td class=\"cvagas\">CR<\/td>\r\n<td class=\"cremuneracao\">R$ 0,00<\/td>\r\n<\/tr><tr>\r\n<td class=\"ccargos\">\r\n<span data-balloon-length=\"medium\" aria-label=\"Diploma de Licenciatura em Pedagogia, expedido por Institui\u00e7\u00e3o de Ensino Superior, reconhecida pelo MEC.\" data-balloon-pos=\"up\">Professor Pedagogo (3\u00ba ao 5\u00ba ano)<\/span><\/td>\r\n<td class=\"cvagas\">CR<\/td>\r\n<td class=\"cremuneracao\">R$ 0,00<\/td>\r\n<\/tr><tr>\r\n<td class=\"ccargos\">\r\n<span data-balloon-length=\"medium\" aria-label=\"Diploma de Licenciatura em Letras\/L\u00edngua Portuguesa, expedido por Institui\u00e7\u00e3o de Ensino Superior, reconhecida pelo MEC.\" data-balloon-pos=\"up\">Professor de L\u00edngua Portuguesa<\/span><\/td>\r\n<td class=\"cvagas\">CR<\/td>\r\n<td class=\"cremuneracao\">R$ 0,00<\/td>\r\n<\/tr><tr>\r\n<td class=\"ccargos\">\r\n<span data-balloon-length=\"medium\" aria-label=\"Diploma de Licenciatura em Matem\u00e1tica, expedido por Institui\u00e7\u00e3o de Ensino Superior, reconhecida pelo MEC.\" data-balloon-pos=\"up\">Professor de Matem\u00e1tica<\/span><\/td>\r\n<td class=\"cvagas\">CR<\/td>\r\n<td class=\"cremuneracao\">R$ 0,00<\/td>\r\n<\/tr><tr>\r\n<td class=\"ccargos\">\r\n<span data-balloon-length=\"medium\" aria-label=\"Diploma de Licenciatura em Hist\u00f3ria, expedido por Institui\u00e7\u00e3o de Ensino Superior, reconhecida pelo MEC.\" data-balloon-pos=\"up\">Professor de Hist\u00f3ria<\/span><\/td>\r\n<td class=\"cvagas\">CR<\/td>\r\n<td class=\"cremuneracao\">R$ 0,00<\/td>\r\n<\/tr><tr>\r\n<td class=\"ccargos\">\r\n<span data-balloon-length=\"medium\" aria-label=\"Diploma Licenciatura em Geografia, expedido por Institui\u00e7\u00e3o de Ensino Superior, reconhecida pelo MEC.\" data-balloon-pos=\"up\">Professor de Geografia<\/span><\/td>\r\n<td class=\"cvagas\">CR<\/td>\r\n<td class=\"cremuneracao\">R$ 0,00<\/td>\r\n<\/tr><tr>\r\n<td class=\"ccargos\">\r\n<span data-balloon-length=\"medium\" aria-label=\"Diploma Licenciatura Geografia OU Licenciatura em Hist\u00f3ria, expedido por Institui\u00e7\u00e3o de Ensino Superior, reconhecida pelo MEC.\" data-balloon-pos=\"up\">Professor de Estudos Amaz\u00f4nicos<\/span><\/td>\r\n<td class=\"cvagas\">CR<\/td>\r\n<td class=\"cremuneracao\">R$ 0,00<\/td>\r\n<\/tr><tr>\r\n<td class=\"ccargos\">\r\n<span data-balloon-length=\"medium\" aria-label=\"Diploma de Licenciatura em L\u00edngua Inglesa OU Licenciatura em Letras com habilita\u00e7\u00e3o em L\u00edngua Inglesa.\" data-balloon-pos=\"up\">Professor de L\u00edngua Inglesa<\/span><\/td>\r\n<td class=\"cvagas\">CR<\/td>\r\n<td class=\"cremuneracao\">R$ 0,00<\/td>\r\n<\/tr><tr>\r\n<td class=\"ccargos\">\r\n<span data-balloon-length=\"medium\" aria-label=\"Diploma de Licenciatura em Educa\u00e7\u00e3o F\u00edsica, expedido por Institui\u00e7\u00e3o de Ensino Superior, reconhecida pelo MEC.\" data-balloon-pos=\"up\">Professor de Educa\u00e7\u00e3o F\u00edsica (Anos Iniciais)<\/span><\/td>\r\n<td class=\"cvagas\">CR<\/td>\r\n<td class=\"cremuneracao\">R$ 0,00<\/td>\r\n<\/tr><tr>\r\n<td class=\"ccargos\">\r\n<span data-balloon-length=\"medium\" aria-label=\"Diploma de Licenciatura em Educa\u00e7\u00e3o F\u00edsica, expedido por Institui\u00e7\u00e3o de Ensino Superior, reconhecida pelo MEC.\" data-balloon-pos=\"up\">Professor de Educa\u00e7\u00e3o F\u00edsica (Anos Finais)<\/span><\/td>\r\n<td class=\"cvagas\">CR<\/td>\r\n<td class=\"cremuneracao\">R$ 0,00<\/td>\r\n<\/tr><tr>\r\n<td class=\"ccargos\">\r\n<span data-balloon-length=\"medium\" aria-label=\"Diploma de conclus\u00e3o de Licenciatura em Artes Pl\u00e1sticas OU Artes Visuais OU Artes C\u00eanicas. OU Licenciatura na \u00e1rea de Linguagens e C\u00f3digos.\" data-balloon-pos=\"up\">Professor de Artes (Anos Finais)<\/span><\/td>\r\n<td class=\"cvagas\">CR<\/td>\r\n<td class=\"cremuneracao\">R$ 0,00<\/td>\r\n<\/tr><tr>\r\n<td class=\"ccargos\">\r\n<span data-balloon-length=\"medium\" aria-label=\"Diploma de conclus\u00e3o de curso de Gradua\u00e7\u00e3o em Licenciatura em Ci\u00eancias da Religi\u00e3o, Filosofia ou Sociologia em IES reconhecida pelo MEC.\" data-balloon-pos=\"up\">Professor de Ensino Religioso<\/span><\/td>\r\n<td class=\"cvagas\">CR<\/td>\r\n<td class=\"cremuneracao\">R$ 0,00<\/td>\r\n<\/tr><tr>\r\n<td class=\"ccargos\">\r\n<span data-balloon-length=\"medium\" aria-label=\"Diploma de Licenciatura Ci\u00eancias F\u00edsicas OU Biol\u00f3gicas, expedido por Institui\u00e7\u00e3o de Ensino Superior, reconhecida pelo MEC.\" data-balloon-pos=\"up\">Professor de Ci\u00eancias<\/span><\/td>\r\n<td class=\"cvagas\">CR<\/td>\r\n<td class=\"cremuneracao\">R$ 0,00<\/td>\r\n<\/tr><tr>\r\n<td class=\"ccargos\">\r\n<span data-balloon-length=\"medium\" aria-label=\"Diploma de Licenciatura em Letras\/Libras, expedido por IES, reconhecida pelo MEC ou Licenciatura em qualquer \u00e1rea do conhecimento + comprova\u00e7\u00e3o de forma\u00e7\u00e3o espec\u00edfica em Libras.\" data-balloon-pos=\"up\">Professor de Libras<\/span><\/td>\r\n<td class=\"cvagas\">CR<\/td>\r\n<td class=\"cremuneracao\">R$ 0,00<\/td>\r\n<\/tr><tr>\r\n<td class=\"ccargos\">\r\n<span data-balloon-length=\"medium\" aria-label=\"Diploma de Licenciatura em Computa\u00e7\u00e3o, Inform\u00e1tica, Ci\u00eancia da Computa\u00e7\u00e3o, Sistemas de Informa\u00e7\u00e3o ou \u00e1reas afins, com complementa\u00e7\u00e3o pedag\u00f3gica.\" data-balloon-pos=\"up\">Professor de Computa\u00e7\u00e3o<\/span><\/td>\r\n<td class=\"cvagas\">CR<\/td>\r\n<td class=\"cremuneracao\">R$ 0,00<\/td>\r\n<\/tr>\r\n    <\/tbody>\r\n  <\/table>\r\n<\/div>"},"_links":{"self":[{"href":"https:\/\/www.agrobase.com.br\/concursos\/wp-json\/wp\/v2\/posts\/277016","targetHints":{"allow":["GET"]}}],"collection":[{"href":"https:\/\/www.agrobase.com.br\/concursos\/wp-json\/wp\/v2\/posts"}],"about":[{"href":"https:\/\/www.agrobase.com.br\/concursos\/wp-json\/wp\/v2\/types\/post"}],"author":[{"embeddable":true,"href":"https:\/\/www.agrobase.com.br\/concursos\/wp-json\/wp\/v2\/users\/7"}],"replies":[{"embeddable":true,"href":"https:\/\/www.agrobase.com.br\/concursos\/wp-json\/wp\/v2\/comments?post=277016"}],"version-history":[{"count":2,"href":"https:\/\/www.agrobase.com.br\/concursos\/wp-json\/wp\/v2\/posts\/277016\/revisions"}],"predecessor-version":[{"id":277020,"href":"https:\/\/www.agrobase.com.br\/concursos\/wp-json\/wp\/v2\/posts\/277016\/revisions\/277020"}],"wp:featuredmedia":[{"embeddable":true,"href":"https:\/\/www.agrobase.com.br\/concursos\/wp-json\/wp\/v2\/media\/277015"}],"wp:attachment":[{"href":"https:\/\/www.agrobase.com.br\/concursos\/wp-json\/wp\/v2\/media?parent=277016"}],"wp:term":[{"taxonomy":"category","embeddable":true,"href":"https:\/\/www.agrobase.com.br\/concursos\/wp-json\/wp\/v2\/categories?post=277016"},{"taxonomy":"post_tag","embeddable":true,"href":"https:\/\/www.agrobase.com.br\/concursos\/wp-json\/wp\/v2\/tags?post=277016"},{"taxonomy":"_amplo","embeddable":true,"href":"https:\/\/www.agrobase.com.br\/concursos\/wp-json\/wp\/v2\/_amplo?post=277016"},{"taxonomy":"destaque","embeddable":true,"href":"https:\/\/www.agrobase.com.br\/concursos\/wp-json\/wp\/v2\/destaque?post=277016"},{"taxonomy":"instituicoes","embeddable":true,"href":"https:\/\/www.agrobase.com.br\/concursos\/wp-json\/wp\/v2\/instituicoes?post=277016"}],"curies":[{"name":"wp","href":"https:\/\/api.w.org\/{rel}","templated":true}]}}