{"id":276983,"date":"2026-01-20T07:50:05","date_gmt":"2026-01-20T10:50:05","guid":{"rendered":"https:\/\/www.agrobase.com.br\/concursos\/?p=276983"},"modified":"2026-01-20T10:27:17","modified_gmt":"2026-01-20T13:27:17","slug":"ses-es-selecao-simplificada-01-2026","status":"publish","type":"post","link":"https:\/\/www.agrobase.com.br\/concursos\/2026\/ses-es-selecao-simplificada-01-2026\/","title":{"rendered":"SES (ES) &#8211; Sele\u00e7\u00e3o Simplificada 01\/2026"},"content":{"rendered":"<h2>Informa\u00e7\u00f5es Gerais<\/h2>\n<p>A <strong>Secretaria de Estado da Sa\u00fade do Esp\u00edrito Santo (SESA)<\/strong> publicou o <strong>Edital n\u00ba 001\/2026<\/strong>, que estabelece normas para o Processo Seletivo Simplificado destinado ao <strong>Laborat\u00f3rio Central de Sa\u00fade P\u00fablica (LACEN)<\/strong>. O certame visa a forma\u00e7\u00e3o de <strong>cadastro de reserva<\/strong> para contrata\u00e7\u00e3o em regime de designa\u00e7\u00e3o tempor\u00e1ria, conforme a Lei Complementar n\u00ba 809\/2015.<\/p>\n<p>O processo seletivo contempla oportunidades para profissionais de <strong>n\u00edvel superior<\/strong> e <strong>n\u00edvel m\u00e9dio\/t\u00e9cnico<\/strong>, com remunera\u00e7\u00f5es que variam de <strong>R$ 2.871,02 a R$ 6.100,92<\/strong>, para carga hor\u00e1ria de 20h a 40h semanais. Os contratos ter\u00e3o vig\u00eancia inicial de 12 meses, podendo ser prorrogados por igual per\u00edodo.<\/p>\n<p>Entre as \u00e1reas contempladas, destacam-se vagas para profissionais de <strong>Ci\u00eancias Biol\u00f3gicas<\/strong>, <strong>Nutri\u00e7\u00e3o<\/strong> e <strong>Engenharia de Alimentos<\/strong>, al\u00e9m de oportunidades em An\u00e1lises Cl\u00ednicas, Biologia Molecular, Bioinform\u00e1tica, Bromatologia, Sequenciamento Gen\u00f4mico, Gest\u00e3o da Qualidade, Gest\u00e3o P\u00fablica e Medicina (Patologista). Para o n\u00edvel t\u00e9cnico, h\u00e1 vagas para T\u00e9cnico em Laborat\u00f3rio, T\u00e9cnico em Qu\u00edmica e T\u00e9cnico em Seguran\u00e7a do Trabalho.<\/p>\n<p>Confira a seguir todas as informa\u00e7\u00f5es sobre inscri\u00e7\u00f5es, etapas do processo seletivo e como acompanhar os resultados.<\/p>\n<h2>Inscri\u00e7\u00f5es<\/h2>\n<p>As inscri\u00e7\u00f5es para o Processo Seletivo Simplificado SESA n\u00ba 001\/2026 ser\u00e3o realizadas <strong>exclusivamente pela internet<\/strong>, no site <strong>www.selecao.es.gov.br<\/strong>, no per\u00edodo de <strong>10h do dia 16 de janeiro de 2026 at\u00e9 as 10h do dia 26 de janeiro de 2026<\/strong>, observado o fuso hor\u00e1rio de Bras\u00edlia\/DF.<\/p>\n<p><strong>Procedimentos para inscri\u00e7\u00e3o:<\/strong><\/p>\n<ul>\n<li>Acesse o site www.selecao.es.gov.br;<\/li>\n<li>Preencha o formul\u00e1rio de inscri\u00e7\u00e3o com seus dados pessoais e profissionais;<\/li>\n<li>Ser\u00e1 aceita <strong>somente uma inscri\u00e7\u00e3o por CPF<\/strong>;<\/li>\n<li>Ao finalizar, o sistema disponibilizar\u00e1 a ficha de inscri\u00e7\u00e3o, que tamb\u00e9m ficar\u00e1 acess\u00edvel na \u00e1rea do candidato.<\/li>\n<\/ul>\n<p><strong>Importante:<\/strong> A ficha de inscri\u00e7\u00e3o dever\u00e1 ser enviada juntamente com os documentos comprobat\u00f3rios exigidos, caso o candidato seja convocado para a segunda etapa do processo seletivo. A documenta\u00e7\u00e3o ser\u00e1 encaminhada por sistema eletr\u00f4nico, conforme instru\u00e7\u00f5es que ser\u00e3o divulgadas no Edital de Convoca\u00e7\u00e3o da 2\u00aa etapa.<\/p>\n<p>O edital n\u00e3o menciona cobran\u00e7a de taxa de inscri\u00e7\u00e3o para este processo seletivo simplificado.<\/p>\n<p>Recomendamos a leitura integral do edital para conhecer todos os requisitos espec\u00edficos de cada cargo e a documenta\u00e7\u00e3o necess\u00e1ria para comprova\u00e7\u00e3o.<\/p>\n<h2>Etapas e Provas<\/h2>\n<p>O Processo Seletivo Simplificado SESA n\u00ba 001\/2026 ser\u00e1 realizado em <strong>tr\u00eas etapas<\/strong>:<\/p>\n<ul>\n<li><strong>1\u00aa Etapa \u2013 Inscri\u00e7\u00e3o:<\/strong> Realizada exclusivamente pela internet, no site www.selecao.es.gov.br. Nesta fase, o candidato dever\u00e1 preencher o formul\u00e1rio com suas informa\u00e7\u00f5es pessoais, forma\u00e7\u00e3o acad\u00eamica e experi\u00eancia profissional.<\/li>\n<li><strong>2\u00aa Etapa \u2013 Comprova\u00e7\u00e3o de Requisitos, Qualifica\u00e7\u00e3o e Experi\u00eancia Profissional:<\/strong> Possui <strong>car\u00e1ter eliminat\u00f3rio e classificat\u00f3rio<\/strong>. Os candidatos ser\u00e3o convocados conforme ordem de classifica\u00e7\u00e3o por cargo, exclusivamente pelo site www.selecao.es.gov.br. Nesta etapa, o candidato dever\u00e1 comprovar as informa\u00e7\u00f5es declaradas na inscri\u00e7\u00e3o, enviando a documenta\u00e7\u00e3o comprobat\u00f3ria em um \u00fanico encaminhamento por meio de sistema eletr\u00f4nico (a ser informado no Edital de Convoca\u00e7\u00e3o). As convoca\u00e7\u00f5es poder\u00e3o ocorrer a qualquer tempo durante a vig\u00eancia do edital, conforme necessidade da administra\u00e7\u00e3o.<\/li>\n<li><strong>3\u00aa Etapa \u2013 Formaliza\u00e7\u00e3o do Contrato:<\/strong> Os candidatos aprovados e convocados assinar\u00e3o contrato tempor\u00e1rio com vig\u00eancia de <strong>12 meses<\/strong>, podendo ser prorrogado por mais 12 meses. As convoca\u00e7\u00f5es tamb\u00e9m poder\u00e3o ocorrer a qualquer tempo durante a vig\u00eancia do edital.<\/li>\n<\/ul>\n<p><strong>Aten\u00e7\u00e3o:<\/strong> \u00c9 responsabilidade exclusiva do candidato acompanhar as publica\u00e7\u00f5es e convoca\u00e7\u00f5es no site oficial. Consulte o edital completo para verificar os documentos exigidos para cada cargo (Anexo I) e os crit\u00e9rios de pontua\u00e7\u00e3o para qualifica\u00e7\u00e3o e experi\u00eancia profissional.<\/p>\n<h2>Resultados e Gabarito<\/h2>\n<p>A divulga\u00e7\u00e3o dos resultados do Processo Seletivo Simplificado SESA n\u00ba 001\/2026 ser\u00e1 realizada <strong>exclusivamente no site www.selecao.es.gov.br<\/strong>.<\/p>\n<p><strong>Classifica\u00e7\u00e3o e Cadastro de Reserva:<\/strong><\/p>\n<ul>\n<li>A SESA publicar\u00e1 a lista de classifica\u00e7\u00e3o dos candidatos no site oficial;<\/li>\n<li>Os candidatos classificados e n\u00e3o convocados para a 2\u00aa etapa permanecer\u00e3o no <strong>cadastro de reserva<\/strong>, podendo ser chamados a qualquer momento durante a vig\u00eancia do edital, conforme necessidade da administra\u00e7\u00e3o;<\/li>\n<li>As convoca\u00e7\u00f5es para as etapas subsequentes seguir\u00e3o a ordem de classifica\u00e7\u00e3o por cargo.<\/li>\n<\/ul>\n<p><strong>Validade do Processo Seletivo:<\/strong><\/p>\n<ul>\n<li>O edital ter\u00e1 validade de <strong>12 meses<\/strong>, podendo ser prorrogado por mais 12 meses, de acordo com a necessidade e conveni\u00eancia da administra\u00e7\u00e3o.<\/li>\n<\/ul>\n<p><strong>Importante:<\/strong> O acompanhamento de todas as publica\u00e7\u00f5es, convoca\u00e7\u00f5es e resultados \u00e9 de <strong>responsabilidade exclusiva do candidato<\/strong>. Recomenda-se verificar regularmente o site www.selecao.es.gov.br para n\u00e3o perder prazos ou convoca\u00e7\u00f5es.<\/p>\n","protected":false},"excerpt":{"rendered":"<p>Sel. Simplificada SES (ES) com edital publicado! Vagas p\/ M\u00e9dico e T\u00e9cnicos (M\u00e9dio\/T\u00e9c. e Sup.). Inscri\u00e7\u00f5es a partir de 16\/01. Sal\u00e1rios at\u00e9 R$6.1k. Confira!<\/p>\n","protected":false},"author":7,"featured_media":276982,"comment_status":"open","ping_status":"open","sticky":false,"template":"","format":"standard","meta":{"_acf_changed":false,"_breakdance_hide_in_design_set":false,"_breakdance_tags":"","footnotes":""},"categories":[3,6,7,106,8,79,102,17,21,23,161,157],"tags":[45],"_amplo":[],"destaque":[],"instituicoes":[],"class_list":["post-276983","post","type-post","status-publish","format-standard","has-post-thumbnail","hentry","category-administracao","category-biologia","category-biomedicina","category-bioquimica","category-biotecnologia","category-engenharia-alimentos","category-engenharia-quimica","category-farmacia","category-medicina","category-nutricao","category-tecnico-laboratorio","category-tecnico-seguranca-trabalho","tag-espirito-santo"],"acf":{"_tipo_vagas":"vagas","_numero_vagas":"","_quadro_vagas":"","_cargos":"diversos","_cargos_especificos":"","_salario_max":"R$ 6100.92","_abertura":"20260116","_encerramento":"20260126","_inscricoes":"https:\/\/www.selecao.es.gov.br","_executora_concurso":"","_instituicao_concurso":[],"_link_adicional":null,"_anexos":null,"_produtos":null,"_vagas":"Cadastro Reserva","_salario_min":"R$ 2871.02","_instituicao":"SES","_edital":"https:\/\/www.agrobase.com.br\/concursos\/wp-content\/uploads\/sites\/4\/2026\/01\/edital-01-2026-ses-es.pdf","_anexos_edital":"","_fund_incompleto":"","_fund_completo":"","_medio":"<div>\r\n<table class=\"quadro\">\r\n<thead>\r\n<tr>\r\n<th class=\"hcargo\">Cargo<\/th>\r\n<th class=\"hvagas\">Vagas<\/th>\r\n<th class=\"hremuneracao\">Remunera\u00e7\u00e3o<\/th>\r\n<\/tr>\r\n<\/thead>\r\n    <tbody>\r\n      <td class=\"ccargos\">\r\n<span data-balloon-length=\"medium\" aria-label=\"Diploma de curso T\u00e9cnico de Laborat\u00f3rio. Registro no Conselho de Classe. Experi\u00eancia m\u00ednima de 06 meses no cargo.\" data-balloon-pos=\"up\">T\u00e9cnico em Laborat\u00f3rio<\/span><\/td>\r\n<td class=\"cvagas\">CR<\/td>\r\n<td class=\"cremuneracao\">R$ 2.871,02 \/40h<\/td>\r\n<\/tr><td class=\"ccargos\">\r\n<span data-balloon-length=\"medium\" aria-label=\"Diploma de curso T\u00e9cnico em Seguran\u00e7a do Trabalho. Registro emitido pelo Minist\u00e9rio do Trabalho e Emprego. Experi\u00eancia m\u00ednima de 06 meses no cargo, na \u00e1rea de Sa\u00fade (Unidades hospitalares ou \u00e1reas assistenciais).\" data-balloon-pos=\"up\">T\u00e9cnico em Seguran\u00e7a do Trabalho<\/span><\/td>\r\n<td class=\"cvagas\">CR<\/td>\r\n<td class=\"cremuneracao\">R$ 2.871,02 \/40h<\/td>\r\n<\/tr><td class=\"ccargos\">\r\n<span data-balloon-length=\"medium\" aria-label=\"Diploma de curso T\u00e9cnico em Qu\u00edmica. Registro no Conselho de Classe. Experi\u00eancia m\u00ednima de 06 meses no cargo.\" data-balloon-pos=\"up\">T\u00e9cnico em Qu\u00edmica<\/span><\/td>\r\n<td class=\"cvagas\">CR<\/td>\r\n<td class=\"cremuneracao\">R$ 2.871,02 \/40h<\/td>\r\n<\/tr>\r\n    <\/tbody>\r\n  <\/table>\r\n<\/div>","_superior":"<div>\r\n<table class=\"quadro\">\r\n<thead>\r\n<tr>\r\n<th class=\"hcargo\">Cargo<\/th>\r\n<th class=\"hvagas\">Vagas<\/th>\r\n<th class=\"hremuneracao\">Remunera\u00e7\u00e3o<\/th>\r\n<\/tr>\r\n<\/thead>\r\n    <tbody>\r\n      <tr>\r\n<td class=\"ccargos\">\r\n<span data-balloon-length=\"medium\" aria-label=\"Diploma de Medicina, CRM, Resid\u00eancia M\u00e9dica em Patologia ou T\u00edtulo de especialista (AMB\/RQE). Experi\u00eancia m\u00ednima de 06 meses em Citopatologia.\" data-balloon-pos=\"up\">M\u00e9dico - Patologista<\/span><\/td>\r\n<td class=\"cvagas\">CR<\/td>\r\n<td class=\"cremuneracao\">R$ 6.100,92 \/20h<\/td>\r\n<\/tr><tr>\r\n<td class=\"ccargos\">\r\n<span data-balloon-length=\"medium\" aria-label=\"Diploma em Ci\u00eancias Biol\u00f3gicas, Biomedicina, Biotecnologia, Farm\u00e1cia Bioqu\u00edmica ou Farm\u00e1cia. Registro no Conselho de Classe. Experi\u00eancia m\u00ednima de 06 meses na \u00e1rea laboratorial.\" data-balloon-pos=\"up\">T\u00e9cnico em N\u00edvel Superior - An\u00e1lises Cl\u00ednicas<\/span><\/td>\r\n<td class=\"cvagas\">CR<\/td>\r\n<td class=\"cremuneracao\">R$ 5.589,89 \/40h<\/td>\r\n<\/tr><tr>\r\n<td class=\"ccargos\">\r\n<span data-balloon-length=\"medium\" aria-label=\"Diploma em Farm\u00e1cia Bioqu\u00edmica, Farm\u00e1cia, Ci\u00eancias Biol\u00f3gicas, Biomedicina, Biotecnologia. Registro no Conselho de Classe. Experi\u00eancia m\u00ednima de 06 meses em t\u00e9cnicas de diagn\u00f3stico molecular.\" data-balloon-pos=\"up\">T\u00e9cnico em N\u00edvel Superior - Biologia Molecular<\/span><\/td>\r\n<td class=\"cvagas\">CR<\/td>\r\n<td class=\"cremuneracao\">R$ 5.589,89 \/40h<\/td>\r\n<\/tr><tr>\r\n<td class=\"ccargos\">\r\n<span data-balloon-length=\"medium\" aria-label=\"Diploma de n\u00edvel superior. Registro no Conselho de Classe. Experi\u00eancia m\u00ednima de 06 meses em Bioinform\u00e1tica (programa\u00e7\u00e3o, desenvolvimento de pipelines, gen\u00f4mica, etc.).\" data-balloon-pos=\"up\">T\u00e9cnico em N\u00edvel Superior - Bioinformata<\/span><\/td>\r\n<td class=\"cvagas\">CR<\/td>\r\n<td class=\"cremuneracao\">R$ 5.589,89 \/40h<\/td>\r\n<\/tr><tr>\r\n<td class=\"ccargos\">\r\n<span data-balloon-length=\"medium\" aria-label=\"Diploma em Farm\u00e1cia Bioqu\u00edmica ou Farm\u00e1cia. Registro no Conselho de Classe. Experi\u00eancia m\u00ednima de 06 meses em gest\u00e3o de almoxarifado (invent\u00e1rio, licitat\u00f3rio, recebimento, etc.).\" data-balloon-pos=\"up\">T\u00e9cnico em N\u00edvel Superior - Gest\u00e3o de Almoxarifado<\/span><\/td>\r\n<td class=\"cvagas\">CR<\/td>\r\n<td class=\"cremuneracao\">R$ 5.589,89 \/40h<\/td>\r\n<\/tr><tr>\r\n<td class=\"ccargos\">\r\n<span data-balloon-length=\"medium\" aria-label=\"Diploma em Ci\u00eancias Biol\u00f3gicas, Biomedicina, Biotecnologia, Farm\u00e1cia Bioqu\u00edmica ou Farm\u00e1cia. Registro no Conselho de Classe. Experi\u00eancia m\u00ednima de 06 meses em Gest\u00e3o da Qualidade (ISO\/IEC 17.025:2017) e processos licitat\u00f3rios (Lei 14.133\/2021).\" data-balloon-pos=\"up\">T\u00e9cnico em N\u00edvel Superior - Gest\u00e3o da Qualidade I<\/span><\/td>\r\n<td class=\"cvagas\">CR<\/td>\r\n<td class=\"cremuneracao\">R$ 5.589,89 \/40h<\/td>\r\n<\/tr><tr>\r\n<td class=\"ccargos\">\r\n<span data-balloon-length=\"medium\" aria-label=\"Diploma em Administra\u00e7\u00e3o. Registro no Conselho de Classe. Experi\u00eancia m\u00ednima de 06 meses em gest\u00e3o de qualidade.\" data-balloon-pos=\"up\">T\u00e9cnico em N\u00edvel Superior - Gest\u00e3o da Qualidade II<\/span><\/td>\r\n<td class=\"cvagas\">CR<\/td>\r\n<td class=\"cremuneracao\">R$ 5.589,89 \/40h<\/td>\r\n<\/tr><tr>\r\n<td class=\"ccargos\">\r\n<span data-balloon-length=\"medium\" aria-label=\"Diploma em Nutri\u00e7\u00e3o, Engenharia de Alimentos, Engenharia Qu\u00edmica, Biomedicina, Biotecnologia, Ci\u00eancias Biol\u00f3gicas, Farm\u00e1cia-Bioqu\u00edmica ou Farm\u00e1cia. Registro no Conselho de Classe. Experi\u00eancia m\u00ednima de 06 meses em Bromatologia (an\u00e1lises microbiol\u00f3gicas, f\u00edsico-qu\u00edmicas, etc.).\" data-balloon-pos=\"up\">T\u00e9cnico em N\u00edvel Superior - Bromatologia<\/span><\/td>\r\n<td class=\"cvagas\">CR<\/td>\r\n<td class=\"cremuneracao\">R$ 5.589,89 \/40h<\/td>\r\n<\/tr><tr>\r\n<td class=\"ccargos\">\r\n<span data-balloon-length=\"medium\" aria-label=\"Diploma em Ci\u00eancias Biol\u00f3gicas, Biomedicina, Biotecnologia, Farm\u00e1cia Bioqu\u00edmica ou Farm\u00e1cia. Registro no Conselho de Classe. Experi\u00eancia m\u00ednima de 06 meses em sequenciamento gen\u00e9tico de nova gera\u00e7\u00e3o (NGS).\" data-balloon-pos=\"up\">T\u00e9cnico em N\u00edvel Superior - Especialista em Sequenciamento Gen\u00f4mico<\/span><\/td>\r\n<td class=\"cvagas\">CR<\/td>\r\n<td class=\"cremuneracao\">R$ 5.589,89 \/40h<\/td>\r\n<\/tr><tr>\r\n<td class=\"ccargos\">\r\n<span data-balloon-length=\"medium\" aria-label=\"Diploma em Administra\u00e7\u00e3o ou Gest\u00e3o P\u00fablica. Registro no Conselho de Classe (se aplic\u00e1vel). Experi\u00eancia m\u00ednima de 06 meses em gest\u00e3o de patrim\u00f4nio (recebimento, tombamento, monitoramento de processos de compras).\" data-balloon-pos=\"up\">T\u00e9cnico em N\u00edvel Superior - Gest\u00e3o de Patrim\u00f4nio<\/span><\/td>\r\n<td class=\"cvagas\">CR<\/td>\r\n<td class=\"cremuneracao\">R$ 5.589,89 \/40h<\/td>\r\n<\/tr><tr>\r\n<td class=\"ccargos\">\r\n<span data-balloon-length=\"medium\" aria-label=\"Diploma de n\u00edvel superior. Registro no Conselho de Classe. Experi\u00eancia m\u00ednima de 06 meses em gest\u00e3o p\u00fablica e processos licitat\u00f3rios em \u00f3rg\u00e3os p\u00fablicos.\" data-balloon-pos=\"up\">T\u00e9cnico em N\u00edvel Superior - Gest\u00e3o P\u00fablica<\/span><\/td>\r\n<td class=\"cvagas\">CR<\/td>\r\n<td class=\"cremuneracao\">R$ 5.589,89 \/40h<\/td>\r\n<\/tr>\r\n    <\/tbody>\r\n  <\/table>\r\n<\/div>"},"_links":{"self":[{"href":"https:\/\/www.agrobase.com.br\/concursos\/wp-json\/wp\/v2\/posts\/276983","targetHints":{"allow":["GET"]}}],"collection":[{"href":"https:\/\/www.agrobase.com.br\/concursos\/wp-json\/wp\/v2\/posts"}],"about":[{"href":"https:\/\/www.agrobase.com.br\/concursos\/wp-json\/wp\/v2\/types\/post"}],"author":[{"embeddable":true,"href":"https:\/\/www.agrobase.com.br\/concursos\/wp-json\/wp\/v2\/users\/7"}],"replies":[{"embeddable":true,"href":"https:\/\/www.agrobase.com.br\/concursos\/wp-json\/wp\/v2\/comments?post=276983"}],"version-history":[{"count":1,"href":"https:\/\/www.agrobase.com.br\/concursos\/wp-json\/wp\/v2\/posts\/276983\/revisions"}],"predecessor-version":[{"id":276985,"href":"https:\/\/www.agrobase.com.br\/concursos\/wp-json\/wp\/v2\/posts\/276983\/revisions\/276985"}],"wp:featuredmedia":[{"embeddable":true,"href":"https:\/\/www.agrobase.com.br\/concursos\/wp-json\/wp\/v2\/media\/276982"}],"wp:attachment":[{"href":"https:\/\/www.agrobase.com.br\/concursos\/wp-json\/wp\/v2\/media?parent=276983"}],"wp:term":[{"taxonomy":"category","embeddable":true,"href":"https:\/\/www.agrobase.com.br\/concursos\/wp-json\/wp\/v2\/categories?post=276983"},{"taxonomy":"post_tag","embeddable":true,"href":"https:\/\/www.agrobase.com.br\/concursos\/wp-json\/wp\/v2\/tags?post=276983"},{"taxonomy":"_amplo","embeddable":true,"href":"https:\/\/www.agrobase.com.br\/concursos\/wp-json\/wp\/v2\/_amplo?post=276983"},{"taxonomy":"destaque","embeddable":true,"href":"https:\/\/www.agrobase.com.br\/concursos\/wp-json\/wp\/v2\/destaque?post=276983"},{"taxonomy":"instituicoes","embeddable":true,"href":"https:\/\/www.agrobase.com.br\/concursos\/wp-json\/wp\/v2\/instituicoes?post=276983"}],"curies":[{"name":"wp","href":"https:\/\/api.w.org\/{rel}","templated":true}]}}