{"id":276974,"date":"2026-01-20T07:30:03","date_gmt":"2026-01-20T10:30:03","guid":{"rendered":"https:\/\/www.agrobase.com.br\/concursos\/?p=276974"},"modified":"2026-01-19T12:50:58","modified_gmt":"2026-01-19T15:50:58","slug":"prefeitura-franca-sp-concurso-02-2026","status":"publish","type":"post","link":"https:\/\/www.agrobase.com.br\/concursos\/2026\/prefeitura-franca-sp-concurso-02-2026\/","title":{"rendered":"Prefeitura Franca (SP) &#8211; Concurso 02\/2026"},"content":{"rendered":"<h2>Informa\u00e7\u00f5es Gerais<\/h2>\n<p>A Prefeitura de Franca, munic\u00edpio localizado no interior de S\u00e3o Paulo, publicou o <strong>Edital n\u00ba 03\/2026<\/strong> de Concurso P\u00fablico para forma\u00e7\u00e3o de <strong>cadastro reserva<\/strong> em diversos cargos p\u00fablicos. O certame \u00e9 organizado pelo Instituto Brasileiro de Administra\u00e7\u00e3o Municipal (IBAM) e visa suprir futuras necessidades de pessoal do munic\u00edpio.<\/p>\n<p>O concurso oferece oportunidades para candidatos de <strong>todos os n\u00edveis de escolaridade<\/strong>: Fundamental Completo, M\u00e9dio\/T\u00e9cnico e Superior. As remunera\u00e7\u00f5es variam de <strong>R$ 2.362,57 a R$ 5.397,62<\/strong>, com cargas hor\u00e1rias que v\u00e3o de 30 a 40 horas semanais, dependendo do cargo.<\/p>\n<p>Entre as vagas dispon\u00edveis, destacam-se oportunidades para <strong>Nutricionista<\/strong>, com remunera\u00e7\u00e3o de R$ 4.920,38. O certame contempla ainda cargos nas \u00e1reas de Educa\u00e7\u00e3o (Professor PEB I &#8211; Educa\u00e7\u00e3o Musical), Sa\u00fade (Farmac\u00eautico, Auxiliar de Sa\u00fade e diversas especialidades m\u00e9dicas), Defesa Civil e Educa\u00e7\u00e3o B\u00e1sica (Inspetor de Alunos).<\/p>\n<p>Na \u00e1rea m\u00e9dica, o concurso abrange mais de 25 especialidades, incluindo Cardiologia, Ginecologia\/Obstetr\u00edcia, Pediatria, Psiquiatria Infantil, Neurologia, entre outras, representando uma excelente oportunidade para profissionais da sa\u00fade que desejam atuar no servi\u00e7o p\u00fablico municipal.<\/p>\n<p>Continue a leitura para conhecer todos os detalhes sobre inscri\u00e7\u00f5es, etapas de sele\u00e7\u00e3o e como acompanhar os resultados deste concurso.<\/p>\n<h2>Inscri\u00e7\u00f5es<\/h2>\n<p>As inscri\u00e7\u00f5es para o Concurso P\u00fablico da Prefeitura de Franca est\u00e3o <strong>abertas<\/strong> e devem ser realizadas <strong>exclusivamente pela internet<\/strong>, no per\u00edodo de <strong>15 de janeiro de 2026 at\u00e9 as 23h59 do dia 11 de fevereiro de 2026<\/strong> (hor\u00e1rio de Bras\u00edlia).<\/p>\n<p>Para se inscrever, o candidato deve acessar o site <strong>www.ibamsp-concursos.org.br<\/strong> e seguir os seguintes passos:<\/p>\n<ul>\n<li>Localizar o link &#8220;\u00c1rea do Candidato&#8221; referente a este Concurso P\u00fablico;<\/li>\n<li>Clicar em &#8220;Inscri\u00e7\u00e3o Online&#8221;;<\/li>\n<li>Ler integralmente o Edital e seus anexos;<\/li>\n<li>Preencher corretamente o formul\u00e1rio de inscri\u00e7\u00e3o, escolhendo o cargo desejado;<\/li>\n<li>Conferir e transmitir os dados informados;<\/li>\n<li>Submeter foto recente (at\u00e9 1 MB, nos formatos PDF, JPG, JPEG ou PNG);<\/li>\n<li>Imprimir o boleto banc\u00e1rio;<\/li>\n<li>Efetuar o pagamento via boleto ou PIX.<\/li>\n<\/ul>\n<p>Os valores das taxas de inscri\u00e7\u00e3o variam conforme o n\u00edvel de escolaridade do cargo pretendido, de acordo com o quadro estabelecido no item 1.2 do Edital.<\/p>\n<p><strong>Aten\u00e7\u00e3o:<\/strong> O pagamento do boleto banc\u00e1rio deve ser efetuado at\u00e9 o dia <strong>12 de fevereiro de 2026<\/strong>, respeitando o hor\u00e1rio de funcionamento banc\u00e1rio e a data de vencimento impressa no documento.<\/p>\n<p>A inscri\u00e7\u00e3o do candidato implica no conhecimento e aceita\u00e7\u00e3o de todas as normas estabelecidas no Edital. Recomenda-se a leitura integral do documento oficial antes de efetuar a inscri\u00e7\u00e3o e acompanhar regularmente a \u00e1rea restrita do candidato no site da banca organizadora.<\/p>\n<h2>Etapas e Provas<\/h2>\n<p>O processo de sele\u00e7\u00e3o do Concurso P\u00fablico da Prefeitura de Franca ser\u00e1 composto por <strong>prova objetiva<\/strong>, de car\u00e1ter <strong>classificat\u00f3rio e eliminat\u00f3rio<\/strong>, aplicada a todos os candidatos inscritos.<\/p>\n<p><strong>Prova Objetiva:<\/strong><\/p>\n<ul>\n<li><strong>Data prevista:<\/strong> 08 de mar\u00e7o de 2026;<\/li>\n<li><strong>Dura\u00e7\u00e3o:<\/strong> 3 horas e 30 minutos (incluindo o tempo para preenchimento da folha de respostas);<\/li>\n<li><strong>Formato:<\/strong> quest\u00f5es objetivas de m\u00faltipla escolha;<\/li>\n<li><strong>Car\u00e1ter:<\/strong> classificat\u00f3rio e eliminat\u00f3rio;<\/li>\n<li><strong>Aplica\u00e7\u00e3o:<\/strong> em hor\u00e1rio distinto das provas dos Editais 01\/2026 e 04\/2026.<\/li>\n<\/ul>\n<p>A prova objetiva avaliar\u00e1 os conhecimentos dos candidatos nas disciplinas estabelecidas no conte\u00fado program\u00e1tico espec\u00edfico de cada cargo, conforme detalhado nos anexos do Edital.<\/p>\n<p>Para obter aprova\u00e7\u00e3o, o candidato dever\u00e1 atingir a pontua\u00e7\u00e3o m\u00ednima estabelecida no Edital, sendo eliminado do certame caso n\u00e3o alcance o desempenho exigido.<\/p>\n<p>Recomenda-se a consulta ao Edital completo para verificar o conte\u00fado program\u00e1tico detalhado de cada cargo, os crit\u00e9rios de pontua\u00e7\u00e3o, as notas m\u00ednimas para aprova\u00e7\u00e3o e o cronograma oficial com todas as datas do certame.<\/p>\n<h2>Resultados e Gabarito<\/h2>\n<p>Os resultados do Concurso P\u00fablico da Prefeitura de Franca ser\u00e3o divulgados em conformidade com o cronograma estabelecido no Edital, seguindo as etapas de publica\u00e7\u00e3o de gabaritos, resultados preliminares e definitivos.<\/p>\n<p><strong>Canais oficiais de divulga\u00e7\u00e3o:<\/strong><\/p>\n<ul>\n<li><strong>Di\u00e1rio Oficial do Munic\u00edpio:<\/strong> dispon\u00edvel em www.franca.sp.gov.br;<\/li>\n<li><strong>Site da banca organizadora:<\/strong> www.ibamsp-concursos.org.br.<\/li>\n<\/ul>\n<p>Todos os atos relativos ao concurso ser\u00e3o publicados nesses canais, incluindo convoca\u00e7\u00f5es para provas, avisos, extratos de resultados e a homologa\u00e7\u00e3o final.<\/p>\n<p>A classifica\u00e7\u00e3o final dos candidatos ser\u00e1 realizada conforme os crit\u00e9rios estabelecidos nos itens 12.7 e 12.8 do Edital, considerando o desempenho na prova objetiva e os crit\u00e9rios de desempate previstos.<\/p>\n<p><strong>Homologa\u00e7\u00e3o e validade:<\/strong><\/p>\n<ul>\n<li>O resultado final ser\u00e1 homologado pelo Prefeito de Franca;<\/li>\n<li>O prazo de validade do concurso \u00e9 de <strong>1 (um) ano<\/strong>, contado a partir da data de homologa\u00e7\u00e3o;<\/li>\n<li>O prazo poder\u00e1 ser <strong>prorrogado por igual per\u00edodo<\/strong>, a crit\u00e9rio da Administra\u00e7\u00e3o Municipal.<\/li>\n<\/ul>\n<p><strong>Importante:<\/strong> \u00c9 de responsabilidade exclusiva do candidato acompanhar todas as publica\u00e7\u00f5es oficiais referentes ao Concurso P\u00fablico pelos canais indicados. A Prefeitura e a banca organizadora n\u00e3o se responsabilizam por informa\u00e7\u00f5es obtidas por outros meios.<\/p>\n","protected":false},"excerpt":{"rendered":"<p>Concurso Pref. Franca (SP) com edital publicado! Vagas p\/ Inspetor e Professor (Fund. a Sup.). Inscri\u00e7\u00f5es a partir de 15\/01. Sal\u00e1rios at\u00e9 R$5.3k. Confira!<\/p>\n","protected":false},"author":7,"featured_media":276973,"comment_status":"open","ping_status":"open","sticky":false,"template":"","format":"standard","meta":{"_acf_changed":false,"_breakdance_hide_in_design_set":false,"_breakdance_tags":"","footnotes":""},"categories":[141,17,21,119,23,25],"tags":[62],"_amplo":[],"destaque":[],"instituicoes":[],"class_list":["post-276974","post","type-post","status-publish","format-standard","has-post-thumbnail","hentry","category-educacao-artistica","category-farmacia","category-medicina","category-musica","category-nutricao","category-pedagogia","tag-sao-paulo"],"acf":{"_tipo_vagas":"vagas","_numero_vagas":"","_quadro_vagas":"","_cargos":"diversos","_cargos_especificos":"","_salario_max":"R$ 5397.62","_abertura":"20260115","_encerramento":"20260211","_inscricoes":"https:\/\/www.ibamsp-concursos.org.br","_executora_concurso":"","_instituicao_concurso":[],"_link_adicional":null,"_anexos":null,"_produtos":null,"_vagas":"Cadastro Reserva","_salario_min":"R$ 2362.57","_instituicao":"Prefeitura de Franca","_edital":"https:\/\/www.agrobase.com.br\/concursos\/wp-content\/uploads\/sites\/4\/2026\/01\/edital-02-2026-prefeitura-de-franca-sp.pdf","_anexos_edital":"https:\/\/www.agrobase.com.br\/concursos\/wp-content\/uploads\/sites\/4\/2026\/01\/anexos-edital-02-2026-prefeitura-de-franca-sp.pdf","_fund_incompleto":"","_fund_completo":"<div>\r\n<table class=\"quadro\">\r\n<thead>\r\n<tr>\r\n<th class=\"hcargo\">Cargo<\/th>\r\n<th class=\"hvagas\">Vagas<\/th>\r\n<th class=\"hremuneracao\">Remunera\u00e7\u00e3o<\/th>\r\n<\/tr>\r\n<\/thead>\r\n    <tbody>\r\n      <td class=\"ccargos\">\r\n<span data-balloon-length=\"medium\" aria-label=\"Ensino fundamental completo\" data-balloon-pos=\"up\">Inspetor de Alunos<\/span><\/td>\r\n<td class=\"cvagas\">CR<\/td>\r\n<td class=\"cremuneracao\">R$ 2.362,57 \/40h<\/td>\r\n<\/tr>\r\n    <\/tbody>\r\n  <\/table>\r\n<\/div>","_medio":"<div>\r\n<table class=\"quadro\">\r\n<thead>\r\n<tr>\r\n<th class=\"hcargo\">Cargo<\/th>\r\n<th class=\"hvagas\">Vagas<\/th>\r\n<th class=\"hremuneracao\">Remunera\u00e7\u00e3o<\/th>\r\n<\/tr>\r\n<\/thead>\r\n    <tbody>\r\n      <td class=\"ccargos\">\r\n<span data-balloon-length=\"medium\" aria-label=\"Ensino M\u00e9dio Completo, Carteira de Habilita\u00e7\u00e3o Categoria A\/E, Curso de Primeiros Socorros\" data-balloon-pos=\"up\">Agente de Defesa Civil<\/span><\/td>\r\n<td class=\"cvagas\">CR<\/td>\r\n<td class=\"cremuneracao\">R$ 2.618,33 \/Revezamento de Turno \/ 40 horas<\/td>\r\n<\/tr><td class=\"ccargos\">\r\n<span data-balloon-length=\"medium\" aria-label=\"Ensino M\u00e9dio e Curso T\u00e9cnico na \u00e1rea de Sa\u00fade\" data-balloon-pos=\"up\">Auxiliar de Sa\u00fade<\/span><\/td>\r\n<td class=\"cvagas\">CR<\/td>\r\n<td class=\"cremuneracao\">R$ 2.362,57 \/40 horas<\/td>\r\n<\/tr>\r\n    <\/tbody>\r\n  <\/table>\r\n<\/div>","_superior":"<div>\r\n<table class=\"quadro\">\r\n<thead>\r\n<tr>\r\n<th class=\"hcargo\">Cargo<\/th>\r\n<th class=\"hvagas\">Vagas<\/th>\r\n<th class=\"hremuneracao\">Remunera\u00e7\u00e3o<\/th>\r\n<\/tr>\r\n<\/thead>\r\n    <tbody>\r\n      <tr>\r\n<td class=\"ccargos\">\r\n<span data-balloon-length=\"medium\" aria-label=\"Licenciatura em M\u00fasica ou Licenciatura em Educa\u00e7\u00e3o Art\u00edstica com habilita\u00e7\u00e3o em m\u00fasica ou Pedagogia com curso t\u00e9cnico em m\u00fasica ou Bacharel em m\u00fasica mais Licenciatura em Pedagogia\" data-balloon-pos=\"up\">Professor PEB I - Educa\u00e7\u00e3o Musical<\/span><\/td>\r\n<td class=\"cvagas\">CR<\/td>\r\n<td class=\"cremuneracao\">R$ 4.532,28 \/M\u00ednimo 30 e m\u00e1ximo 40 horas semanais<\/td>\r\n<\/tr><tr>\r\n<td class=\"ccargos\">\r\n<span data-balloon-length=\"medium\" aria-label=\"Ensino superior na \u00e1rea e registro no Conselho\" data-balloon-pos=\"up\">Farmac\u00eautico<\/span><\/td>\r\n<td class=\"cvagas\">CR<\/td>\r\n<td class=\"cremuneracao\">R$ 5.397,62 \/40h<\/td>\r\n<\/tr><tr>\r\n<td class=\"ccargos\">\r\n<span data-balloon-length=\"medium\" aria-label=\"Ensino superior na \u00e1rea e registro no Conselho\" data-balloon-pos=\"up\">Nutricionista<\/span><\/td>\r\n<td class=\"cvagas\">CR<\/td>\r\n<td class=\"cremuneracao\">R$ 4.920,38 \/40h<\/td>\r\n<\/tr><tr>\r\n<td class=\"ccargos\">\r\n<span data-balloon-length=\"medium\" aria-label=\"Superior na \u00e1rea, Especializa\u00e7\u00e3o e Registro no Conselho\" data-balloon-pos=\"up\">M\u00e9dico - Cardiologista<\/span><\/td>\r\n<td class=\"cvagas\">CR<\/td>\r\n<td class=\"cremuneracao\">R$ 0,00 \/Carga de Trabalho Mensal, Consultas, Procedimentos, Plant\u00e3o e\/ou Hora. Vide Anexo IV<\/td>\r\n<\/tr><tr>\r\n<td class=\"ccargos\">\r\n<span data-balloon-length=\"medium\" aria-label=\"Superior na \u00e1rea, Especializa\u00e7\u00e3o e Registro no Conselho\" data-balloon-pos=\"up\">M\u00e9dico - Emergencialista Pediatra<\/span><\/td>\r\n<td class=\"cvagas\">CR<\/td>\r\n<td class=\"cremuneracao\">R$ 0,00 \/Carga de Trabalho Mensal, Consultas, Procedimentos, Plant\u00e3o e\/ou Hora. Vide Anexo IV<\/td>\r\n<\/tr><tr>\r\n<td class=\"ccargos\">\r\n<span data-balloon-length=\"medium\" aria-label=\"Superior na \u00e1rea, Especializa\u00e7\u00e3o e Registro no Conselho\" data-balloon-pos=\"up\">M\u00e9dico - Endocrinologista<\/span><\/td>\r\n<td class=\"cvagas\">CR<\/td>\r\n<td class=\"cremuneracao\">R$ 0,00 \/Carga de Trabalho Mensal, Consultas, Procedimentos, Plant\u00e3o e\/ou Hora. Vide Anexo IV<\/td>\r\n<\/tr><tr>\r\n<td class=\"ccargos\">\r\n<span data-balloon-length=\"medium\" aria-label=\"Superior na \u00e1rea, Especializa\u00e7\u00e3o e Registro no Conselho\" data-balloon-pos=\"up\">M\u00e9dico - Especialista em Doppler<\/span><\/td>\r\n<td class=\"cvagas\">CR<\/td>\r\n<td class=\"cremuneracao\">R$ 0,00 \/Carga de Trabalho Mensal, Consultas, Procedimentos, Plant\u00e3o e\/ou Hora. Vide Anexo IV<\/td>\r\n<\/tr><tr>\r\n<td class=\"ccargos\">\r\n<span data-balloon-length=\"medium\" aria-label=\"Superior na \u00e1rea, Especializa\u00e7\u00e3o e Registro no Conselho\" data-balloon-pos=\"up\">M\u00e9dico - Especialista em Ultrassonografia Ginecol\u00f3gica e Obstetr\u00edcia<\/span><\/td>\r\n<td class=\"cvagas\">CR<\/td>\r\n<td class=\"cremuneracao\">R$ 0,00 \/Carga de Trabalho Mensal, Consultas, Procedimentos, Plant\u00e3o e\/ou Hora. Vide Anexo IV<\/td>\r\n<\/tr><tr>\r\n<td class=\"ccargos\">\r\n<span data-balloon-length=\"medium\" aria-label=\"Superior na \u00e1rea, Especializa\u00e7\u00e3o e Registro no Conselho\" data-balloon-pos=\"up\">M\u00e9dico - Geriatra<\/span><\/td>\r\n<td class=\"cvagas\">CR<\/td>\r\n<td class=\"cremuneracao\">R$ 0,00 \/Carga de Trabalho Mensal, Consultas, Procedimentos, Plant\u00e3o e\/ou Hora. Vide Anexo IV<\/td>\r\n<\/tr><tr>\r\n<td class=\"ccargos\">\r\n<span data-balloon-length=\"medium\" aria-label=\"Superior na \u00e1rea, Especializa\u00e7\u00e3o e Registro no Conselho\" data-balloon-pos=\"up\">M\u00e9dico - Ginecologista\/Obstetra<\/span><\/td>\r\n<td class=\"cvagas\">CR<\/td>\r\n<td class=\"cremuneracao\">R$ 0,00 \/Carga de Trabalho Mensal, Consultas, Procedimentos, Plant\u00e3o e\/ou Hora. Vide Anexo IV<\/td>\r\n<\/tr><tr>\r\n<td class=\"ccargos\">\r\n<span data-balloon-length=\"medium\" aria-label=\"Superior na \u00e1rea, Especializa\u00e7\u00e3o e Registro no Conselho\" data-balloon-pos=\"up\">M\u00e9dico - Hematologista<\/span><\/td>\r\n<td class=\"cvagas\">CR<\/td>\r\n<td class=\"cremuneracao\">R$ 0,00 \/Carga de Trabalho Mensal, Consultas, Procedimentos, Plant\u00e3o e\/ou Hora. Vide Anexo IV<\/td>\r\n<\/tr><tr>\r\n<td class=\"ccargos\">\r\n<span data-balloon-length=\"medium\" aria-label=\"Superior na \u00e1rea, Especializa\u00e7\u00e3o e Registro no Conselho\" data-balloon-pos=\"up\">M\u00e9dico - Homeopata<\/span><\/td>\r\n<td class=\"cvagas\">CR<\/td>\r\n<td class=\"cremuneracao\">R$ 0,00 \/Carga de Trabalho Mensal, Consultas, Procedimentos, Plant\u00e3o e\/ou Hora. Vide Anexo IV<\/td>\r\n<\/tr><tr>\r\n<td class=\"ccargos\">\r\n<span data-balloon-length=\"medium\" aria-label=\"Superior na \u00e1rea, Especializa\u00e7\u00e3o e Registro no Conselho\" data-balloon-pos=\"up\">M\u00e9dico - Infectologista<\/span><\/td>\r\n<td class=\"cvagas\">CR<\/td>\r\n<td class=\"cremuneracao\">R$ 0,00 \/Carga de Trabalho Mensal, Consultas, Procedimentos, Plant\u00e3o e\/ou Hora. Vide Anexo IV<\/td>\r\n<\/tr><tr>\r\n<td class=\"ccargos\">\r\n<span data-balloon-length=\"medium\" aria-label=\"Superior na \u00e1rea, Especializa\u00e7\u00e3o e Registro no Conselho\" data-balloon-pos=\"up\">M\u00e9dico - Mastologista<\/span><\/td>\r\n<td class=\"cvagas\">CR<\/td>\r\n<td class=\"cremuneracao\">R$ 0,00 \/Carga de Trabalho Mensal, Consultas, Procedimentos, Plant\u00e3o e\/ou Hora. Vide Anexo IV<\/td>\r\n<\/tr><tr>\r\n<td class=\"ccargos\">\r\n<span data-balloon-length=\"medium\" aria-label=\"Superior na \u00e1rea, Especializa\u00e7\u00e3o e Registro no Conselho\" data-balloon-pos=\"up\">M\u00e9dico - Nefrologista<\/span><\/td>\r\n<td class=\"cvagas\">CR<\/td>\r\n<td class=\"cremuneracao\">R$ 0,00 \/Carga de Trabalho Mensal, Consultas, Procedimentos, Plant\u00e3o e\/ou Hora. Vide Anexo IV<\/td>\r\n<\/tr><tr>\r\n<td class=\"ccargos\">\r\n<span data-balloon-length=\"medium\" aria-label=\"Superior na \u00e1rea, Especializa\u00e7\u00e3o e Registro no Conselho\" data-balloon-pos=\"up\">M\u00e9dico - Neurologista Cl\u00ednico Geral<\/span><\/td>\r\n<td class=\"cvagas\">CR<\/td>\r\n<td class=\"cremuneracao\">R$ 0,00 \/Carga de Trabalho Mensal, Consultas, Procedimentos, Plant\u00e3o e\/ou Hora. Vide Anexo IV<\/td>\r\n<\/tr><tr>\r\n<td class=\"ccargos\">\r\n<span data-balloon-length=\"medium\" aria-label=\"Superior na \u00e1rea, Especializa\u00e7\u00e3o e Registro no Conselho\" data-balloon-pos=\"up\">M\u00e9dico - Oftalmologista<\/span><\/td>\r\n<td class=\"cvagas\">CR<\/td>\r\n<td class=\"cremuneracao\">R$ 0,00 \/Carga de Trabalho Mensal, Consultas, Procedimentos, Plant\u00e3o e\/ou Hora. Vide Anexo IV<\/td>\r\n<\/tr><tr>\r\n<td class=\"ccargos\">\r\n<span data-balloon-length=\"medium\" aria-label=\"Superior na \u00e1rea, Especializa\u00e7\u00e3o e Registro no Conselho\" data-balloon-pos=\"up\">M\u00e9dico - Oncologista<\/span><\/td>\r\n<td class=\"cvagas\">CR<\/td>\r\n<td class=\"cremuneracao\">R$ 0,00 \/Carga de Trabalho Mensal, Consultas, Procedimentos, Plant\u00e3o e\/ou Hora. Vide Anexo IV<\/td>\r\n<\/tr><tr>\r\n<td class=\"ccargos\">\r\n<span data-balloon-length=\"medium\" aria-label=\"Superior na \u00e1rea, Especializa\u00e7\u00e3o e Registro no Conselho\" data-balloon-pos=\"up\">M\u00e9dico - Otorrinolaringologista<\/span><\/td>\r\n<td class=\"cvagas\">CR<\/td>\r\n<td class=\"cremuneracao\">R$ 0,00 \/Carga de Trabalho Mensal, Consultas, Procedimentos, Plant\u00e3o e\/ou Hora. Vide Anexo IV<\/td>\r\n<\/tr><tr>\r\n<td class=\"ccargos\">\r\n<span data-balloon-length=\"medium\" aria-label=\"Superior na \u00e1rea, Especializa\u00e7\u00e3o e Registro no Conselho\" data-balloon-pos=\"up\">M\u00e9dico - Pneumologista<\/span><\/td>\r\n<td class=\"cvagas\">CR<\/td>\r\n<td class=\"cremuneracao\">R$ 0,00 \/Carga de Trabalho Mensal, Consultas, Procedimentos, Plant\u00e3o e\/ou Hora. Vide Anexo IV<\/td>\r\n<\/tr><tr>\r\n<td class=\"ccargos\">\r\n<span data-balloon-length=\"medium\" aria-label=\"Superior na \u00e1rea, Especializa\u00e7\u00e3o e Registro no Conselho\" data-balloon-pos=\"up\">M\u00e9dico - Pneumologista Cirurgi\u00e3o Tor\u00e1cico<\/span><\/td>\r\n<td class=\"cvagas\">CR<\/td>\r\n<td class=\"cremuneracao\">R$ 0,00 \/Carga de Trabalho Mensal, Consultas, Procedimentos, Plant\u00e3o e\/ou Hora. Vide Anexo IV<\/td>\r\n<\/tr><tr>\r\n<td class=\"ccargos\">\r\n<span data-balloon-length=\"medium\" aria-label=\"Superior na \u00e1rea, Especializa\u00e7\u00e3o e Registro no Conselho\" data-balloon-pos=\"up\">M\u00e9dico - Proctologista<\/span><\/td>\r\n<td class=\"cvagas\">CR<\/td>\r\n<td class=\"cremuneracao\">R$ 0,00 \/Carga de Trabalho Mensal, Consultas, Procedimentos, Plant\u00e3o e\/ou Hora. Vide Anexo IV<\/td>\r\n<\/tr><tr>\r\n<td class=\"ccargos\">\r\n<span data-balloon-length=\"medium\" aria-label=\"Superior na \u00e1rea, Especializa\u00e7\u00e3o e Registro no Conselho\" data-balloon-pos=\"up\">M\u00e9dico - Radiologia<\/span><\/td>\r\n<td class=\"cvagas\">CR<\/td>\r\n<td class=\"cremuneracao\">R$ 0,00 \/Carga de Trabalho Mensal, Consultas, Procedimentos, Plant\u00e3o e\/ou Hora. Vide Anexo IV<\/td>\r\n<\/tr><tr>\r\n<td class=\"ccargos\">\r\n<span data-balloon-length=\"medium\" aria-label=\"Superior na \u00e1rea, Especializa\u00e7\u00e3o e Registro no Conselho\" data-balloon-pos=\"up\">M\u00e9dico - Reumatologista<\/span><\/td>\r\n<td class=\"cvagas\">CR<\/td>\r\n<td class=\"cremuneracao\">R$ 0,00 \/Carga de Trabalho Mensal, Consultas, Procedimentos, Plant\u00e3o e\/ou Hora. Vide Anexo IV<\/td>\r\n<\/tr><tr>\r\n<td class=\"ccargos\">\r\n<span data-balloon-length=\"medium\" aria-label=\"Superior na \u00e1rea, Especializa\u00e7\u00e3o e Registro no Conselho\" data-balloon-pos=\"up\">M\u00e9dico - Urologista<\/span><\/td>\r\n<td class=\"cvagas\">CR<\/td>\r\n<td class=\"cremuneracao\">R$ 0,00 \/Carga de Trabalho Mensal, Consultas, Procedimentos, Plant\u00e3o e\/ou Hora. Vide Anexo IV<\/td>\r\n<\/tr><tr>\r\n<td class=\"ccargos\">\r\n<span data-balloon-length=\"medium\" aria-label=\"Superior na \u00e1rea, Especializa\u00e7\u00e3o e Registro no Conselho\" data-balloon-pos=\"up\">M\u00e9dico - Vascular<\/span><\/td>\r\n<td class=\"cvagas\">CR<\/td>\r\n<td class=\"cremuneracao\">R$ 0,00 \/Carga de Trabalho Mensal, Consultas, Procedimentos, Plant\u00e3o e\/ou Hora. Vide Anexo IV<\/td>\r\n<\/tr><tr>\r\n<td class=\"ccargos\">\r\n<span data-balloon-length=\"medium\" aria-label=\"Superior na \u00e1rea, Especializa\u00e7\u00e3o e Registro no Conselho\" data-balloon-pos=\"up\">M\u00e9dico - Cirurgi\u00e3o Gastroenterologista<\/span><\/td>\r\n<td class=\"cvagas\">CR<\/td>\r\n<td class=\"cremuneracao\">R$ 0,00 \/Carga de Trabalho Mensal, Consultas, Procedimentos, Plant\u00e3o e\/ou Hora. Vide Anexo IV<\/td>\r\n<\/tr><tr>\r\n<td class=\"ccargos\">\r\n<span data-balloon-length=\"medium\" aria-label=\"Superior na \u00e1rea, Especializa\u00e7\u00e3o e Registro no Conselho\" data-balloon-pos=\"up\">M\u00e9dico - Dermatologista<\/span><\/td>\r\n<td class=\"cvagas\">CR<\/td>\r\n<td class=\"cremuneracao\">R$ 0,00 \/Carga de Trabalho Mensal, Consultas, Procedimentos, Plant\u00e3o e\/ou Hora. Vide Anexo IV<\/td>\r\n<\/tr><tr>\r\n<td class=\"ccargos\">\r\n<span data-balloon-length=\"medium\" aria-label=\"Superior na \u00e1rea, Especializa\u00e7\u00e3o e Registro no Conselho\" data-balloon-pos=\"up\">M\u00e9dico da Fam\u00edlia<\/span><\/td>\r\n<td class=\"cvagas\">CR<\/td>\r\n<td class=\"cremuneracao\">R$ 0,00 \/Carga de Trabalho Mensal, Consultas, Procedimentos, Plant\u00e3o e\/ou Hora. Vide Anexo IV<\/td>\r\n<\/tr><tr>\r\n<td class=\"ccargos\">\r\n<span data-balloon-length=\"medium\" aria-label=\"Superior na \u00e1rea, Especializa\u00e7\u00e3o e Registro no Conselho\" data-balloon-pos=\"up\">M\u00e9dico - Psiquiatra Infantil<\/span><\/td>\r\n<td class=\"cvagas\">CR<\/td>\r\n<td class=\"cremuneracao\">R$ 0,00 \/Carga de Trabalho Mensal, Consultas, Procedimentos, Plant\u00e3o e\/ou Hora. Vide Anexo IV<\/td>\r\n<\/tr>\r\n    <\/tbody>\r\n  <\/table>\r\n<\/div>"},"_links":{"self":[{"href":"https:\/\/www.agrobase.com.br\/concursos\/wp-json\/wp\/v2\/posts\/276974","targetHints":{"allow":["GET"]}}],"collection":[{"href":"https:\/\/www.agrobase.com.br\/concursos\/wp-json\/wp\/v2\/posts"}],"about":[{"href":"https:\/\/www.agrobase.com.br\/concursos\/wp-json\/wp\/v2\/types\/post"}],"author":[{"embeddable":true,"href":"https:\/\/www.agrobase.com.br\/concursos\/wp-json\/wp\/v2\/users\/7"}],"replies":[{"embeddable":true,"href":"https:\/\/www.agrobase.com.br\/concursos\/wp-json\/wp\/v2\/comments?post=276974"}],"version-history":[{"count":1,"href":"https:\/\/www.agrobase.com.br\/concursos\/wp-json\/wp\/v2\/posts\/276974\/revisions"}],"predecessor-version":[{"id":276976,"href":"https:\/\/www.agrobase.com.br\/concursos\/wp-json\/wp\/v2\/posts\/276974\/revisions\/276976"}],"wp:featuredmedia":[{"embeddable":true,"href":"https:\/\/www.agrobase.com.br\/concursos\/wp-json\/wp\/v2\/media\/276973"}],"wp:attachment":[{"href":"https:\/\/www.agrobase.com.br\/concursos\/wp-json\/wp\/v2\/media?parent=276974"}],"wp:term":[{"taxonomy":"category","embeddable":true,"href":"https:\/\/www.agrobase.com.br\/concursos\/wp-json\/wp\/v2\/categories?post=276974"},{"taxonomy":"post_tag","embeddable":true,"href":"https:\/\/www.agrobase.com.br\/concursos\/wp-json\/wp\/v2\/tags?post=276974"},{"taxonomy":"_amplo","embeddable":true,"href":"https:\/\/www.agrobase.com.br\/concursos\/wp-json\/wp\/v2\/_amplo?post=276974"},{"taxonomy":"destaque","embeddable":true,"href":"https:\/\/www.agrobase.com.br\/concursos\/wp-json\/wp\/v2\/destaque?post=276974"},{"taxonomy":"instituicoes","embeddable":true,"href":"https:\/\/www.agrobase.com.br\/concursos\/wp-json\/wp\/v2\/instituicoes?post=276974"}],"curies":[{"name":"wp","href":"https:\/\/api.w.org\/{rel}","templated":true}]}}