{"id":276964,"date":"2026-01-20T07:10:53","date_gmt":"2026-01-20T10:10:53","guid":{"rendered":"https:\/\/www.agrobase.com.br\/concursos\/?p=276964"},"modified":"2026-01-19T11:37:29","modified_gmt":"2026-01-19T14:37:29","slug":"prefeitura-videira-sc-selecao-publica-02-2026","status":"publish","type":"post","link":"https:\/\/www.agrobase.com.br\/concursos\/2026\/prefeitura-videira-sc-selecao-publica-02-2026\/","title":{"rendered":"Prefeitura Videira (SC) &#8211; Sele\u00e7\u00e3o P\u00fablica 02\/2026"},"content":{"rendered":"<h2>Informa\u00e7\u00f5es Gerais<\/h2>\n<p>A <strong>Prefeitura Municipal de Videira<\/strong>, localizada no Estado de Santa Catarina, publicou o <strong>Edital de Processo Seletivo n\u00ba 002\/2026<\/strong> para forma\u00e7\u00e3o de <strong>cadastro reserva<\/strong> destinado ao preenchimento de vagas tempor\u00e1rias em diversas secretarias municipais. O certame \u00e9 organizado pela HC Assessoria Administrativa Ltda.<\/p>\n<p>O processo seletivo contempla oportunidades para todos os n\u00edveis de escolaridade: <strong>Fundamental Incompleto<\/strong>, <strong>Fundamental Completo<\/strong>, <strong>M\u00e9dio\/T\u00e9cnico<\/strong> e <strong>Superior<\/strong>. As remunera\u00e7\u00f5es variam de <strong>R$ 1.531,71<\/strong> a <strong>R$ 15.516,99<\/strong>, conforme o cargo e a carga hor\u00e1ria.<\/p>\n<p>Entre as \u00e1reas com vagas dispon\u00edveis, destacam-se oportunidades para profissionais de <strong>Engenharia Agron\u00f4mica<\/strong>, <strong>Medicina Veterin\u00e1ria<\/strong> e <strong>Nutri\u00e7\u00e3o<\/strong> \u2014 \u00e1reas de grande interesse para quem atua no setor agropecu\u00e1rio e ambiental. O certame tamb\u00e9m oferece vagas para as \u00e1reas de Sa\u00fade (Medicina, Enfermagem, Fisioterapia, Odontologia), Assist\u00eancia Social, Engenharia Civil, Administra\u00e7\u00e3o, entre outras.<\/p>\n<p>Continue a leitura para conhecer todos os detalhes sobre inscri\u00e7\u00f5es, etapas de sele\u00e7\u00e3o e como acompanhar os resultados deste processo seletivo.<\/p>\n<h2>Inscri\u00e7\u00f5es<\/h2>\n<p>As inscri\u00e7\u00f5es para o Processo Seletivo da Prefeitura de Videira\/SC encontram-se <strong>abertas<\/strong> e devem ser realizadas <strong>exclusivamente pela internet<\/strong>.<\/p>\n<p>O per\u00edodo de inscri\u00e7\u00f5es vai das <strong>00h00 do dia 16 de janeiro de 2026<\/strong> at\u00e9 \u00e0s <strong>23h59 do dia 15 de fevereiro de 2026<\/strong>, hor\u00e1rio de Bras\u00edlia.<\/p>\n<p>Para se inscrever, o candidato deve seguir os seguintes passos:<\/p>\n<ul>\n<li>Acessar o site <strong>www.hcassessoriaadm.com.br<\/strong>;<\/li>\n<li>Selecionar a aba &#8220;Concursos&#8221; e localizar o certame desejado;<\/li>\n<li>Ler o edital na \u00edntegra;<\/li>\n<li>Clicar no bot\u00e3o &#8220;INSCRI\u00c7\u00c3O ONLINE&#8221;;<\/li>\n<li>Selecionar adequadamente o cargo ao qual deseja concorrer;<\/li>\n<li>Preencher o formul\u00e1rio eletr\u00f4nico de inscri\u00e7\u00e3o;<\/li>\n<li>Enviar a solicita\u00e7\u00e3o e efetuar o pagamento do boleto banc\u00e1rio.<\/li>\n<\/ul>\n<p><strong>Importante:<\/strong> A inscri\u00e7\u00e3o somente ser\u00e1 validada ap\u00f3s a confirma\u00e7\u00e3o do pagamento da taxa de inscri\u00e7\u00e3o dentro do prazo estabelecido no edital. N\u00e3o ser\u00e3o admitidas inscri\u00e7\u00f5es por Correio, Fax, E-mail ou qualquer outra forma diferente da prevista.<\/p>\n<p>Recomendamos a leitura integral do edital para verificar os valores das taxas de inscri\u00e7\u00e3o por cargo, eventuais crit\u00e9rios de isen\u00e7\u00e3o e demais procedimentos espec\u00edficos.<\/p>\n<h2>Etapas e Provas<\/h2>\n<p>O Processo Seletivo da Prefeitura de Videira\/SC ser\u00e1 composto por at\u00e9 duas etapas, com peso total de <strong>100 pontos<\/strong>, conforme o cargo pretendido:<\/p>\n<ul>\n<li><strong>Prova Te\u00f3rica\/Objetiva<\/strong> \u2014 aplicada a todos os cargos;<\/li>\n<li><strong>Prova Pr\u00e1tica<\/strong> \u2014 exclusiva para os cargos de Motorista, Operador de M\u00e1quinas e Equipamentos Pesados, e Operador de Trator de Pneus, M\u00e1quina de Varri\u00e7\u00e3o e Capina Mec\u00e2nica.<\/li>\n<\/ul>\n<p><strong>Prova Te\u00f3rica\/Objetiva:<\/strong><\/p>\n<ul>\n<li><strong>Data prevista:<\/strong> 08 de mar\u00e7o de 2026;<\/li>\n<li><strong>Hor\u00e1rio de in\u00edcio:<\/strong> 09h00;<\/li>\n<li><strong>Dura\u00e7\u00e3o:<\/strong> 03 horas;<\/li>\n<li><strong>Car\u00e1ter:<\/strong> eliminat\u00f3rio e classificat\u00f3rio.<\/li>\n<\/ul>\n<p><strong>Prova Pr\u00e1tica:<\/strong><\/p>\n<ul>\n<li><strong>Cargos:<\/strong> Motorista, Operador de M\u00e1quinas e Equipamentos Pesados, Operador de Trator de Pneus, M\u00e1quina de Varri\u00e7\u00e3o e Capina Mec\u00e2nica;<\/li>\n<li><strong>Data:<\/strong> a ser divulgada posteriormente;<\/li>\n<li><strong>Car\u00e1ter:<\/strong> eliminat\u00f3rio e classificat\u00f3rio;<\/li>\n<li><strong>Objetivo:<\/strong> avaliar, em condi\u00e7\u00f5es reais ou simuladas, as habilidades pr\u00e1ticas relacionadas \u00e0s atribui\u00e7\u00f5es do cargo. A prova ser\u00e1 aplicada de forma individualizada.<\/li>\n<\/ul>\n<p>Consulte o edital completo para conhecer o conte\u00fado program\u00e1tico detalhado, os crit\u00e9rios de pontua\u00e7\u00e3o, as notas m\u00ednimas para aprova\u00e7\u00e3o e demais informa\u00e7\u00f5es sobre cada etapa.<\/p>\n<h2>Resultados e Gabarito<\/h2>\n<p>Os resultados do Processo Seletivo da Prefeitura de Videira\/SC ser\u00e3o divulgados conforme o cronograma previsto no edital:<\/p>\n<ul>\n<li><strong>Gabarito preliminar da prova objetiva:<\/strong> 09\/03\/2026;<\/li>\n<li><strong>Gabarito oficial da prova objetiva:<\/strong> 17\/03\/2026;<\/li>\n<li><strong>Pontua\u00e7\u00e3o e classifica\u00e7\u00e3o final (cargos sem prova pr\u00e1tica):<\/strong> 23\/03\/2026;<\/li>\n<li><strong>Homologa\u00e7\u00e3o do resultado final (cargos sem prova pr\u00e1tica):<\/strong> 25\/03\/2026;<\/li>\n<li><strong>Pontua\u00e7\u00e3o e classifica\u00e7\u00e3o final (cargos com prova pr\u00e1tica):<\/strong> 16\/04\/2026;<\/li>\n<li><strong>Homologa\u00e7\u00e3o do resultado final (cargos com prova pr\u00e1tica):<\/strong> 17\/04\/2026.<\/li>\n<\/ul>\n<p>Os candidatos ser\u00e3o classificados em ordem decrescente de pontua\u00e7\u00e3o final, que ser\u00e1 composta pela nota da prova te\u00f3rico-objetiva e, quando aplic\u00e1vel, pela nota da prova pr\u00e1tica.<\/p>\n<p>Ser\u00e3o publicadas duas listas de aprovados: uma geral, com todos os candidatos aprovados por ordem de classifica\u00e7\u00e3o, e outra espec\u00edfica para candidatos com defici\u00eancia (PcD), para fins de preenchimento das vagas reservadas.<\/p>\n<p>Todas as publica\u00e7\u00f5es oficiais ser\u00e3o realizadas no site da banca organizadora (<strong>www.hcassessoriaadm.com.br<\/strong>) e nos canais oficiais da Prefeitura de Videira.<\/p>\n<p><strong>Aten\u00e7\u00e3o:<\/strong> O acompanhamento das publica\u00e7\u00f5es, prazos para recursos e demais comunicados \u00e9 de responsabilidade exclusiva do candidato. Mantenha seus dados atualizados e consulte regularmente os canais oficiais.<\/p>\n","protected":false},"excerpt":{"rendered":"<p>Processo Seletivo Pref. Videira (SC) com edital publicado! Vagas p\/ M\u00e9dico e Advogado (Fund. a Sup.). Inscri\u00e7\u00f5es a partir de 16\/01. Confira detalhes!<\/p>\n","protected":false},"author":7,"featured_media":276963,"comment_status":"open","ping_status":"open","sticky":false,"template":"","format":"standard","meta":{"_acf_changed":false,"_breakdance_hide_in_design_set":false,"_breakdance_tags":"","footnotes":""},"categories":[4,94,10,11,12,14,6048,17,18,19,21,22,23,24,26,101,108,130,143,157,134],"tags":[61],"_amplo":[],"destaque":[],"instituicoes":[],"class_list":["post-276964","post","type-post","status-publish","format-standard","has-post-thumbnail","hentry","category-agronomia","category-biblioteconomia","category-direito","category-educacao-fisica","category-enfermagem","category-engenharia","category-engenharia-de-agrimensura","category-farmacia","category-fisioterapia","category-fonoaudiologia","category-medicina","category-veterinaria","category-nutricao","category-odontologia","category-psicologia","category-servico-social","category-tecnico-enfermagem","category-tecnico-informatica","category-tecnico-odontologia","category-tecnico-seguranca-trabalho","category-terapia-ocupacional","tag-santa-catarina"],"acf":{"_tipo_vagas":"vagas","_numero_vagas":"","_quadro_vagas":"","_cargos":"diversos","_cargos_especificos":"","_salario_max":"R$ 15516.99","_abertura":"20260116","_encerramento":"20260215","_inscricoes":"https:\/\/www.hcassessoriaadm.com.br","_executora_concurso":"","_instituicao_concurso":[],"_link_adicional":null,"_anexos":null,"_produtos":null,"_vagas":"Cadastro Reserva","_salario_min":"R$ 1531.71","_instituicao":"Prefeitura de Videira","_edital":"https:\/\/www.agrobase.com.br\/concursos\/wp-content\/uploads\/sites\/4\/2026\/01\/edital-02-2026-prefeitura-de-videira-sc.pdf","_anexos_edital":"https:\/\/www.agrobase.com.br\/concursos\/wp-content\/uploads\/sites\/4\/2026\/01\/anexos-edital-02-2026-prefeitura-de-videira-sc.pdf","_fund_incompleto":"<div>\r\n<table class=\"quadro\">\r\n<thead>\r\n<tr>\r\n<th class=\"hcargo\">Cargo<\/th>\r\n<th class=\"hvagas\">Vagas<\/th>\r\n<th class=\"hremuneracao\">Remunera\u00e7\u00e3o<\/th>\r\n<\/tr>\r\n<\/thead>\r\n    <tbody>\r\n      <td class=\"ccargos\">\r\n<span data-balloon-length=\"medium\" aria-label=\"Ensino Fundamental Incompleto.\" data-balloon-pos=\"up\">Agente de Pavimenta\u00e7\u00e3o P\u00fablica<\/span><\/td>\r\n<td class=\"cvagas\">CR<\/td>\r\n<td class=\"cremuneracao\">R$ 3.053,96 \/40h<\/td>\r\n<\/tr><td class=\"ccargos\">\r\n<span data-balloon-length=\"medium\" aria-label=\"Ensino Fundamental Incompleto.\" data-balloon-pos=\"up\">Agente Operacional de Vigil\u00e2ncia<\/span><\/td>\r\n<td class=\"cvagas\">CR<\/td>\r\n<td class=\"cremuneracao\">R$ 1.531,71 \/40h<\/td>\r\n<\/tr><td class=\"ccargos\">\r\n<span data-balloon-length=\"medium\" aria-label=\"Ensino Fundamental Incompleto.\" data-balloon-pos=\"up\">Auxiliar Operacional<\/span><\/td>\r\n<td class=\"cvagas\">CR<\/td>\r\n<td class=\"cremuneracao\">R$ 1.531,71 \/40h<\/td>\r\n<\/tr><td class=\"ccargos\">\r\n<span data-balloon-length=\"medium\" aria-label=\"Ensino Fundamental Incompleto.\" data-balloon-pos=\"up\">Auxiliar de Servi\u00e7os Gerais<\/span><\/td>\r\n<td class=\"cvagas\">CR<\/td>\r\n<td class=\"cremuneracao\">R$ 1.531,71 \/40h<\/td>\r\n<\/tr><td class=\"ccargos\">\r\n<span data-balloon-length=\"medium\" aria-label=\"Ensino Fundamental Incompleto.\" data-balloon-pos=\"up\">Borracheiro<\/span><\/td>\r\n<td class=\"cvagas\">CR<\/td>\r\n<td class=\"cremuneracao\">R$ 3.053,96 \/40h<\/td>\r\n<\/tr><td class=\"ccargos\">\r\n<span data-balloon-length=\"medium\" aria-label=\"Ensino Fundamental Incompleto e CNH Categoria 'C'.\" data-balloon-pos=\"up\">Operador de M\u00e1quinas e Equipamentos Pesados<\/span><\/td>\r\n<td class=\"cvagas\">CR<\/td>\r\n<td class=\"cremuneracao\">R$ 2.794,80 \/40h<\/td>\r\n<\/tr><td class=\"ccargos\">\r\n<span data-balloon-length=\"medium\" aria-label=\"Ensino Fundamental Incompleto e CNH Categoria 'C'.\" data-balloon-pos=\"up\">Operador de Trator de Pneus, m\u00e1quina de Varri\u00e7\u00e3o e Capina Mec\u00e2nica<\/span><\/td>\r\n<td class=\"cvagas\">CR<\/td>\r\n<td class=\"cremuneracao\">R$ 2.794,80 \/40h<\/td>\r\n<\/tr><td class=\"ccargos\">\r\n<span data-balloon-length=\"medium\" aria-label=\"Ensino Fundamental Incompleto.\" data-balloon-pos=\"up\">Pedreiro<\/span><\/td>\r\n<td class=\"cvagas\">CR<\/td>\r\n<td class=\"cremuneracao\">R$ 3.053,96 \/40h<\/td>\r\n<\/tr>\r\n    <\/tbody>\r\n  <\/table>\r\n<\/div>","_fund_completo":"<div>\r\n<table class=\"quadro\">\r\n<thead>\r\n<tr>\r\n<th class=\"hcargo\">Cargo<\/th>\r\n<th class=\"hvagas\">Vagas<\/th>\r\n<th class=\"hremuneracao\">Remunera\u00e7\u00e3o<\/th>\r\n<\/tr>\r\n<\/thead>\r\n    <tbody>\r\n      <td class=\"ccargos\">\r\n<span data-balloon-length=\"medium\" aria-label=\"Ensino Fundamental Completo.\" data-balloon-pos=\"up\">Carpinteiro<\/span><\/td>\r\n<td class=\"cvagas\">CR<\/td>\r\n<td class=\"cremuneracao\">R$ 3.053,96 \/40h<\/td>\r\n<\/tr><td class=\"ccargos\">\r\n<span data-balloon-length=\"medium\" aria-label=\"Ensino Fundamental Completo.\" data-balloon-pos=\"up\">Mec\u00e2nico de M\u00e1quinas em Geral<\/span><\/td>\r\n<td class=\"cvagas\">CR<\/td>\r\n<td class=\"cremuneracao\">R$ 3.053,96 \/40h<\/td>\r\n<\/tr><td class=\"ccargos\">\r\n<span data-balloon-length=\"medium\" aria-label=\"Ensino Fundamental Completo.\" data-balloon-pos=\"up\">Soldador Mec\u00e2nico<\/span><\/td>\r\n<td class=\"cvagas\">CR<\/td>\r\n<td class=\"cremuneracao\">R$ 3.053,96 \/40h<\/td>\r\n<\/tr>\r\n    <\/tbody>\r\n  <\/table>\r\n<\/div>","_medio":"<div>\r\n<table class=\"quadro\">\r\n<thead>\r\n<tr>\r\n<th class=\"hcargo\">Cargo<\/th>\r\n<th class=\"hvagas\">Vagas<\/th>\r\n<th class=\"hremuneracao\">Remunera\u00e7\u00e3o<\/th>\r\n<\/tr>\r\n<\/thead>\r\n    <tbody>\r\n      <td class=\"ccargos\">\r\n<span data-balloon-length=\"medium\" aria-label=\"Ensino M\u00e9dio Completo.\" data-balloon-pos=\"up\">Agente Administrativo II<\/span><\/td>\r\n<td class=\"cvagas\">CR<\/td>\r\n<td class=\"cremuneracao\">R$ 3.718,98 \/40h<\/td>\r\n<\/tr><td class=\"ccargos\">\r\n<span data-balloon-length=\"medium\" aria-label=\"Ensino M\u00e9dio Completo.\" data-balloon-pos=\"up\">Agente Social<\/span><\/td>\r\n<td class=\"cvagas\">CR<\/td>\r\n<td class=\"cremuneracao\">R$ 2.337,70 \/40h<\/td>\r\n<\/tr><td class=\"ccargos\">\r\n<span data-balloon-length=\"medium\" aria-label=\"N\u00edvel M\u00e9dio Completo.\" data-balloon-pos=\"up\">Auxiliar Educacional<\/span><\/td>\r\n<td class=\"cvagas\">CR<\/td>\r\n<td class=\"cremuneracao\">R$ 2.337,70 \/40h<\/td>\r\n<\/tr><td class=\"ccargos\">\r\n<span data-balloon-length=\"medium\" aria-label=\"Ensino M\u00e9dio Completo e Registro no Conselho Regional de Odontologia.\" data-balloon-pos=\"up\">Auxiliar de Sa\u00fade Bucal<\/span><\/td>\r\n<td class=\"cvagas\">CR<\/td>\r\n<td class=\"cremuneracao\">R$ 1.719,48 \/40h<\/td>\r\n<\/tr><td class=\"ccargos\">\r\n<span data-balloon-length=\"medium\" aria-label=\"Ensino M\u00e9dio Completo.\" data-balloon-pos=\"up\">Fiscal de Posturas<\/span><\/td>\r\n<td class=\"cvagas\">CR<\/td>\r\n<td class=\"cremuneracao\">R$ 3.718,98 \/40h<\/td>\r\n<\/tr><td class=\"ccargos\">\r\n<span data-balloon-length=\"medium\" aria-label=\"N\u00edvel M\u00e9dio Completo e CNH Categoria 'D'.\" data-balloon-pos=\"up\">Motorista<\/span><\/td>\r\n<td class=\"cvagas\">CR<\/td>\r\n<td class=\"cremuneracao\">R$ 2.794,80 \/40h<\/td>\r\n<\/tr><td class=\"ccargos\">\r\n<span data-balloon-length=\"medium\" aria-label=\"N\u00edvel M\u00e9dio - T\u00e9cnico em Agrimensura.\" data-balloon-pos=\"up\">T\u00e9cnico de Agrimensura<\/span><\/td>\r\n<td class=\"cvagas\">CR<\/td>\r\n<td class=\"cremuneracao\">R$ 3.718,98 \/40h<\/td>\r\n<\/tr><td class=\"ccargos\">\r\n<span data-balloon-length=\"medium\" aria-label=\"N\u00edvel M\u00e9dio (Lei 7.498\/86).\" data-balloon-pos=\"up\">T\u00e9cnico de Enfermagem<\/span><\/td>\r\n<td class=\"cvagas\">CR<\/td>\r\n<td class=\"cremuneracao\">R$ 3.053,96 \/40h<\/td>\r\n<\/tr><td class=\"ccargos\">\r\n<span data-balloon-length=\"medium\" aria-label=\"T\u00e9cnico em Higiene Dental e Registro no Conselho Regional de Odontologia.\" data-balloon-pos=\"up\">T\u00e9cnico de Sa\u00fade Bucal<\/span><\/td>\r\n<td class=\"cvagas\">CR<\/td>\r\n<td class=\"cremuneracao\">R$ 2.850,87 \/40h<\/td>\r\n<\/tr><td class=\"ccargos\">\r\n<span data-balloon-length=\"medium\" aria-label=\"N\u00edvel M\u00e9dio - T\u00e9cnico em Eletricidade ou Eletrot\u00e9cnica.\" data-balloon-pos=\"up\">T\u00e9cnico Eletricista<\/span><\/td>\r\n<td class=\"cvagas\">CR<\/td>\r\n<td class=\"cremuneracao\">R$ 3.718,98 \/40h<\/td>\r\n<\/tr><td class=\"ccargos\">\r\n<span data-balloon-length=\"medium\" aria-label=\"N\u00edvel M\u00e9dio - T\u00e9cnico em Inform\u00e1tica.\" data-balloon-pos=\"up\">T\u00e9cnico em Inform\u00e1tica<\/span><\/td>\r\n<td class=\"cvagas\">CR<\/td>\r\n<td class=\"cremuneracao\">R$ 3.718,98 \/40h<\/td>\r\n<\/tr><td class=\"ccargos\">\r\n<span data-balloon-length=\"medium\" aria-label=\"Ensino M\u00e9dio e N\u00edvel T\u00e9cnico em Radiologia.\" data-balloon-pos=\"up\">T\u00e9cnico em Radiologista<\/span><\/td>\r\n<td class=\"cvagas\">CR<\/td>\r\n<td class=\"cremuneracao\">R$ 2.850,87 \/40h<\/td>\r\n<\/tr><td class=\"ccargos\">\r\n<span data-balloon-length=\"medium\" aria-label=\"Ensino M\u00e9dio Completo, Curso de T\u00e9cnico em Seguran\u00e7a do Trabalho e registro no \u00f3rg\u00e3o de classe.\" data-balloon-pos=\"up\">T\u00e9cnico em Seguran\u00e7a do Trabalho<\/span><\/td>\r\n<td class=\"cvagas\">CR<\/td>\r\n<td class=\"cremuneracao\">R$ 3.718,98 \/40h<\/td>\r\n<\/tr>\r\n    <\/tbody>\r\n  <\/table>\r\n<\/div>","_superior":"<div>\r\n<table class=\"quadro\">\r\n<thead>\r\n<tr>\r\n<th class=\"hcargo\">Cargo<\/th>\r\n<th class=\"hvagas\">Vagas<\/th>\r\n<th class=\"hremuneracao\">Remunera\u00e7\u00e3o<\/th>\r\n<\/tr>\r\n<\/thead>\r\n    <tbody>\r\n      <tr>\r\n<td class=\"ccargos\">\r\n<span data-balloon-length=\"medium\" aria-label=\"N\u00edvel Superior em Direito com registro na OAB.\" data-balloon-pos=\"up\">Advogado do CREAS<\/span><\/td>\r\n<td class=\"cvagas\">CR<\/td>\r\n<td class=\"cremuneracao\">R$ 7.352,31 \/40h<\/td>\r\n<\/tr><tr>\r\n<td class=\"ccargos\">\r\n<span data-balloon-length=\"medium\" aria-label=\"N\u00edvel Superior em Turismo e Hotelaria ou Hist\u00f3ria.\" data-balloon-pos=\"up\">Analista de Atividades Tur\u00edsticas e Culturais<\/span><\/td>\r\n<td class=\"cvagas\">CR<\/td>\r\n<td class=\"cremuneracao\">R$ 6.139,60 \/40h<\/td>\r\n<\/tr><tr>\r\n<td class=\"ccargos\">\r\n<span data-balloon-length=\"medium\" aria-label=\"N\u00edvel Superior em Servi\u00e7o Social com registro no \u00f3rg\u00e3o de classe.\" data-balloon-pos=\"up\">Assistente Social<\/span><\/td>\r\n<td class=\"cvagas\">CR<\/td>\r\n<td class=\"cremuneracao\">R$ 6.139,60 \/40h<\/td>\r\n<\/tr><tr>\r\n<td class=\"ccargos\">\r\n<span data-balloon-length=\"medium\" aria-label=\"N\u00edvel Superior em Biblioteconomia, com registro no CRB.\" data-balloon-pos=\"up\">Bibliotec\u00e1rio<\/span><\/td>\r\n<td class=\"cvagas\">CR<\/td>\r\n<td class=\"cremuneracao\">R$ 6.139,60 \/40h<\/td>\r\n<\/tr><tr>\r\n<td class=\"ccargos\">\r\n<span data-balloon-length=\"medium\" aria-label=\"N\u00edvel Superior em Enfermagem, com registro no COFEN.\" data-balloon-pos=\"up\">Enfermeiro<\/span><\/td>\r\n<td class=\"cvagas\">CR<\/td>\r\n<td class=\"cremuneracao\">R$ 6.139,60 \/40h<\/td>\r\n<\/tr><tr>\r\n<td class=\"ccargos\">\r\n<span data-balloon-length=\"medium\" aria-label=\"N\u00edvel Superior em Engenharia de Agrimensura com registro no CREA.\" data-balloon-pos=\"up\">Engenheiro Agrimensor<\/span><\/td>\r\n<td class=\"cvagas\">CR<\/td>\r\n<td class=\"cremuneracao\">R$ 7.352,31 \/40h<\/td>\r\n<\/tr><tr>\r\n<td class=\"ccargos\">\r\n<span data-balloon-length=\"medium\" aria-label=\"N\u00edvel Superior em Engenharia Agron\u00f4mica, com registro no CREA.\" data-balloon-pos=\"up\">Engenheiro Agr\u00f4nomo<\/span><\/td>\r\n<td class=\"cvagas\">CR<\/td>\r\n<td class=\"cremuneracao\">R$ 7.352,31 \/40h<\/td>\r\n<\/tr><tr>\r\n<td class=\"ccargos\">\r\n<span data-balloon-length=\"medium\" aria-label=\"N\u00edvel Superior em Engenharia Civil com registro no CREA.\" data-balloon-pos=\"up\">Engenheiro Civil<\/span><\/td>\r\n<td class=\"cvagas\">CR<\/td>\r\n<td class=\"cremuneracao\">R$ 7.352,31 \/40h<\/td>\r\n<\/tr><tr>\r\n<td class=\"ccargos\">\r\n<span data-balloon-length=\"medium\" aria-label=\"N\u00edvel Superior em Museologia ou P\u00f3s-Gradua\u00e7\u00e3o em Museologia.\" data-balloon-pos=\"up\">Especialista em Museologia<\/span><\/td>\r\n<td class=\"cvagas\">CR<\/td>\r\n<td class=\"cremuneracao\">R$ 6.139,60 \/40h<\/td>\r\n<\/tr><tr>\r\n<td class=\"ccargos\">\r\n<span data-balloon-length=\"medium\" aria-label=\"N\u00edvel Superior em Farm\u00e1cia com registro no \u00f3rg\u00e3o de classe.\" data-balloon-pos=\"up\">Farmac\u00eautico<\/span><\/td>\r\n<td class=\"cvagas\">CR<\/td>\r\n<td class=\"cremuneracao\">R$ 6.139,60 \/40h<\/td>\r\n<\/tr><tr>\r\n<td class=\"ccargos\">\r\n<span data-balloon-length=\"medium\" aria-label=\"Gradua\u00e7\u00e3o em Engenharia Civil com registro no CREA.\" data-balloon-pos=\"up\">Fiscal de Obras<\/span><\/td>\r\n<td class=\"cvagas\">CR<\/td>\r\n<td class=\"cremuneracao\">R$ 7.352,31 \/40h<\/td>\r\n<\/tr><tr>\r\n<td class=\"ccargos\">\r\n<span data-balloon-length=\"medium\" aria-label=\"N\u00edvel Superior em Fisioterapia, com registro no CREFITO.\" data-balloon-pos=\"up\">Fisioterapeuta<\/span><\/td>\r\n<td class=\"cvagas\">CR<\/td>\r\n<td class=\"cremuneracao\">R$ 6.139,60 \/40h<\/td>\r\n<\/tr><tr>\r\n<td class=\"ccargos\">\r\n<span data-balloon-length=\"medium\" aria-label=\"N\u00edvel Superior em Fonoaudiologia, com registro no CFFA.\" data-balloon-pos=\"up\">Fonoaudi\u00f3logo<\/span><\/td>\r\n<td class=\"cvagas\">CR<\/td>\r\n<td class=\"cremuneracao\">R$ 6.139,60 \/40h<\/td>\r\n<\/tr><tr>\r\n<td class=\"ccargos\">\r\n<span data-balloon-length=\"medium\" aria-label=\"N\u00edvel Superior em Educa\u00e7\u00e3o F\u00edsica com registro no CREF.\" data-balloon-pos=\"up\">Instrutor de Dan\u00e7a<\/span><\/td>\r\n<td class=\"cvagas\">CR<\/td>\r\n<td class=\"cremuneracao\">R$ 3.718,98 \/40h<\/td>\r\n<\/tr><tr>\r\n<td class=\"ccargos\">\r\n<span data-balloon-length=\"medium\" aria-label=\"N\u00edvel Superior em Medicina com especializa\u00e7\u00e3o em Cardiologia e registro no \u00f3rg\u00e3o de classe.\" data-balloon-pos=\"up\">M\u00e9dico - Cardiologista<\/span><\/td>\r\n<td class=\"cvagas\">CR<\/td>\r\n<td class=\"cremuneracao\">R$ 15.516,99 \/20h<\/td>\r\n<\/tr><tr>\r\n<td class=\"ccargos\">\r\n<span data-balloon-length=\"medium\" aria-label=\"N\u00edvel Superior em Medicina com especializa\u00e7\u00e3o em Ginecologia e Obstetr\u00edcia e registro no \u00f3rg\u00e3o de classe.\" data-balloon-pos=\"up\">M\u00e9dico - Ginecologista Obstetra<\/span><\/td>\r\n<td class=\"cvagas\">CR<\/td>\r\n<td class=\"cremuneracao\">R$ 15.516,99 \/20h<\/td>\r\n<\/tr><tr>\r\n<td class=\"ccargos\">\r\n<span data-balloon-length=\"medium\" aria-label=\"N\u00edvel Superior em Medicina com especializa\u00e7\u00e3o em Pediatria e registro no \u00f3rg\u00e3o de classe.\" data-balloon-pos=\"up\">M\u00e9dico - Pediatra<\/span><\/td>\r\n<td class=\"cvagas\">CR<\/td>\r\n<td class=\"cremuneracao\">R$ 15.516,99 \/20h<\/td>\r\n<\/tr><tr>\r\n<td class=\"ccargos\">\r\n<span data-balloon-length=\"medium\" aria-label=\"N\u00edvel Superior em Medicina com especializa\u00e7\u00e3o em Psiquiatria e registro no \u00f3rg\u00e3o de classe.\" data-balloon-pos=\"up\">M\u00e9dico - Psiquiatra<\/span><\/td>\r\n<td class=\"cvagas\">CR<\/td>\r\n<td class=\"cremuneracao\">R$ 7.758,43 \/10h<\/td>\r\n<\/tr><tr>\r\n<td class=\"ccargos\">\r\n<span data-balloon-length=\"medium\" aria-label=\"N\u00edvel Superior em Medicina com especializa\u00e7\u00e3o em Urologia e registro no \u00f3rg\u00e3o de classe.\" data-balloon-pos=\"up\">M\u00e9dico - Urologista<\/span><\/td>\r\n<td class=\"cvagas\">CR<\/td>\r\n<td class=\"cremuneracao\">R$ 7.758,43 \/10h<\/td>\r\n<\/tr><tr>\r\n<td class=\"ccargos\">\r\n<span data-balloon-length=\"medium\" aria-label=\"N\u00edvel Superior em Medicina Veterin\u00e1ria, com registro no CFMV.\" data-balloon-pos=\"up\">M\u00e9dico Veterin\u00e1rio<\/span><\/td>\r\n<td class=\"cvagas\">CR<\/td>\r\n<td class=\"cremuneracao\">R$ 7.352,31 \/40h<\/td>\r\n<\/tr><tr>\r\n<td class=\"ccargos\">\r\n<span data-balloon-length=\"medium\" aria-label=\"N\u00edvel Superior em Nutri\u00e7\u00e3o com registro no \u00f3rg\u00e3o de classe.\" data-balloon-pos=\"up\">Nutricionista<\/span><\/td>\r\n<td class=\"cvagas\">CR<\/td>\r\n<td class=\"cremuneracao\">R$ 6.139,60 \/40h<\/td>\r\n<\/tr><tr>\r\n<td class=\"ccargos\">\r\n<span data-balloon-length=\"medium\" aria-label=\"N\u00edvel Superior em Odontologia com registro no \u00f3rg\u00e3o de classe.\" data-balloon-pos=\"up\">Odont\u00f3logo<\/span><\/td>\r\n<td class=\"cvagas\">CR<\/td>\r\n<td class=\"cremuneracao\">R$ 9.445,53 \/40h<\/td>\r\n<\/tr><tr>\r\n<td class=\"ccargos\">\r\n<span data-balloon-length=\"medium\" aria-label=\"N\u00edvel Superior em Psicologia com registro no \u00f3rg\u00e3o de classe.\" data-balloon-pos=\"up\">Psic\u00f3logo<\/span><\/td>\r\n<td class=\"cvagas\">CR<\/td>\r\n<td class=\"cremuneracao\">R$ 6.139,60 \/40h<\/td>\r\n<\/tr><tr>\r\n<td class=\"ccargos\">\r\n<span data-balloon-length=\"medium\" aria-label=\"N\u00edvel Superior em Terapia Ocupacional e Registro no \u00d3rg\u00e3o de Classe.\" data-balloon-pos=\"up\">Terapeuta Ocupacional<\/span><\/td>\r\n<td class=\"cvagas\">CR<\/td>\r\n<td class=\"cremuneracao\">R$ 6.139,60 \/30h<\/td>\r\n<\/tr>\r\n    <\/tbody>\r\n  <\/table>\r\n<\/div>"},"_links":{"self":[{"href":"https:\/\/www.agrobase.com.br\/concursos\/wp-json\/wp\/v2\/posts\/276964","targetHints":{"allow":["GET"]}}],"collection":[{"href":"https:\/\/www.agrobase.com.br\/concursos\/wp-json\/wp\/v2\/posts"}],"about":[{"href":"https:\/\/www.agrobase.com.br\/concursos\/wp-json\/wp\/v2\/types\/post"}],"author":[{"embeddable":true,"href":"https:\/\/www.agrobase.com.br\/concursos\/wp-json\/wp\/v2\/users\/7"}],"replies":[{"embeddable":true,"href":"https:\/\/www.agrobase.com.br\/concursos\/wp-json\/wp\/v2\/comments?post=276964"}],"version-history":[{"count":2,"href":"https:\/\/www.agrobase.com.br\/concursos\/wp-json\/wp\/v2\/posts\/276964\/revisions"}],"predecessor-version":[{"id":276968,"href":"https:\/\/www.agrobase.com.br\/concursos\/wp-json\/wp\/v2\/posts\/276964\/revisions\/276968"}],"wp:featuredmedia":[{"embeddable":true,"href":"https:\/\/www.agrobase.com.br\/concursos\/wp-json\/wp\/v2\/media\/276963"}],"wp:attachment":[{"href":"https:\/\/www.agrobase.com.br\/concursos\/wp-json\/wp\/v2\/media?parent=276964"}],"wp:term":[{"taxonomy":"category","embeddable":true,"href":"https:\/\/www.agrobase.com.br\/concursos\/wp-json\/wp\/v2\/categories?post=276964"},{"taxonomy":"post_tag","embeddable":true,"href":"https:\/\/www.agrobase.com.br\/concursos\/wp-json\/wp\/v2\/tags?post=276964"},{"taxonomy":"_amplo","embeddable":true,"href":"https:\/\/www.agrobase.com.br\/concursos\/wp-json\/wp\/v2\/_amplo?post=276964"},{"taxonomy":"destaque","embeddable":true,"href":"https:\/\/www.agrobase.com.br\/concursos\/wp-json\/wp\/v2\/destaque?post=276964"},{"taxonomy":"instituicoes","embeddable":true,"href":"https:\/\/www.agrobase.com.br\/concursos\/wp-json\/wp\/v2\/instituicoes?post=276964"}],"curies":[{"name":"wp","href":"https:\/\/api.w.org\/{rel}","templated":true}]}}