{"id":276941,"date":"2026-01-19T08:10:30","date_gmt":"2026-01-19T11:10:30","guid":{"rendered":"https:\/\/www.agrobase.com.br\/concursos\/?p=276941"},"modified":"2026-01-16T14:55:07","modified_gmt":"2026-01-16T17:55:07","slug":"prefeitura-mariana-pimentel-rs-selecao-simplificada-01-2026","status":"publish","type":"post","link":"https:\/\/www.agrobase.com.br\/concursos\/2026\/prefeitura-mariana-pimentel-rs-selecao-simplificada-01-2026\/","title":{"rendered":"Prefeitura Mariana Pimentel (RS) &#8211; Sele\u00e7\u00e3o Simplificada 01\/2026"},"content":{"rendered":"<h2>Informa\u00e7\u00f5es Gerais<\/h2>\n<p>A <strong>Prefeitura Municipal de Mariana Pimentel<\/strong>, no Rio Grande do Sul, publicou o edital do <strong>Processo Seletivo Simplificado<\/strong>, autorizado pela Lei Municipal n\u00ba 1194\/2025 e regulamentado pelo Decreto n\u00ba 1.943\/2025. O certame visa a contrata\u00e7\u00e3o tempor\u00e1ria de profissionais para atender excepcional interesse p\u00fablico do munic\u00edpio.<\/p>\n<p>S\u00e3o oferecidas <strong>108 vagas imediatas, al\u00e9m de forma\u00e7\u00e3o de cadastro reserva<\/strong>, distribu\u00eddas entre os n\u00edveis Fundamental Incompleto, Fundamental Completo, M\u00e9dio\/T\u00e9cnico e Superior. A remunera\u00e7\u00e3o varia de <strong>R$ 1.635,55 a R$ 6.327,57<\/strong>, conforme o cargo, com cargas hor\u00e1rias de 20h a 40h semanais.<\/p>\n<p>As oportunidades abrangem diversas \u00e1reas, com destaque para profissionais de <strong>Agronomia<\/strong> (Engenheiro Agr\u00f4nomo), <strong>Medicina Veterin\u00e1ria<\/strong> (Veterin\u00e1rio), <strong>Nutri\u00e7\u00e3o<\/strong> (Nutricionista) e <strong>T\u00e9cnico Agr\u00edcola<\/strong>. H\u00e1 tamb\u00e9m vagas para as \u00e1reas de Sa\u00fade (Enfermagem, Farm\u00e1cia, Fisioterapia, Odontologia, Psicologia), Educa\u00e7\u00e3o (diversos cargos de Professor, Monitor Educacional, Psicopedagogo) e Administra\u00e7\u00e3o.<\/p>\n<p>Continue a leitura para conhecer todos os detalhes sobre inscri\u00e7\u00f5es, etapas de sele\u00e7\u00e3o e como acompanhar os resultados deste processo seletivo.<\/p>\n<h2>Inscri\u00e7\u00f5es<\/h2>\n<p>As <strong>inscri\u00e7\u00f5es est\u00e3o abertas<\/strong> e podem ser realizadas de duas formas:<\/p>\n<ul>\n<li><strong>Presencialmente:<\/strong> na sede da Prefeitura Municipal, localizada na Rua Doutor Montauri, n\u00ba 10, Centro \u2013 Mariana Pimentel\/RS, no per\u00edodo de <strong>12 de janeiro de 2026 a 23 de janeiro de 2026<\/strong>, no hor\u00e1rio das 08h30min \u00e0s 11h30min e das 14h \u00e0s 17h.<\/li>\n<li><strong>Via e-mail:<\/strong> pelo endere\u00e7o eletr\u00f4nico <strong>inscricoes@marianapimentel.rs.gov.br<\/strong>, das <strong>00h00min do dia 12 de janeiro de 2026 at\u00e9 \u00e0s 17h do dia 23 de janeiro de 2026<\/strong>.<\/li>\n<\/ul>\n<p>O valor da <strong>taxa de inscri\u00e7\u00e3o \u00e9 de R$ 35,00<\/strong> (trinta e cinco reais), independentemente do cargo pretendido. O candidato poder\u00e1 se inscrever em mais de uma fun\u00e7\u00e3o, sendo cobrada uma taxa para cada inscri\u00e7\u00e3o realizada.<\/p>\n<p>O boleto para pagamento ser\u00e1 encaminhado via e-mail ou entregue presencialmente no momento da inscri\u00e7\u00e3o. O <strong>vencimento do boleto \u00e9 dia 23 de janeiro de 2026<\/strong>, podendo ser pago em qualquer banco at\u00e9 esta data. O comprovante de pagamento dever\u00e1 ser enviado \u00e0 comiss\u00e3o via e-mail ou entregue presencialmente na Prefeitura at\u00e9 o encerramento das inscri\u00e7\u00f5es, <strong>sob pena de n\u00e3o homologa\u00e7\u00e3o da inscri\u00e7\u00e3o<\/strong>.<\/p>\n<p><strong>Aten\u00e7\u00e3o:<\/strong> Antes de efetuar a inscri\u00e7\u00e3o, \u00e9 fundamental a leitura integral do edital para conhecer todas as normas reguladoras do certame.<\/p>\n<h2>Etapas e Provas<\/h2>\n<p>O Processo Seletivo Simplificado da Prefeitura de Mariana Pimentel ser\u00e1 composto por <strong>duas etapas<\/strong>, ambas de car\u00e1ter <strong>eliminat\u00f3rio e classificat\u00f3rio<\/strong>:<\/p>\n<ul>\n<li><strong>Etapa 1 \u2013 Homologa\u00e7\u00e3o da Inscri\u00e7\u00e3o:<\/strong> consiste na an\u00e1lise da documenta\u00e7\u00e3o apresentada pelo candidato, que dever\u00e1 atender \u00e0s exig\u00eancias estabelecidas no edital. O n\u00e3o cumprimento dos requisitos documentais acarretar\u00e1 a <strong>elimina\u00e7\u00e3o do candidato<\/strong> do certame.<\/li>\n<li><strong>Etapa 2 \u2013 Prova de T\u00edtulos (An\u00e1lise de Curr\u00edculos):<\/strong> avalia\u00e7\u00e3o dos t\u00edtulos e experi\u00eancias profissionais apresentados pelos candidatos que tiverem suas inscri\u00e7\u00f5es homologadas na primeira etapa.<\/li>\n<\/ul>\n<p><strong>Importante:<\/strong> Este processo seletivo <strong>n\u00e3o contempla prova objetiva<\/strong>. A sele\u00e7\u00e3o ser\u00e1 realizada exclusivamente por meio da verifica\u00e7\u00e3o documental e an\u00e1lise curricular.<\/p>\n<p>Recomenda-se a leitura completa do edital para conhecer os crit\u00e9rios de pontua\u00e7\u00e3o da prova de t\u00edtulos e os documentos exigidos para cada cargo.<\/p>\n<h2>Resultados e Gabarito<\/h2>\n<p>Ap\u00f3s a conclus\u00e3o das etapas de avalia\u00e7\u00e3o, o <strong>resultado preliminar<\/strong> ser\u00e1 publicado no site oficial do Munic\u00edpio (<strong>www.marianapimentel.rs.gov.br<\/strong>) e na p\u00e1gina oficial do Facebook da Prefeitura Municipal de Mariana Pimentel, no prazo de <strong>um dia<\/strong> ap\u00f3s a totaliza\u00e7\u00e3o das notas.<\/p>\n<p>A partir da divulga\u00e7\u00e3o do resultado preliminar, ser\u00e1 aberto prazo para interposi\u00e7\u00e3o de <strong>recursos<\/strong>, conforme estabelecido no edital. Transcorrido o prazo recursal sem manifesta\u00e7\u00f5es ou ap\u00f3s o julgamento dos recursos apresentados, a Comiss\u00e3o encaminhar\u00e1 o processo ao Prefeito Municipal para <strong>homologa\u00e7\u00e3o<\/strong>, tamb\u00e9m no prazo de um dia.<\/p>\n<p>Com a homologa\u00e7\u00e3o do resultado final, ser\u00e1 publicado edital contendo a <strong>classifica\u00e7\u00e3o geral dos candidatos aprovados<\/strong>, momento a partir do qual passar\u00e1 a fluir o prazo de validade do Processo Seletivo Simplificado.<\/p>\n<p><strong>Canais oficiais para acompanhamento:<\/strong><\/p>\n<ul>\n<li>Site da Prefeitura: www.marianapimentel.rs.gov.br<\/li>\n<li>Facebook: Prefeitura Municipal de Mariana Pimentel<\/li>\n<\/ul>\n<p><em>O acompanhamento das publica\u00e7\u00f5es oficiais, bem como de eventuais altera\u00e7\u00f5es no cronograma, \u00e9 de responsabilidade exclusiva do candidato.<\/em><\/p>\n","protected":false},"excerpt":{"rendered":"<p>Sel. Simplificada Pref. Mariana Pimentel (RS) com edital publicado! Vagas p\/ Professor e Enfermeiro (Fund. a Sup.). Inscri\u00e7\u00f5es a partir de 12\/01. Confira!<\/p>\n","protected":false},"author":7,"featured_media":276940,"comment_status":"open","ping_status":"open","sticky":false,"template":"","format":"standard","meta":{"_acf_changed":false,"_breakdance_hide_in_design_set":false,"_breakdance_tags":"","footnotes":""},"categories":[4,6434,12,17,18,19,111,20,6871,116,22,23,24,25,26,29,108,143],"tags":[58],"_amplo":[],"destaque":[],"instituicoes":[],"class_list":["post-276941","post","type-post","status-publish","format-standard","has-post-thumbnail","hentry","category-agronomia","category-educacao-fisica-licenciatura","category-enfermagem","category-farmacia","category-fisioterapia","category-fonoaudiologia","category-geografia","category-letras","category-letras-ingles","category-matematica","category-veterinaria","category-nutricao","category-odontologia","category-pedagogia","category-psicologia","category-tecnico-agricola","category-tecnico-enfermagem","category-tecnico-odontologia","tag-rio-grande-sul"],"acf":{"_tipo_vagas":"vagas","_numero_vagas":"","_quadro_vagas":"","_cargos":"diversos","_cargos_especificos":"","_salario_max":"R$ 6327.57","_abertura":"20260112","_encerramento":"20260123","_inscricoes":"https:\/\/www.marianapimentel.rs.gov.br","_executora_concurso":"","_instituicao_concurso":[],"_link_adicional":null,"_anexos":null,"_produtos":null,"_vagas":"108 vagas + CR","_salario_min":"R$ 1635.55","_instituicao":"Prefeitura de Mariana Pimentel","_edital":"https:\/\/www.agrobase.com.br\/concursos\/wp-content\/uploads\/sites\/4\/2026\/01\/edital-01-2026-prefeitura-de-mariana-pimentel-rs.pdf","_anexos_edital":"","_fund_incompleto":"<div>\r\n<table class=\"quadro\">\r\n<thead>\r\n<tr>\r\n<th class=\"hcargo\">Cargo<\/th>\r\n<th class=\"hvagas\">Vagas<\/th>\r\n<th class=\"hremuneracao\">Remunera\u00e7\u00e3o<\/th>\r\n<\/tr>\r\n<\/thead>\r\n    <tbody>\r\n      <td class=\"ccargos\">\r\n<span data-balloon-length=\"medium\" aria-label=\"Ensino Fundamental incompleto; Experi\u00eancia m\u00ednima de 01 (um) ano em atividades relacionadas \u00e0 fun\u00e7\u00e3o.\" data-balloon-pos=\"up\">Eletricista<\/span><\/td>\r\n<td class=\"cvagas\">02 + CR<\/td>\r\n<td class=\"cremuneracao\">R$ 1.768,72 \/40h<\/td>\r\n<\/tr><td class=\"ccargos\">\r\n<span data-balloon-length=\"medium\" aria-label=\"Sem instru\u00e7\u00e3o espec\u00edfica.\" data-balloon-pos=\"up\">Oper\u00e1rio<\/span><\/td>\r\n<td class=\"cvagas\">08 + CR<\/td>\r\n<td class=\"cremuneracao\">R$ 1.664,83 \/20h<\/td>\r\n<\/tr><td class=\"ccargos\">\r\n<span data-balloon-length=\"medium\" aria-label=\"N\u00edvel de 2\u00aa s\u00e9rie do ensino fundamental.\" data-balloon-pos=\"up\">Servente<\/span><\/td>\r\n<td class=\"cvagas\">09 + CR<\/td>\r\n<td class=\"cremuneracao\">R$ 1.664,83 \/40h<\/td>\r\n<\/tr><td class=\"ccargos\">\r\n<span data-balloon-length=\"medium\" aria-label=\"N\u00edvel de 7\u00aa s\u00e9rie do ensino fundamental.\" data-balloon-pos=\"up\">Zelador<\/span><\/td>\r\n<td class=\"cvagas\">05 + CR<\/td>\r\n<td class=\"cremuneracao\">R$ 1.664,83 \/40h<\/td>\r\n<\/tr>\r\n    <\/tbody>\r\n  <\/table>\r\n<\/div>","_fund_completo":"<div>\r\n<table class=\"quadro\">\r\n<thead>\r\n<tr>\r\n<th class=\"hcargo\">Cargo<\/th>\r\n<th class=\"hvagas\">Vagas<\/th>\r\n<th class=\"hremuneracao\">Remunera\u00e7\u00e3o<\/th>\r\n<\/tr>\r\n<\/thead>\r\n    <tbody>\r\n      <td class=\"ccargos\">\r\n<span data-balloon-length=\"medium\" aria-label=\"Ensino Fundamental completo e curso de auxiliar de creche com no m\u00ednimo 100 horas de dura\u00e7\u00e3o.\" data-balloon-pos=\"up\">Auxiliar de Educa\u00e7\u00e3o Infantil<\/span><\/td>\r\n<td class=\"cvagas\">04 + CR<\/td>\r\n<td class=\"cremuneracao\">R$ 1.635,55 \/40h<\/td>\r\n<\/tr><td class=\"ccargos\">\r\n<span data-balloon-length=\"medium\" aria-label=\"Ensino Fundamental Completo.\" data-balloon-pos=\"up\">Merendeira<\/span><\/td>\r\n<td class=\"cvagas\">04 + CR<\/td>\r\n<td class=\"cremuneracao\">R$ 1.768,72 \/40h<\/td>\r\n<\/tr>\r\n    <\/tbody>\r\n  <\/table>\r\n<\/div>","_medio":"<div>\r\n<table class=\"quadro\">\r\n<thead>\r\n<tr>\r\n<th class=\"hcargo\">Cargo<\/th>\r\n<th class=\"hvagas\">Vagas<\/th>\r\n<th class=\"hremuneracao\">Remunera\u00e7\u00e3o<\/th>\r\n<\/tr>\r\n<\/thead>\r\n    <tbody>\r\n      <td class=\"ccargos\">\r\n<span data-balloon-length=\"medium\" aria-label=\"Ensino M\u00e9dio Completo.\" data-balloon-pos=\"up\">Agente Administrativo<\/span><\/td>\r\n<td class=\"cvagas\">02 + CR<\/td>\r\n<td class=\"cremuneracao\">R$ 3.998,83 \/40h<\/td>\r\n<\/tr><td class=\"ccargos\">\r\n<span data-balloon-length=\"medium\" aria-label=\"Ensino M\u00e9dio completo com Curso Normal\/Magist\u00e9rio. Ensino M\u00e9dio completo com curso de capacita\u00e7\u00e3o relacionado, com carga m\u00ednima de 200 horas. Ensino Superior em Pedagogia (cursando ou conclu\u00eddo).\" data-balloon-pos=\"up\">Monitor Educacional<\/span><\/td>\r\n<td class=\"cvagas\">08 + CR<\/td>\r\n<td class=\"cremuneracao\">R$ 1.928,41 \/40h<\/td>\r\n<\/tr><td class=\"ccargos\">\r\n<span data-balloon-length=\"medium\" aria-label=\"Curso de forma\u00e7\u00e3o em T\u00e9cnico Agr\u00edcola e registro no respectivo \u00f3rg\u00e3o de classe.\" data-balloon-pos=\"up\">T\u00e9cnico Agr\u00edcola<\/span><\/td>\r\n<td class=\"cvagas\">01 + CR<\/td>\r\n<td class=\"cremuneracao\">R$ 2.024,82 \/40H<\/td>\r\n<\/tr><td class=\"ccargos\">\r\n<span data-balloon-length=\"medium\" aria-label=\"Curso de forma\u00e7\u00e3o em T\u00e9cnico de Enfermagem e inscri\u00e7\u00e3o no respectivo \u00f3rg\u00e3o de classe.\" data-balloon-pos=\"up\">T\u00e9cnico de Enfermagem<\/span><\/td>\r\n<td class=\"cvagas\">08 + CR<\/td>\r\n<td class=\"cremuneracao\">R$ 2.024,82 \/40h<\/td>\r\n<\/tr><td class=\"ccargos\">\r\n<span data-balloon-length=\"medium\" aria-label=\"Ensino M\u00e9dio completo; Curso T\u00e9cnico em Farm\u00e1cia, com certificado devidamente reconhecido.\" data-balloon-pos=\"up\">T\u00e9cnico de Farm\u00e1cia<\/span><\/td>\r\n<td class=\"cvagas\">01 + CR<\/td>\r\n<td class=\"cremuneracao\">R$ 1.664,83 \/40h<\/td>\r\n<\/tr><td class=\"ccargos\">\r\n<span data-balloon-length=\"medium\" aria-label=\"Curso t\u00e9cnico em sa\u00fade bucal completo.\" data-balloon-pos=\"up\">T\u00e9cnico de Higiene Bucal<\/span><\/td>\r\n<td class=\"cvagas\">01 + CR<\/td>\r\n<td class=\"cremuneracao\">R$ 2.024,82 \/40h<\/td>\r\n<\/tr>\r\n    <\/tbody>\r\n  <\/table>\r\n<\/div>","_superior":"<div>\r\n<table class=\"quadro\">\r\n<thead>\r\n<tr>\r\n<th class=\"hcargo\">Cargo<\/th>\r\n<th class=\"hvagas\">Vagas<\/th>\r\n<th class=\"hremuneracao\">Remunera\u00e7\u00e3o<\/th>\r\n<\/tr>\r\n<\/thead>\r\n    <tbody>\r\n      <tr>\r\n<td class=\"ccargos\">\r\n<span data-balloon-length=\"medium\" aria-label=\"Curso superior em Enfermagem completo e Inscri\u00e7\u00e3o no respectivo \u00f3rg\u00e3o de classe.\" data-balloon-pos=\"up\">Enfermeiro<\/span><\/td>\r\n<td class=\"cvagas\">03 + CR<\/td>\r\n<td class=\"cremuneracao\">R$ 4.198,78 \/40h<\/td>\r\n<\/tr><tr>\r\n<td class=\"ccargos\">\r\n<span data-balloon-length=\"medium\" aria-label=\"Ensino Superior em Enfermagem Completo, P\u00f3s Gradua\u00e7\u00e3o em Estrat\u00e9gia em Sa\u00fade da Fam\u00edlia ou Similar e inscri\u00e7\u00e3o no respectivo \u00f3rg\u00e3o de classe.\" data-balloon-pos=\"up\">Enfermeiro - ESF<\/span><\/td>\r\n<td class=\"cvagas\">01 + CR<\/td>\r\n<td class=\"cremuneracao\">R$ 6.327,57 \/40h<\/td>\r\n<\/tr><tr>\r\n<td class=\"ccargos\">\r\n<span data-balloon-length=\"medium\" aria-label=\"Curso superior em agronomia completo; inscri\u00e7\u00e3o no respectivo \u00f3rg\u00e3o de classe.\" data-balloon-pos=\"up\">Engenheiro Agr\u00f4nomo<\/span><\/td>\r\n<td class=\"cvagas\">02 + CR<\/td>\r\n<td class=\"cremuneracao\">R$ 2.794,87 \/20h<\/td>\r\n<\/tr><tr>\r\n<td class=\"ccargos\">\r\n<span data-balloon-length=\"medium\" aria-label=\"Curso superior completo em farm\u00e1cia e inscri\u00e7\u00e3o no respectivo \u00f3rg\u00e3o de classe.\" data-balloon-pos=\"up\">Farmac\u00eautico<\/span><\/td>\r\n<td class=\"cvagas\">01 + CR<\/td>\r\n<td class=\"cremuneracao\">R$ 6.327,57 \/40h<\/td>\r\n<\/tr><tr>\r\n<td class=\"ccargos\">\r\n<span data-balloon-length=\"medium\" aria-label=\"Curso Superior em Fisioterapia, reconhecido pelo CREMERS; inscri\u00e7\u00e3o no respectivo \u00f3rg\u00e3o de classe.\" data-balloon-pos=\"up\">Fisioterapeuta<\/span><\/td>\r\n<td class=\"cvagas\">01 + CR<\/td>\r\n<td class=\"cremuneracao\">R$ 3.998,83 \/20h<\/td>\r\n<\/tr><tr>\r\n<td class=\"ccargos\">\r\n<span data-balloon-length=\"medium\" aria-label=\"Curso Superior em Fonoaudiologia e registro no respectivo \u00f3rg\u00e3o de classe.\" data-balloon-pos=\"up\">Fonoaudi\u00f3logo(a)<\/span><\/td>\r\n<td class=\"cvagas\">02 + CR<\/td>\r\n<td class=\"cremuneracao\">R$ 2.299,33 \/20h<\/td>\r\n<\/tr><tr>\r\n<td class=\"ccargos\">\r\n<span data-balloon-length=\"medium\" aria-label=\"Curso superior em Nutri\u00e7\u00e3o e registro no respectivo \u00f3rg\u00e3o de classe.\" data-balloon-pos=\"up\">Nutricionista<\/span><\/td>\r\n<td class=\"cvagas\">02 + CR<\/td>\r\n<td class=\"cremuneracao\">R$ 2.299,33 \/20h<\/td>\r\n<\/tr><tr>\r\n<td class=\"ccargos\">\r\n<span data-balloon-length=\"medium\" aria-label=\"Curso superior em Odontologia e inscri\u00e7\u00e3o no respectivo \u00f3rg\u00e3o de classe.\" data-balloon-pos=\"up\">Odont\u00f3logo<\/span><\/td>\r\n<td class=\"cvagas\">02 + CR<\/td>\r\n<td class=\"cremuneracao\">R$ 3.998,83 \/20h<\/td>\r\n<\/tr><tr>\r\n<td class=\"ccargos\">\r\n<span data-balloon-length=\"medium\" aria-label=\"Licenciatura plena em Pedagogia ou em outra Licenciatura da \u00e1rea educacional ou tecnol\u00f3gica (Matem\u00e1tica, Ci\u00eancias, Computa\u00e7\u00e3o, Inform\u00e1tica, Letras ou correlatas); Forma\u00e7\u00e3o complementar m\u00ednima em Educa\u00e7\u00e3o Digital, Tecnologias Educacionais, Pensamento Computacional, Cultura Digital, Computa\u00e7\u00e3o na Educa\u00e7\u00e3o, IA Educacional, Rob\u00f3tica Educacional ou \u00e1reas afins, com certifica\u00e7\u00e3o reconhecida.\" data-balloon-pos=\"up\">Professor - Educa\u00e7\u00e3o Digital e Computa\u00e7\u00e3o<\/span><\/td>\r\n<td class=\"cvagas\">01 + CR<\/td>\r\n<td class=\"cremuneracao\">R$ 2.457,45 \/20h<\/td>\r\n<\/tr><tr>\r\n<td class=\"ccargos\">\r\n<span data-balloon-length=\"medium\" aria-label=\"Licenciatura e Curso de Educa\u00e7\u00e3o Fiscal para Professores com forma\u00e7\u00e3o m\u00ednima de 100h\" data-balloon-pos=\"up\">Professor - Educa\u00e7\u00e3o Fiscal<\/span><\/td>\r\n<td class=\"cvagas\">01 + CR<\/td>\r\n<td class=\"cremuneracao\">R$ 2.457,45 \/20h<\/td>\r\n<\/tr><tr>\r\n<td class=\"ccargos\">\r\n<span data-balloon-length=\"medium\" aria-label=\"Curso Superior em Licenciatura Plena, em Educa\u00e7\u00e3o F\u00edsica.\" data-balloon-pos=\"up\">Professor - Educa\u00e7\u00e3o F\u00edsica<\/span><\/td>\r\n<td class=\"cvagas\">01 + CR<\/td>\r\n<td class=\"cremuneracao\">R$ 2.457,45 \/20h<\/td>\r\n<\/tr><tr>\r\n<td class=\"ccargos\">\r\n<span data-balloon-length=\"medium\" aria-label=\"Curso Superior em Pedagogia completo.\" data-balloon-pos=\"up\">Professor - Educa\u00e7\u00e3o Infantil<\/span><\/td>\r\n<td class=\"cvagas\">08 + CR<\/td>\r\n<td class=\"cremuneracao\">R$ 2.948,94 \/24h<\/td>\r\n<\/tr><tr>\r\n<td class=\"ccargos\">\r\n<span data-balloon-length=\"medium\" aria-label=\"Licenciatura em Pedagogia ou Licenciatura espec\u00edfica para atua\u00e7\u00e3o nos anos iniciais; Especializa\u00e7\u00e3o lato sensu em Educa\u00e7\u00e3o Especial, com certifica\u00e7\u00e3o reconhecida.\" data-balloon-pos=\"up\">Professor - Educa\u00e7\u00e3o Infantil\/S\u00e9ries Iniciais - Educa\u00e7\u00e3o Especial<\/span><\/td>\r\n<td class=\"cvagas\">02 + CR<\/td>\r\n<td class=\"cremuneracao\">R$ 5.590,40 \/40h<\/td>\r\n<\/tr><tr>\r\n<td class=\"ccargos\">\r\n<span data-balloon-length=\"medium\" aria-label=\"Curso Superior em Licenciatura Plena, com habilita\u00e7\u00e3o espec\u00edfica em Teologia.\" data-balloon-pos=\"up\">Professor - Ensino Religioso<\/span><\/td>\r\n<td class=\"cvagas\">01 + CR<\/td>\r\n<td class=\"cremuneracao\">R$ 2.457,45 \/20h<\/td>\r\n<\/tr><tr>\r\n<td class=\"ccargos\">\r\n<span data-balloon-length=\"medium\" aria-label=\"Curso Superior em Licenciatura Plena, com habilita\u00e7\u00e3o em Geografia.\" data-balloon-pos=\"up\">Professor - Geografia<\/span><\/td>\r\n<td class=\"cvagas\">01 + CR<\/td>\r\n<td class=\"cremuneracao\">R$ 2.457,45 \/20h<\/td>\r\n<\/tr><tr>\r\n<td class=\"ccargos\">\r\n<span data-balloon-length=\"medium\" aria-label=\"Licenciatura em Computa\u00e7\u00e3o ou Forma\u00e7\u00e3o Pedag\u00f3gica em Inform\u00e1tica\" data-balloon-pos=\"up\">Professor - Inform\u00e1tica<\/span><\/td>\r\n<td class=\"cvagas\">01 + CR<\/td>\r\n<td class=\"cremuneracao\">R$ 2.457,45 \/20h<\/td>\r\n<\/tr><tr>\r\n<td class=\"ccargos\">\r\n<span data-balloon-length=\"medium\" aria-label=\"Curso superior em Licenciatura Plena Habilita\u00e7\u00e3o em L\u00edngua Inglesa.\" data-balloon-pos=\"up\">Professor - L\u00edngua Inglesa<\/span><\/td>\r\n<td class=\"cvagas\">02 + CR<\/td>\r\n<td class=\"cremuneracao\">R$ 2.457,45 \/20h<\/td>\r\n<\/tr><tr>\r\n<td class=\"ccargos\">\r\n<span data-balloon-length=\"medium\" aria-label=\"Curso superior em Licenciatura Plena Habilita\u00e7\u00e3o em Letras.\" data-balloon-pos=\"up\">Professor - L\u00edngua Portuguesa<\/span><\/td>\r\n<td class=\"cvagas\">02 + CR<\/td>\r\n<td class=\"cremuneracao\">R$ 2.457,45 \/20h<\/td>\r\n<\/tr><tr>\r\n<td class=\"ccargos\">\r\n<span data-balloon-length=\"medium\" aria-label=\"Curso superior em Licenciatura Plena Habilita\u00e7\u00e3o em Matem\u00e1tica completo.\" data-balloon-pos=\"up\">Professor - Matem\u00e1tica<\/span><\/td>\r\n<td class=\"cvagas\">02 + CR<\/td>\r\n<td class=\"cremuneracao\">R$ 2.457,45 \/20h<\/td>\r\n<\/tr><tr>\r\n<td class=\"ccargos\">\r\n<span data-balloon-length=\"medium\" aria-label=\"Curso Superior de Licenciatura em Pedagogia.\" data-balloon-pos=\"up\">Professor - S\u00e9ries Iniciais<\/span><\/td>\r\n<td class=\"cvagas\">07 + CR<\/td>\r\n<td class=\"cremuneracao\">R$ 2.948,94 \/24h<\/td>\r\n<\/tr><tr>\r\n<td class=\"ccargos\">\r\n<span data-balloon-length=\"medium\" aria-label=\"Licenciatura plena na disciplina ou \u00e1rea de conhecimento correspondente \u00e0s S\u00e9ries Finais; Especializa\u00e7\u00e3o lato sensu em Educa\u00e7\u00e3o Especial, com certifica\u00e7\u00e3o reconhecida.\" data-balloon-pos=\"up\">Professor - S\u00e9ries Finais - Educa\u00e7\u00e3o Especial<\/span><\/td>\r\n<td class=\"cvagas\">02 + CR<\/td>\r\n<td class=\"cremuneracao\">R$ 5.590,40 \/40h<\/td>\r\n<\/tr><tr>\r\n<td class=\"ccargos\">\r\n<span data-balloon-length=\"medium\" aria-label=\"Curso superior em Psicologia completo e inscri\u00e7\u00e3o no respectivo \u00f3rg\u00e3o de classe.\" data-balloon-pos=\"up\">Psic\u00f3logo<\/span><\/td>\r\n<td class=\"cvagas\">01 + CR<\/td>\r\n<td class=\"cremuneracao\">R$ 2.299,33 \/20h<\/td>\r\n<\/tr><tr>\r\n<td class=\"ccargos\">\r\n<span data-balloon-length=\"medium\" aria-label=\"Curso superior em Pedagogia e especializa\u00e7\u00e3o na \u00e1rea de Psicopedagogia ou Gradua\u00e7\u00e3o em Psicopedagogia.\" data-balloon-pos=\"up\">Psicopedagogo<\/span><\/td>\r\n<td class=\"cvagas\">02 + CR<\/td>\r\n<td class=\"cremuneracao\">R$ 2.299,33 \/22h<\/td>\r\n<\/tr><tr>\r\n<td class=\"ccargos\">\r\n<span data-balloon-length=\"medium\" aria-label=\"Curso superior de Medicina Veterin\u00e1ria; Registro no respectivo \u00f3rg\u00e3o de classe.\" data-balloon-pos=\"up\">Veterin\u00e1rio<\/span><\/td>\r\n<td class=\"cvagas\">01 + CR<\/td>\r\n<td class=\"cremuneracao\">R$ 2.661,78 \/20H<\/td>\r\n<\/tr>\r\n    <\/tbody>\r\n  <\/table>\r\n<\/div>"},"_links":{"self":[{"href":"https:\/\/www.agrobase.com.br\/concursos\/wp-json\/wp\/v2\/posts\/276941","targetHints":{"allow":["GET"]}}],"collection":[{"href":"https:\/\/www.agrobase.com.br\/concursos\/wp-json\/wp\/v2\/posts"}],"about":[{"href":"https:\/\/www.agrobase.com.br\/concursos\/wp-json\/wp\/v2\/types\/post"}],"author":[{"embeddable":true,"href":"https:\/\/www.agrobase.com.br\/concursos\/wp-json\/wp\/v2\/users\/7"}],"replies":[{"embeddable":true,"href":"https:\/\/www.agrobase.com.br\/concursos\/wp-json\/wp\/v2\/comments?post=276941"}],"version-history":[{"count":1,"href":"https:\/\/www.agrobase.com.br\/concursos\/wp-json\/wp\/v2\/posts\/276941\/revisions"}],"predecessor-version":[{"id":276943,"href":"https:\/\/www.agrobase.com.br\/concursos\/wp-json\/wp\/v2\/posts\/276941\/revisions\/276943"}],"wp:featuredmedia":[{"embeddable":true,"href":"https:\/\/www.agrobase.com.br\/concursos\/wp-json\/wp\/v2\/media\/276940"}],"wp:attachment":[{"href":"https:\/\/www.agrobase.com.br\/concursos\/wp-json\/wp\/v2\/media?parent=276941"}],"wp:term":[{"taxonomy":"category","embeddable":true,"href":"https:\/\/www.agrobase.com.br\/concursos\/wp-json\/wp\/v2\/categories?post=276941"},{"taxonomy":"post_tag","embeddable":true,"href":"https:\/\/www.agrobase.com.br\/concursos\/wp-json\/wp\/v2\/tags?post=276941"},{"taxonomy":"_amplo","embeddable":true,"href":"https:\/\/www.agrobase.com.br\/concursos\/wp-json\/wp\/v2\/_amplo?post=276941"},{"taxonomy":"destaque","embeddable":true,"href":"https:\/\/www.agrobase.com.br\/concursos\/wp-json\/wp\/v2\/destaque?post=276941"},{"taxonomy":"instituicoes","embeddable":true,"href":"https:\/\/www.agrobase.com.br\/concursos\/wp-json\/wp\/v2\/instituicoes?post=276941"}],"curies":[{"name":"wp","href":"https:\/\/api.w.org\/{rel}","templated":true}]}}