{"id":276935,"date":"2026-01-19T08:00:20","date_gmt":"2026-01-19T11:00:20","guid":{"rendered":"https:\/\/www.agrobase.com.br\/concursos\/?p=276935"},"modified":"2026-01-16T14:23:17","modified_gmt":"2026-01-16T17:23:17","slug":"prefeitura-juvenilia-mg-concurso-01-2024-reaberto","status":"publish","type":"post","link":"https:\/\/www.agrobase.com.br\/concursos\/2026\/prefeitura-juvenilia-mg-concurso-01-2024-reaberto\/","title":{"rendered":"Prefeitura Juven\u00edlia (MG) &#8211; Concurso 01\/2024 [reaberto]"},"content":{"rendered":"<h2>Informa\u00e7\u00f5es Gerais<\/h2>\n<p>A <strong>Prefeitura Municipal de Juven\u00edlia<\/strong>, no norte de Minas Gerais, publicou edital de <strong>Concurso P\u00fablico<\/strong> para provimento de cargos efetivos em seu quadro de pessoal. O certame oferece <strong>80 vagas imediatas<\/strong>, al\u00e9m de forma\u00e7\u00e3o de cadastro reserva para diversos cargos, sob <strong>regime estatut\u00e1rio<\/strong>.<\/p>\n<p>As oportunidades contemplam todos os n\u00edveis de escolaridade: <strong>Fundamental Incompleto e Completo<\/strong>, <strong>M\u00e9dio\/T\u00e9cnico<\/strong> e <strong>Superior<\/strong>. Os sal\u00e1rios variam de <strong>R$ 1.412,00 a R$ 18.606,40<\/strong>, com cargas hor\u00e1rias entre 25 e 40 horas semanais.<\/p>\n<p>Entre os cargos de n\u00edvel superior, destacam-se vagas para as \u00e1reas de Sa\u00fade (M\u00e9dico ESF, Enfermeiro, Cirurgi\u00e3o Dentista, Farmac\u00eautico), Educa\u00e7\u00e3o (Professores, Orientador Educacional, Supervisor Pedag\u00f3gico, Psic\u00f3logo Escolar), Assist\u00eancia Social e <strong>Engenheiro Agr\u00f4nomo<\/strong> \u2014 oportunidade relevante para profissionais da \u00e1rea agr\u00e1ria que buscam estabilidade no servi\u00e7o p\u00fablico.<\/p>\n<p>Para n\u00edvel m\u00e9dio e t\u00e9cnico, h\u00e1 vagas em \u00e1reas administrativas, sa\u00fade (T\u00e9cnico em Enfermagem, Auxiliar de Enfermagem), assist\u00eancia social e servi\u00e7os especializados como Mec\u00e2nico de M\u00e1quinas Pesadas e T\u00e9cnico Eletricista. J\u00e1 para n\u00edvel fundamental, as oportunidades incluem Motoristas, Operador de Trator, Auxiliar de Servi\u00e7os Gerais, Gari, entre outros.<\/p>\n<p>O concurso \u00e9 organizado pela <strong>FADENOR<\/strong>, por meio do Setor de Concursos T\u00e9cnicos (COTEC). Continue a leitura para conhecer todos os detalhes sobre inscri\u00e7\u00f5es, etapas de sele\u00e7\u00e3o e como acompanhar os resultados.<\/p>\n<h2>Inscri\u00e7\u00f5es<\/h2>\n<p>As inscri\u00e7\u00f5es para o Concurso P\u00fablico da Prefeitura de Juven\u00edlia-MG ser\u00e3o realizadas <strong>exclusivamente pela internet<\/strong>, no per\u00edodo de <strong>08 de janeiro de 2026, a partir das 08h, at\u00e9 09 de fevereiro de 2026, \u00e0s 17h<\/strong>.<\/p>\n<p>Para se inscrever, o candidato deve acessar o site oficial da banca organizadora, preencher o formul\u00e1rio de inscri\u00e7\u00e3o com seus dados pessoais e gerar o boleto banc\u00e1rio para pagamento da taxa. <strong>O pagamento deve ser efetuado at\u00e9 o \u00faltimo dia de inscri\u00e7\u00e3o<\/strong> \u2014 inscri\u00e7\u00f5es sem pagamento confirmado ser\u00e3o automaticamente canceladas.<\/p>\n<p>O edital prev\u00ea a possibilidade de <strong>isen\u00e7\u00e3o da taxa de inscri\u00e7\u00e3o<\/strong> para candidatos que atendam aos crit\u00e9rios estabelecidos. Os interessados devem realizar a pr\u00e9-inscri\u00e7\u00e3o com pedido de isen\u00e7\u00e3o no per\u00edodo espec\u00edfico indicado no cronograma oficial, anterior ao per\u00edodo regular de inscri\u00e7\u00f5es.<\/p>\n<p>Ap\u00f3s efetuar a inscri\u00e7\u00e3o, recomenda-se que o candidato acompanhe o status de sua inscri\u00e7\u00e3o na \u00e1rea restrita do site, verificando a confirma\u00e7\u00e3o do pagamento e eventuais pend\u00eancias.<\/p>\n<p><strong>Importante:<\/strong> Leia atentamente o edital completo antes de realizar sua inscri\u00e7\u00e3o para verificar os requisitos espec\u00edficos de cada cargo, valores das taxas por n\u00edvel de escolaridade e demais orienta\u00e7\u00f5es.<\/p>\n<h2>Etapas e Provas<\/h2>\n<p>O Concurso P\u00fablico da Prefeitura de Juven\u00edlia-MG ser\u00e1 composto por uma \u00fanica etapa de avalia\u00e7\u00e3o:<\/p>\n<ul>\n<li><strong>Provas de M\u00faltipla Escolha<\/strong> \u2014 car\u00e1ter <strong>eliminat\u00f3rio e classificat\u00f3rio<\/strong><\/li>\n<\/ul>\n<p>As provas objetivas ser\u00e3o aplicadas para todos os cargos oferecidos no certame, em data prevista no cronograma oficial (domingo), preferencialmente na cidade de <strong>Juven\u00edlia-MG<\/strong>. Caso o n\u00famero de inscritos seja elevado, a aplica\u00e7\u00e3o poder\u00e1 ocorrer tamb\u00e9m em outras cidades da regi\u00e3o.<\/p>\n<p>Caracter\u00edsticas da prova:<\/p>\n<ul>\n<li><strong>Formato:<\/strong> quest\u00f5es de m\u00faltipla escolha<\/li>\n<li><strong>Dura\u00e7\u00e3o:<\/strong> 3 (tr\u00eas) horas, incluindo o tempo para preenchimento da folha de respostas<\/li>\n<li><strong>Hor\u00e1rio:<\/strong> conforme especificado no Anexo II do edital para cada cargo<\/li>\n<\/ul>\n<p>O conte\u00fado program\u00e1tico, n\u00famero de quest\u00f5es, pontua\u00e7\u00e3o e crit\u00e9rios de aprova\u00e7\u00e3o variam conforme o cargo pretendido e est\u00e3o detalhados no <strong>Anexo II do edital<\/strong>.<\/p>\n<p>Consulte o edital completo para verificar as disciplinas cobradas para o seu cargo de interesse, os crit\u00e9rios de pontua\u00e7\u00e3o m\u00ednima para aprova\u00e7\u00e3o e demais informa\u00e7\u00f5es sobre a aplica\u00e7\u00e3o das provas.<\/p>\n<h2>Resultados e Gabarito<\/h2>\n<p>A divulga\u00e7\u00e3o dos resultados do Concurso P\u00fablico da Prefeitura de Juven\u00edlia-MG seguir\u00e1 o cronograma oficial estabelecido no edital:<\/p>\n<ul>\n<li><strong>Gabarito Oficial Preliminar:<\/strong> ser\u00e1 divulgado at\u00e9 o dia seguinte \u00e0 aplica\u00e7\u00e3o das provas, no site da banca organizadora e na sede da Prefeitura Municipal<\/li>\n<li><strong>Resultado Definitivo:<\/strong> publicado ap\u00f3s an\u00e1lise dos recursos interpostos, conforme prazo estabelecido no cronograma<\/li>\n<\/ul>\n<p><strong>Onde acompanhar:<\/strong><\/p>\n<ul>\n<li>Site oficial: <em>https:\/\/cotec-fadenor.selecao.net.br\/<\/em><\/li>\n<li>Sede da Prefeitura Municipal de Juven\u00edlia<\/li>\n<\/ul>\n<p>O Relat\u00f3rio Geral com a situa\u00e7\u00e3o e notas dos candidatos poder\u00e1 ser consultado na sede da Prefeitura ou atrav\u00e9s do extrato de notas dispon\u00edvel no site da banca, ap\u00f3s a divulga\u00e7\u00e3o do resultado definitivo. <strong>N\u00e3o ser\u00e3o divulgados nomes e pontua\u00e7\u00f5es de candidatos eliminados ou n\u00e3o classificados.<\/strong><\/p>\n<p>O gabarito oficial <strong>n\u00e3o ser\u00e1 informado por telefone<\/strong>.<\/p>\n<p>A <strong>homologa\u00e7\u00e3o<\/strong> do resultado final \u2014 ato que oficializa a conclus\u00e3o do certame e autoriza a convoca\u00e7\u00e3o dos aprovados \u2014 ser\u00e1 realizada pela Prefeitura Municipal de Juven\u00edlia e publicada nos canais oficiais.<\/p>\n<p><strong>Aten\u00e7\u00e3o:<\/strong> O acompanhamento de todas as publica\u00e7\u00f5es, comunicados e convoca\u00e7\u00f5es referentes ao concurso \u00e9 de <strong>responsabilidade exclusiva do candidato<\/strong>. Mantenha seus dados cadastrais atualizados e consulte regularmente os canais oficiais de divulga\u00e7\u00e3o.<\/p>\n","protected":false},"excerpt":{"rendered":"<p>Concurso Pref. Juven\u00edlia (MG) com edital publicado! Vagas p\/ Professor e T\u00e9cnico Enfermagem (Fund. a Sup.). Inscri\u00e7\u00f5es a partir de 08\/01. Confira detalhes!<\/p>\n","protected":false},"author":7,"featured_media":276934,"comment_status":"open","ping_status":"open","sticky":false,"template":"","format":"standard","meta":{"_acf_changed":false,"_breakdance_hide_in_design_set":false,"_breakdance_tags":"","footnotes":""},"categories":[4,6433,12,17,116,21,24,25,26,101,108,143],"tags":[50],"_amplo":[],"destaque":[],"instituicoes":[],"class_list":["post-276935","post","type-post","status-publish","format-standard","has-post-thumbnail","hentry","category-agronomia","category-biologia-licenciatura","category-enfermagem","category-farmacia","category-matematica","category-medicina","category-odontologia","category-pedagogia","category-psicologia","category-servico-social","category-tecnico-enfermagem","category-tecnico-odontologia","tag-minas-gerais"],"acf":{"_tipo_vagas":"vagas","_numero_vagas":"","_quadro_vagas":"","_cargos":"diversos","_cargos_especificos":"","_salario_max":"R$ 18606.4","_abertura":"20260108","_encerramento":"20260209","_inscricoes":"https:\/\/cotec-fadenor.selecao.net.br\/","_executora_concurso":"","_instituicao_concurso":[],"_link_adicional":null,"_anexos":null,"_produtos":null,"_vagas":"80 vagas + CR","_salario_min":"R$ 1412","_instituicao":"Prefeitura de Juven\u00edlia","_edital":"https:\/\/www.agrobase.com.br\/concursos\/wp-content\/uploads\/sites\/4\/2026\/01\/edital-01-2024-prefeitura-de-juvenilia-mg.pdf","_anexos_edital":"https:\/\/www.agrobase.com.br\/concursos\/wp-content\/uploads\/sites\/4\/2026\/01\/anexos-edital-01-2024-prefeitura-de-juvenilia-mg.pdf","_fund_incompleto":"<div>\r\n<table class=\"quadro\">\r\n<thead>\r\n<tr>\r\n<th class=\"hcargo\">Cargo<\/th>\r\n<th class=\"hvagas\">Vagas<\/th>\r\n<th class=\"hremuneracao\">Remunera\u00e7\u00e3o<\/th>\r\n<\/tr>\r\n<\/thead>\r\n    <tbody>\r\n      <td class=\"ccargos\">\r\n<span data-balloon-length=\"medium\" aria-label=\"4\u00aa S\u00e9rie + Ensino Fundamental.\" data-balloon-pos=\"up\">Assistente de Mec\u00e2nico<\/span><\/td>\r\n<td class=\"cvagas\">01<\/td>\r\n<td class=\"cremuneracao\">R$ 1.412,00 \/40h<\/td>\r\n<\/tr><td class=\"ccargos\">\r\n<span data-balloon-length=\"medium\" aria-label=\"Alfabetizado.\" data-balloon-pos=\"up\">Auxiliar de Servi\u00e7os Gerais<\/span><\/td>\r\n<td class=\"cvagas\">08 + CR<\/td>\r\n<td class=\"cremuneracao\">R$ 1.518,00 \/40h<\/td>\r\n<\/tr><td class=\"ccargos\">\r\n<span data-balloon-length=\"medium\" aria-label=\"Alfabetizado.\" data-balloon-pos=\"up\">Bombeiro Hidr\u00e1ulico<\/span><\/td>\r\n<td class=\"cvagas\">01<\/td>\r\n<td class=\"cremuneracao\">R$ 1.412,00 \/40h<\/td>\r\n<\/tr><td class=\"ccargos\">\r\n<span data-balloon-length=\"medium\" aria-label=\"4\u00aa S\u00e9rie + Ensino Fundamental.\" data-balloon-pos=\"up\">Calceteiro<\/span><\/td>\r\n<td class=\"cvagas\">01 + CR<\/td>\r\n<td class=\"cremuneracao\">R$ 1.518,00 \/40h<\/td>\r\n<\/tr><td class=\"ccargos\">\r\n<span data-balloon-length=\"medium\" aria-label=\"4\u00aa S\u00e9rie + Ensino Fundamental.\" data-balloon-pos=\"up\">Cozinheiro escolar<\/span><\/td>\r\n<td class=\"cvagas\">02 + CR<\/td>\r\n<td class=\"cremuneracao\">R$ 1.518,00 \/40h<\/td>\r\n<\/tr><td class=\"ccargos\">\r\n<span data-balloon-length=\"medium\" aria-label=\"Alfabetizado.\" data-balloon-pos=\"up\">Gari<\/span><\/td>\r\n<td class=\"cvagas\">05 + CR<\/td>\r\n<td class=\"cremuneracao\">R$ 1.518,00 \/36h<\/td>\r\n<\/tr><td class=\"ccargos\">\r\n<span data-balloon-length=\"medium\" aria-label=\"4\u00aa S\u00e9rie + Ensino Fundamental.\" data-balloon-pos=\"up\">Jardineiro<\/span><\/td>\r\n<td class=\"cvagas\">01 + CR<\/td>\r\n<td class=\"cremuneracao\">R$ 1.518,00 \/40h<\/td>\r\n<\/tr><td class=\"ccargos\">\r\n<span data-balloon-length=\"medium\" aria-label=\"4\u00aa S\u00e9rie + Ensino Fundamental\" data-balloon-pos=\"up\">Mec\u00e2nico de Manuten\u00e7\u00e3o<\/span><\/td>\r\n<td class=\"cvagas\">01 + CR<\/td>\r\n<td class=\"cremuneracao\">R$ 2.500,00 \/40h<\/td>\r\n<\/tr><td class=\"ccargos\">\r\n<span data-balloon-length=\"medium\" aria-label=\"4\u00aa S\u00e9rie + Ensino Fundamental\" data-balloon-pos=\"up\">Monitor de Educa\u00e7\u00e3o Infantil<\/span><\/td>\r\n<td class=\"cvagas\">03 + CR<\/td>\r\n<td class=\"cremuneracao\">R$ 1.518,00 \/40h<\/td>\r\n<\/tr><td class=\"ccargos\">\r\n<span data-balloon-length=\"medium\" data-balloon-pos=\"up\">Motorista I - Sec. Assist\u00eancia Social<\/span><\/td>\r\n<td class=\"cvagas\">01 + CR<\/td>\r\n<td class=\"cremuneracao\">R$ 1.518,00 \/40h<\/td>\r\n<\/tr><td class=\"ccargos\">\r\n<span data-balloon-length=\"medium\" data-balloon-pos=\"up\">Motorista I - Sec. Sa\u00fade<\/span><\/td>\r\n<td class=\"cvagas\">03 + CR<\/td>\r\n<td class=\"cremuneracao\">R$ 1.518,00 \/40h<\/td>\r\n<\/tr><td class=\"ccargos\">\r\n<span data-balloon-length=\"medium\" data-balloon-pos=\"up\">Motorista II - Educa\u00e7\u00e3o<\/span><\/td>\r\n<td class=\"cvagas\">02 + CR<\/td>\r\n<td class=\"cremuneracao\">R$ 1.550,00 \/40h<\/td>\r\n<\/tr><td class=\"ccargos\">\r\n<span data-balloon-length=\"medium\" data-balloon-pos=\"up\">Motorista II - Obras<\/span><\/td>\r\n<td class=\"cvagas\">02 + CR<\/td>\r\n<td class=\"cremuneracao\">R$ 1.550,00 \/40h<\/td>\r\n<\/tr><td class=\"ccargos\">\r\n<span data-balloon-length=\"medium\" data-balloon-pos=\"up\">Motorista II - Transporte<\/span><\/td>\r\n<td class=\"cvagas\">02 + CR<\/td>\r\n<td class=\"cremuneracao\">R$ 1.550,00 \/40h<\/td>\r\n<\/tr><td class=\"ccargos\">\r\n<span data-balloon-length=\"medium\" aria-label=\"4\u00aa S\u00e9rie + Ensino Fundamental.\" data-balloon-pos=\"up\">Operador de Trator<\/span><\/td>\r\n<td class=\"cvagas\">CR<\/td>\r\n<td class=\"cremuneracao\">R$ 1.750,00 \/40h<\/td>\r\n<\/tr><td class=\"ccargos\">\r\n<span data-balloon-length=\"medium\" aria-label=\"4\u00aa S\u00e9rie + Ensino Fundamental.\" data-balloon-pos=\"up\">Pedreiro<\/span><\/td>\r\n<td class=\"cvagas\">01 + CR<\/td>\r\n<td class=\"cremuneracao\">R$ 2.270,00 \/40h<\/td>\r\n<\/tr><td class=\"ccargos\">\r\n<span data-balloon-length=\"medium\" aria-label=\"4\u00aa S\u00e9rie + Ensino Fundamental.\" data-balloon-pos=\"up\">Porteiro Escolar<\/span><\/td>\r\n<td class=\"cvagas\">01 + CR<\/td>\r\n<td class=\"cremuneracao\">R$ 1.518,00 \/40h<\/td>\r\n<\/tr><td class=\"ccargos\">\r\n<span data-balloon-length=\"medium\" aria-label=\"4\u00aa S\u00e9rie + Ensino Fundamental.\" data-balloon-pos=\"up\">Servente Escolar<\/span><\/td>\r\n<td class=\"cvagas\">01 + CR<\/td>\r\n<td class=\"cremuneracao\">R$ 1.518,00 \/40h<\/td>\r\n<\/tr><td class=\"ccargos\">\r\n<span data-balloon-length=\"medium\" aria-label=\"Alfabetizado.\" data-balloon-pos=\"up\">Vigia<\/span><\/td>\r\n<td class=\"cvagas\">02 + CR<\/td>\r\n<td class=\"cremuneracao\">R$ 1.518,00 \/40h<\/td>\r\n<\/tr>\r\n    <\/tbody>\r\n  <\/table>\r\n<\/div>","_fund_completo":"<div>\r\n<table class=\"quadro\">\r\n<thead>\r\n<tr>\r\n<th class=\"hcargo\">Cargo<\/th>\r\n<th class=\"hvagas\">Vagas<\/th>\r\n<th class=\"hremuneracao\">Remunera\u00e7\u00e3o<\/th>\r\n<\/tr>\r\n<\/thead>\r\n    <tbody>\r\n      <td class=\"ccargos\">\r\n<span data-balloon-length=\"medium\" aria-label=\"Ensino Fundamental Completo.\" data-balloon-pos=\"up\">Atendente de Creche<\/span><\/td>\r\n<td class=\"cvagas\">02 + CR<\/td>\r\n<td class=\"cremuneracao\">R$ 1.518,00 \/40h<\/td>\r\n<\/tr>\r\n    <\/tbody>\r\n  <\/table>\r\n<\/div>","_medio":"<div>\r\n<table class=\"quadro\">\r\n<thead>\r\n<tr>\r\n<th class=\"hcargo\">Cargo<\/th>\r\n<th class=\"hvagas\">Vagas<\/th>\r\n<th class=\"hremuneracao\">Remunera\u00e7\u00e3o<\/th>\r\n<\/tr>\r\n<\/thead>\r\n    <tbody>\r\n      <td class=\"ccargos\">\r\n<span data-balloon-length=\"medium\" aria-label=\"Ensino M\u00e9dio Completo.\" data-balloon-pos=\"up\">Agente Administrativo<\/span><\/td>\r\n<td class=\"cvagas\">01 + CR<\/td>\r\n<td class=\"cremuneracao\">R$ 1.518,00 \/40h<\/td>\r\n<\/tr><td class=\"ccargos\">\r\n<span data-balloon-length=\"medium\" aria-label=\"Ensino M\u00e9dio Completo.\" data-balloon-pos=\"up\">Agente Social do CRAS<\/span><\/td>\r\n<td class=\"cvagas\">01 + CR<\/td>\r\n<td class=\"cremuneracao\">R$ 1.518,00 \/40h<\/td>\r\n<\/tr><td class=\"ccargos\">\r\n<span data-balloon-length=\"medium\" aria-label=\"Ensino M\u00e9dio Completo.\" data-balloon-pos=\"up\">Assistente Administrativo<\/span><\/td>\r\n<td class=\"cvagas\">03 + CR<\/td>\r\n<td class=\"cremuneracao\">R$ 1.518,00 \/40h<\/td>\r\n<\/tr><td class=\"ccargos\">\r\n<span data-balloon-length=\"medium\" aria-label=\"N\u00edvel M\u00e9dio e Curso de Forma\u00e7\u00e3o de Auxiliar em Sa\u00fade Bucal - ASB.\" data-balloon-pos=\"up\">Atendente de Consult\u00f3rio Dent\u00e1rio<\/span><\/td>\r\n<td class=\"cvagas\">01 + CR<\/td>\r\n<td class=\"cremuneracao\">R$ 1.518,00 \/40h<\/td>\r\n<\/tr><td class=\"ccargos\">\r\n<span data-balloon-length=\"medium\" aria-label=\"Ensino M\u00e9dio Completo + Registro no Conselho de Classe Profissional - COREN.\" data-balloon-pos=\"up\">Auxiliar de Enfermagem<\/span><\/td>\r\n<td class=\"cvagas\">01<\/td>\r\n<td class=\"cremuneracao\">R$ 1.518,00 \/40h<\/td>\r\n<\/tr><td class=\"ccargos\">\r\n<span data-balloon-length=\"medium\" aria-label=\"Ensino M\u00e9dio Completo.\" data-balloon-pos=\"up\">Auxiliar de Fisioterapeuta<\/span><\/td>\r\n<td class=\"cvagas\">01<\/td>\r\n<td class=\"cremuneracao\">R$ 1.412,00 \/40h<\/td>\r\n<\/tr><td class=\"ccargos\">\r\n<span data-balloon-length=\"medium\" aria-label=\"Ensino M\u00e9dio Completo.\" data-balloon-pos=\"up\">Auxiliar de Secretaria<\/span><\/td>\r\n<td class=\"cvagas\">01 + CR<\/td>\r\n<td class=\"cremuneracao\">R$ 1.518,00 \/40h<\/td>\r\n<\/tr><td class=\"ccargos\">\r\n<span data-balloon-length=\"medium\" aria-label=\"Ensino M\u00e9dio Completo.\" data-balloon-pos=\"up\">Facilitador Social<\/span><\/td>\r\n<td class=\"cvagas\">02 + CR<\/td>\r\n<td class=\"cremuneracao\">R$ 1.518,00 \/40h<\/td>\r\n<\/tr><td class=\"ccargos\">\r\n<span data-balloon-length=\"medium\" aria-label=\"Ensino M\u00e9dio Completo.\" data-balloon-pos=\"up\">Fiscal Geral<\/span><\/td>\r\n<td class=\"cvagas\">01<\/td>\r\n<td class=\"cremuneracao\">R$ 1.412,00 \/40h<\/td>\r\n<\/tr><td class=\"ccargos\">\r\n<span data-balloon-length=\"medium\" aria-label=\"Ensino M\u00e9dio Completo + Experi\u00eancia Profissional m\u00ednima de 06 meses.\" data-balloon-pos=\"up\">Mec\u00e2nico de Manuten\u00e7\u00e3o M\u00e1quinas Pesadas<\/span><\/td>\r\n<td class=\"cvagas\">01 + CR<\/td>\r\n<td class=\"cremuneracao\">R$ 3.000,00 \/40h<\/td>\r\n<\/tr><td class=\"ccargos\">\r\n<span data-balloon-length=\"medium\" aria-label=\"Ensino M\u00e9dio + Cargo vinculado \u00e0 Programa Especial.\" data-balloon-pos=\"up\">Orientador Social<\/span><\/td>\r\n<td class=\"cvagas\">01 + CR<\/td>\r\n<td class=\"cremuneracao\">R$ 1.518,00 \/40h<\/td>\r\n<\/tr><td class=\"ccargos\">\r\n<span data-balloon-length=\"medium\" aria-label=\"Ensino M\u00e9dio Completo + experi\u00eancia profissional m\u00ednima de 06 meses.\" data-balloon-pos=\"up\">Pintor Automotivo\/Lanterneiro<\/span><\/td>\r\n<td class=\"cvagas\">01 + CR<\/td>\r\n<td class=\"cremuneracao\">R$ 2.500,00 \/40h<\/td>\r\n<\/tr><td class=\"ccargos\">\r\n<span data-balloon-length=\"medium\" aria-label=\"Ensino M\u00e9dio Completo.\" data-balloon-pos=\"up\">Secret\u00e1rio Escolar<\/span><\/td>\r\n<td class=\"cvagas\">01 + CR<\/td>\r\n<td class=\"cremuneracao\">R$ 1.518,00 \/40h<\/td>\r\n<\/tr><td class=\"ccargos\">\r\n<span data-balloon-length=\"medium\" aria-label=\"Ensino M\u00e9dio Completo + N\u00edvel T\u00e9cnico + registro no conselho de classe competente.\" data-balloon-pos=\"up\">T\u00e9cnico Eletricista<\/span><\/td>\r\n<td class=\"cvagas\">01 + CR<\/td>\r\n<td class=\"cremuneracao\">R$ 2.270,00 \/40h<\/td>\r\n<\/tr><td class=\"ccargos\">\r\n<span data-balloon-length=\"medium\" aria-label=\"Ensino M\u00e9dio Completo.\" data-balloon-pos=\"up\">T\u00e9cnico em Bolsa Fam\u00edlia<\/span><\/td>\r\n<td class=\"cvagas\">01 + CR<\/td>\r\n<td class=\"cremuneracao\">R$ 1.518,00 \/40h<\/td>\r\n<\/tr><td class=\"ccargos\">\r\n<span data-balloon-length=\"medium\" aria-label=\"Ensino M\u00e9dio Completo + Registro no Conselho de Classe Profissional - COREN.\" data-balloon-pos=\"up\">T\u00e9cnico em Enfermagem<\/span><\/td>\r\n<td class=\"cvagas\">12 + CR<\/td>\r\n<td class=\"cremuneracao\">R$ 1.650,00 \/40h<\/td>\r\n<\/tr><td class=\"ccargos\">\r\n<span data-balloon-length=\"medium\" aria-label=\"Ensino M\u00e9dio Completo + Registro no Conselho de Classe Profissional - COREN.\" data-balloon-pos=\"up\">T\u00e9cnico em Enfermagem - PLANTONISTA<\/span><\/td>\r\n<td class=\"cvagas\">02 + CR<\/td>\r\n<td class=\"cremuneracao\">R$ 1.650,00 \/40h<\/td>\r\n<\/tr>\r\n    <\/tbody>\r\n  <\/table>\r\n<\/div>","_superior":"<div>\r\n<table class=\"quadro\">\r\n<thead>\r\n<tr>\r\n<th class=\"hcargo\">Cargo<\/th>\r\n<th class=\"hvagas\">Vagas<\/th>\r\n<th class=\"hremuneracao\">Remunera\u00e7\u00e3o<\/th>\r\n<\/tr>\r\n<\/thead>\r\n    <tbody>\r\n      <tr>\r\n<td class=\"ccargos\">\r\n<span data-balloon-length=\"medium\" aria-label=\"Ensino Superior + Assist\u00eancia Social. Registro no CRESS.\" data-balloon-pos=\"up\">Assistente Social<\/span><\/td>\r\n<td class=\"cvagas\">01 + CR<\/td>\r\n<td class=\"cremuneracao\">R$ 2.907,25 \/30h<\/td>\r\n<\/tr><tr>\r\n<td class=\"ccargos\">\r\n<span data-balloon-length=\"medium\" aria-label=\"N\u00edvel Superior em Odontologia. Registro CRO.\" data-balloon-pos=\"up\">Cirurgi\u00e3o Dentista<\/span><\/td>\r\n<td class=\"cvagas\">01 + CR<\/td>\r\n<td class=\"cremuneracao\">R$ 4.070,15 \/40h<\/td>\r\n<\/tr><tr>\r\n<td class=\"ccargos\">\r\n<span data-balloon-length=\"medium\" aria-label=\"N\u00edvel Superior Completo + Registro no COREN\" data-balloon-pos=\"up\">Enfermeiro ESF<\/span><\/td>\r\n<td class=\"cvagas\">01 + CR<\/td>\r\n<td class=\"cremuneracao\">R$ 4.070,00 \/40h<\/td>\r\n<\/tr><tr>\r\n<td class=\"ccargos\">\r\n<span data-balloon-length=\"medium\" aria-label=\"N\u00edvel Superior em Engenharia Agr\u00f4noma + Registro no CREA\" data-balloon-pos=\"up\">Engenheiro Agr\u00f4nomo<\/span><\/td>\r\n<td class=\"cvagas\">01 + CR<\/td>\r\n<td class=\"cremuneracao\">R$ 4.360,90 \/30h<\/td>\r\n<\/tr><tr>\r\n<td class=\"ccargos\">\r\n<span data-balloon-length=\"medium\" aria-label=\"N\u00edvel Superior em Farm\u00e1cia + Registro no CRF\" data-balloon-pos=\"up\">Farmac\u00eautico<\/span><\/td>\r\n<td class=\"cvagas\">01 + CR<\/td>\r\n<td class=\"cremuneracao\">R$ 4.070,15 \/40h<\/td>\r\n<\/tr><tr>\r\n<td class=\"ccargos\">\r\n<span data-balloon-length=\"medium\" aria-label=\"N\u00edvel Superior Completo em Medicina + Registro no CRM.\" data-balloon-pos=\"up\">M\u00e9dico ESF<\/span><\/td>\r\n<td class=\"cvagas\">01<\/td>\r\n<td class=\"cremuneracao\">R$ 18.606,40 \/40h<\/td>\r\n<\/tr><tr>\r\n<td class=\"ccargos\">\r\n<span data-balloon-length=\"medium\" aria-label=\"Curso Superior em Pedagogia com habilita\u00e7\u00e3o em Orienta\u00e7\u00e3o Educacional.\" data-balloon-pos=\"up\">Orientador Educacional<\/span><\/td>\r\n<td class=\"cvagas\">CR<\/td>\r\n<td class=\"cremuneracao\">R$ 2.862,85 \/25h<\/td>\r\n<\/tr><tr>\r\n<td class=\"ccargos\">\r\n<span data-balloon-length=\"medium\" aria-label=\"Normal Superior ou curso de Licenciatura Plena em Pedagogia com habilita\u00e7\u00e3o espec\u00edfica.\" data-balloon-pos=\"up\">Professor P1 - Educa\u00e7\u00e3o Infantil<\/span><\/td>\r\n<td class=\"cvagas\">05 + CR<\/td>\r\n<td class=\"cremuneracao\">R$ 3.042,40 \/25h<\/td>\r\n<\/tr><tr>\r\n<td class=\"ccargos\">\r\n<span data-balloon-length=\"medium\" aria-label=\"Normal Superior ou curso de Licenciatura Plena em Pedagogia com habilita\u00e7\u00e3o espec\u00edfica.\" data-balloon-pos=\"up\">Professor P1 - EJA<\/span><\/td>\r\n<td class=\"cvagas\">01<\/td>\r\n<td class=\"cremuneracao\">R$ 3.042,40 \/25h<\/td>\r\n<\/tr><tr>\r\n<td class=\"ccargos\">\r\n<span data-balloon-length=\"medium\" aria-label=\"Curso de Gradua\u00e7\u00e3o obtida por licenciatura plena com habilita\u00e7\u00e3o espec\u00edfica na disciplina.\" data-balloon-pos=\"up\">Professor P2 - Ci\u00eancias<\/span><\/td>\r\n<td class=\"cvagas\">01 + CR<\/td>\r\n<td class=\"cremuneracao\">R$ 3.042,40 \/25h<\/td>\r\n<\/tr><tr>\r\n<td class=\"ccargos\">\r\n<span data-balloon-length=\"medium\" aria-label=\"Curso de Gradua\u00e7\u00e3o obtida por licenciatura plena com habilita\u00e7\u00e3o espec\u00edfica na disciplina.\" data-balloon-pos=\"up\">Professor P2 - L\u00cdNGUA PORTUGUESA<\/span><\/td>\r\n<td class=\"cvagas\">01<\/td>\r\n<td class=\"cremuneracao\">R$ 3.042,40 \/25h<\/td>\r\n<\/tr><tr>\r\n<td class=\"ccargos\">\r\n<span data-balloon-length=\"medium\" aria-label=\"Curso de Gradua\u00e7\u00e3o obtida por licenciatura plena com habilita\u00e7\u00e3o espec\u00edfica na disciplina.\" data-balloon-pos=\"up\">Professor P2 - MATEM\u00c1TICA<\/span><\/td>\r\n<td class=\"cvagas\">01 + CR<\/td>\r\n<td class=\"cremuneracao\">R$ 3.042,40 \/25h<\/td>\r\n<\/tr><tr>\r\n<td class=\"ccargos\">\r\n<span data-balloon-length=\"medium\" aria-label=\"N\u00edvel Superior em Psicologia + Registro no respectivo \u00f3rg\u00e3o de classe.\" data-balloon-pos=\"up\">Psic\u00f3logo Escolar<\/span><\/td>\r\n<td class=\"cvagas\">01 + CR<\/td>\r\n<td class=\"cremuneracao\">R$ 2.907,25 \/40h<\/td>\r\n<\/tr><tr>\r\n<td class=\"ccargos\">\r\n<span data-balloon-length=\"medium\" aria-label=\"Curso de Licenciatura Plena em Pedagogia com habilita\u00e7\u00e3o espec\u00edfica.\" data-balloon-pos=\"up\">Supervisor Pedag\u00f3gico<\/span><\/td>\r\n<td class=\"cvagas\">01 + CR<\/td>\r\n<td class=\"cremuneracao\">R$ 3.042,40 \/25h<\/td>\r\n<\/tr>\r\n    <\/tbody>\r\n  <\/table>\r\n<\/div>"},"_links":{"self":[{"href":"https:\/\/www.agrobase.com.br\/concursos\/wp-json\/wp\/v2\/posts\/276935","targetHints":{"allow":["GET"]}}],"collection":[{"href":"https:\/\/www.agrobase.com.br\/concursos\/wp-json\/wp\/v2\/posts"}],"about":[{"href":"https:\/\/www.agrobase.com.br\/concursos\/wp-json\/wp\/v2\/types\/post"}],"author":[{"embeddable":true,"href":"https:\/\/www.agrobase.com.br\/concursos\/wp-json\/wp\/v2\/users\/7"}],"replies":[{"embeddable":true,"href":"https:\/\/www.agrobase.com.br\/concursos\/wp-json\/wp\/v2\/comments?post=276935"}],"version-history":[{"count":2,"href":"https:\/\/www.agrobase.com.br\/concursos\/wp-json\/wp\/v2\/posts\/276935\/revisions"}],"predecessor-version":[{"id":276939,"href":"https:\/\/www.agrobase.com.br\/concursos\/wp-json\/wp\/v2\/posts\/276935\/revisions\/276939"}],"wp:featuredmedia":[{"embeddable":true,"href":"https:\/\/www.agrobase.com.br\/concursos\/wp-json\/wp\/v2\/media\/276934"}],"wp:attachment":[{"href":"https:\/\/www.agrobase.com.br\/concursos\/wp-json\/wp\/v2\/media?parent=276935"}],"wp:term":[{"taxonomy":"category","embeddable":true,"href":"https:\/\/www.agrobase.com.br\/concursos\/wp-json\/wp\/v2\/categories?post=276935"},{"taxonomy":"post_tag","embeddable":true,"href":"https:\/\/www.agrobase.com.br\/concursos\/wp-json\/wp\/v2\/tags?post=276935"},{"taxonomy":"_amplo","embeddable":true,"href":"https:\/\/www.agrobase.com.br\/concursos\/wp-json\/wp\/v2\/_amplo?post=276935"},{"taxonomy":"destaque","embeddable":true,"href":"https:\/\/www.agrobase.com.br\/concursos\/wp-json\/wp\/v2\/destaque?post=276935"},{"taxonomy":"instituicoes","embeddable":true,"href":"https:\/\/www.agrobase.com.br\/concursos\/wp-json\/wp\/v2\/instituicoes?post=276935"}],"curies":[{"name":"wp","href":"https:\/\/api.w.org\/{rel}","templated":true}]}}