{"id":276925,"date":"2026-01-19T07:40:08","date_gmt":"2026-01-19T10:40:08","guid":{"rendered":"https:\/\/www.agrobase.com.br\/concursos\/?p=276925"},"modified":"2026-01-16T13:04:19","modified_gmt":"2026-01-16T16:04:19","slug":"prefeitura-monte-azul-paulista-sp-selecao-publica-01-2026","status":"publish","type":"post","link":"https:\/\/www.agrobase.com.br\/concursos\/2026\/prefeitura-monte-azul-paulista-sp-selecao-publica-01-2026\/","title":{"rendered":"Prefeitura Monte Azul Paulista (SP) &#8211; Sele\u00e7\u00e3o P\u00fablica 01\/2026"},"content":{"rendered":"<h2>Informa\u00e7\u00f5es Gerais<\/h2>\n<p>A <strong>Prefeitura Municipal de Monte Azul Paulista<\/strong>, no interior do Estado de S\u00e3o Paulo, publicou o <strong>Edital n\u00ba 001\/2026<\/strong> referente ao <strong>Processo Seletivo de Provas e T\u00edtulos<\/strong> para forma\u00e7\u00e3o de <strong>cadastro reserva<\/strong> em diversas fun\u00e7\u00f5es p\u00fablicas tempor\u00e1rias.<\/p>\n<p>O certame visa suprir necessidades tempor\u00e1rias de interesse p\u00fablico, conforme previsto no artigo 37, inciso IX, da Constitui\u00e7\u00e3o Federal. As contrata\u00e7\u00f5es ser\u00e3o realizadas em <strong>regime tempor\u00e1rio<\/strong>, de acordo com a legisla\u00e7\u00e3o municipal vigente.<\/p>\n<p>As oportunidades contemplam profissionais de <strong>n\u00edvel m\u00e9dio e superior<\/strong>, com destaque para a \u00e1rea da <strong>Educa\u00e7\u00e3o<\/strong>. Para n\u00edvel m\u00e9dio, h\u00e1 cadastro reserva para o cargo de <strong>Agente de Vida Escolar<\/strong>, com remunera\u00e7\u00e3o de <strong>R$ 1.958,39<\/strong> para jornada de 40 horas semanais.<\/p>\n<p>J\u00e1 para n\u00edvel superior, o processo seletivo oferece vagas em cadastro reserva para <strong>Professor de Educa\u00e7\u00e3o B\u00e1sica I<\/strong> e <strong>Professor de Educa\u00e7\u00e3o B\u00e1sica II<\/strong> em diversas disciplinas: Ci\u00eancias, Artes, Educa\u00e7\u00e3o F\u00edsica, Geografia, Hist\u00f3ria, Matem\u00e1tica, Portugu\u00eas, Ingl\u00eas e M\u00fasica. A remunera\u00e7\u00e3o para os cargos de professor \u00e9 de <strong>R$ 24,33 por hora\/aula<\/strong>.<\/p>\n<p>A organiza\u00e7\u00e3o do processo seletivo est\u00e1 sob responsabilidade da <strong>CMM Assessoria e Consultoria em Gest\u00e3o P\u00fablica Ltda<\/strong>. Continue a leitura para conhecer todos os detalhes sobre inscri\u00e7\u00f5es, etapas de sele\u00e7\u00e3o e como acompanhar os resultados.<\/p>\n<h2>Inscri\u00e7\u00f5es<\/h2>\n<p>As <strong>inscri\u00e7\u00f5es est\u00e3o abertas<\/strong> e devem ser realizadas <strong>exclusivamente pela internet<\/strong>, no per\u00edodo de <strong>15 de janeiro de 2026 at\u00e9 \u00e0s 23h30min do dia 26 de janeiro de 2026<\/strong>, pelo site oficial da banca organizadora.<\/p>\n<p>Para efetuar sua inscri\u00e7\u00e3o, siga os passos abaixo:<\/p>\n<ul>\n<li>Acesse o site <strong>www.cmmconcursos.com.br<\/strong> e clique no \u00edcone indicado para inscri\u00e7\u00f5es;<\/li>\n<li>Na <strong>\u00c1rea do Candidato<\/strong>, realize seu cadastro (ou fa\u00e7a login, caso j\u00e1 possua);<\/li>\n<li>Selecione o <strong>Processo Seletivo Prefeitura Municipal de Monte Azul Paulista 001\/2026<\/strong>;<\/li>\n<li>Escolha a fun\u00e7\u00e3o desejada, preencha todos os campos corretamente e finalize a inscri\u00e7\u00e3o;<\/li>\n<li>Imprima o <strong>boleto banc\u00e1rio<\/strong> e efetue o pagamento.<\/li>\n<\/ul>\n<p><strong>Importante:<\/strong> O pagamento do boleto dever\u00e1 ser realizado at\u00e9 o <strong>primeiro dia \u00fatil ap\u00f3s o encerramento das inscri\u00e7\u00f5es<\/strong>, respeitando o hor\u00e1rio banc\u00e1rio (hor\u00e1rio de Bras\u00edlia). N\u00e3o ser\u00e3o aceitos pagamentos por caixas eletr\u00f4nicos, postos banc\u00e1rios, transfer\u00eancias ou agendamentos \u2014 apenas em ag\u00eancias banc\u00e1rias, correspondentes autorizados ou lot\u00e9ricas.<\/p>\n<p>O candidato poder\u00e1 se inscrever em <strong>apenas um cargo por hor\u00e1rio de prova<\/strong>. Caso efetue mais de uma inscri\u00e7\u00e3o, prevalecer\u00e1 a mais recente, sem direito \u00e0 devolu\u00e7\u00e3o da taxa anteriormente paga.<\/p>\n<p><strong>Aten\u00e7\u00e3o:<\/strong> A taxa de inscri\u00e7\u00e3o, uma vez paga, somente ser\u00e1 restitu\u00edda em caso de revoga\u00e7\u00e3o ou cancelamento do certame. Antes de efetuar o pagamento, certifique-se de que preenche todos os requisitos exigidos para participa\u00e7\u00e3o.<\/p>\n<p>Recomendamos a leitura integral do edital para verificar os valores das taxas de inscri\u00e7\u00e3o por cargo e demais informa\u00e7\u00f5es sobre procedimentos de isen\u00e7\u00e3o, caso aplic\u00e1veis.<\/p>\n<h2>Etapas e Provas<\/h2>\n<p>O Processo Seletivo da Prefeitura de Monte Azul Paulista ser\u00e1 composto por <strong>Prova Objetiva<\/strong> para todos os cargos, com <strong>valora\u00e7\u00e3o de T\u00edtulos<\/strong> adicional para os cargos de n\u00edvel superior.<\/p>\n<p><strong>Prova Objetiva<\/strong><\/p>\n<ul>\n<li><strong>Car\u00e1ter:<\/strong> eliminat\u00f3rio e classificat\u00f3rio;<\/li>\n<li><strong>Formato:<\/strong> quest\u00f5es de m\u00faltipla escolha;<\/li>\n<li><strong>Data prevista:<\/strong> <strong>08 de fevereiro de 2026<\/strong>;<\/li>\n<li><strong>Per\u00edodos:<\/strong> manh\u00e3 e tarde (conforme o cargo);<\/li>\n<li><strong>Hor\u00e1rio de fechamento dos port\u00f5es:<\/strong> 09h00 (per\u00edodo matutino) e 14h00 (per\u00edodo vespertino);<\/li>\n<li><strong>Dura\u00e7\u00e3o:<\/strong> m\u00e1ximo de <strong>3 (tr\u00eas) horas<\/strong>;<\/li>\n<li><strong>Local:<\/strong> ser\u00e1 divulgado em edital espec\u00edfico, com anteced\u00eancia m\u00ednima de 3 dias, no site da banca e nos canais oficiais da Prefeitura.<\/li>\n<\/ul>\n<p><strong>Prova de T\u00edtulos<\/strong> (apenas para cargos de n\u00edvel superior)<\/p>\n<ul>\n<li><strong>Car\u00e1ter:<\/strong> classificat\u00f3rio;<\/li>\n<li><strong>Entrega:<\/strong> no mesmo dia da prova objetiva, em at\u00e9 <strong>30 minutos ap\u00f3s o encerramento<\/strong>, em salas especialmente designadas;<\/li>\n<li><strong>Documenta\u00e7\u00e3o:<\/strong> c\u00f3pia reprogr\u00e1fica autenticada dos t\u00edtulos ou c\u00f3pia simples acompanhada do original para confer\u00eancia.<\/li>\n<\/ul>\n<p>O conte\u00fado program\u00e1tico detalhado e os crit\u00e9rios de pontua\u00e7\u00e3o de cada etapa est\u00e3o dispon\u00edveis no edital completo. Consulte o documento oficial para informa\u00e7\u00f5es sobre disciplinas cobradas e requisitos m\u00ednimos de aprova\u00e7\u00e3o.<\/p>\n<h2>Resultados e Gabarito<\/h2>\n<p>A classifica\u00e7\u00e3o final dos candidatos ser\u00e1 definida conforme a fun\u00e7\u00e3o pretendida:<\/p>\n<ul>\n<li><strong>Cargos com prova objetiva apenas:<\/strong> a nota final corresponder\u00e1 \u00e0 pontua\u00e7\u00e3o obtida na prova objetiva;<\/li>\n<li><strong>Cargos com prova de t\u00edtulos:<\/strong> a nota final ser\u00e1 calculada pela f\u00f3rmula <strong>NF = NPO + T<\/strong> (Nota da Prova Objetiva + T\u00edtulos).<\/li>\n<\/ul>\n<p><strong>Divulga\u00e7\u00e3o do Gabarito:<\/strong> O gabarito oficial ser\u00e1 disponibilizado no site <strong>www.cmmconcursos.com.br<\/strong>, na \u00c1rea do Candidato, entre <strong>14h00 e 18h00 da segunda-feira subsequente<\/strong> \u00e0 aplica\u00e7\u00e3o da prova.<\/p>\n<p><strong>Publica\u00e7\u00e3o dos Resultados:<\/strong> O resultado final ser\u00e1 divulgado em duas listas \u2014 a primeira com a pontua\u00e7\u00e3o de todos os candidatos (incluindo pessoas com defici\u00eancia) e a segunda exclusivamente com a pontua\u00e7\u00e3o dos candidatos PcD.<\/p>\n<p><strong>Homologa\u00e7\u00e3o:<\/strong> Poder\u00e1 ser realizada por fun\u00e7\u00e3o individual ou pelo conjunto de fun\u00e7\u00f5es, a crit\u00e9rio da Administra\u00e7\u00e3o Municipal. A homologa\u00e7\u00e3o oficializa o encerramento do processo seletivo e autoriza a convoca\u00e7\u00e3o dos aprovados.<\/p>\n<p><strong>Validade:<\/strong> O processo seletivo ter\u00e1 validade de <strong>1 (um) ano<\/strong>, contado a partir da homologa\u00e7\u00e3o final, podendo ser <strong>prorrogado por igual per\u00edodo<\/strong>, a crit\u00e9rio da Prefeitura de Monte Azul Paulista.<\/p>\n<p><strong>Canais oficiais para acompanhamento:<\/strong> site da banca organizadora (www.cmmconcursos.com.br), site da Prefeitura Municipal e \u00f3rg\u00e3os oficiais de publica\u00e7\u00e3o do munic\u00edpio.<\/p>\n<p><strong>Aten\u00e7\u00e3o:<\/strong> O acompanhamento de todas as publica\u00e7\u00f5es, comunicados e convoca\u00e7\u00f5es \u00e9 de <strong>responsabilidade exclusiva do candidato<\/strong>. Mantenha seus dados cadastrais atualizados e consulte regularmente os canais oficiais.<\/p>\n","protected":false},"excerpt":{"rendered":"<p>Processo Seletivo Pref. Monte Azul Paulista (SP) com edital publicado! Vagas p\/ Agente e Professores (M\u00e9dio\/Sup.). Inscri\u00e7\u00f5es a partir de 15\/01. Confira detalhes!<\/p>\n","protected":false},"author":7,"featured_media":276924,"comment_status":"open","ping_status":"open","sticky":false,"template":"","format":"standard","meta":{"_acf_changed":false,"_breakdance_hide_in_design_set":false,"_breakdance_tags":"","footnotes":""},"categories":[6433,141,6434,111,100,20,6871,116,119,25],"tags":[62],"_amplo":[],"destaque":[],"instituicoes":[],"class_list":["post-276925","post","type-post","status-publish","format-standard","has-post-thumbnail","hentry","category-biologia-licenciatura","category-educacao-artistica","category-educacao-fisica-licenciatura","category-geografia","category-historia","category-letras","category-letras-ingles","category-matematica","category-musica","category-pedagogia","tag-sao-paulo"],"acf":{"_tipo_vagas":"vagas","_numero_vagas":"","_quadro_vagas":"","_cargos":"diversos","_cargos_especificos":"","_salario_max":"","_abertura":"20260115","_encerramento":"20260126","_inscricoes":"https:\/\/www.cmmconcursos.com.br","_executora_concurso":"","_instituicao_concurso":[],"_link_adicional":null,"_anexos":null,"_produtos":null,"_vagas":"Cadastro Reserva","_salario_min":"","_instituicao":"Prefeitura de Monte Azul Paulista","_edital":"https:\/\/www.agrobase.com.br\/concursos\/wp-content\/uploads\/sites\/4\/2026\/01\/edital-01-2026-prefeitura-de-monte-azul-paulista-sp.pdf","_anexos_edital":"https:\/\/www.agrobase.com.br\/concursos\/wp-content\/uploads\/sites\/4\/2026\/01\/anexos-edital-01-2026-prefeitura-de-monte-azul-paulista-sp.pdf","_fund_incompleto":"","_fund_completo":"","_medio":"<div>\r\n<table class=\"quadro\">\r\n<thead>\r\n<tr>\r\n<th class=\"hcargo\">Cargo<\/th>\r\n<th class=\"hvagas\">Vagas<\/th>\r\n<th class=\"hremuneracao\">Remunera\u00e7\u00e3o<\/th>\r\n<\/tr>\r\n<\/thead>\r\n    <tbody>\r\n      <td class=\"ccargos\">\r\n<span data-balloon-length=\"medium\" aria-label=\"Ensino M\u00e9dio Completo.\" data-balloon-pos=\"up\">AGENTE DE VIDA ESCOLAR<\/span><\/td>\r\n<td class=\"cvagas\">CR<\/td>\r\n<td class=\"cremuneracao\">R$ 1.958,39 \/40h<\/td>\r\n<\/tr>\r\n    <\/tbody>\r\n  <\/table>\r\n<\/div>","_superior":"<div>\r\n<table class=\"quadro\">\r\n<thead>\r\n<tr>\r\n<th class=\"hcargo\">Cargo<\/th>\r\n<th class=\"hvagas\">Vagas<\/th>\r\n<th class=\"hremuneracao\">Remunera\u00e7\u00e3o<\/th>\r\n<\/tr>\r\n<\/thead>\r\n    <tbody>\r\n      <tr>\r\n<td class=\"ccargos\">\r\n<span data-balloon-length=\"medium\" aria-label=\"Curso Normal em n\u00edvel m\u00e9dio ou superior, ou licenciatura Plena em Pedagogia com habilita\u00e7\u00e3o espec\u00edfica.\" data-balloon-pos=\"up\">PROFESSOR DE EDUCA\u00c7\u00c3O B\u00c1SICA I<\/span><\/td>\r\n<td class=\"cvagas\">CR<\/td>\r\n<td class=\"cremuneracao\">R$ 24,33 \/Hora\/Aula<\/td>\r\n<\/tr><tr>\r\n<td class=\"ccargos\">\r\n<span data-balloon-length=\"medium\" aria-label=\"Curso Superior de licenciatura Plena com Habilita\u00e7\u00e3o Espec\u00edfica em \u00e1rea pr\u00f3pria ou forma\u00e7\u00e3o em \u00e1rea correspondente.\" data-balloon-pos=\"up\">PROFESSOR DE EDUCA\u00c7\u00c3O B\u00c1SICA II - CI\u00caNCIAS<\/span><\/td>\r\n<td class=\"cvagas\">CR<\/td>\r\n<td class=\"cremuneracao\">R$ 24,33 \/Hora\/Aula<\/td>\r\n<\/tr><tr>\r\n<td class=\"ccargos\">\r\n<span data-balloon-length=\"medium\" aria-label=\"Curso Superior de licenciatura Plena com Habilita\u00e7\u00e3o Espec\u00edfica em \u00e1rea pr\u00f3pria ou forma\u00e7\u00e3o em \u00e1rea correspondente.\" data-balloon-pos=\"up\">PROFESSOR DE EDUCA\u00c7\u00c3O B\u00c1SICA II - ARTES<\/span><\/td>\r\n<td class=\"cvagas\">CR<\/td>\r\n<td class=\"cremuneracao\">R$ 24,33 \/Hora\/Aula<\/td>\r\n<\/tr><tr>\r\n<td class=\"ccargos\">\r\n<span data-balloon-length=\"medium\" aria-label=\"Curso Superior de licenciatura Plena com Habilita\u00e7\u00e3o Espec\u00edfica em \u00e1rea pr\u00f3pria ou forma\u00e7\u00e3o em \u00e1rea correspondente, e registro no respectivo Conselho de Classe.\" data-balloon-pos=\"up\">PROFESSOR DE EDUCA\u00c7\u00c3O B\u00c1SICA II - EDUCA\u00c7\u00c3O F\u00cdSICA<\/span><\/td>\r\n<td class=\"cvagas\">CR<\/td>\r\n<td class=\"cremuneracao\">R$ 24,33 \/Hora\/Aula<\/td>\r\n<\/tr><tr>\r\n<td class=\"ccargos\">\r\n<span data-balloon-length=\"medium\" aria-label=\"Curso Superior de licenciatura Plena com Habilita\u00e7\u00e3o Espec\u00edfica em \u00e1rea pr\u00f3pria ou forma\u00e7\u00e3o em \u00e1rea correspondente.\" data-balloon-pos=\"up\">PROFESSOR DE EDUCA\u00c7\u00c3O B\u00c1SICA II - GEOGRAFIA<\/span><\/td>\r\n<td class=\"cvagas\">CR<\/td>\r\n<td class=\"cremuneracao\">R$ 24,33 \/Hora\/Aula<\/td>\r\n<\/tr><tr>\r\n<td class=\"ccargos\">\r\n<span data-balloon-length=\"medium\" aria-label=\"Curso Superior de licenciatura Plena com Habilita\u00e7\u00e3o Espec\u00edfica em \u00e1rea pr\u00f3pria ou forma\u00e7\u00e3o em \u00e1rea correspondente.\" data-balloon-pos=\"up\">PROFESSOR DE EDUCA\u00c7\u00c3O B\u00c1SICA II - HIST\u00d3RIA<\/span><\/td>\r\n<td class=\"cvagas\">CR<\/td>\r\n<td class=\"cremuneracao\">R$ 24,33 \/Hora\/Aula<\/td>\r\n<\/tr><tr>\r\n<td class=\"ccargos\">\r\n<span data-balloon-length=\"medium\" aria-label=\"Curso Superior de licenciatura Plena com Habilita\u00e7\u00e3o Espec\u00edfica em \u00e1rea pr\u00f3pria ou forma\u00e7\u00e3o em \u00e1rea correspondente.\" data-balloon-pos=\"up\">PROFESSOR DE EDUCA\u00c7\u00c3O B\u00c1SICA II - MATEM\u00c1TICA<\/span><\/td>\r\n<td class=\"cvagas\">CR<\/td>\r\n<td class=\"cremuneracao\">R$ 24,33 \/Hora\/Aula<\/td>\r\n<\/tr><tr>\r\n<td class=\"ccargos\">\r\n<span data-balloon-length=\"medium\" aria-label=\"Curso Superior de licenciatura Plena com Habilita\u00e7\u00e3o Espec\u00edfica em \u00e1rea pr\u00f3pria ou forma\u00e7\u00e3o em \u00e1rea correspondente.\" data-balloon-pos=\"up\">PROFESSOR DE EDUCA\u00c7\u00c3O B\u00c1SICA II - PORTUGU\u00caS<\/span><\/td>\r\n<td class=\"cvagas\">CR<\/td>\r\n<td class=\"cremuneracao\">R$ 24,33 \/Hora\/Aula<\/td>\r\n<\/tr><tr>\r\n<td class=\"ccargos\">\r\n<span data-balloon-length=\"medium\" aria-label=\"Curso Superior de licenciatura Plena com Habilita\u00e7\u00e3o Espec\u00edfica em \u00e1rea pr\u00f3pria ou forma\u00e7\u00e3o em \u00e1rea correspondente.\" data-balloon-pos=\"up\">PROFESSOR DE EDUCA\u00c7\u00c3O B\u00c1SICA II - INGL\u00caS<\/span><\/td>\r\n<td class=\"cvagas\">CR<\/td>\r\n<td class=\"cremuneracao\">R$ 24,33 \/Hora\/Aula<\/td>\r\n<\/tr><tr>\r\n<td class=\"ccargos\">\r\n<span data-balloon-length=\"medium\" aria-label=\"Curso Superior de licenciatura Plena com Habilita\u00e7\u00e3o Espec\u00edfica em \u00e1rea pr\u00f3pria ou forma\u00e7\u00e3o em \u00e1rea correspondente.\" data-balloon-pos=\"up\">PROFESSOR DE EDUCA\u00c7\u00c3O B\u00c1SICA II - M\u00daSICA<\/span><\/td>\r\n<td class=\"cvagas\">CR<\/td>\r\n<td class=\"cremuneracao\">R$ 24,33 \/Hora\/Aula<\/td>\r\n<\/tr>\r\n    <\/tbody>\r\n  <\/table>\r\n<\/div>"},"_links":{"self":[{"href":"https:\/\/www.agrobase.com.br\/concursos\/wp-json\/wp\/v2\/posts\/276925","targetHints":{"allow":["GET"]}}],"collection":[{"href":"https:\/\/www.agrobase.com.br\/concursos\/wp-json\/wp\/v2\/posts"}],"about":[{"href":"https:\/\/www.agrobase.com.br\/concursos\/wp-json\/wp\/v2\/types\/post"}],"author":[{"embeddable":true,"href":"https:\/\/www.agrobase.com.br\/concursos\/wp-json\/wp\/v2\/users\/7"}],"replies":[{"embeddable":true,"href":"https:\/\/www.agrobase.com.br\/concursos\/wp-json\/wp\/v2\/comments?post=276925"}],"version-history":[{"count":2,"href":"https:\/\/www.agrobase.com.br\/concursos\/wp-json\/wp\/v2\/posts\/276925\/revisions"}],"predecessor-version":[{"id":276929,"href":"https:\/\/www.agrobase.com.br\/concursos\/wp-json\/wp\/v2\/posts\/276925\/revisions\/276929"}],"wp:featuredmedia":[{"embeddable":true,"href":"https:\/\/www.agrobase.com.br\/concursos\/wp-json\/wp\/v2\/media\/276924"}],"wp:attachment":[{"href":"https:\/\/www.agrobase.com.br\/concursos\/wp-json\/wp\/v2\/media?parent=276925"}],"wp:term":[{"taxonomy":"category","embeddable":true,"href":"https:\/\/www.agrobase.com.br\/concursos\/wp-json\/wp\/v2\/categories?post=276925"},{"taxonomy":"post_tag","embeddable":true,"href":"https:\/\/www.agrobase.com.br\/concursos\/wp-json\/wp\/v2\/tags?post=276925"},{"taxonomy":"_amplo","embeddable":true,"href":"https:\/\/www.agrobase.com.br\/concursos\/wp-json\/wp\/v2\/_amplo?post=276925"},{"taxonomy":"destaque","embeddable":true,"href":"https:\/\/www.agrobase.com.br\/concursos\/wp-json\/wp\/v2\/destaque?post=276925"},{"taxonomy":"instituicoes","embeddable":true,"href":"https:\/\/www.agrobase.com.br\/concursos\/wp-json\/wp\/v2\/instituicoes?post=276925"}],"curies":[{"name":"wp","href":"https:\/\/api.w.org\/{rel}","templated":true}]}}