{"id":276883,"date":"2026-01-16T07:51:45","date_gmt":"2026-01-16T10:51:45","guid":{"rendered":"https:\/\/www.agrobase.com.br\/concursos\/?p=276883"},"modified":"2026-01-15T13:53:22","modified_gmt":"2026-01-15T16:53:22","slug":"prefeitura-barrinha-sp-selecao-simplificada-01-2026","status":"publish","type":"post","link":"https:\/\/www.agrobase.com.br\/concursos\/2026\/prefeitura-barrinha-sp-selecao-simplificada-01-2026\/","title":{"rendered":"Prefeitura Barrinha (SP) &#8211; Sele\u00e7\u00e3o Simplificada 01\/2026"},"content":{"rendered":"<h2>Informa\u00e7\u00f5es Gerais<\/h2>\n<p>A <strong>Prefeitura Municipal de Barrinha<\/strong>, no estado de S\u00e3o Paulo, publicou o <strong>Processo Seletivo Simplificado n\u00ba 001\/2026<\/strong> para forma\u00e7\u00e3o de <strong>cadastro reserva<\/strong> visando contrata\u00e7\u00f5es tempor\u00e1rias em diversas fun\u00e7\u00f5es p\u00fablicas. O certame \u00e9 organizado pelo INEPAM (Instituto Nacional Especializado em Pesquisa e Apoio aos Munic\u00edpios).<\/p>\n<p>As contrata\u00e7\u00f5es ser\u00e3o realizadas sob <strong>Regime Jur\u00eddico Administrativo<\/strong>, em car\u00e1ter tempor\u00e1rio, conforme previsto no artigo 37, inciso IX, da Constitui\u00e7\u00e3o Federal. Importante destacar que essas admiss\u00f5es n\u00e3o geram v\u00ednculo empregat\u00edcio permanente nem expectativa de estabilidade.<\/p>\n<p>O processo seletivo contempla oportunidades para os tr\u00eas n\u00edveis de escolaridade: <strong>Fundamental Completo<\/strong>, <strong>M\u00e9dio\/T\u00e9cnico<\/strong> e <strong>Superior<\/strong>. A remunera\u00e7\u00e3o varia de <strong>R$ 1.565,36<\/strong> a <strong>R$ 5.320,92<\/strong>, dependendo da fun\u00e7\u00e3o.<\/p>\n<p>As vagas abrangem principalmente a \u00e1rea da <strong>Educa\u00e7\u00e3o<\/strong>, com destaque para fun\u00e7\u00f5es de Professor de Educa\u00e7\u00e3o B\u00e1sica I e II em diversas disciplinas (Artes, Ci\u00eancias, Educa\u00e7\u00e3o F\u00edsica, Geografia, Hist\u00f3ria, Ingl\u00eas, Espanhol, L\u00edngua Portuguesa, Matem\u00e1tica, M\u00fasica, Libras e Xadrez), al\u00e9m de Professor de Educa\u00e7\u00e3o Infantil, Professor de Educa\u00e7\u00e3o Especial e Psicopedagogo. Tamb\u00e9m h\u00e1 oportunidades para Auxiliar de Desenvolvimento Infantil, Profissional de Apoio Escolar e Servi\u00e7os Bra\u00e7ais.<\/p>\n<p>Continue a leitura para conhecer todos os detalhes sobre inscri\u00e7\u00f5es, etapas de sele\u00e7\u00e3o e como acompanhar os resultados deste processo seletivo em Barrinha\/SP.<\/p>\n<h2>Inscri\u00e7\u00f5es<\/h2>\n<p>As inscri\u00e7\u00f5es para o Processo Seletivo Simplificado n\u00ba 001\/2026 da Prefeitura de Barrinha\/SP estar\u00e3o abertas no per\u00edodo de <strong>10h do dia 12 de janeiro de 2026<\/strong> at\u00e9 as <strong>16h do dia 28 de janeiro de 2026<\/strong>.<\/p>\n<p>As inscri\u00e7\u00f5es devem ser realizadas <strong>exclusivamente pela internet<\/strong>, atrav\u00e9s do site <strong>www.inepam.org.br<\/strong>. N\u00e3o haver\u00e1 inscri\u00e7\u00e3o presencial.<\/p>\n<p><strong>Procedimento para inscri\u00e7\u00e3o:<\/strong><\/p>\n<ul>\n<li>Acessar o site www.inepam.org.br;<\/li>\n<li>Localizar o link do Processo Seletivo Simplificado n\u00ba 001\/2026 da Prefeitura Municipal de Barrinha;<\/li>\n<li>Ler o edital na \u00edntegra e preencher corretamente a ficha de inscri\u00e7\u00e3o;<\/li>\n<li>Transmitir os dados da inscri\u00e7\u00e3o;<\/li>\n<li>Imprimir o boleto banc\u00e1rio;<\/li>\n<li>Efetuar o pagamento da taxa de inscri\u00e7\u00e3o.<\/li>\n<\/ul>\n<p>O <strong>pagamento do boleto<\/strong> dever\u00e1 ser realizado em qualquer ag\u00eancia banc\u00e1ria ou casa lot\u00e9rica <strong>at\u00e9 o dia 28 de janeiro de 2026<\/strong>.<\/p>\n<p><strong>Aten\u00e7\u00e3o:<\/strong> \u00c0s 16h (hor\u00e1rio de Bras\u00edlia) do \u00faltimo dia de inscri\u00e7\u00f5es, a ficha de inscri\u00e7\u00e3o e o boleto banc\u00e1rio, inclusive a 2\u00aa via, n\u00e3o estar\u00e3o mais dispon\u00edveis no site.<\/p>\n<p>O edital recomenda que o candidato tome conhecimento de todos os requisitos e condi\u00e7\u00f5es exigidas antes de efetuar o pagamento, evitando \u00f4nus desnecess\u00e1rio. A inscri\u00e7\u00e3o implica aceita\u00e7\u00e3o t\u00e1cita de todas as normas estabelecidas no edital.<\/p>\n<p>Consulte o edital completo para verificar os valores das taxas de inscri\u00e7\u00e3o por fun\u00e7\u00e3o e eventuais crit\u00e9rios de isen\u00e7\u00e3o.<\/p>\n<h2>Etapas e Provas<\/h2>\n<p>O Processo Seletivo Simplificado n\u00ba 001\/2026 da Prefeitura de Barrinha\/SP ser\u00e1 composto por duas etapas de avalia\u00e7\u00e3o:<\/p>\n<p><strong>1. Prova Objetiva<\/strong><\/p>\n<ul>\n<li><strong>Car\u00e1ter:<\/strong> Eliminat\u00f3rio e classificat\u00f3rio<\/li>\n<li><strong>Aplica\u00e7\u00e3o para:<\/strong> Todas as fun\u00e7\u00f5es<\/li>\n<li><strong>Data prevista:<\/strong> 08 de fevereiro de 2026<\/li>\n<li><strong>Hor\u00e1rios de fechamento dos port\u00f5es:<\/strong> 09h (1\u00ba per\u00edodo), 13h (2\u00ba per\u00edodo) e 16h (3\u00ba per\u00edodo)<\/li>\n<li><strong>Dura\u00e7\u00e3o:<\/strong> 2 horas (incluindo tempo para preenchimento da folha de respostas)<\/li>\n<\/ul>\n<p><strong>2. Prova de T\u00edtulos<\/strong><\/p>\n<ul>\n<li><strong>Car\u00e1ter:<\/strong> Classificat\u00f3rio<\/li>\n<li><strong>Aplica\u00e7\u00e3o para:<\/strong> Todas as fun\u00e7\u00f5es<\/li>\n<li><strong>Entrega dos documentos:<\/strong> No mesmo dia, local e per\u00edodo da realiza\u00e7\u00e3o da Prova Objetiva<\/li>\n<li><strong>Prazo:<\/strong> Da abertura dos port\u00f5es at\u00e9 o encerramento das provas. Ap\u00f3s esse per\u00edodo, os documentos n\u00e3o ser\u00e3o aceitos.<\/li>\n<\/ul>\n<p>Os candidatos que desejarem pontuar na Prova de T\u00edtulos devem comparecer munidos da documenta\u00e7\u00e3o comprobat\u00f3ria no dia da aplica\u00e7\u00e3o da prova objetiva.<\/p>\n<p>Para informa\u00e7\u00f5es detalhadas sobre o conte\u00fado program\u00e1tico das provas, crit\u00e9rios de pontua\u00e7\u00e3o, nota m\u00ednima para aprova\u00e7\u00e3o e documentos aceitos na prova de t\u00edtulos, consulte o edital completo e seus anexos.<\/p>\n<h2>Resultados e Gabarito<\/h2>\n<p>A divulga\u00e7\u00e3o dos resultados do Processo Seletivo Simplificado n\u00ba 001\/2026 da Prefeitura de Barrinha\/SP seguir\u00e1 o cronograma estabelecido no Anexo VI do edital.<\/p>\n<p><strong>Principais datas previstas:<\/strong><\/p>\n<ul>\n<li><strong>Gabarito oficial da prova objetiva:<\/strong> Ser\u00e1 disponibilizado nos sites www.inepam.org.br e www.barrinha.sp.gov.br, conforme cronograma;<\/li>\n<li><strong>Classifica\u00e7\u00e3o e nota da prova objetiva:<\/strong> Previs\u00e3o de divulga\u00e7\u00e3o em <strong>19 de fevereiro de 2026<\/strong>;<\/li>\n<li><strong>Homologa\u00e7\u00e3o do resultado final:<\/strong> Prevista para <strong>24 de fevereiro de 2026<\/strong>.<\/li>\n<\/ul>\n<p><strong>Onde acompanhar:<\/strong><\/p>\n<ul>\n<li>Site da banca organizadora: <strong>www.inepam.org.br<\/strong><\/li>\n<li>Site da Prefeitura: <strong>www.barrinha.sp.gov.br<\/strong><\/li>\n<\/ul>\n<p>Ap\u00f3s a publica\u00e7\u00e3o da Classifica\u00e7\u00e3o Final e vencido o prazo para interposi\u00e7\u00e3o de recursos, a Prefeitura Municipal de Barrinha proceder\u00e1 \u00e0 homologa\u00e7\u00e3o do processo seletivo. A partir da homologa\u00e7\u00e3o, os candidatos aprovados ser\u00e3o convocados para anu\u00eancia \u00e0 contrata\u00e7\u00e3o, respeitando rigorosamente a ordem de classifica\u00e7\u00e3o e conforme a necessidade da Administra\u00e7\u00e3o Municipal.<\/p>\n<p><strong>Importante:<\/strong> O acompanhamento de todas as publica\u00e7\u00f5es oficiais, incluindo convoca\u00e7\u00f5es, retifica\u00e7\u00f5es e demais comunicados, \u00e9 de <strong>responsabilidade exclusiva do candidato<\/strong>. Recomenda-se consultar regularmente os canais oficiais de divulga\u00e7\u00e3o durante toda a validade do certame.<\/p>\n","protected":false},"excerpt":{"rendered":"<p>Sel. Simplificada Pref. Barrinha (SP) com edital publicado! Vagas p\/ Professor e Psicopedagogo (Fund. a Sup.). Inscri\u00e7\u00f5es a partir de 12\/01. Confira detalhes!<\/p>\n","protected":false},"author":7,"featured_media":276882,"comment_status":"open","ping_status":"open","sticky":false,"template":"","format":"standard","meta":{"_acf_changed":false,"_breakdance_hide_in_design_set":false,"_breakdance_tags":"","footnotes":""},"categories":[6433,6434,111,100,20,6872,6871,116,119,25],"tags":[62],"_amplo":[],"destaque":[],"instituicoes":[],"class_list":["post-276883","post","type-post","status-publish","format-standard","has-post-thumbnail","hentry","category-biologia-licenciatura","category-educacao-fisica-licenciatura","category-geografia","category-historia","category-letras","category-letras-espanhol","category-letras-ingles","category-matematica","category-musica","category-pedagogia","tag-sao-paulo"],"acf":{"_tipo_vagas":"vagas","_numero_vagas":"","_quadro_vagas":"","_cargos":"diversos","_cargos_especificos":"","_salario_max":"R$ 5320.92","_abertura":"20260112","_encerramento":"20260128","_inscricoes":"https:\/\/www.inepam.org.br","_executora_concurso":"","_instituicao_concurso":[],"_link_adicional":null,"_anexos":[{"_arquivo_anexo":276887,"_titulo_anexo":"Edital de retifica\u00e7\u00e3o"}],"_produtos":null,"_vagas":"Cadastro Reserva","_salario_min":"R$ 1565.36","_instituicao":"Prefeitura de Barrinha","_edital":"https:\/\/www.agrobase.com.br\/concursos\/wp-content\/uploads\/sites\/4\/2026\/01\/edital-01-2026-prefeitura-de-barrinha-sp.pdf","_anexos_edital":"https:\/\/www.agrobase.com.br\/concursos\/wp-content\/uploads\/sites\/4\/2026\/01\/anexos-edital-01-2026-prefeitura-de-barrinha-sp.pdf","_fund_incompleto":"","_fund_completo":"<div>\r\n<table class=\"quadro\">\r\n<thead>\r\n<tr>\r\n<th class=\"hcargo\">Cargo<\/th>\r\n<th class=\"hvagas\">Vagas<\/th>\r\n<th class=\"hremuneracao\">Remunera\u00e7\u00e3o<\/th>\r\n<\/tr>\r\n<\/thead>\r\n    <tbody>\r\n      <td class=\"ccargos\">\r\n<span data-balloon-length=\"medium\" aria-label=\"Ensino Fundamental Completo.\" data-balloon-pos=\"up\">Servi\u00e7os Bra\u00e7ais<\/span><\/td>\r\n<td class=\"cvagas\">CR<\/td>\r\n<td class=\"cremuneracao\">R$ 1.565,36 \/40h<\/td>\r\n<\/tr>\r\n    <\/tbody>\r\n  <\/table>\r\n<\/div>","_medio":"<div>\r\n<table class=\"quadro\">\r\n<thead>\r\n<tr>\r\n<th class=\"hcargo\">Cargo<\/th>\r\n<th class=\"hvagas\">Vagas<\/th>\r\n<th class=\"hremuneracao\">Remunera\u00e7\u00e3o<\/th>\r\n<\/tr>\r\n<\/thead>\r\n    <tbody>\r\n      <td class=\"ccargos\">\r\n<span data-balloon-length=\"medium\" aria-label=\"Ensino M\u00e9dio.\" data-balloon-pos=\"up\">Auxiliar De Desenvolvimento Infantil<\/span><\/td>\r\n<td class=\"cvagas\">CR<\/td>\r\n<td class=\"cremuneracao\">R$ 1.565,36 \/40h<\/td>\r\n<\/tr><td class=\"ccargos\">\r\n<span data-balloon-length=\"medium\" aria-label=\"Ensino M\u00e9dio.\" data-balloon-pos=\"up\">Profissional De Apoio Escolar<\/span><\/td>\r\n<td class=\"cvagas\">CR<\/td>\r\n<td class=\"cremuneracao\">R$ 2.028,35 \/40h<\/td>\r\n<\/tr>\r\n    <\/tbody>\r\n  <\/table>\r\n<\/div>","_superior":"<div>\r\n<table class=\"quadro\">\r\n<thead>\r\n<tr>\r\n<th class=\"hcargo\">Cargo<\/th>\r\n<th class=\"hvagas\">Vagas<\/th>\r\n<th class=\"hremuneracao\">Remunera\u00e7\u00e3o<\/th>\r\n<\/tr>\r\n<\/thead>\r\n    <tbody>\r\n      <tr>\r\n<td class=\"ccargos\">\r\n<span data-balloon-length=\"medium\" aria-label=\"Curso Superior, Gradua\u00e7\u00e3o em Licenciatura Plena em Pedagogia ou Curso Normal Superior com habilita\u00e7\u00e3o para o ensino dos anos iniciais do Ensino Fundamental (1\u00ba ao 5\u00ba ano).\" data-balloon-pos=\"up\">Professor De Educa\u00e7\u00e3o B\u00e1sica I<\/span><\/td>\r\n<td class=\"cvagas\">CR<\/td>\r\n<td class=\"cremuneracao\">R$ 2.737,48 \/150h<\/td>\r\n<\/tr><tr>\r\n<td class=\"ccargos\">\r\n<span data-balloon-length=\"medium\" aria-label=\"Curso Superior, Gradua\u00e7\u00e3o em Licenciatura Plena, com habilita\u00e7\u00e3o espec\u00edfica na disciplina.\" data-balloon-pos=\"up\">Professor De Educa\u00e7\u00e3o B\u00e1sica II - Artes<\/span><\/td>\r\n<td class=\"cvagas\">CR<\/td>\r\n<td class=\"cremuneracao\">R$ 18,25 \/Jornada Conforme Legisla\u00e7\u00e3o<\/td>\r\n<\/tr><tr>\r\n<td class=\"ccargos\">\r\n<span data-balloon-length=\"medium\" aria-label=\"Curso Superior, Gradua\u00e7\u00e3o em Licenciatura Plena, com habilita\u00e7\u00e3o espec\u00edfica na disciplina.\" data-balloon-pos=\"up\">Professor De Educa\u00e7\u00e3o B\u00e1sica II - Ci\u00eancias<\/span><\/td>\r\n<td class=\"cvagas\">CR<\/td>\r\n<td class=\"cremuneracao\">R$ 18,25 \/Jornada Conforme Legisla\u00e7\u00e3o<\/td>\r\n<\/tr><tr>\r\n<td class=\"ccargos\">\r\n<span data-balloon-length=\"medium\" aria-label=\"Licenciatura Plena e registro no Sistema CONFEF\/CREFS.\" data-balloon-pos=\"up\">Professor De Educa\u00e7\u00e3o B\u00e1sica II - Educa\u00e7\u00e3o F\u00edsica<\/span><\/td>\r\n<td class=\"cvagas\">CR<\/td>\r\n<td class=\"cremuneracao\">R$ 18,25 \/Jornada Conforme Legisla\u00e7\u00e3o<\/td>\r\n<\/tr><tr>\r\n<td class=\"ccargos\">\r\n<span data-balloon-length=\"medium\" aria-label=\"Licenciatura Plena, registro CONFEF\/CREFS, com Pr\u00e1tica em Aulas de Dan\u00e7a\/Balett comprovada.\" data-balloon-pos=\"up\">Professor De Educa\u00e7\u00e3o B\u00e1sica II - Educa\u00e7\u00e3o F\u00edsica - Dan\u00e7a\/Ballet<\/span><\/td>\r\n<td class=\"cvagas\">CR<\/td>\r\n<td class=\"cremuneracao\">R$ 18,25 \/Jornada Conforme Legisla\u00e7\u00e3o<\/td>\r\n<\/tr><tr>\r\n<td class=\"ccargos\">\r\n<span data-balloon-length=\"medium\" aria-label=\"Curso Superior, Gradua\u00e7\u00e3o em Licenciatura Plena, com habilita\u00e7\u00e3o espec\u00edfica na disciplina.\" data-balloon-pos=\"up\">Professor De Educa\u00e7\u00e3o B\u00e1sica II - Espanhol<\/span><\/td>\r\n<td class=\"cvagas\">CR<\/td>\r\n<td class=\"cremuneracao\">R$ 18,25 \/Jornada Conforme Legisla\u00e7\u00e3o<\/td>\r\n<\/tr><tr>\r\n<td class=\"ccargos\">\r\n<span data-balloon-length=\"medium\" aria-label=\"Curso Superior, Gradua\u00e7\u00e3o em Licenciatura Plena, com habilita\u00e7\u00e3o espec\u00edfica na disciplina.\" data-balloon-pos=\"up\">Professor De Educa\u00e7\u00e3o B\u00e1sica II - Geografia<\/span><\/td>\r\n<td class=\"cvagas\">CR<\/td>\r\n<td class=\"cremuneracao\">R$ 18,25 \/Jornada Conforme Legisla\u00e7\u00e3o<\/td>\r\n<\/tr><tr>\r\n<td class=\"ccargos\">\r\n<span data-balloon-length=\"medium\" aria-label=\"Curso Superior, Gradua\u00e7\u00e3o em Licenciatura Plena, com habilita\u00e7\u00e3o espec\u00edfica na disciplina.\" data-balloon-pos=\"up\">Professor De Educa\u00e7\u00e3o B\u00e1sica II - Hist\u00f3ria<\/span><\/td>\r\n<td class=\"cvagas\">CR<\/td>\r\n<td class=\"cremuneracao\">R$ 18,25 \/Jornada Conforme Legisla\u00e7\u00e3o<\/td>\r\n<\/tr><tr>\r\n<td class=\"ccargos\">\r\n<span data-balloon-length=\"medium\" aria-label=\"Curso Superior, Gradua\u00e7\u00e3o em Licenciatura Plena, com habilita\u00e7\u00e3o espec\u00edfica na disciplina.\" data-balloon-pos=\"up\">Professor De Educa\u00e7\u00e3o B\u00e1sica II - Ingl\u00eas<\/span><\/td>\r\n<td class=\"cvagas\">CR<\/td>\r\n<td class=\"cremuneracao\">R$ 18,25 \/Jornada Conforme Legisla\u00e7\u00e3o<\/td>\r\n<\/tr><tr>\r\n<td class=\"ccargos\">\r\n<span data-balloon-length=\"medium\" aria-label=\"Gradua\u00e7\u00e3o em Pedagogia\/Normal Superior com certifica\u00e7\u00e3o Prolibras; ou Gradua\u00e7\u00e3o em Letras com habilita\u00e7\u00e3o em Libras.\" data-balloon-pos=\"up\">Professor De Educa\u00e7\u00e3o B\u00e1sica II - L\u00edngua Brasileira De Sinais (Libras)<\/span><\/td>\r\n<td class=\"cvagas\">CR<\/td>\r\n<td class=\"cremuneracao\">R$ 18,25 \/Jornada Conforme Legisla\u00e7\u00e3o<\/td>\r\n<\/tr><tr>\r\n<td class=\"ccargos\">\r\n<span data-balloon-length=\"medium\" aria-label=\"Curso Superior, Gradua\u00e7\u00e3o em Licenciatura Plena, com habilita\u00e7\u00e3o espec\u00edfica na disciplina.\" data-balloon-pos=\"up\">Professor De Educa\u00e7\u00e3o B\u00e1sica II - L\u00edngua Portuguesa<\/span><\/td>\r\n<td class=\"cvagas\">CR<\/td>\r\n<td class=\"cremuneracao\">R$ 18,25 \/Jornada Conforme Legisla\u00e7\u00e3o<\/td>\r\n<\/tr><tr>\r\n<td class=\"ccargos\">\r\n<span data-balloon-length=\"medium\" aria-label=\"Curso Superior, Gradua\u00e7\u00e3o em Licenciatura Plena, com habilita\u00e7\u00e3o espec\u00edfica na disciplina.\" data-balloon-pos=\"up\">Professor De Educa\u00e7\u00e3o B\u00e1sica II - Matem\u00e1tica<\/span><\/td>\r\n<td class=\"cvagas\">CR<\/td>\r\n<td class=\"cremuneracao\">R$ 18,25 \/Jornada Conforme Legisla\u00e7\u00e3o<\/td>\r\n<\/tr><tr>\r\n<td class=\"ccargos\">\r\n<span data-balloon-length=\"medium\" aria-label=\"Curso Superior, Gradua\u00e7\u00e3o em Licenciatura Plena, com habilita\u00e7\u00e3o espec\u00edfica na disciplina.\" data-balloon-pos=\"up\">Professor De Educa\u00e7\u00e3o B\u00e1sica II - M\u00fasica<\/span><\/td>\r\n<td class=\"cvagas\">CR<\/td>\r\n<td class=\"cremuneracao\">R$ 18,25 \/Jornada Conforme Legisla\u00e7\u00e3o<\/td>\r\n<\/tr><tr>\r\n<td class=\"ccargos\">\r\n<span data-balloon-length=\"medium\" aria-label=\"Licenciatura Plena e registro no Sistema CONFEF\/CREFS, com Pr\u00e1tica em Aulas de Xadrez comprovada.\" data-balloon-pos=\"up\">Professor De Educa\u00e7\u00e3o B\u00e1sica II - Xadrez<\/span><\/td>\r\n<td class=\"cvagas\">CR<\/td>\r\n<td class=\"cremuneracao\">R$ 18,25 \/Jornada Conforme Legisla\u00e7\u00e3o<\/td>\r\n<\/tr><tr>\r\n<td class=\"ccargos\">\r\n<span data-balloon-length=\"medium\" aria-label=\"Licenciatura Plena em Pedagogia com habilita\u00e7\u00e3o em Educa\u00e7\u00e3o Especial ou P\u00f3s-Gradua\u00e7\u00e3o (m\u00ednimo 360h\/600h) na \u00e1rea.\" data-balloon-pos=\"up\">Professor De Educa\u00e7\u00e3o Especial<\/span><\/td>\r\n<td class=\"cvagas\">CR<\/td>\r\n<td class=\"cremuneracao\">R$ 18,25 \/Jornada Conforme Legisla\u00e7\u00e3o<\/td>\r\n<\/tr><tr>\r\n<td class=\"ccargos\">\r\n<span data-balloon-length=\"medium\" aria-label=\"Curso Superior, Gradua\u00e7\u00e3o em Licenciatura Plena em Pedagogia ou Curso Normal Superior com habilita\u00e7\u00e3o para Educa\u00e7\u00e3o Infantil.\" data-balloon-pos=\"up\">Professor De Educa\u00e7\u00e3o Infantil<\/span><\/td>\r\n<td class=\"cvagas\">CR<\/td>\r\n<td class=\"cremuneracao\">R$ 2.737,48 \/150h<\/td>\r\n<\/tr><tr>\r\n<td class=\"ccargos\">\r\n<span data-balloon-length=\"medium\" aria-label=\"Ensino Superior em Psicopedagogia com Registro no Conselho de Classe.\" data-balloon-pos=\"up\">Psicopedagogo<\/span><\/td>\r\n<td class=\"cvagas\">CR<\/td>\r\n<td class=\"cremuneracao\">R$ 5.320,92 \/30h<\/td>\r\n<\/tr>\r\n    <\/tbody>\r\n  <\/table>\r\n<\/div>"},"_links":{"self":[{"href":"https:\/\/www.agrobase.com.br\/concursos\/wp-json\/wp\/v2\/posts\/276883","targetHints":{"allow":["GET"]}}],"collection":[{"href":"https:\/\/www.agrobase.com.br\/concursos\/wp-json\/wp\/v2\/posts"}],"about":[{"href":"https:\/\/www.agrobase.com.br\/concursos\/wp-json\/wp\/v2\/types\/post"}],"author":[{"embeddable":true,"href":"https:\/\/www.agrobase.com.br\/concursos\/wp-json\/wp\/v2\/users\/7"}],"replies":[{"embeddable":true,"href":"https:\/\/www.agrobase.com.br\/concursos\/wp-json\/wp\/v2\/comments?post=276883"}],"version-history":[{"count":2,"href":"https:\/\/www.agrobase.com.br\/concursos\/wp-json\/wp\/v2\/posts\/276883\/revisions"}],"predecessor-version":[{"id":276888,"href":"https:\/\/www.agrobase.com.br\/concursos\/wp-json\/wp\/v2\/posts\/276883\/revisions\/276888"}],"wp:featuredmedia":[{"embeddable":true,"href":"https:\/\/www.agrobase.com.br\/concursos\/wp-json\/wp\/v2\/media\/276882"}],"wp:attachment":[{"href":"https:\/\/www.agrobase.com.br\/concursos\/wp-json\/wp\/v2\/media?parent=276883"}],"wp:term":[{"taxonomy":"category","embeddable":true,"href":"https:\/\/www.agrobase.com.br\/concursos\/wp-json\/wp\/v2\/categories?post=276883"},{"taxonomy":"post_tag","embeddable":true,"href":"https:\/\/www.agrobase.com.br\/concursos\/wp-json\/wp\/v2\/tags?post=276883"},{"taxonomy":"_amplo","embeddable":true,"href":"https:\/\/www.agrobase.com.br\/concursos\/wp-json\/wp\/v2\/_amplo?post=276883"},{"taxonomy":"destaque","embeddable":true,"href":"https:\/\/www.agrobase.com.br\/concursos\/wp-json\/wp\/v2\/destaque?post=276883"},{"taxonomy":"instituicoes","embeddable":true,"href":"https:\/\/www.agrobase.com.br\/concursos\/wp-json\/wp\/v2\/instituicoes?post=276883"}],"curies":[{"name":"wp","href":"https:\/\/api.w.org\/{rel}","templated":true}]}}