{"id":276878,"date":"2026-01-16T07:40:48","date_gmt":"2026-01-16T10:40:48","guid":{"rendered":"https:\/\/www.agrobase.com.br\/concursos\/?p=276878"},"modified":"2026-01-15T13:46:43","modified_gmt":"2026-01-15T16:46:43","slug":"prefeitura-maracanau-ce-concurso-01-2026","status":"publish","type":"post","link":"https:\/\/www.agrobase.com.br\/concursos\/2026\/prefeitura-maracanau-ce-concurso-01-2026\/","title":{"rendered":"Prefeitura Maracana\u00fa (CE) &#8211; Concurso 01\/2026"},"content":{"rendered":"<h2>Informa\u00e7\u00f5es Gerais<\/h2>\n<p>A <strong>Prefeitura Municipal de Maracana\u00fa<\/strong>, no Cear\u00e1, publicou edital de <strong>Concurso P\u00fablico de Provas e T\u00edtulos<\/strong> para provimento de vagas no Quadro Permanente de Pessoal do Poder Executivo Municipal. O certame \u00e9 organizado pela Secretaria de Recursos Humanos e Patrimoniais, com execu\u00e7\u00e3o pela Funda\u00e7\u00e3o CETREDE\/UFC.<\/p>\n<p>S\u00e3o oferecidas <strong>100 vagas imediatas<\/strong> para o cargo de <strong>Professor da Educa\u00e7\u00e3o B\u00e1sica<\/strong>, em regime estatut\u00e1rio, com remunera\u00e7\u00e3o de <strong>R$ 5.661,59<\/strong> para jornada de 40 horas semanais. Todas as vagas exigem <strong>n\u00edvel superior<\/strong> com Licenciatura Plena na \u00e1rea de atua\u00e7\u00e3o.<\/p>\n<p>As oportunidades contemplam diversas especialidades da educa\u00e7\u00e3o b\u00e1sica, incluindo: Educa\u00e7\u00e3o Infantil, Alfabetizador (1\u00ba e 2\u00ba ano), Fundamental (3\u00ba ao 5\u00ba ano), L\u00edngua Portuguesa, L\u00edngua Inglesa, Arte e Educa\u00e7\u00e3o, Educa\u00e7\u00e3o F\u00edsica, Matem\u00e1tica, Ci\u00eancias, Hist\u00f3ria, Geografia e Ensino Religioso. Destaca-se que o cargo de <strong>Professor de Ci\u00eancias (6\u00ba ao 9\u00ba ano)<\/strong> aceita gradua\u00e7\u00e3o em <strong>Licenciatura Plena em Biologia<\/strong> ou Ci\u00eancias Biol\u00f3gicas, al\u00e9m de Qu\u00edmica e F\u00edsica.<\/p>\n<p>Continue a leitura para conhecer os detalhes sobre inscri\u00e7\u00f5es, etapas do processo seletivo e como acompanhar os resultados.<\/p>\n<h2>Inscri\u00e7\u00f5es<\/h2>\n<p>As <strong>inscri\u00e7\u00f5es para o Concurso P\u00fablico da Prefeitura de Maracana\u00fa-CE<\/strong> estar\u00e3o abertas no per\u00edodo de <strong>15 de janeiro de 2026 a 16 de fevereiro de 2026<\/strong>, exclusivamente pela internet.<\/p>\n<p>A <strong>taxa de inscri\u00e7\u00e3o<\/strong> \u00e9 de <strong>R$ 140,00<\/strong> (cento e quarenta reais), v\u00e1lida para todos os cargos oferecidos no certame.<\/p>\n<p><strong>Como se inscrever:<\/strong><\/p>\n<ul>\n<li>Acesse o site oficial da banca organizadora: <strong>www.fundacaocetrede.ufc.br<\/strong><\/li>\n<li>Preencha a ficha de solicita\u00e7\u00e3o de inscri\u00e7\u00e3o online<\/li>\n<li>Imprima o Boleto Banc\u00e1rio gerado imediatamente ap\u00f3s a conclus\u00e3o do cadastro<\/li>\n<li>Efetue o pagamento em qualquer banco, lot\u00e9rica ou ag\u00eancia dos Correios<\/li>\n<\/ul>\n<p><strong>Aten\u00e7\u00e3o ao prazo de pagamento:<\/strong> O boleto banc\u00e1rio dever\u00e1 ser pago <strong>impreterivelmente at\u00e9 o dia 17 de fevereiro de 2026<\/strong>, dentro do hor\u00e1rio de funcionamento banc\u00e1rio. Pagamentos realizados ap\u00f3s essa data n\u00e3o ser\u00e3o processados.<\/p>\n<p>Recomenda-se que o candidato acompanhe o status da sua inscri\u00e7\u00e3o na \u00e1rea restrita do site da Funda\u00e7\u00e3o CETREDE, verificando a confirma\u00e7\u00e3o do pagamento e a homologa\u00e7\u00e3o da inscri\u00e7\u00e3o. Para informa\u00e7\u00f5es sobre isen\u00e7\u00e3o da taxa de inscri\u00e7\u00e3o e demais procedimentos, consulte o edital completo dispon\u00edvel no site da banca organizadora.<\/p>\n<h2>Etapas e Provas<\/h2>\n<p>O <strong>Concurso P\u00fablico da Prefeitura de Maracana\u00fa-CE<\/strong> ser\u00e1 realizado em duas etapas principais, combinando avalia\u00e7\u00e3o de conhecimentos e an\u00e1lise curricular:<\/p>\n<ul>\n<li><strong>1\u00aa Etapa \u2013 Provas Objetivas e Prova Discursiva\/Produ\u00e7\u00e3o Textual<\/strong><br \/>Car\u00e1ter: <em>eliminat\u00f3rio e classificat\u00f3rio<\/em><br \/>Aplica\u00e7\u00e3o: <strong>22 de mar\u00e7o de 2026<\/strong><br \/>Dura\u00e7\u00e3o: <strong>4 horas<\/strong><br \/>As provas objetivas avaliar\u00e3o conhecimentos gerais e espec\u00edficos relacionados \u00e0 \u00e1rea de atua\u00e7\u00e3o do cargo pretendido. A prova discursiva\/produ\u00e7\u00e3o textual exigir\u00e1 do candidato capacidade de argumenta\u00e7\u00e3o, coer\u00eancia e dom\u00ednio da norma culta da l\u00edngua portuguesa.<\/li>\n<li><strong>2\u00aa Etapa \u2013 Prova de T\u00edtulos<\/strong><br \/>Car\u00e1ter: <em>classificat\u00f3rio<\/em><br \/>Esta etapa ser\u00e1 realizada ap\u00f3s as provas escritas e destina-se exclusivamente aos candidatos aprovados nas etapas anteriores. Ser\u00e3o avaliados t\u00edtulos acad\u00eamicos e profissionais conforme crit\u00e9rios estabelecidos no edital.<\/li>\n<\/ul>\n<p>Todas as etapas s\u00e3o aplic\u00e1veis a todos os cargos oferecidos no certame. Para conhecer o conte\u00fado program\u00e1tico detalhado, os crit\u00e9rios de pontua\u00e7\u00e3o, as notas m\u00ednimas para aprova\u00e7\u00e3o e o cronograma completo de aplica\u00e7\u00e3o das provas, consulte o edital oficial dispon\u00edvel no site da Funda\u00e7\u00e3o CETREDE\/UFC.<\/p>\n<h2>Resultados e Gabarito<\/h2>\n<p>Os resultados do <strong>Concurso P\u00fablico da Prefeitura de Maracana\u00fa-CE<\/strong> ser\u00e3o divulgados de forma progressiva, conforme o andamento das etapas do certame.<\/p>\n<p><strong>Divulga\u00e7\u00e3o dos resultados:<\/strong><\/p>\n<ul>\n<li>Gabarito preliminar das provas objetivas<\/li>\n<li>Gabarito definitivo (ap\u00f3s an\u00e1lise de recursos)<\/li>\n<li>Resultado preliminar das provas objetivas e discursiva<\/li>\n<li>Resultado definitivo das provas escritas<\/li>\n<li>Resultado da Prova de T\u00edtulos<\/li>\n<li>Resultado Final do Concurso<\/li>\n<\/ul>\n<p>As respostas individuais dos candidatos aprovados nas provas objetivas poder\u00e3o ser visualizadas no site <strong>www.fundacaocetrede.ufc.br<\/strong> ap\u00f3s a divulga\u00e7\u00e3o do resultado final das provas objetivas. Essa consulta ficar\u00e1 dispon\u00edvel por <strong>15 dias corridos<\/strong>.<\/p>\n<p><strong>Homologa\u00e7\u00e3o:<\/strong> O Resultado Final do Concurso ser\u00e1 homologado por ato pr\u00f3prio do Prefeito Municipal de Maracana\u00fa, mediante publica\u00e7\u00e3o nos meios oficiais de comunica\u00e7\u00e3o do Munic\u00edpio. N\u00e3o ser\u00e1 admitido recurso contra o resultado final homologado.<\/p>\n<p><strong>Onde acompanhar:<\/strong><\/p>\n<ul>\n<li>Site da banca organizadora: www.fundacaocetrede.ufc.br<\/li>\n<li>Meios oficiais de publica\u00e7\u00e3o do Munic\u00edpio de Maracana\u00fa<\/li>\n<\/ul>\n<p><strong>Importante:<\/strong> O acompanhamento das publica\u00e7\u00f5es oficiais, incluindo convoca\u00e7\u00f5es, retifica\u00e7\u00f5es e demais comunicados, \u00e9 de <strong>responsabilidade exclusiva do candidato<\/strong>. Recomenda-se consultar regularmente os canais oficiais durante toda a vig\u00eancia do concurso.<\/p>\n","protected":false},"excerpt":{"rendered":"<p>Concurso Pref. Maracana\u00fa (CE) p\/ Professores da Educa\u00e7\u00e3o B\u00e1sica (Superior). 100 vagas, sal\u00e1rio R$ 5.6k. Inscri\u00e7\u00f5es a partir de 15\/01. Confira detalhes!<\/p>\n","protected":false},"author":7,"featured_media":276877,"comment_status":"open","ping_status":"open","sticky":false,"template":"","format":"standard","meta":{"_acf_changed":false,"_breakdance_hide_in_design_set":false,"_breakdance_tags":"","footnotes":""},"categories":[145,6433,141,6434,6436,111,100,20,6871,116,119,25,6435],"tags":[43],"_amplo":[],"destaque":[],"instituicoes":[],"class_list":["post-276878","post","type-post","status-publish","format-standard","has-post-thumbnail","hentry","category-artes-cenicas","category-biologia-licenciatura","category-educacao-artistica","category-educacao-fisica-licenciatura","category-fisica-licenciatura","category-geografia","category-historia","category-letras","category-letras-ingles","category-matematica","category-musica","category-pedagogia","category-quimica-licenciatura","tag-ceara"],"acf":{"_tipo_vagas":"vagas","_numero_vagas":"","_quadro_vagas":"","_cargos":"diversos","_cargos_especificos":"","_salario_max":"R$ 5661.59","_abertura":"20260115","_encerramento":"20260216","_inscricoes":"https:\/\/www.fundacaocetrede.ufc.br","_executora_concurso":"","_instituicao_concurso":[],"_link_adicional":null,"_anexos":null,"_produtos":null,"_vagas":"100","_salario_min":"R$ 5661.59","_instituicao":"Prefeitura de Maracana\u00fa","_edital":"https:\/\/www.agrobase.com.br\/concursos\/wp-content\/uploads\/sites\/4\/2026\/01\/edital-01-2026-prefeitura-de-maracanau-ce.pdf","_anexos_edital":"https:\/\/www.agrobase.com.br\/concursos\/wp-content\/uploads\/sites\/4\/2026\/01\/anexos-edital-01-2026-prefeitura-de-maracanau-ce.pdf","_fund_incompleto":"","_fund_completo":"","_medio":"","_superior":"<div>\r\n<table class=\"quadro\">\r\n<thead>\r\n<tr>\r\n<th class=\"hcargo\">Cargo<\/th>\r\n<th class=\"hvagas\">Vagas<\/th>\r\n<th class=\"hremuneracao\">Remunera\u00e7\u00e3o<\/th>\r\n<\/tr>\r\n<\/thead>\r\n    <tbody>\r\n      <tr>\r\n<td class=\"ccargos\">\r\n<span data-balloon-length=\"medium\" aria-label=\"Gradua\u00e7\u00e3o Completa em Licenciatura Plena em Pedagogia.\" data-balloon-pos=\"up\">Professor Da Educa\u00e7\u00e3o B\u00e1sica - Educa\u00e7\u00e3o Infantil<\/span><\/td>\r\n<td class=\"cvagas\">28<\/td>\r\n<td class=\"cremuneracao\">R$ 5.661,59 \/40h<\/td>\r\n<\/tr><tr>\r\n<td class=\"ccargos\">\r\n<span data-balloon-length=\"medium\" aria-label=\"Gradua\u00e7\u00e3o Completa em Licenciatura Plena em Pedagogia.\" data-balloon-pos=\"up\">Professor Da Educa\u00e7\u00e3o B\u00e1sica - Alfabetizador (1\u00ba E 2\u00ba Ano)<\/span><\/td>\r\n<td class=\"cvagas\">28<\/td>\r\n<td class=\"cremuneracao\">R$ 5.661,59 \/40h<\/td>\r\n<\/tr><tr>\r\n<td class=\"ccargos\">\r\n<span data-balloon-length=\"medium\" aria-label=\"Gradua\u00e7\u00e3o Completa em Licenciatura Plena em Pedagogia.\" data-balloon-pos=\"up\">Professor Da Educa\u00e7\u00e3o B\u00e1sica - Fundamental (3\u00ba Ao 5\u00ba Ano)<\/span><\/td>\r\n<td class=\"cvagas\">28<\/td>\r\n<td class=\"cremuneracao\">R$ 5.661,59 \/40h<\/td>\r\n<\/tr><tr>\r\n<td class=\"ccargos\">\r\n<span data-balloon-length=\"medium\" aria-label=\"Gradua\u00e7\u00e3o Completa em Licenciatura Plena em Letras.\" data-balloon-pos=\"up\">Professor Da Educa\u00e7\u00e3o B\u00e1sica - L\u00edngua Portuguesa (6\u00ba Ao 9\u00ba Ano)<\/span><\/td>\r\n<td class=\"cvagas\">03<\/td>\r\n<td class=\"cremuneracao\">R$ 5.661,59 \/40h<\/td>\r\n<\/tr><tr>\r\n<td class=\"ccargos\">\r\n<span data-balloon-length=\"medium\" aria-label=\"Gradua\u00e7\u00e3o Completa em Licenciatura Plena em Letras com Habilita\u00e7\u00e3o em L\u00edngua Inglesa.\" data-balloon-pos=\"up\">Professor Da Educa\u00e7\u00e3o B\u00e1sica - L\u00edngua Inglesa (6\u00ba Ao 9\u00ba Ano)<\/span><\/td>\r\n<td class=\"cvagas\">02<\/td>\r\n<td class=\"cremuneracao\">R$ 5.661,59 \/40h<\/td>\r\n<\/tr><tr>\r\n<td class=\"ccargos\">\r\n<span data-balloon-length=\"medium\" aria-label=\"Gradua\u00e7\u00e3o Completa em Licenciatura Plena em Educa\u00e7\u00e3o Art\u00edstica, em Artes, em M\u00fasica ou em Teatro.\" data-balloon-pos=\"up\">Professor Da Educa\u00e7\u00e3o B\u00e1sica - Arte E Educa\u00e7\u00e3o (6\u00ba Ao 9\u00ba Ano)<\/span><\/td>\r\n<td class=\"cvagas\">01<\/td>\r\n<td class=\"cremuneracao\">R$ 5.661,59 \/40h<\/td>\r\n<\/tr><tr>\r\n<td class=\"ccargos\">\r\n<span data-balloon-length=\"medium\" aria-label=\"Gradua\u00e7\u00e3o Completa em Licenciatura Plena em Educa\u00e7\u00e3o F\u00edsica.\" data-balloon-pos=\"up\">Professor Da Educa\u00e7\u00e3o B\u00e1sica - Educa\u00e7\u00e3o F\u00edsica (6\u00ba Ao 9\u00ba Ano)<\/span><\/td>\r\n<td class=\"cvagas\">01<\/td>\r\n<td class=\"cremuneracao\">R$ 5.661,59 \/40h<\/td>\r\n<\/tr><tr>\r\n<td class=\"ccargos\">\r\n<span data-balloon-length=\"medium\" aria-label=\"Gradua\u00e7\u00e3o Completa em Licenciatura Plena em Matem\u00e1tica.\" data-balloon-pos=\"up\">Professor Da Educa\u00e7\u00e3o B\u00e1sica - Matem\u00e1tica (6\u00ba Ao 9\u00ba Ano)<\/span><\/td>\r\n<td class=\"cvagas\">03<\/td>\r\n<td class=\"cremuneracao\">R$ 5.661,59 \/40h<\/td>\r\n<\/tr><tr>\r\n<td class=\"ccargos\">\r\n<span data-balloon-length=\"medium\" aria-label=\"Gradua\u00e7\u00e3o Completa em Licenciatura Plena em Qu\u00edmica, F\u00edsica ou Biologia ou Licenciatura Plena em Ci\u00eancias F\u00edsicas ou Biol\u00f3gicas.\" data-balloon-pos=\"up\">Professor Da Educa\u00e7\u00e3o B\u00e1sica - Ci\u00eancias (6\u00ba Ao 9\u00ba Ano)<\/span><\/td>\r\n<td class=\"cvagas\">02<\/td>\r\n<td class=\"cremuneracao\">R$ 5.661,59 \/40h<\/td>\r\n<\/tr><tr>\r\n<td class=\"ccargos\">\r\n<span data-balloon-length=\"medium\" aria-label=\"Gradua\u00e7\u00e3o Completa em Licenciatura Plena em Hist\u00f3ria.\" data-balloon-pos=\"up\">Professor Da Educa\u00e7\u00e3o B\u00e1sica - Hist\u00f3ria (6\u00ba Ao 9\u00ba Ano)<\/span><\/td>\r\n<td class=\"cvagas\">02<\/td>\r\n<td class=\"cremuneracao\">R$ 5.661,59 \/40h<\/td>\r\n<\/tr><tr>\r\n<td class=\"ccargos\">\r\n<span data-balloon-length=\"medium\" aria-label=\"Gradua\u00e7\u00e3o Completa em Licenciatura Plena em Geografia.\" data-balloon-pos=\"up\">Professor Da Educa\u00e7\u00e3o B\u00e1sica - Geografia (6\u00ba Ao 9\u00ba Ano)<\/span><\/td>\r\n<td class=\"cvagas\">01<\/td>\r\n<td class=\"cremuneracao\">R$ 5.661,59 \/40h<\/td>\r\n<\/tr><tr>\r\n<td class=\"ccargos\">\r\n<span data-balloon-length=\"medium\" aria-label=\"Gradua\u00e7\u00e3o Completa em Licenciatura Plena em Ensino Religioso.\" data-balloon-pos=\"up\">Professor Da Educa\u00e7\u00e3o B\u00e1sica - Ensino Religioso (6\u00ba Ao 9\u00ba Ano)<\/span><\/td>\r\n<td class=\"cvagas\">01<\/td>\r\n<td class=\"cremuneracao\">R$ 5.661,59 \/40h<\/td>\r\n<\/tr>\r\n    <\/tbody>\r\n  <\/table>\r\n<\/div>"},"_links":{"self":[{"href":"https:\/\/www.agrobase.com.br\/concursos\/wp-json\/wp\/v2\/posts\/276878","targetHints":{"allow":["GET"]}}],"collection":[{"href":"https:\/\/www.agrobase.com.br\/concursos\/wp-json\/wp\/v2\/posts"}],"about":[{"href":"https:\/\/www.agrobase.com.br\/concursos\/wp-json\/wp\/v2\/types\/post"}],"author":[{"embeddable":true,"href":"https:\/\/www.agrobase.com.br\/concursos\/wp-json\/wp\/v2\/users\/7"}],"replies":[{"embeddable":true,"href":"https:\/\/www.agrobase.com.br\/concursos\/wp-json\/wp\/v2\/comments?post=276878"}],"version-history":[{"count":1,"href":"https:\/\/www.agrobase.com.br\/concursos\/wp-json\/wp\/v2\/posts\/276878\/revisions"}],"predecessor-version":[{"id":276880,"href":"https:\/\/www.agrobase.com.br\/concursos\/wp-json\/wp\/v2\/posts\/276878\/revisions\/276880"}],"wp:featuredmedia":[{"embeddable":true,"href":"https:\/\/www.agrobase.com.br\/concursos\/wp-json\/wp\/v2\/media\/276877"}],"wp:attachment":[{"href":"https:\/\/www.agrobase.com.br\/concursos\/wp-json\/wp\/v2\/media?parent=276878"}],"wp:term":[{"taxonomy":"category","embeddable":true,"href":"https:\/\/www.agrobase.com.br\/concursos\/wp-json\/wp\/v2\/categories?post=276878"},{"taxonomy":"post_tag","embeddable":true,"href":"https:\/\/www.agrobase.com.br\/concursos\/wp-json\/wp\/v2\/tags?post=276878"},{"taxonomy":"_amplo","embeddable":true,"href":"https:\/\/www.agrobase.com.br\/concursos\/wp-json\/wp\/v2\/_amplo?post=276878"},{"taxonomy":"destaque","embeddable":true,"href":"https:\/\/www.agrobase.com.br\/concursos\/wp-json\/wp\/v2\/destaque?post=276878"},{"taxonomy":"instituicoes","embeddable":true,"href":"https:\/\/www.agrobase.com.br\/concursos\/wp-json\/wp\/v2\/instituicoes?post=276878"}],"curies":[{"name":"wp","href":"https:\/\/api.w.org\/{rel}","templated":true}]}}