{"id":276866,"date":"2026-01-16T07:20:16","date_gmt":"2026-01-16T10:20:16","guid":{"rendered":"https:\/\/www.agrobase.com.br\/concursos\/?p=276866"},"modified":"2026-01-15T12:42:02","modified_gmt":"2026-01-15T15:42:02","slug":"prefeitura-mae-do-rio-pa-concurso-01-2026","status":"publish","type":"post","link":"https:\/\/www.agrobase.com.br\/concursos\/2026\/prefeitura-mae-do-rio-pa-concurso-01-2026\/","title":{"rendered":"Prefeitura M\u00e3e do Rio (PA) &#8211; Concurso 01\/2026"},"content":{"rendered":"<h2>Informa\u00e7\u00f5es Gerais<\/h2>\n<p>A <strong>Prefeitura Municipal de M\u00e3e do Rio<\/strong>, no estado do Par\u00e1, publicou o <strong>Edital Retificado e Consolidado n.\u00ba 02\/2026<\/strong> referente ao <strong>Concurso P\u00fablico n.\u00ba 001\/2025<\/strong>, destinado \u00e0 forma\u00e7\u00e3o de cadastro reserva para o cargo de <strong>Guarda Civil Municipal<\/strong>.<\/p>\n<p>O certame oferece vagas para candidatos com <strong>n\u00edvel m\u00e9dio completo<\/strong>, sendo exigidos tamb\u00e9m CNH categoria AB, idade entre 18 e 40 anos e altura m\u00ednima de 1,60m para homens e 1,55m para mulheres. A sele\u00e7\u00e3o visa formar profissionais para atuar na seguran\u00e7a p\u00fablica municipal, incluindo a realiza\u00e7\u00e3o de <strong>Curso de Forma\u00e7\u00e3o de Guarda Civil Municipal<\/strong> como etapa obrigat\u00f3ria do processo.<\/p>\n<p>O concurso \u00e9 organizado pela <strong>Funda\u00e7\u00e3o CETAP<\/strong>, sob supervis\u00e3o da Comiss\u00e3o do Concurso P\u00fablico institu\u00edda pelo Decreto n\u00ba 148\/2025. Confira abaixo todas as informa\u00e7\u00f5es sobre inscri\u00e7\u00f5es, etapas e como acompanhar os resultados.<\/p>\n<h2>Inscri\u00e7\u00f5es<\/h2>\n<p>As inscri\u00e7\u00f5es para o Concurso P\u00fablico da Prefeitura de M\u00e3e do Rio\/PA ser\u00e3o realizadas <strong>exclusivamente pela internet<\/strong>, atrav\u00e9s do site da Funda\u00e7\u00e3o CETAP.<\/p>\n<p>O per\u00edodo de inscri\u00e7\u00f5es est\u00e1 previsto para ocorrer <strong>a partir de 05 de janeiro de 2026 at\u00e9 09 de mar\u00e7o de 2026<\/strong>. O candidato deve acessar o sistema eletr\u00f4nico, preencher o formul\u00e1rio de inscri\u00e7\u00e3o com aten\u00e7\u00e3o, confirmar seus dados e gerar o boleto banc\u00e1rio para pagamento.<\/p>\n<p>O valor da taxa de inscri\u00e7\u00e3o \u00e9 de <strong>R$ 90,00<\/strong> para o cargo de Guarda Civil Municipal (n\u00edvel m\u00e9dio).<\/p>\n<p>Informa\u00e7\u00f5es importantes sobre o processo de inscri\u00e7\u00e3o:<\/p>\n<ul>\n<li>O pagamento deve ser efetuado exclusivamente por boleto banc\u00e1rio gerado no sistema da Funda\u00e7\u00e3o CETAP<\/li>\n<li>As informa\u00e7\u00f5es prestadas no formul\u00e1rio s\u00e3o de inteira responsabilidade do candidato<\/li>\n<li>Formul\u00e1rios preenchidos de forma incompleta ou incorreta poder\u00e3o resultar em exclus\u00e3o do certame<\/li>\n<li>A organizadora n\u00e3o se responsabiliza por inscri\u00e7\u00f5es n\u00e3o recebidas por falhas t\u00e9cnicas, de comunica\u00e7\u00e3o ou congestionamento de rede<\/li>\n<\/ul>\n<p>Recomenda-se a leitura integral do edital para verificar eventuais crit\u00e9rios de isen\u00e7\u00e3o da taxa e demais procedimentos espec\u00edficos.<\/p>\n<h2>Etapas e Provas<\/h2>\n<p>O Concurso P\u00fablico para Guarda Civil Municipal de M\u00e3e do Rio\/PA ser\u00e1 realizado em <strong>duas etapas distintas<\/strong>, com m\u00faltiplas fases de avalia\u00e7\u00e3o:<\/p>\n<p><strong>1\u00aa ETAPA<\/strong> \u2014 Composta por 5 fases:<\/p>\n<ul>\n<li><strong>1\u00aa Fase: Avalia\u00e7\u00e3o de Conhecimentos<\/strong> \u2014 Car\u00e1ter eliminat\u00f3rio e classificat\u00f3rio. Consiste em Prova Objetiva com dura\u00e7\u00e3o m\u00e1xima de 4 horas, abrangendo os conte\u00fados program\u00e1ticos definidos no Anexo 01 do edital. Responsabilidade da Funda\u00e7\u00e3o CETAP.<\/li>\n<li><strong>2\u00aa Fase: Avalia\u00e7\u00e3o F\u00edsica<\/strong> \u2014 Car\u00e1ter eliminat\u00f3rio. Responsabilidade da Funda\u00e7\u00e3o CETAP.<\/li>\n<li><strong>3\u00aa Fase: Avalia\u00e7\u00e3o Psicol\u00f3gica<\/strong> \u2014 Car\u00e1ter eliminat\u00f3rio. Responsabilidade da Funda\u00e7\u00e3o CETAP.<\/li>\n<li><strong>4\u00aa Fase: Avalia\u00e7\u00e3o Antropom\u00e9trica e M\u00e9dica<\/strong> \u2014 Car\u00e1ter eliminat\u00f3rio. Responsabilidade da Funda\u00e7\u00e3o CETAP.<\/li>\n<li><strong>5\u00aa Fase: Avalia\u00e7\u00e3o de Investiga\u00e7\u00e3o Social<\/strong> \u2014 Car\u00e1ter eliminat\u00f3rio. Responsabilidade da Prefeitura Municipal de M\u00e3e do Rio\/PA.<\/li>\n<\/ul>\n<p><strong>2\u00aa ETAPA<\/strong> \u2014 Curso de Forma\u00e7\u00e3o Profissional:<\/p>\n<ul>\n<li><strong>Curso de Forma\u00e7\u00e3o de Guarda Civil Municipal<\/strong> \u2014 Car\u00e1ter eliminat\u00f3rio. Somente os candidatos aprovados em todas as fases da 1\u00aa Etapa ser\u00e3o classificados para participar desta etapa.<\/li>\n<\/ul>\n<p>Para ser considerado aprovado na 1\u00aa Etapa, o candidato dever\u00e1 obter aprova\u00e7\u00e3o em todas as cinco fases. A classifica\u00e7\u00e3o ser\u00e1 determinada pela nota obtida na Avalia\u00e7\u00e3o de Conhecimentos (1\u00aa Fase).<\/p>\n<p>Consulte o edital completo e o Anexo 02 (Cronograma Completo) para verificar as datas de aplica\u00e7\u00e3o de cada fase e o conte\u00fado program\u00e1tico detalhado.<\/p>\n<h2>Resultados e Gabarito<\/h2>\n<p>A divulga\u00e7\u00e3o dos resultados do Concurso P\u00fablico de M\u00e3e do Rio\/PA seguir\u00e1 o cronograma estabelecido no Anexo 02 do edital, com publica\u00e7\u00f5es nos canais oficiais.<\/p>\n<p><strong>Resultados da 1\u00aa Etapa:<\/strong><\/p>\n<ul>\n<li>Resultado Preliminar da 1\u00aa Etapa \u2014 com abertura de prazo para interposi\u00e7\u00e3o de recursos<\/li>\n<li>Resultado Definitivo da 1\u00aa Etapa \u2014 ap\u00f3s an\u00e1lise dos recursos<\/li>\n<\/ul>\n<p><strong>Resultado Final:<\/strong><\/p>\n<ul>\n<li>Resultado Final Preliminar<\/li>\n<li>Resultado Final Definitivo e Homologa\u00e7\u00e3o \u2014 ap\u00f3s an\u00e1lise dos recursos interpostos<\/li>\n<\/ul>\n<p>Ap\u00f3s a conclus\u00e3o do Curso de Forma\u00e7\u00e3o Profissional de Guarda Civil Municipal, ser\u00e1 divulgado edital espec\u00edfico com a rela\u00e7\u00e3o dos alunos aprovados, que ser\u00e3o convocados para posse conforme conveni\u00eancia da Administra\u00e7\u00e3o P\u00fablica.<\/p>\n<p><strong>Canais oficiais para acompanhamento:<\/strong><\/p>\n<ul>\n<li>Site da Funda\u00e7\u00e3o CETAP: <em>www.fundacaocetap.com.br<\/em><\/li>\n<li>Di\u00e1rio Oficial do Munic\u00edpio de M\u00e3e do Rio<\/li>\n<li>Portal da Prefeitura Municipal de M\u00e3e do Rio\/PA<\/li>\n<\/ul>\n<p>A homologa\u00e7\u00e3o do Resultado Final \u00e9 de responsabilidade da Prefeitura Municipal de M\u00e3e do Rio\/PA.<\/p>\n<p><strong>Aten\u00e7\u00e3o:<\/strong> O acompanhamento de todas as publica\u00e7\u00f5es, editais complementares e convoca\u00e7\u00f5es \u00e9 de responsabilidade exclusiva do candidato. Recomenda-se consultar regularmente os canais oficiais durante toda a vig\u00eancia do certame.<\/p>\n","protected":false},"excerpt":{"rendered":"<p>Concurso Pref. M\u00e3e do Rio (PA) com edital publicado! Vagas p\/ Guarda Civil (M\u00e9dio). Inscri\u00e7\u00f5es a partir de 05\/01\/2026. Confira detalhes!<\/p>\n","protected":false},"author":7,"featured_media":276865,"comment_status":"open","ping_status":"open","sticky":false,"template":"","format":"standard","meta":{"_acf_changed":false,"_breakdance_hide_in_design_set":false,"_breakdance_tags":"","footnotes":""},"categories":[1],"tags":[51],"_amplo":[],"destaque":[],"instituicoes":[],"class_list":["post-276866","post","type-post","status-publish","format-standard","has-post-thumbnail","hentry","category-sem-categoria","tag-para"],"acf":{"_tipo_vagas":"vagas","_numero_vagas":"","_quadro_vagas":"","_cargos":"diversos","_cargos_especificos":"","_salario_max":"","_abertura":"20260105","_encerramento":"20260309","_inscricoes":"https:\/\/www.fundacaocetap.com.br","_executora_concurso":"","_instituicao_concurso":[],"_link_adicional":null,"_anexos":null,"_produtos":null,"_vagas":"Cadastro Reserva","_salario_min":"","_instituicao":"Prefeitura Municipal de M\u00e3e do Rio","_edital":"https:\/\/www.agrobase.com.br\/concursos\/wp-content\/uploads\/sites\/4\/2026\/01\/edital-01-2026-prefeitura-de-mae-do-rio-pa.pdf","_anexos_edital":"https:\/\/www.agrobase.com.br\/concursos\/wp-content\/uploads\/sites\/4\/2026\/01\/anexos-edital-01-2026-prefeitura-de-mae-do-rio-pa.pdf","_fund_incompleto":"","_fund_completo":"","_medio":"<div>\r\n<table class=\"quadro\">\r\n<thead>\r\n<tr>\r\n<th class=\"hcargo\">Cargo<\/th>\r\n<th class=\"hvagas\">Vagas<\/th>\r\n<th class=\"hremuneracao\">Remunera\u00e7\u00e3o<\/th>\r\n<\/tr>\r\n<\/thead>\r\n    <tbody>\r\n      <td class=\"ccargos\">\r\n<span data-balloon-length=\"medium\" aria-label=\"Ensino M\u00e9dio Completo, CNH Categoria AB, Idade M\u00ednima 18 e M\u00e1xima 40 anos, Altura M\u00ednima (Masc: 1,60m \/ Fem: 1,55m).\" data-balloon-pos=\"up\">Guarda Civil Municipal<\/span><\/td>\r\n<td class=\"cvagas\">CR<\/td>\r\n<td class=\"cremuneracao\">R$ 0,00 \/Xh<\/td>\r\n<\/tr>\r\n    <\/tbody>\r\n  <\/table>\r\n<\/div>","_superior":""},"_links":{"self":[{"href":"https:\/\/www.agrobase.com.br\/concursos\/wp-json\/wp\/v2\/posts\/276866","targetHints":{"allow":["GET"]}}],"collection":[{"href":"https:\/\/www.agrobase.com.br\/concursos\/wp-json\/wp\/v2\/posts"}],"about":[{"href":"https:\/\/www.agrobase.com.br\/concursos\/wp-json\/wp\/v2\/types\/post"}],"author":[{"embeddable":true,"href":"https:\/\/www.agrobase.com.br\/concursos\/wp-json\/wp\/v2\/users\/7"}],"replies":[{"embeddable":true,"href":"https:\/\/www.agrobase.com.br\/concursos\/wp-json\/wp\/v2\/comments?post=276866"}],"version-history":[{"count":2,"href":"https:\/\/www.agrobase.com.br\/concursos\/wp-json\/wp\/v2\/posts\/276866\/revisions"}],"predecessor-version":[{"id":276870,"href":"https:\/\/www.agrobase.com.br\/concursos\/wp-json\/wp\/v2\/posts\/276866\/revisions\/276870"}],"wp:featuredmedia":[{"embeddable":true,"href":"https:\/\/www.agrobase.com.br\/concursos\/wp-json\/wp\/v2\/media\/276865"}],"wp:attachment":[{"href":"https:\/\/www.agrobase.com.br\/concursos\/wp-json\/wp\/v2\/media?parent=276866"}],"wp:term":[{"taxonomy":"category","embeddable":true,"href":"https:\/\/www.agrobase.com.br\/concursos\/wp-json\/wp\/v2\/categories?post=276866"},{"taxonomy":"post_tag","embeddable":true,"href":"https:\/\/www.agrobase.com.br\/concursos\/wp-json\/wp\/v2\/tags?post=276866"},{"taxonomy":"_amplo","embeddable":true,"href":"https:\/\/www.agrobase.com.br\/concursos\/wp-json\/wp\/v2\/_amplo?post=276866"},{"taxonomy":"destaque","embeddable":true,"href":"https:\/\/www.agrobase.com.br\/concursos\/wp-json\/wp\/v2\/destaque?post=276866"},{"taxonomy":"instituicoes","embeddable":true,"href":"https:\/\/www.agrobase.com.br\/concursos\/wp-json\/wp\/v2\/instituicoes?post=276866"}],"curies":[{"name":"wp","href":"https:\/\/api.w.org\/{rel}","templated":true}]}}