{"id":276850,"date":"2026-01-15T08:40:13","date_gmt":"2026-01-15T11:40:13","guid":{"rendered":"https:\/\/www.agrobase.com.br\/concursos\/?p=276850"},"modified":"2026-01-14T15:19:16","modified_gmt":"2026-01-14T18:19:16","slug":"prefeitura-ipumirim-sc-concurso-01-2026","status":"publish","type":"post","link":"https:\/\/www.agrobase.com.br\/concursos\/2026\/prefeitura-ipumirim-sc-concurso-01-2026\/","title":{"rendered":"Prefeitura Ipumirim (SC) &#8211; Concurso 01\/2026"},"content":{"rendered":"<h2>Informa\u00e7\u00f5es Gerais<\/h2>\n<p>O <strong>Concurso P\u00fablico n\u00ba 01\/2026 da Prefeitura Municipal de Ipumirim<\/strong>, no Estado de Santa Catarina, est\u00e1 com edital publicado para preenchimento de <strong>35 vagas imediatas<\/strong>, al\u00e9m de forma\u00e7\u00e3o de cadastro reserva para diversos cargos do quadro de pessoal municipal. O certame \u00e9 organizado pela Associa\u00e7\u00e3o dos Munic\u00edpios do Alto Uruguai Catarinense (AMAUC).<\/p>\n<p>As oportunidades contemplam todos os n\u00edveis de escolaridade: <strong>Fundamental Incompleto e Completo<\/strong>, <strong>M\u00e9dio\/T\u00e9cnico<\/strong> e <strong>Superior<\/strong>, com regime de contrata\u00e7\u00e3o estatut\u00e1rio (car\u00e1ter efetivo). Os sal\u00e1rios variam de <strong>R$ 2.025,46 a R$ 11.448,28<\/strong>, conforme o cargo pretendido.<\/p>\n<p>Entre as vagas dispon\u00edveis, destacam-se oportunidades para <strong>T\u00e9cnico Agr\u00edcola<\/strong> (cadastro reserva), cargo de interesse para profissionais da \u00e1rea agropecu\u00e1ria. O concurso tamb\u00e9m oferece vagas nas \u00e1reas de sa\u00fade (Enfermeiro, Farmac\u00eautico, Odont\u00f3logo, Fonoaudi\u00f3logo, Psic\u00f3logo), educa\u00e7\u00e3o (Agente de Educa\u00e7\u00e3o Especial, Auxiliar de Sala, Auxiliar de Creche), administra\u00e7\u00e3o (Advogado, Contador, Fiscal de Tributos, Gestor de Contratos), al\u00e9m de cargos operacionais como Motorista, Operador de M\u00e1quinas, Pedreiro e Servente.<\/p>\n<p>Continue a leitura para conhecer todos os detalhes sobre inscri\u00e7\u00f5es, etapas do processo seletivo e como acompanhar os resultados deste importante concurso no oeste catarinense.<\/p>\n<h2>Inscri\u00e7\u00f5es<\/h2>\n<p>As inscri\u00e7\u00f5es para o Concurso P\u00fablico da Prefeitura de Ipumirim\/SC estar\u00e3o abertas no per\u00edodo de <strong>16 de janeiro de 2026 a 18 de fevereiro de 2026<\/strong>, exclusivamente pela internet.<\/p>\n<p>Para se inscrever, o candidato deve seguir os seguintes passos:<\/p>\n<ul>\n<li>Acessar o site oficial <strong>https:\/\/amauc.selecao.net.br\/<\/strong> ou <strong>https:\/\/ipumirim.sc.gov.br\/<\/strong>;<\/li>\n<li>Clicar em &#8220;Concurso P\u00fablico n\u00ba 01\/2026&#8221; para ser direcionado \u00e0 \u00e1rea de cadastro;<\/li>\n<li>Ler atentamente o edital completo e verificar se atende a todos os requisitos do cargo pretendido;<\/li>\n<li>Preencher o Requerimento de Inscri\u00e7\u00e3o com aten\u00e7\u00e3o;<\/li>\n<li>Conferir os dados informados e confirmar a inscri\u00e7\u00e3o;<\/li>\n<li>Gerar o boleto banc\u00e1rio e efetuar o pagamento.<\/li>\n<\/ul>\n<p><strong>Aten\u00e7\u00e3o:<\/strong> O pagamento do boleto banc\u00e1rio deve ser realizado at\u00e9 a data limite de <strong>19 de fevereiro de 2026<\/strong>. N\u00e3o ser\u00e3o aceitos pagamentos por outros meios ou agendamentos ap\u00f3s essa data.<\/p>\n<p>Os valores das taxas de inscri\u00e7\u00e3o variam conforme o n\u00edvel de escolaridade do cargo. Consulte o edital para verificar o valor correspondente ao cargo de seu interesse, bem como os crit\u00e9rios e procedimentos para solicita\u00e7\u00e3o de isen\u00e7\u00e3o da taxa, caso aplic\u00e1vel.<\/p>\n<p>Ap\u00f3s a inscri\u00e7\u00e3o, recomenda-se que o candidato acompanhe regularmente sua situa\u00e7\u00e3o atrav\u00e9s da \u00c1rea do Candidato no site oficial. Para informa\u00e7\u00f5es completas sobre documenta\u00e7\u00e3o, requisitos espec\u00edficos e demais orienta\u00e7\u00f5es, consulte o edital na \u00edntegra.<\/p>\n<h2>Etapas e Provas<\/h2>\n<p>O Concurso P\u00fablico da Prefeitura de Ipumirim\/SC ser\u00e1 composto por at\u00e9 tr\u00eas etapas, variando conforme o cargo pretendido:<\/p>\n<ul>\n<li><strong>Prova Escrita (Objetiva)<\/strong> \u2014 aplicada a todos os cargos, com car\u00e1ter <strong>eliminat\u00f3rio e classificat\u00f3rio<\/strong>;<\/li>\n<li><strong>Prova de T\u00edtulos<\/strong> \u2014 aplicada apenas a cargos espec\u00edficos de n\u00edvel superior, com car\u00e1ter <strong>classificat\u00f3rio<\/strong>;<\/li>\n<li><strong>Prova Pr\u00e1tica<\/strong> \u2014 aplicada aos cargos de opera\u00e7\u00e3o de ve\u00edculos e m\u00e1quinas, com car\u00e1ter <strong>classificat\u00f3rio<\/strong>.<\/li>\n<\/ul>\n<p><strong>Prova Escrita (Objetiva)<\/strong><\/p>\n<p>A prova escrita ser\u00e1 aplicada na data de <strong>15 de mar\u00e7o de 2026<\/strong>, em local a ser divulgado ap\u00f3s a homologa\u00e7\u00e3o final dos inscritos, nos sites https:\/\/amauc.selecao.net.br\/ e https:\/\/ipumirim.sc.gov.br\/. A avalia\u00e7\u00e3o ser\u00e1 composta por quest\u00f5es de m\u00faltipla escolha, abrangendo conhecimentos gerais e espec\u00edficos conforme o cargo.<\/p>\n<p><strong>Prova de T\u00edtulos<\/strong><\/p>\n<p>Destinada aos candidatos dos cargos de: Advogado, Arquiteto e Urbanista, Assistente Social, Agente de Educa\u00e7\u00e3o Especial, Bioqu\u00edmico, Enfermeiro, Fonoaudi\u00f3logo, Farmac\u00eautico (20h e 40h), Fiscal de Tributos, Gestor de Contratos, Monitor Desportivo, Odont\u00f3logo (20h e 40h) e Contador Adjunto. A pontua\u00e7\u00e3o m\u00e1xima nesta etapa \u00e9 de <strong>2,00 pontos<\/strong>, que ser\u00e3o somados \u00e0 nota da prova escrita para composi\u00e7\u00e3o da nota final.<\/p>\n<p><strong>Prova Pr\u00e1tica<\/strong><\/p>\n<p>Ser\u00e1 aplicada aos candidatos inscritos para os cargos de: <strong>Motorista, Operador de Motoniveladora, Operador de M\u00e1quinas Agr\u00edcolas e Similares, Operador de Retro Escavadeira e Escavadeira Hidr\u00e1ulica, Operador P\u00e1 Carregadeira e Rolo Compactador Motorizado e Operador de Trator de Esteira<\/strong>. Todos os candidatos que realizarem a prova escrita para esses cargos participar\u00e3o da prova pr\u00e1tica, independentemente da nota obtida. A aplica\u00e7\u00e3o est\u00e1 prevista para <strong>22 de mar\u00e7o de 2026<\/strong>, no Munic\u00edpio de Ipumirim, com local e hor\u00e1rios a serem divulgados em <strong>26 de fevereiro de 2026<\/strong>.<\/p>\n<p>Para informa\u00e7\u00f5es detalhadas sobre conte\u00fado program\u00e1tico, crit\u00e9rios de pontua\u00e7\u00e3o e aprova\u00e7\u00e3o em cada etapa, consulte o edital completo.<\/p>\n<h2>Resultados e Gabarito<\/h2>\n<p>A divulga\u00e7\u00e3o dos resultados do Concurso P\u00fablico de Ipumirim\/SC seguir\u00e1 o seguinte cronograma:<\/p>\n<ul>\n<li><strong>Classifica\u00e7\u00e3o Preliminar<\/strong> (prova escrita, t\u00edtulos e prova pr\u00e1tica): <strong>01 de abril de 2026<\/strong>;<\/li>\n<li><strong>Resultado dos Recursos e Homologa\u00e7\u00e3o Final<\/strong>: <strong>08 de abril de 2026<\/strong>.<\/li>\n<\/ul>\n<p>Todas as publica\u00e7\u00f5es ser\u00e3o realizadas nos sites oficiais do concurso: <strong>https:\/\/amauc.selecao.net.br\/<\/strong> e <strong>https:\/\/ipumirim.sc.gov.br\/<\/strong>.<\/p>\n<p>A classifica\u00e7\u00e3o final dos candidatos ser\u00e1 divulgada em ordem decrescente de notas, considerando a soma das pontua\u00e7\u00f5es obtidas nas etapas aplic\u00e1veis a cada cargo. Em caso de empate, ser\u00e3o aplicados os crit\u00e9rios de desempate estabelecidos no edital.<\/p>\n<p>A <strong>homologa\u00e7\u00e3o do resultado final<\/strong> representa o ato oficial que valida o certame e autoriza a convoca\u00e7\u00e3o dos aprovados para nomea\u00e7\u00e3o, conforme a necessidade e conveni\u00eancia da Administra\u00e7\u00e3o Municipal. Ap\u00f3s homologado, o concurso ter\u00e1 validade conforme estabelecido no edital, podendo ser prorrogado uma vez por igual per\u00edodo.<\/p>\n<p>Os candidatos devem acompanhar todas as publica\u00e7\u00f5es oficiais, incluindo eventuais retifica\u00e7\u00f5es, convoca\u00e7\u00f5es e comunicados, exclusivamente pelos canais oficiais indicados. <strong>O acompanhamento das publica\u00e7\u00f5es \u00e9 de responsabilidade exclusiva do candidato<\/strong>, n\u00e3o cabendo \u00e0 organizadora ou ao Munic\u00edpio qualquer responsabilidade por informa\u00e7\u00f5es n\u00e3o consultadas.<\/p>\n","protected":false},"excerpt":{"rendered":"<p>Concurso Pref. Ipumirim (SC) com edital publicado! Vagas p\/ Motorista e Advogado (Fund. a Sup.). Inscri\u00e7\u00f5es a partir de 16\/01. Sal\u00e1rios at\u00e9 R$11.4k. Confira!<\/p>\n","protected":false},"author":7,"featured_media":276849,"comment_status":"open","ping_status":"open","sticky":false,"template":"","format":"standard","meta":{"_acf_changed":false,"_breakdance_hide_in_design_set":false,"_breakdance_tags":"","footnotes":""},"categories":[3,5,9,10,11,12,17,19,24,26,29,130],"tags":[61],"_amplo":[],"destaque":[],"instituicoes":[],"class_list":["post-276850","post","type-post","status-publish","format-standard","has-post-thumbnail","hentry","category-administracao","category-arquitetura","category-ciencias-contabeis","category-direito","category-educacao-fisica","category-enfermagem","category-farmacia","category-fonoaudiologia","category-odontologia","category-psicologia","category-tecnico-agricola","category-tecnico-informatica","tag-santa-catarina"],"acf":{"_tipo_vagas":"vagas","_numero_vagas":"","_quadro_vagas":"","_cargos":"diversos","_cargos_especificos":"","_salario_max":"R$ 11448.28","_abertura":"20260116","_encerramento":"20260218","_inscricoes":"https:\/\/amauc.selecao.net.br\/","_executora_concurso":"","_instituicao_concurso":[],"_link_adicional":null,"_anexos":null,"_produtos":null,"_vagas":"35 + CR","_salario_min":"R$ 2025.46","_instituicao":"Prefeitura de Ipumirim","_edital":"https:\/\/www.agrobase.com.br\/concursos\/wp-content\/uploads\/sites\/4\/2026\/01\/edital-01-2026-prefeitura-de-ipumirim-sc.pdf","_anexos_edital":"https:\/\/www.agrobase.com.br\/concursos\/wp-content\/uploads\/sites\/4\/2026\/01\/anexos-edital-01-2026-prefeitura-de-ipumirim-sc.pdf","_fund_incompleto":"<div>\r\n<table class=\"quadro\">\r\n<thead>\r\n<tr>\r\n<th class=\"hcargo\">Cargo<\/th>\r\n<th class=\"hvagas\">Vagas<\/th>\r\n<th class=\"hremuneracao\">Remunera\u00e7\u00e3o<\/th>\r\n<\/tr>\r\n<\/thead>\r\n    <tbody>\r\n      <td class=\"ccargos\">\r\n<span data-balloon-length=\"medium\" aria-label=\"Alfabetizado, com conhecimento pr\u00e1tico na \u00e1rea da carpintaria.\" data-balloon-pos=\"up\">Carpinteiro<\/span><\/td>\r\n<td class=\"cvagas\">1 + CR<\/td>\r\n<td class=\"cremuneracao\">R$ 2.480,21 \/44h<\/td>\r\n<\/tr><td class=\"ccargos\">\r\n<span data-balloon-length=\"medium\" aria-label=\"Alfabetizado, portador de Carteira de Motorista Categoria C.\" data-balloon-pos=\"up\">Motorista<\/span><\/td>\r\n<td class=\"cvagas\">5 + CR<\/td>\r\n<td class=\"cremuneracao\">R$ 3.180,21 \/44h<\/td>\r\n<\/tr><td class=\"ccargos\">\r\n<span data-balloon-length=\"medium\" aria-label=\"Alfabetizado e habilita\u00e7\u00e3o m\u00ednima prevista no art. 143, III e art. 144 do C\u00f3digo de Tr\u00e2nsito Brasileiro.\" data-balloon-pos=\"up\">Operador De M\u00e1quinas Agr\u00edcolas E Similares<\/span><\/td>\r\n<td class=\"cvagas\">CR<\/td>\r\n<td class=\"cremuneracao\">R$ 4.099,50 \/44h<\/td>\r\n<\/tr><td class=\"ccargos\">\r\n<span data-balloon-length=\"medium\" aria-label=\"Alfabetizado e habilita\u00e7\u00e3o m\u00ednima prevista no art. 143, III e art. 144 do C\u00f3digo de Tr\u00e2nsito Brasileiro.\" data-balloon-pos=\"up\">Operador De M\u00e1quinas Pesadas<\/span><\/td>\r\n<td class=\"cvagas\">CR<\/td>\r\n<td class=\"cremuneracao\">R$ 4.099,50 \/44h<\/td>\r\n<\/tr><td class=\"ccargos\">\r\n<span data-balloon-length=\"medium\" aria-label=\"Alfabetizado, com conhecimento pr\u00e1tico \u00e1rea de constru\u00e7\u00e3o em alvenaria.\" data-balloon-pos=\"up\">Pedreiro<\/span><\/td>\r\n<td class=\"cvagas\">2 + CR<\/td>\r\n<td class=\"cremuneracao\">R$ 2.326,49 \/44h<\/td>\r\n<\/tr><td class=\"ccargos\">\r\n<span data-balloon-length=\"medium\" aria-label=\"Alfabetizado.\" data-balloon-pos=\"up\">Pintor<\/span><\/td>\r\n<td class=\"cvagas\">CR<\/td>\r\n<td class=\"cremuneracao\">R$ 2.644,38 \/40h<\/td>\r\n<\/tr><td class=\"ccargos\">\r\n<span data-balloon-length=\"medium\" aria-label=\"Alfabetizado.\" data-balloon-pos=\"up\">Servente<\/span><\/td>\r\n<td class=\"cvagas\">5 + CR<\/td>\r\n<td class=\"cremuneracao\">R$ 2.268,07 \/44h<\/td>\r\n<\/tr><td class=\"ccargos\">\r\n<span data-balloon-length=\"medium\" aria-label=\"Alfabetizado.\" data-balloon-pos=\"up\">Zelador<\/span><\/td>\r\n<td class=\"cvagas\">5 + CR<\/td>\r\n<td class=\"cremuneracao\">R$ 2.025,46 \/40h<\/td>\r\n<\/tr>\r\n    <\/tbody>\r\n  <\/table>\r\n<\/div>","_fund_completo":"<div>\r\n<table class=\"quadro\">\r\n<thead>\r\n<tr>\r\n<th class=\"hcargo\">Cargo<\/th>\r\n<th class=\"hvagas\">Vagas<\/th>\r\n<th class=\"hremuneracao\">Remunera\u00e7\u00e3o<\/th>\r\n<\/tr>\r\n<\/thead>\r\n    <tbody>\r\n      <td class=\"ccargos\">\r\n<span data-balloon-length=\"medium\" aria-label=\"Ensino Fundamental Completo, residir na \u00e1rea e curso introdut\u00f3rio de forma\u00e7\u00e3o inicial e continuada.\" data-balloon-pos=\"up\">Agente Comunit\u00e1rio De Sa\u00fade<\/span><\/td>\r\n<td class=\"cvagas\">CR<\/td>\r\n<td class=\"cremuneracao\">R$ 3.036,09 \/40h<\/td>\r\n<\/tr><td class=\"ccargos\">\r\n<span data-balloon-length=\"medium\" aria-label=\"Ensino Fundamental Completo e curso introdut\u00f3rio de forma\u00e7\u00e3o inicial e continuada.\" data-balloon-pos=\"up\">Agente De Combate A Endemias<\/span><\/td>\r\n<td class=\"cvagas\">1 + CR<\/td>\r\n<td class=\"cremuneracao\">R$ 3.036,09 \/40h<\/td>\r\n<\/tr><td class=\"ccargos\">\r\n<span data-balloon-length=\"medium\" aria-label=\"Ensino Fundamental Completo.\" data-balloon-pos=\"up\">Auxiliar De Creche<\/span><\/td>\r\n<td class=\"cvagas\">4 + CR<\/td>\r\n<td class=\"cremuneracao\">R$ 2.326,49 \/40h<\/td>\r\n<\/tr><td class=\"ccargos\">\r\n<span data-balloon-length=\"medium\" aria-label=\"Ensino Fundamental Completo.\" data-balloon-pos=\"up\">Cozinheiro<\/span><\/td>\r\n<td class=\"cvagas\">CR<\/td>\r\n<td class=\"cremuneracao\">R$ 2.999,50 \/40h<\/td>\r\n<\/tr>\r\n    <\/tbody>\r\n  <\/table>\r\n<\/div>","_medio":"<div>\r\n<table class=\"quadro\">\r\n<thead>\r\n<tr>\r\n<th class=\"hcargo\">Cargo<\/th>\r\n<th class=\"hvagas\">Vagas<\/th>\r\n<th class=\"hremuneracao\">Remunera\u00e7\u00e3o<\/th>\r\n<\/tr>\r\n<\/thead>\r\n    <tbody>\r\n      <td class=\"ccargos\">\r\n<span data-balloon-length=\"medium\" aria-label=\"N\u00edvel M\u00e9dio, diploma ou certificado de auxiliar de enfermagem, com registro no COREN.\" data-balloon-pos=\"up\">Agente De Vigil\u00e2ncia Epidemiol\u00f3gica E Ambiental<\/span><\/td>\r\n<td class=\"cvagas\">CR<\/td>\r\n<td class=\"cremuneracao\">R$ 4.304,89 \/40h<\/td>\r\n<\/tr><td class=\"ccargos\">\r\n<span data-balloon-length=\"medium\" aria-label=\"Ensino M\u00e9dio Completo.\" data-balloon-pos=\"up\">Almoxarife<\/span><\/td>\r\n<td class=\"cvagas\">1 + CR<\/td>\r\n<td class=\"cremuneracao\">R$ 3.318,92 \/44h<\/td>\r\n<\/tr><td class=\"ccargos\">\r\n<span data-balloon-length=\"medium\" aria-label=\"Ensino M\u00e9dio e Qualifica\u00e7\u00e3o Profissional T\u00e9cnica em Analista de Suporte de Redes de Computadores.\" data-balloon-pos=\"up\">Assistente De Tecnologia<\/span><\/td>\r\n<td class=\"cvagas\">CR<\/td>\r\n<td class=\"cremuneracao\">R$ 3.660,14 \/35h<\/td>\r\n<\/tr><td class=\"ccargos\">\r\n<span data-balloon-length=\"medium\" aria-label=\"Conclus\u00e3o do 2\u00ba grau completo.\" data-balloon-pos=\"up\">Atendente De Consult\u00f3rio Dent\u00e1rio<\/span><\/td>\r\n<td class=\"cvagas\">CR<\/td>\r\n<td class=\"cremuneracao\">R$ 2.268,07 \/40h<\/td>\r\n<\/tr><td class=\"ccargos\">\r\n<span data-balloon-length=\"medium\" aria-label=\"Ensino M\u00e9dio Completo.\" data-balloon-pos=\"up\">Auxiliar Administrativo<\/span><\/td>\r\n<td class=\"cvagas\">CR<\/td>\r\n<td class=\"cremuneracao\">R$ 2.644,38 \/35h<\/td>\r\n<\/tr><td class=\"ccargos\">\r\n<span data-balloon-length=\"medium\" aria-label=\"N\u00edvel M\u00e9dio, diploma ou certificado de auxiliar de enfermagem, com registro no COREN.\" data-balloon-pos=\"up\">Auxiliar De Enfermagem<\/span><\/td>\r\n<td class=\"cvagas\">2 + CR<\/td>\r\n<td class=\"cremuneracao\">R$ 3.660,14 \/40h<\/td>\r\n<\/tr><td class=\"ccargos\">\r\n<span data-balloon-length=\"medium\" aria-label=\"Ensino M\u00e9dio Completo.\" data-balloon-pos=\"up\">Auxiliar De Sala<\/span><\/td>\r\n<td class=\"cvagas\">5 + CR<\/td>\r\n<td class=\"cremuneracao\">R$ 2.326,49 \/40h<\/td>\r\n<\/tr><td class=\"ccargos\">\r\n<span data-balloon-length=\"medium\" aria-label=\"Ensino M\u00e9dio Completo.\" data-balloon-pos=\"up\">Fiscal<\/span><\/td>\r\n<td class=\"cvagas\">CR<\/td>\r\n<td class=\"cremuneracao\">R$ 2.644,38 \/35h<\/td>\r\n<\/tr><td class=\"ccargos\">\r\n<span data-balloon-length=\"medium\" aria-label=\"Ensino M\u00e9dio Completo.\" data-balloon-pos=\"up\">Fiscal De Obras<\/span><\/td>\r\n<td class=\"cvagas\">CR<\/td>\r\n<td class=\"cremuneracao\">R$ 3.660,14 \/35h<\/td>\r\n<\/tr><td class=\"ccargos\">\r\n<span data-balloon-length=\"medium\" aria-label=\"T\u00e9cnico Agr\u00edcola com registro no CREA.\" data-balloon-pos=\"up\">T\u00e9cnico Agr\u00edcola<\/span><\/td>\r\n<td class=\"cvagas\">CR<\/td>\r\n<td class=\"cremuneracao\">R$ 2.999,50 \/40h<\/td>\r\n<\/tr><td class=\"ccargos\">\r\n<span data-balloon-length=\"medium\" aria-label=\"Ensino M\u00e9dio e Qualifica\u00e7\u00e3o Profissional T\u00e9cnica em Analista de Suporte de Redes de Computadores.\" data-balloon-pos=\"up\">T\u00e9cnico Em Inform\u00e1tica<\/span><\/td>\r\n<td class=\"cvagas\">CR<\/td>\r\n<td class=\"cremuneracao\">R$ 3.660,14 \/35h<\/td>\r\n<\/tr>\r\n    <\/tbody>\r\n  <\/table>\r\n<\/div>","_superior":"<div>\r\n<table class=\"quadro\">\r\n<thead>\r\n<tr>\r\n<th class=\"hcargo\">Cargo<\/th>\r\n<th class=\"hvagas\">Vagas<\/th>\r\n<th class=\"hremuneracao\">Remunera\u00e7\u00e3o<\/th>\r\n<\/tr>\r\n<\/thead>\r\n    <tbody>\r\n      <tr>\r\n<td class=\"ccargos\">\r\n<span data-balloon-length=\"medium\" aria-label=\"Bacharel em Direito com registro na OAB.\" data-balloon-pos=\"up\">Advogado<\/span><\/td>\r\n<td class=\"cvagas\">CR<\/td>\r\n<td class=\"cremuneracao\">R$ 8.948,02 \/20h<\/td>\r\n<\/tr><tr>\r\n<td class=\"ccargos\">\r\n<span data-balloon-length=\"medium\" aria-label=\"Curso Superior Completo em Educa\u00e7\u00e3o Especial.\" data-balloon-pos=\"up\">Agente De Educa\u00e7\u00e3o Especial<\/span><\/td>\r\n<td class=\"cvagas\">CR<\/td>\r\n<td class=\"cremuneracao\">R$ 4.915,84 \/40h<\/td>\r\n<\/tr><tr>\r\n<td class=\"ccargos\">\r\n<span data-balloon-length=\"medium\" aria-label=\"Curso Superior em Arquitetura e Urbanismo com registro no respectivo \u00f3rg\u00e3o fiscalizador.\" data-balloon-pos=\"up\">Arquiteto E Urbanista<\/span><\/td>\r\n<td class=\"cvagas\">CR<\/td>\r\n<td class=\"cremuneracao\">R$ 8.896,55 \/30h<\/td>\r\n<\/tr><tr>\r\n<td class=\"ccargos\">\r\n<span data-balloon-length=\"medium\" aria-label=\"Bacharel em Ci\u00eancias Cont\u00e1beis com registro no CRC.\" data-balloon-pos=\"up\">Contador Adjunto<\/span><\/td>\r\n<td class=\"cvagas\">CR<\/td>\r\n<td class=\"cremuneracao\">R$ 5.272,98 \/35h<\/td>\r\n<\/tr><tr>\r\n<td class=\"ccargos\">\r\n<span data-balloon-length=\"medium\" aria-label=\"Superior em Enfermagem ou Enfermeira Obst\u00e9trica com registro no COREN.\" data-balloon-pos=\"up\">Enfermeira<\/span><\/td>\r\n<td class=\"cvagas\">CR<\/td>\r\n<td class=\"cremuneracao\">R$ 8.948,02 \/40h<\/td>\r\n<\/tr><tr>\r\n<td class=\"ccargos\">\r\n<span data-balloon-length=\"medium\" aria-label=\"Habilita\u00e7\u00e3o legal para o exerc\u00edcio da profiss\u00e3o de Farmac\u00eautico Bioqu\u00edmico.\" data-balloon-pos=\"up\">Farmac\u00eautico<\/span><\/td>\r\n<td class=\"cvagas\">CR<\/td>\r\n<td class=\"cremuneracao\">R$ 6.631,92 \/40h<\/td>\r\n<\/tr><tr>\r\n<td class=\"ccargos\">\r\n<span data-balloon-length=\"medium\" aria-label=\"Superior em Ci\u00eancias Cont\u00e1beis, Ci\u00eancias Econ\u00f4micas ou Administra\u00e7\u00e3o.\" data-balloon-pos=\"up\">Fiscal De Tributos<\/span><\/td>\r\n<td class=\"cvagas\">1 + CR<\/td>\r\n<td class=\"cremuneracao\">R$ 6.631,92 \/35h<\/td>\r\n<\/tr><tr>\r\n<td class=\"ccargos\">\r\n<span data-balloon-length=\"medium\" aria-label=\"Habilita\u00e7\u00e3o legal para o exerc\u00edcio da profiss\u00e3o de Fonoaudi\u00f3logo.\" data-balloon-pos=\"up\">Fonoaudi\u00f3logo<\/span><\/td>\r\n<td class=\"cvagas\">CR<\/td>\r\n<td class=\"cremuneracao\">R$ 4.771,08 \/15h<\/td>\r\n<\/tr><tr>\r\n<td class=\"ccargos\">\r\n<span data-balloon-length=\"medium\" aria-label=\"Superior em Ci\u00eancias Cont\u00e1beis, Ci\u00eancias Econ\u00f4micas ou Administra\u00e7\u00e3o.\" data-balloon-pos=\"up\">Gestor De Contratos<\/span><\/td>\r\n<td class=\"cvagas\">1 + CR<\/td>\r\n<td class=\"cremuneracao\">R$ 5.824,53 \/35h<\/td>\r\n<\/tr><tr>\r\n<td class=\"ccargos\">\r\n<span data-balloon-length=\"medium\" aria-label=\"Habilita\u00e7\u00e3o em Educa\u00e7\u00e3o F\u00edsica.\" data-balloon-pos=\"up\">Monitor Desportivo<\/span><\/td>\r\n<td class=\"cvagas\">1 + CR<\/td>\r\n<td class=\"cremuneracao\">R$ 4.771,08 \/40h<\/td>\r\n<\/tr><tr>\r\n<td class=\"ccargos\">\r\n<span data-balloon-length=\"medium\" aria-label=\"Superior em Odontologia com registro no CRO.\" data-balloon-pos=\"up\">Odont\u00f3logo (20h)<\/span><\/td>\r\n<td class=\"cvagas\">CR<\/td>\r\n<td class=\"cremuneracao\">R$ 7.056,47 \/20h<\/td>\r\n<\/tr><tr>\r\n<td class=\"ccargos\">\r\n<span data-balloon-length=\"medium\" aria-label=\"Superior em Odontologia com registro no CRO.\" data-balloon-pos=\"up\">Odont\u00f3logo (40h)<\/span><\/td>\r\n<td class=\"cvagas\">CR<\/td>\r\n<td class=\"cremuneracao\">R$ 11.448,28 \/40h<\/td>\r\n<\/tr><tr>\r\n<td class=\"ccargos\">\r\n<span data-balloon-length=\"medium\" aria-label=\"Habilita\u00e7\u00e3o legal para o exerc\u00edcio da profiss\u00e3o de psic\u00f3logo.\" data-balloon-pos=\"up\">Psic\u00f3logo (20h)<\/span><\/td>\r\n<td class=\"cvagas\">CR<\/td>\r\n<td class=\"cremuneracao\">R$ 3.660,14 \/20h<\/td>\r\n<\/tr><tr>\r\n<td class=\"ccargos\">\r\n<span data-balloon-length=\"medium\" aria-label=\"Habilita\u00e7\u00e3o legal para o exerc\u00edcio da profiss\u00e3o de psic\u00f3logo.\" data-balloon-pos=\"up\">Psic\u00f3logo (40h)<\/span><\/td>\r\n<td class=\"cvagas\">CR<\/td>\r\n<td class=\"cremuneracao\">R$ 6.631,92 \/40h<\/td>\r\n<\/tr><tr>\r\n<td class=\"ccargos\">\r\n<span data-balloon-length=\"medium\" aria-label=\"Habilita\u00e7\u00e3o legal para o exerc\u00edcio da profiss\u00e3o de psic\u00f3logo.\" data-balloon-pos=\"up\">Psic\u00f3logo Educacional<\/span><\/td>\r\n<td class=\"cvagas\">1 + CR<\/td>\r\n<td class=\"cremuneracao\">R$ 6.631,92 \/40h<\/td>\r\n<\/tr>\r\n    <\/tbody>\r\n  <\/table>\r\n<\/div>"},"_links":{"self":[{"href":"https:\/\/www.agrobase.com.br\/concursos\/wp-json\/wp\/v2\/posts\/276850","targetHints":{"allow":["GET"]}}],"collection":[{"href":"https:\/\/www.agrobase.com.br\/concursos\/wp-json\/wp\/v2\/posts"}],"about":[{"href":"https:\/\/www.agrobase.com.br\/concursos\/wp-json\/wp\/v2\/types\/post"}],"author":[{"embeddable":true,"href":"https:\/\/www.agrobase.com.br\/concursos\/wp-json\/wp\/v2\/users\/7"}],"replies":[{"embeddable":true,"href":"https:\/\/www.agrobase.com.br\/concursos\/wp-json\/wp\/v2\/comments?post=276850"}],"version-history":[{"count":1,"href":"https:\/\/www.agrobase.com.br\/concursos\/wp-json\/wp\/v2\/posts\/276850\/revisions"}],"predecessor-version":[{"id":276852,"href":"https:\/\/www.agrobase.com.br\/concursos\/wp-json\/wp\/v2\/posts\/276850\/revisions\/276852"}],"wp:featuredmedia":[{"embeddable":true,"href":"https:\/\/www.agrobase.com.br\/concursos\/wp-json\/wp\/v2\/media\/276849"}],"wp:attachment":[{"href":"https:\/\/www.agrobase.com.br\/concursos\/wp-json\/wp\/v2\/media?parent=276850"}],"wp:term":[{"taxonomy":"category","embeddable":true,"href":"https:\/\/www.agrobase.com.br\/concursos\/wp-json\/wp\/v2\/categories?post=276850"},{"taxonomy":"post_tag","embeddable":true,"href":"https:\/\/www.agrobase.com.br\/concursos\/wp-json\/wp\/v2\/tags?post=276850"},{"taxonomy":"_amplo","embeddable":true,"href":"https:\/\/www.agrobase.com.br\/concursos\/wp-json\/wp\/v2\/_amplo?post=276850"},{"taxonomy":"destaque","embeddable":true,"href":"https:\/\/www.agrobase.com.br\/concursos\/wp-json\/wp\/v2\/destaque?post=276850"},{"taxonomy":"instituicoes","embeddable":true,"href":"https:\/\/www.agrobase.com.br\/concursos\/wp-json\/wp\/v2\/instituicoes?post=276850"}],"curies":[{"name":"wp","href":"https:\/\/api.w.org\/{rel}","templated":true}]}}