{"id":276844,"date":"2026-01-15T08:20:56","date_gmt":"2026-01-15T11:20:56","guid":{"rendered":"https:\/\/www.agrobase.com.br\/concursos\/?p=276844"},"modified":"2026-01-14T14:11:17","modified_gmt":"2026-01-14T17:11:17","slug":"valec-nacional-concurso-01-2026","status":"publish","type":"post","link":"https:\/\/www.agrobase.com.br\/concursos\/2026\/valec-nacional-concurso-01-2026\/","title":{"rendered":"VALEC (Nacional) &#8211; Concurso 01\/2026"},"content":{"rendered":"<h2>Informa\u00e7\u00f5es Gerais<\/h2>\n<p>A <strong>Infrasa<\/strong> publicou edital de concurso p\u00fablico para o provimento de <strong>62 vagas imediatas<\/strong>, al\u00e9m de forma\u00e7\u00e3o de cadastro de reserva, para o cargo de <strong>Analista<\/strong> em diversas especialidades. O certame \u00e9 organizado pelo <strong>Cebraspe<\/strong> e as inscri\u00e7\u00f5es estar\u00e3o abertas em breve.<\/p>\n<p>As oportunidades s\u00e3o destinadas exclusivamente a candidatos com <strong>n\u00edvel superior<\/strong>, com remunera\u00e7\u00e3o inicial de <strong>R$ 10.800,82<\/strong> para jornada de 40 horas semanais. Os profissionais contratados ser\u00e3o regidos pela <strong>Consolida\u00e7\u00e3o das Leis do Trabalho (CLT)<\/strong> e pelo Acordo Coletivo de Trabalho vigente.<\/p>\n<p>O concurso contempla vagas para diversas \u00e1reas de forma\u00e7\u00e3o, incluindo Administra\u00e7\u00e3o, An\u00e1lise de Sistemas, Contabilidade, Economia, Engenharia Civil e Geologia. <strong>Destaque para as \u00e1reas de Ci\u00eancias Agr\u00e1rias e Ambientais<\/strong>: h\u00e1 oportunidades para <strong>Bi\u00f3logo<\/strong> (3 vagas + CR), <strong>Engenheiro Agr\u00f4nomo<\/strong> (1 vaga + CR), <strong>Engenheiro Ambiental<\/strong> (cadastro de reserva) e <strong>Engenheiro Florestal<\/strong> (1 vaga + CR).<\/p>\n<p>Continue a leitura para conhecer todos os detalhes sobre inscri\u00e7\u00f5es, etapas de sele\u00e7\u00e3o e como acompanhar os resultados deste certame.<\/p>\n<h2>Inscri\u00e7\u00f5es<\/h2>\n<p>As inscri\u00e7\u00f5es para o concurso da Infrasa estar\u00e3o abertas no per\u00edodo de <strong>10h do dia 16 de janeiro de 2026<\/strong> at\u00e9 as <strong>18h do dia 4 de fevereiro de 2026<\/strong>, exclusivamente pela internet.<\/p>\n<p>Para se inscrever, o candidato dever\u00e1 acessar o endere\u00e7o eletr\u00f4nico <strong>http:\/\/www.cebraspe.org.br\/concursos\/infrasa_26_analista<\/strong> e seguir os procedimentos indicados no sistema. A taxa de inscri\u00e7\u00e3o \u00e9 de <strong>R$ 120,00<\/strong>, v\u00e1lida para todas as especialidades do cargo de Analista.<\/p>\n<p>O pagamento dever\u00e1 ser realizado por meio de <strong>Guia de Recolhimento da Uni\u00e3o (GRU Cobran\u00e7a)<\/strong>, respeitando o prazo estabelecido no cronograma do edital. Recomenda-se n\u00e3o deixar para os \u00faltimos dias, evitando problemas com processamento banc\u00e1rio.<\/p>\n<p>Ap\u00f3s efetuar a inscri\u00e7\u00e3o, o candidato deve acompanhar regularmente sua situa\u00e7\u00e3o na \u00e1rea restrita do site do Cebraspe, verificando a confirma\u00e7\u00e3o do pagamento e eventuais pend\u00eancias.<\/p>\n<p>Para informa\u00e7\u00f5es sobre possibilidade de isen\u00e7\u00e3o da taxa de inscri\u00e7\u00e3o e demais procedimentos, consulte o edital completo dispon\u00edvel no site da banca organizadora.<\/p>\n<h2>Etapas e Provas<\/h2>\n<p>O concurso da Infrasa ser\u00e1 composto por exame de habilidades e conhecimentos, com aplica\u00e7\u00e3o de <strong>provas objetivas e prova discursiva<\/strong>, ambas de car\u00e1ter <strong>eliminat\u00f3rio e classificat\u00f3rio<\/strong>.<\/p>\n<p>As etapas est\u00e3o organizadas da seguinte forma:<\/p>\n<ul>\n<li><strong>Prova Objetiva (P1) \u2014 Conhecimentos Gerais:<\/strong> quest\u00f5es de m\u00faltipla escolha abrangendo disciplinas comuns a todas as especialidades.<\/li>\n<li><strong>Prova Objetiva (P2) \u2014 Conhecimentos Espec\u00edficos:<\/strong> quest\u00f5es de m\u00faltipla escolha voltadas para a \u00e1rea de forma\u00e7\u00e3o de cada especialidade do cargo de Analista.<\/li>\n<li><strong>Prova Discursiva (P3):<\/strong> avalia\u00e7\u00e3o da capacidade de express\u00e3o escrita, argumenta\u00e7\u00e3o e dom\u00ednio do conte\u00fado.<\/li>\n<\/ul>\n<p>Todas as provas ser\u00e3o aplicadas em <strong>data \u00fanica: 15 de mar\u00e7o de 2026<\/strong>, no <strong>turno da tarde<\/strong>, com dura\u00e7\u00e3o total de <strong>4 horas e 30 minutos<\/strong>.<\/p>\n<p>Os locais e hor\u00e1rios de realiza\u00e7\u00e3o das provas ser\u00e3o divulgados por meio de edital espec\u00edfico, publicado no Di\u00e1rio Oficial da Uni\u00e3o e no site do Cebraspe, conforme cronograma previsto no edital.<\/p>\n<p>Para conhecer o conte\u00fado program\u00e1tico detalhado, crit\u00e9rios de pontua\u00e7\u00e3o, notas m\u00ednimas para aprova\u00e7\u00e3o e demais informa\u00e7\u00f5es sobre as provas, consulte o edital completo.<\/p>\n<h2>Resultados e Gabarito<\/h2>\n<p>Os resultados do concurso da Infrasa ser\u00e3o divulgados de forma gradual, conforme o andamento das etapas de avalia\u00e7\u00e3o.<\/p>\n<p>A consulta aos <strong>gabaritos oficiais preliminares<\/strong> das provas objetivas estar\u00e1 dispon\u00edvel a partir das <strong>19h<\/strong> da data prevista no cronograma, no endere\u00e7o eletr\u00f4nico http:\/\/www.cebraspe.org.br\/concursos\/infrasa_26_analista. Na mesma ocasi\u00e3o, ser\u00e1 divulgado o <strong>padr\u00e3o preliminar de resposta da prova discursiva<\/strong>.<\/p>\n<p>A divulga\u00e7\u00e3o do <strong>resultado final na prova discursiva<\/strong> e do <strong>resultado final do concurso<\/strong> est\u00e1 prevista para <strong>23 de junho de 2026<\/strong>.<\/p>\n<p>A classifica\u00e7\u00e3o final dos candidatos considerar\u00e1 o desempenho nas provas objetivas e na prova discursiva, conforme crit\u00e9rios e pesos estabelecidos no edital. Em caso de empate, ser\u00e3o aplicados os crit\u00e9rios de desempate previstos nas normas do certame.<\/p>\n<p>Ap\u00f3s a conclus\u00e3o de todas as etapas, o resultado final ser\u00e1 homologado e publicado no Di\u00e1rio Oficial da Uni\u00e3o, momento a partir do qual se inicia a contagem do prazo de validade do concurso.<\/p>\n<p>O <strong>prazo de validade do concurso \u00e9 de 2 anos<\/strong>, contados da data de publica\u00e7\u00e3o da homologa\u00e7\u00e3o, podendo ser <strong>prorrogado uma \u00fanica vez por igual per\u00edodo<\/strong>.<\/p>\n<p>\u00c9 de <strong>responsabilidade exclusiva do candidato<\/strong> acompanhar todas as publica\u00e7\u00f5es oficiais referentes ao concurso, incluindo convoca\u00e7\u00f5es, retifica\u00e7\u00f5es e demais comunicados, por meio do site do Cebraspe e do Di\u00e1rio Oficial da Uni\u00e3o.<\/p>\n","protected":false},"excerpt":{"rendered":"<p>Concurso VALEC (Nacional) com edital publicado! 62+CR vagas p\/ Analista Adm. e Sistemas (Superior). Inscri\u00e7\u00f5es a partir de 16\/01. Sal\u00e1rio R$10,8k. Confira!<\/p>\n","protected":false},"author":7,"featured_media":276843,"comment_status":"open","ping_status":"open","sticky":false,"template":"","format":"standard","meta":{"_acf_changed":false,"_breakdance_hide_in_design_set":false,"_breakdance_tags":"","footnotes":""},"categories":[3,4,6,9,117,13,14,15,111,115],"tags":[88],"_amplo":[],"destaque":[],"instituicoes":[],"class_list":["post-276844","post","type-post","status-publish","format-standard","has-post-thumbnail","hentry","category-administracao","category-agronomia","category-biologia","category-ciencias-contabeis","category-economia","category-engenharia-ambiental","category-engenharia","category-engenharia-florestal","category-geografia","category-geologia","tag-nacional"],"acf":{"_tipo_vagas":"vagas","_numero_vagas":"","_quadro_vagas":"","_cargos":"diversos","_cargos_especificos":"","_salario_max":"R$ 10800.82","_abertura":"20260116","_encerramento":"20260204","_inscricoes":"http:\/\/www.cebraspe.org.br\/concursos\/infrasa_26_analista","_executora_concurso":"","_instituicao_concurso":[],"_link_adicional":null,"_anexos":null,"_produtos":null,"_vagas":"62 + CR","_salario_min":"R$ 10800.82","_instituicao":"VALEC","_edital":"https:\/\/www.agrobase.com.br\/concursos\/wp-content\/uploads\/sites\/4\/2026\/01\/edital-01-2026-valec.pdf","_anexos_edital":"","_fund_incompleto":"","_fund_completo":"","_medio":"","_superior":"<div>\r\n<table class=\"quadro\">\r\n<thead>\r\n<tr>\r\n<th class=\"hcargo\">Cargo<\/th>\r\n<th class=\"hvagas\">Vagas<\/th>\r\n<th class=\"hremuneracao\">Remunera\u00e7\u00e3o<\/th>\r\n<\/tr>\r\n<\/thead>\r\n    <tbody>\r\n      <tr>\r\n<td class=\"ccargos\">\r\n<span data-balloon-length=\"medium\" aria-label=\"Diploma de gradua\u00e7\u00e3o em Administra\u00e7\u00e3o e registro no Conselho de Classe.\" data-balloon-pos=\"up\">Analista - Especialidade: Administrador<\/span><\/td>\r\n<td class=\"cvagas\">11 + CR<\/td>\r\n<td class=\"cremuneracao\">R$ 10.800,82 \/40h<\/td>\r\n<\/tr><tr>\r\n<td class=\"ccargos\">\r\n<span data-balloon-length=\"medium\" aria-label=\"Diploma de gradua\u00e7\u00e3o em An\u00e1lise de Sistema ou cursos correlatos.\" data-balloon-pos=\"up\">Analista - Especialidade: Analista de Sistemas<\/span><\/td>\r\n<td class=\"cvagas\">06 + CR<\/td>\r\n<td class=\"cremuneracao\">R$ 10.800,82 \/40h<\/td>\r\n<\/tr><tr>\r\n<td class=\"ccargos\">\r\n<span data-balloon-length=\"medium\" aria-label=\"Diploma de gradua\u00e7\u00e3o em Ci\u00eancias Biol\u00f3gicas e registro no CRBio.\" data-balloon-pos=\"up\">Analista - Especialidade: Bi\u00f3logo<\/span><\/td>\r\n<td class=\"cvagas\">03 + CR<\/td>\r\n<td class=\"cremuneracao\">R$ 10.800,82 \/40h<\/td>\r\n<\/tr><tr>\r\n<td class=\"ccargos\">\r\n<span data-balloon-length=\"medium\" aria-label=\"Diploma de gradua\u00e7\u00e3o em Contabilidade e registro no CRC.\" data-balloon-pos=\"up\">Analista - Especialidade: Contador<\/span><\/td>\r\n<td class=\"cvagas\">06 + CR<\/td>\r\n<td class=\"cremuneracao\">R$ 10.800,82 \/40h<\/td>\r\n<\/tr><tr>\r\n<td class=\"ccargos\">\r\n<span data-balloon-length=\"medium\" aria-label=\"Diploma de gradua\u00e7\u00e3o em Economia e registro no Conselho de Classe.\" data-balloon-pos=\"up\">Analista - Especialidade: Economista<\/span><\/td>\r\n<td class=\"cvagas\">07 + CR<\/td>\r\n<td class=\"cremuneracao\">R$ 10.800,82 \/40h<\/td>\r\n<\/tr><tr>\r\n<td class=\"ccargos\">\r\n<span data-balloon-length=\"medium\" aria-label=\"Diploma de gradua\u00e7\u00e3o em Engenharia e registro no CREA.\" data-balloon-pos=\"up\">Analista - Especialidade: Engenheiro Agr\u00f4nomo<\/span><\/td>\r\n<td class=\"cvagas\">01 + CR<\/td>\r\n<td class=\"cremuneracao\">R$ 10.800,82 \/40h<\/td>\r\n<\/tr><tr>\r\n<td class=\"ccargos\">\r\n<span data-balloon-length=\"medium\" aria-label=\"Diploma de gradua\u00e7\u00e3o em Engenharia e registro no CREA.\" data-balloon-pos=\"up\">Analista - Especialidade: Engenheiro Ambiental<\/span><\/td>\r\n<td class=\"cvagas\">CR<\/td>\r\n<td class=\"cremuneracao\">R$ 10.800,82 \/40h<\/td>\r\n<\/tr><tr>\r\n<td class=\"ccargos\">\r\n<span data-balloon-length=\"medium\" aria-label=\"Diploma de gradua\u00e7\u00e3o em Engenharia e registro no CREA.\" data-balloon-pos=\"up\">Analista - Especialidade: Engenheiro Civil<\/span><\/td>\r\n<td class=\"cvagas\">19<\/td>\r\n<td class=\"cremuneracao\">R$ 10.800,82 \/40h<\/td>\r\n<\/tr><tr>\r\n<td class=\"ccargos\">\r\n<span data-balloon-length=\"medium\" aria-label=\"Diploma de gradua\u00e7\u00e3o em Engenharia e registro no CREA.\" data-balloon-pos=\"up\">Analista - Especialidade: Engenheiro Florestal<\/span><\/td>\r\n<td class=\"cvagas\">01 + CR<\/td>\r\n<td class=\"cremuneracao\">R$ 10.800,82 \/40h<\/td>\r\n<\/tr><tr>\r\n<td class=\"ccargos\">\r\n<span data-balloon-length=\"medium\" aria-label=\"Diploma de gradua\u00e7\u00e3o em Geografia e registro no CREA.\" data-balloon-pos=\"up\">Analista - Especialidade: Ge\u00f3grafo<\/span><\/td>\r\n<td class=\"cvagas\">05 + CR<\/td>\r\n<td class=\"cremuneracao\">R$ 10.800,82 \/40h<\/td>\r\n<\/tr><tr>\r\n<td class=\"ccargos\">\r\n<span data-balloon-length=\"medium\" aria-label=\"Diploma de gradua\u00e7\u00e3o em Geologia e registro no CREA.\" data-balloon-pos=\"up\">Analista - Especialidade: Ge\u00f3logo<\/span><\/td>\r\n<td class=\"cvagas\">03 + CR<\/td>\r\n<td class=\"cremuneracao\">R$ 10.800,82 \/40h<\/td>\r\n<\/tr>\r\n    <\/tbody>\r\n  <\/table>\r\n<\/div>"},"_links":{"self":[{"href":"https:\/\/www.agrobase.com.br\/concursos\/wp-json\/wp\/v2\/posts\/276844","targetHints":{"allow":["GET"]}}],"collection":[{"href":"https:\/\/www.agrobase.com.br\/concursos\/wp-json\/wp\/v2\/posts"}],"about":[{"href":"https:\/\/www.agrobase.com.br\/concursos\/wp-json\/wp\/v2\/types\/post"}],"author":[{"embeddable":true,"href":"https:\/\/www.agrobase.com.br\/concursos\/wp-json\/wp\/v2\/users\/7"}],"replies":[{"embeddable":true,"href":"https:\/\/www.agrobase.com.br\/concursos\/wp-json\/wp\/v2\/comments?post=276844"}],"version-history":[{"count":1,"href":"https:\/\/www.agrobase.com.br\/concursos\/wp-json\/wp\/v2\/posts\/276844\/revisions"}],"predecessor-version":[{"id":276846,"href":"https:\/\/www.agrobase.com.br\/concursos\/wp-json\/wp\/v2\/posts\/276844\/revisions\/276846"}],"wp:featuredmedia":[{"embeddable":true,"href":"https:\/\/www.agrobase.com.br\/concursos\/wp-json\/wp\/v2\/media\/276843"}],"wp:attachment":[{"href":"https:\/\/www.agrobase.com.br\/concursos\/wp-json\/wp\/v2\/media?parent=276844"}],"wp:term":[{"taxonomy":"category","embeddable":true,"href":"https:\/\/www.agrobase.com.br\/concursos\/wp-json\/wp\/v2\/categories?post=276844"},{"taxonomy":"post_tag","embeddable":true,"href":"https:\/\/www.agrobase.com.br\/concursos\/wp-json\/wp\/v2\/tags?post=276844"},{"taxonomy":"_amplo","embeddable":true,"href":"https:\/\/www.agrobase.com.br\/concursos\/wp-json\/wp\/v2\/_amplo?post=276844"},{"taxonomy":"destaque","embeddable":true,"href":"https:\/\/www.agrobase.com.br\/concursos\/wp-json\/wp\/v2\/destaque?post=276844"},{"taxonomy":"instituicoes","embeddable":true,"href":"https:\/\/www.agrobase.com.br\/concursos\/wp-json\/wp\/v2\/instituicoes?post=276844"}],"curies":[{"name":"wp","href":"https:\/\/api.w.org\/{rel}","templated":true}]}}