{"id":276831,"date":"2026-01-15T10:09:51","date_gmt":"2026-01-15T13:09:51","guid":{"rendered":"https:\/\/www.agrobase.com.br\/concursos\/?p=276831"},"modified":"2026-01-15T10:09:51","modified_gmt":"2026-01-15T13:09:51","slug":"prefeitura-bombinhas-sc-selecao-simplificada-11-2026","status":"publish","type":"post","link":"https:\/\/www.agrobase.com.br\/concursos\/2026\/prefeitura-bombinhas-sc-selecao-simplificada-11-2026\/","title":{"rendered":"Prefeitura Bombinhas (SC) &#8211; Sele\u00e7\u00e3o Simplificada 11\/2026"},"content":{"rendered":"<h2>Informa\u00e7\u00f5es Gerais<\/h2>\n<p>A Prefeitura Municipal de <strong>Bombinhas<\/strong>, no estado de <strong>Santa Catarina<\/strong>, publicou o <strong>Processo Seletivo P\u00fablico Simplificado n\u00ba 011\/2025<\/strong>, destinado \u00e0 forma\u00e7\u00e3o de <strong>cadastro de reserva<\/strong> para atender necessidades tempor\u00e1rias de excepcional interesse p\u00fablico no quadro de pessoal do munic\u00edpio.<\/p>\n<p>O certame oferece oportunidades para candidatos de <strong>todos os n\u00edveis de escolaridade<\/strong>: Fundamental Incompleto, Fundamental Completo, M\u00e9dio\/T\u00e9cnico e Superior. As remunera\u00e7\u00f5es variam de <strong>R$ 2.071,70 a R$ 22.022,27<\/strong>, conforme o cargo e a carga hor\u00e1ria, que pode ser de 20h ou 40h semanais.<\/p>\n<p>As vagas abrangem diversas \u00e1reas de atua\u00e7\u00e3o, incluindo <strong>Sa\u00fade<\/strong> (m\u00e9dicos de diversas especialidades, fonoaudi\u00f3logo, psic\u00f3logo), <strong>Educa\u00e7\u00e3o<\/strong> (professores de m\u00faltiplas disciplinas, agente de educa\u00e7\u00e3o inclusiva), <strong>Infraestrutura<\/strong> (motorista, operador de m\u00e1quina, pedreiro, t\u00e9cnico em edifica\u00e7\u00f5es), <strong>Administra\u00e7\u00e3o<\/strong> (agente administrativo, fiscal, recepcionista) e <strong>Assist\u00eancia Social<\/strong> (educador social, visitador).<\/p>\n<p>O regime de contrata\u00e7\u00e3o \u00e9 <strong>tempor\u00e1rio<\/strong>, conforme previsto na Lei Complementar Municipal 162\/2013, em conson\u00e2ncia com o Art. 37, inciso IX da Constitui\u00e7\u00e3o Federal. Continue a leitura para conhecer todos os detalhes sobre inscri\u00e7\u00f5es, etapas e cronograma do processo seletivo.<\/p>\n<h2>Inscri\u00e7\u00f5es<\/h2>\n<p>As inscri\u00e7\u00f5es para o Processo Seletivo n\u00ba 011\/2025 da Prefeitura de Bombinhas estar\u00e3o <strong>abertas<\/strong> no per\u00edodo de <strong>07 de janeiro de 2026, a partir das 13h, at\u00e9 as 18h do dia 05 de fevereiro de 2026<\/strong>.<\/p>\n<p>O procedimento \u00e9 realizado <strong>exclusivamente pela internet<\/strong>, atrav\u00e9s do portal de autoatendimento da Prefeitura. Para se inscrever, o candidato deve:<\/p>\n<ul>\n<li>Acessar o endere\u00e7o eletr\u00f4nico <strong>https:\/\/bombinhas.atende.net\/autoatendimento\/servicos\/geracao-de-guias-de-servicos-diversos\/<\/strong><\/li>\n<li>Preencher o formul\u00e1rio de inscri\u00e7\u00e3o com seus dados pessoais<\/li>\n<li>Selecionar o cargo pretendido<\/li>\n<li>Gerar e imprimir o boleto banc\u00e1rio correspondente \u00e0 taxa de inscri\u00e7\u00e3o<\/li>\n<\/ul>\n<p>O <strong>pagamento da taxa de inscri\u00e7\u00e3o<\/strong> dever\u00e1 ser efetuado <strong>at\u00e9 o dia 05 de fevereiro de 2026<\/strong>, exclusivamente por meio de boleto banc\u00e1rio. \u00c9 importante ressaltar que a inscri\u00e7\u00e3o somente ser\u00e1 efetivada ap\u00f3s a confirma\u00e7\u00e3o do pagamento dentro do prazo estabelecido.<\/p>\n<p>Para acompanhar informa\u00e7\u00f5es complementares sobre o certame, acesse a p\u00e1gina oficial do processo seletivo em <strong>https:\/\/bombinhas.sc.gov.br\/concursos-publicos\/<\/strong>, na se\u00e7\u00e3o 011\/2025 \u2013 edital.<\/p>\n<p>Recomendamos a leitura integral do edital para verificar os valores das taxas de inscri\u00e7\u00e3o por cargo e demais orienta\u00e7\u00f5es espec\u00edficas.<\/p>\n<h2>Etapas e Provas<\/h2>\n<p>O Processo Seletivo n\u00ba 011\/2025 de Bombinhas ser\u00e1 composto por etapas de avalia\u00e7\u00e3o conforme o cargo pretendido, todas de <strong>car\u00e1ter eliminat\u00f3rio e classificat\u00f3rio<\/strong>.<\/p>\n<p><strong>Prova Escrita Objetiva (todos os cargos):<\/strong><\/p>\n<ul>\n<li><strong>Data:<\/strong> 22 de fevereiro de 2026<\/li>\n<li><strong>Hor\u00e1rio:<\/strong> 09h00min<\/li>\n<li><strong>Local:<\/strong> Cidade de Bombinhas \u2013 endere\u00e7o a ser divulgado na homologa\u00e7\u00e3o das inscri\u00e7\u00f5es<\/li>\n<li><strong>Formato:<\/strong> Quest\u00f5es objetivas de m\u00faltipla escolha<\/li>\n<li><strong>Objetivo:<\/strong> Aferir o conhecimento dos candidatos para o desempenho das atribui\u00e7\u00f5es do cargo<\/li>\n<\/ul>\n<p><strong>Prova Pr\u00e1tica (cargos espec\u00edficos):<\/strong><\/p>\n<ul>\n<li><strong>Cargos:<\/strong> Motorista, Motorista Socorrista e Operador de M\u00e1quina<\/li>\n<li><strong>Data:<\/strong> 22 de fevereiro de 2026<\/li>\n<li><strong>Hor\u00e1rio:<\/strong> Imediatamente ap\u00f3s o t\u00e9rmino da prova te\u00f3rica<\/li>\n<li><strong>Local:<\/strong> A ser indicado na homologa\u00e7\u00e3o das inscri\u00e7\u00f5es<\/li>\n<li><strong>Objetivo:<\/strong> Avaliar as habilidades pr\u00e1ticas necess\u00e1rias para o exerc\u00edcio das fun\u00e7\u00f5es<\/li>\n<\/ul>\n<p>Os candidatos aos cargos de Motorista, Motorista Socorrista e Operador de M\u00e1quina dever\u00e3o realizar <strong>ambas as etapas<\/strong> (prova escrita e prova pr\u00e1tica) no mesmo dia.<\/p>\n<p>Consulte o edital completo para informa\u00e7\u00f5es detalhadas sobre o conte\u00fado program\u00e1tico, crit\u00e9rios de pontua\u00e7\u00e3o, notas m\u00ednimas para aprova\u00e7\u00e3o e demais especificidades de cada etapa.<\/p>\n<h2>Resultados e Gabarito<\/h2>\n<p>A divulga\u00e7\u00e3o dos resultados do Processo Seletivo n\u00ba 011\/2025 de Bombinhas seguir\u00e1 o seguinte cronograma:<\/p>\n<ul>\n<li><strong>Gabaritos Provis\u00f3rios e Cadernos de Provas:<\/strong> 23 de fevereiro de 2026 \u2013 publica\u00e7\u00e3o no site da Prefeitura Municipal de Bombinhas<\/li>\n<li><strong>Resultado Preliminar:<\/strong> A partir de 04 de mar\u00e7o de 2026<\/li>\n<li><strong>Resultado Final e Homologa\u00e7\u00e3o:<\/strong> Previs\u00e3o para 09 de mar\u00e7o de 2026<\/li>\n<\/ul>\n<p>Os resultados ser\u00e3o divulgados nos seguintes canais oficiais:<\/p>\n<ul>\n<li>Site da Prefeitura Municipal de Bombinhas: <strong>www.bombinhas.sc.gov.br<\/strong><\/li>\n<li>Pa\u00e7o Municipal de Bombinhas \u2013 Avenida Baleia Jubarte n\u00ba 328, Bairro Jos\u00e9 Am\u00e2ndio<\/li>\n<li>Jornal de circula\u00e7\u00e3o local<\/li>\n<\/ul>\n<p>Ap\u00f3s a publica\u00e7\u00e3o do resultado preliminar, os candidatos poder\u00e3o interpor <strong>recursos<\/strong> nos termos estabelecidos no edital. A classifica\u00e7\u00e3o final considerar\u00e1 o desempenho nas etapas aplic\u00e1veis a cada cargo.<\/p>\n<p>A <strong>homologa\u00e7\u00e3o<\/strong> do processo seletivo representa o ato oficial que valida todo o certame e autoriza a convoca\u00e7\u00e3o dos aprovados conforme as necessidades do munic\u00edpio.<\/p>\n<p><strong>Importante:<\/strong> O acompanhamento de todas as publica\u00e7\u00f5es, convoca\u00e7\u00f5es e comunicados oficiais \u00e9 de <strong>responsabilidade exclusiva do candidato<\/strong>. Recomenda-se verificar periodicamente os canais oficiais de divulga\u00e7\u00e3o durante todo o per\u00edodo de validade do processo seletivo.<\/p>\n","protected":false},"excerpt":{"rendered":"<p>Sel. Simplificada Pref. Bombinhas (SC) p\/ M\u00e9dicos e Professores (Fund. a Sup.). Inscri\u00e7\u00f5es a partir de 07\/01. Sal\u00e1rios at\u00e9 R$22k. Confira detalhes!<\/p>\n","protected":false},"author":7,"featured_media":276830,"comment_status":"open","ping_status":"open","sticky":false,"template":"","format":"standard","meta":{"_acf_changed":false,"_breakdance_hide_in_design_set":false,"_breakdance_tags":"","footnotes":""},"categories":[6433,6434,19,111,100,20,6872,6871,116,21,119,24,26],"tags":[61],"_amplo":[],"destaque":[],"instituicoes":[],"class_list":["post-276831","post","type-post","status-publish","format-standard","has-post-thumbnail","hentry","category-biologia-licenciatura","category-educacao-fisica-licenciatura","category-fonoaudiologia","category-geografia","category-historia","category-letras","category-letras-espanhol","category-letras-ingles","category-matematica","category-medicina","category-musica","category-odontologia","category-psicologia","tag-santa-catarina"],"acf":{"_tipo_vagas":"vagas","_numero_vagas":"","_quadro_vagas":"","_cargos":"diversos","_cargos_especificos":"","_salario_max":"R$ 22022.27","_abertura":"20260107","_encerramento":"20260205","_inscricoes":"https:\/\/bombinhas.atende.net\/autoatendimento\/servicos\/geracao-de-guias-de-servicos-diversos\/","_executora_concurso":"","_instituicao_concurso":[],"_link_adicional":null,"_anexos":null,"_produtos":null,"_vagas":"Cadastro Reserva","_salario_min":"R$ 2071.7","_instituicao":"Prefeitura de Bombinhas","_edital":"https:\/\/www.agrobase.com.br\/concursos\/wp-content\/uploads\/sites\/4\/2026\/01\/edital-11-2026-prefeitura-de-bombinhas-sc.pdf","_anexos_edital":"https:\/\/www.agrobase.com.br\/concursos\/wp-content\/uploads\/sites\/4\/2026\/01\/anexos-edital-11-2026-prefeitura-de-bombinhas-sc.pdf","_fund_incompleto":"<div>\r\n<table class=\"quadro\">\r\n<thead>\r\n<tr>\r\n<th class=\"hcargo\">Cargo<\/th>\r\n<th class=\"hvagas\">Vagas<\/th>\r\n<th class=\"hremuneracao\">Remunera\u00e7\u00e3o<\/th>\r\n<\/tr>\r\n<\/thead>\r\n    <tbody>\r\n      <td class=\"ccargos\">\r\n<span data-balloon-length=\"medium\" aria-label=\"Ensino fundamental nos anos iniciais.\" data-balloon-pos=\"up\">Mec\u00e2nico De Manuten\u00e7\u00e3o<\/span><\/td>\r\n<td class=\"cvagas\">CR<\/td>\r\n<td class=\"cremuneracao\">R$ 2.242,16 \/40h<\/td>\r\n<\/tr><td class=\"ccargos\">\r\n<span data-balloon-length=\"medium\" data-balloon-pos=\"up\">Motorista<\/span><\/td>\r\n<td class=\"cvagas\">CR<\/td>\r\n<td class=\"cremuneracao\">R$ 2.523,29 \/40h<\/td>\r\n<\/tr><td class=\"ccargos\">\r\n<span data-balloon-length=\"medium\" data-balloon-pos=\"up\">Motorista Socorrista<\/span><\/td>\r\n<td class=\"cvagas\">CR<\/td>\r\n<td class=\"cremuneracao\">R$ 2.523,29 \/40h<\/td>\r\n<\/tr><td class=\"ccargos\">\r\n<span data-balloon-length=\"medium\" data-balloon-pos=\"up\">Operador De M\u00e1quina<\/span><\/td>\r\n<td class=\"cvagas\">CR<\/td>\r\n<td class=\"cremuneracao\">R$ 2.523,29 \/40h<\/td>\r\n<\/tr><td class=\"ccargos\">\r\n<span data-balloon-length=\"medium\" aria-label=\"Ensino fundamental nos anos iniciais.\" data-balloon-pos=\"up\">Pedreiro<\/span><\/td>\r\n<td class=\"cvagas\">CR<\/td>\r\n<td class=\"cremuneracao\">R$ 2.101,99 \/40h<\/td>\r\n<\/tr>\r\n    <\/tbody>\r\n  <\/table>\r\n<\/div>","_fund_completo":"<div>\r\n<table class=\"quadro\">\r\n<thead>\r\n<tr>\r\n<th class=\"hcargo\">Cargo<\/th>\r\n<th class=\"hvagas\">Vagas<\/th>\r\n<th class=\"hremuneracao\">Remunera\u00e7\u00e3o<\/th>\r\n<\/tr>\r\n<\/thead>\r\n    <tbody>\r\n      <td class=\"ccargos\">\r\n<span data-balloon-length=\"medium\" aria-label=\"Ensino fundamental Completo.\" data-balloon-pos=\"up\">Recepcionista<\/span><\/td>\r\n<td class=\"cvagas\">CR<\/td>\r\n<td class=\"cremuneracao\">R$ 2.101,99 \/40h<\/td>\r\n<\/tr>\r\n    <\/tbody>\r\n  <\/table>\r\n<\/div>","_medio":"<div>\r\n<table class=\"quadro\">\r\n<thead>\r\n<tr>\r\n<th class=\"hcargo\">Cargo<\/th>\r\n<th class=\"hvagas\">Vagas<\/th>\r\n<th class=\"hremuneracao\">Remunera\u00e7\u00e3o<\/th>\r\n<\/tr>\r\n<\/thead>\r\n    <tbody>\r\n      <td class=\"ccargos\">\r\n<span data-balloon-length=\"medium\" aria-label=\"Habilita\u00e7\u00e3o em n\u00edvel m\u00e9dio completo.\" data-balloon-pos=\"up\">Agente Administrativo<\/span><\/td>\r\n<td class=\"cvagas\">CR<\/td>\r\n<td class=\"cremuneracao\">R$ 2.577,32 \/40h<\/td>\r\n<\/tr><td class=\"ccargos\">\r\n<span data-balloon-length=\"medium\" aria-label=\"Ensino m\u00e9dio completo, conhecimento em inform\u00e1tica b\u00e1sica e sistemas de georreferenciamento.\" data-balloon-pos=\"up\">Agente De Cadastro Imobili\u00e1rio<\/span><\/td>\r\n<td class=\"cvagas\">CR<\/td>\r\n<td class=\"cremuneracao\">R$ 2.577,00 \/40h<\/td>\r\n<\/tr><td class=\"ccargos\">\r\n<span data-balloon-length=\"medium\" aria-label=\"Conclus\u00e3o de ensino m\u00e9dio; Carteira Nacional de Habilita\u00e7\u00e3o categoria AB; Curso de Guarda Vidas; e Curso Avan\u00e7ado de Atendimento Emergencial.\" data-balloon-pos=\"up\">Agente De Defesa Civil<\/span><\/td>\r\n<td class=\"cvagas\">CR<\/td>\r\n<td class=\"cremuneracao\">R$ 2.577,32 \/40h<\/td>\r\n<\/tr><td class=\"ccargos\">\r\n<span data-balloon-length=\"medium\" aria-label=\"Habilita\u00e7\u00e3o em n\u00edvel m\u00e9dio completo.\" data-balloon-pos=\"up\">Fiscal<\/span><\/td>\r\n<td class=\"cvagas\">CR<\/td>\r\n<td class=\"cremuneracao\">R$ 2.478,07 \/40h<\/td>\r\n<\/tr><td class=\"ccargos\">\r\n<span data-balloon-length=\"medium\" aria-label=\"Habilita\u00e7\u00e3o em n\u00edvel m\u00e9dio completo.\" data-balloon-pos=\"up\">Monitor De Transporte Escolar<\/span><\/td>\r\n<td class=\"cvagas\">CR<\/td>\r\n<td class=\"cremuneracao\">R$ 2.071,70 \/40h<\/td>\r\n<\/tr><td class=\"ccargos\">\r\n<span data-balloon-length=\"medium\" aria-label=\"Ensino m\u00e9dio. Curso t\u00e9cnico em agrimensura. Cadastro no Conselho Regional da profiss\u00e3o.\" data-balloon-pos=\"up\">T\u00e9cnico Em Agrimensura<\/span><\/td>\r\n<td class=\"cvagas\">CR<\/td>\r\n<td class=\"cremuneracao\">R$ 3.509,54 \/40h<\/td>\r\n<\/tr><td class=\"ccargos\">\r\n<span data-balloon-length=\"medium\" aria-label=\"Curso de ensino m\u00e9dio. Curso de T\u00e9cnico em Edifica\u00e7\u00f5es. Registro no Conselho Regional da profiss\u00e3o.\" data-balloon-pos=\"up\">T\u00e9cnico Em Edifica\u00e7\u00f5es<\/span><\/td>\r\n<td class=\"cvagas\">CR<\/td>\r\n<td class=\"cremuneracao\">R$ 3.509,54 \/40h<\/td>\r\n<\/tr><td class=\"ccargos\">\r\n<span data-balloon-length=\"medium\" aria-label=\"Habilita\u00e7\u00e3o em n\u00edvel M\u00e9dio completo.\" data-balloon-pos=\"up\">Visitador<\/span><\/td>\r\n<td class=\"cvagas\">CR<\/td>\r\n<td class=\"cremuneracao\">R$ 2.292,22 \/30h<\/td>\r\n<\/tr>\r\n    <\/tbody>\r\n  <\/table>\r\n<\/div>","_superior":"<div>\r\n<table class=\"quadro\">\r\n<thead>\r\n<tr>\r\n<th class=\"hcargo\">Cargo<\/th>\r\n<th class=\"hvagas\">Vagas<\/th>\r\n<th class=\"hremuneracao\">Remunera\u00e7\u00e3o<\/th>\r\n<\/tr>\r\n<\/thead>\r\n    <tbody>\r\n      <tr>\r\n<td class=\"ccargos\">\r\n<span data-balloon-length=\"medium\" aria-label=\"Ensino Superior Completo com especializa\u00e7\u00e3o em educa\u00e7\u00e3o inclusiva.\" data-balloon-pos=\"up\">Agente De Educa\u00e7\u00e3o Inclusiva<\/span><\/td>\r\n<td class=\"cvagas\">CR<\/td>\r\n<td class=\"cremuneracao\">R$ 4.086,08 \/40h<\/td>\r\n<\/tr><tr>\r\n<td class=\"ccargos\">\r\n<span data-balloon-length=\"medium\" aria-label=\"Habilita\u00e7\u00e3o em curso superior de tecnologia em educador social.\" data-balloon-pos=\"up\">Educador Social<\/span><\/td>\r\n<td class=\"cvagas\">CR<\/td>\r\n<td class=\"cremuneracao\">R$ 4.010,65 \/40h<\/td>\r\n<\/tr><tr>\r\n<td class=\"ccargos\">\r\n<span data-balloon-length=\"medium\" aria-label=\"Habilita\u00e7\u00e3o em n\u00edvel superior completo em Fonoaudiologia, com registro no respectivo \u00f3rg\u00e3o ou Conselho de Classe.\" data-balloon-pos=\"up\">Fonoaudi\u00f3logo<\/span><\/td>\r\n<td class=\"cvagas\">CR<\/td>\r\n<td class=\"cremuneracao\">R$ 4.880,45 \/40h<\/td>\r\n<\/tr><tr>\r\n<td class=\"ccargos\">\r\n<span data-balloon-length=\"medium\" aria-label=\"Curso superior de Medicina. Especializa\u00e7\u00e3o em Cardiologia e Registro no Conselho Regional da Profiss\u00e3o.\" data-balloon-pos=\"up\">M\u00e9dico Cardiologista<\/span><\/td>\r\n<td class=\"cvagas\">CR<\/td>\r\n<td class=\"cremuneracao\">R$ 11.011,15 \/20h<\/td>\r\n<\/tr><tr>\r\n<td class=\"ccargos\">\r\n<span data-balloon-length=\"medium\" aria-label=\"Curso superior de Medicina. Registro no Conselho Regional da Profiss\u00e3o.\" data-balloon-pos=\"up\">M\u00e9dico Cl\u00ednico Geral<\/span><\/td>\r\n<td class=\"cvagas\">CR<\/td>\r\n<td class=\"cremuneracao\">R$ 11.011,15 \/20h<\/td>\r\n<\/tr><tr>\r\n<td class=\"ccargos\">\r\n<span data-balloon-length=\"medium\" aria-label=\"Curso superior de Medicina. Especializa\u00e7\u00e3o em Endocrinologia.\" data-balloon-pos=\"up\">M\u00e9dico Endocrinologista<\/span><\/td>\r\n<td class=\"cvagas\">CR<\/td>\r\n<td class=\"cremuneracao\">R$ 11.011,15 \/20h<\/td>\r\n<\/tr><tr>\r\n<td class=\"ccargos\">\r\n<span data-balloon-length=\"medium\" aria-label=\"Curso superior de Medicina. Especializa\u00e7\u00e3o em Sa\u00fade P\u00fablica. Registro no Conselho Regional da Profiss\u00e3o.\" data-balloon-pos=\"up\">M\u00e9dico ESF<\/span><\/td>\r\n<td class=\"cvagas\">CR<\/td>\r\n<td class=\"cremuneracao\">R$ 22.022,27 \/40h<\/td>\r\n<\/tr><tr>\r\n<td class=\"ccargos\">\r\n<span data-balloon-length=\"medium\" aria-label=\"Curso superior de Medicina. Especializa\u00e7\u00e3o em Ginecologia. Registro no Conselho Regional da Profiss\u00e3o.\" data-balloon-pos=\"up\">M\u00e9dico Ginecologista<\/span><\/td>\r\n<td class=\"cvagas\">CR<\/td>\r\n<td class=\"cremuneracao\">R$ 11.011,15 \/20h<\/td>\r\n<\/tr><tr>\r\n<td class=\"ccargos\">\r\n<span data-balloon-length=\"medium\" aria-label=\"Curso superior de Medicina. Especializa\u00e7\u00e3o em Ortopedia e Registro no Conselho Regional da Profiss\u00e3o.\" data-balloon-pos=\"up\">M\u00e9dico Ortopedista<\/span><\/td>\r\n<td class=\"cvagas\">CR<\/td>\r\n<td class=\"cremuneracao\">R$ 11.011,15 \/20h<\/td>\r\n<\/tr><tr>\r\n<td class=\"ccargos\">\r\n<span data-balloon-length=\"medium\" aria-label=\"Curso superior de Medicina. Especializa\u00e7\u00e3o em Otorrinolaringologia e Registro no Conselho Regional da Profiss\u00e3o.\" data-balloon-pos=\"up\">M\u00e9dico Otorrinolaringologista<\/span><\/td>\r\n<td class=\"cvagas\">CR<\/td>\r\n<td class=\"cremuneracao\">R$ 11.011,15 \/20h<\/td>\r\n<\/tr><tr>\r\n<td class=\"ccargos\">\r\n<span data-balloon-length=\"medium\" aria-label=\"Curso superior de Medicina. Especializa\u00e7\u00e3o em Pediatria. Registro no Conselho Regional da Profiss\u00e3o.\" data-balloon-pos=\"up\">M\u00e9dico Pediatra<\/span><\/td>\r\n<td class=\"cvagas\">CR<\/td>\r\n<td class=\"cremuneracao\">R$ 11.011,15 \/20h<\/td>\r\n<\/tr><tr>\r\n<td class=\"ccargos\">\r\n<span data-balloon-length=\"medium\" aria-label=\"Gradua\u00e7\u00e3o em Odontologia, registro no \u00f3rg\u00e3o de classe, especializa\u00e7\u00e3o em bucomaxilofacial devidamente registrado no Conselho Regional de Odontologia.\" data-balloon-pos=\"up\">Odont\u00f3logo Cirurgi\u00e3o Bucomaxilofacial<\/span><\/td>\r\n<td class=\"cvagas\">CR<\/td>\r\n<td class=\"cremuneracao\">R$ 6.065,17 \/20h<\/td>\r\n<\/tr><tr>\r\n<td class=\"ccargos\">\r\n<span data-balloon-length=\"medium\" aria-label=\"Habilita\u00e7\u00e3o em n\u00edvel superior completo com licenciatura plena e habilita\u00e7\u00e3o espec\u00edfica na \u00e1rea de atua\u00e7\u00e3o.\" data-balloon-pos=\"up\">Professor De Ensino Fundamental I E II - Artes<\/span><\/td>\r\n<td class=\"cvagas\">CR<\/td>\r\n<td class=\"cremuneracao\">R$ 2.457,38 \/20h<\/td>\r\n<\/tr><tr>\r\n<td class=\"ccargos\">\r\n<span data-balloon-length=\"medium\" aria-label=\"Habilita\u00e7\u00e3o em n\u00edvel superior completo com licenciatura plena e habilita\u00e7\u00e3o espec\u00edfica na \u00e1rea de atua\u00e7\u00e3o e registro no respectivo conselho.\" data-balloon-pos=\"up\">Professor De Ensino Fundamental I E II - Educa\u00e7\u00e3o F\u00edsica<\/span><\/td>\r\n<td class=\"cvagas\">CR<\/td>\r\n<td class=\"cremuneracao\">R$ 2.457,38 \/20h<\/td>\r\n<\/tr><tr>\r\n<td class=\"ccargos\">\r\n<span data-balloon-length=\"medium\" aria-label=\"Habilita\u00e7\u00e3o em n\u00edvel superior completo com licenciatura plena e habilita\u00e7\u00e3o espec\u00edfica na \u00e1rea de atua\u00e7\u00e3o.\" data-balloon-pos=\"up\">Professor De Ensino Fundamental I E II - Espanhol<\/span><\/td>\r\n<td class=\"cvagas\">CR<\/td>\r\n<td class=\"cremuneracao\">R$ 2.457,38 \/20h<\/td>\r\n<\/tr><tr>\r\n<td class=\"ccargos\">\r\n<span data-balloon-length=\"medium\" aria-label=\"Curso superior Licenciatura plena em M\u00fasica.\" data-balloon-pos=\"up\">Professor De Ensino Fundamental I E Infantil - M\u00fasica<\/span><\/td>\r\n<td class=\"cvagas\">CR<\/td>\r\n<td class=\"cremuneracao\">R$ 2.457,38 \/20h<\/td>\r\n<\/tr><tr>\r\n<td class=\"ccargos\">\r\n<span data-balloon-length=\"medium\" aria-label=\"Habilita\u00e7\u00e3o em n\u00edvel superior completo com licenciatura plena e habilita\u00e7\u00e3o espec\u00edfica na \u00e1rea de atua\u00e7\u00e3o.\" data-balloon-pos=\"up\">Professor De Ensino Fundamental II - Ci\u00eancias<\/span><\/td>\r\n<td class=\"cvagas\">CR<\/td>\r\n<td class=\"cremuneracao\">R$ 2.457,38 \/20h<\/td>\r\n<\/tr><tr>\r\n<td class=\"ccargos\">\r\n<span data-balloon-length=\"medium\" aria-label=\"Habilita\u00e7\u00e3o em n\u00edvel superior completo com licenciatura plena e habilita\u00e7\u00e3o espec\u00edfica na \u00e1rea de atua\u00e7\u00e3o.\" data-balloon-pos=\"up\">Professor De Ensino Fundamental II - Ensino Religioso<\/span><\/td>\r\n<td class=\"cvagas\">CR<\/td>\r\n<td class=\"cremuneracao\">R$ 2.457,38 \/20h<\/td>\r\n<\/tr><tr>\r\n<td class=\"ccargos\">\r\n<span data-balloon-length=\"medium\" aria-label=\"Habilita\u00e7\u00e3o em n\u00edvel superior completo com licenciatura plena e habilita\u00e7\u00e3o espec\u00edfica na \u00e1rea de atua\u00e7\u00e3o.\" data-balloon-pos=\"up\">Professor De Ensino Fundamental II - Geografia<\/span><\/td>\r\n<td class=\"cvagas\">CR<\/td>\r\n<td class=\"cremuneracao\">R$ 2.457,38 \/20h<\/td>\r\n<\/tr><tr>\r\n<td class=\"ccargos\">\r\n<span data-balloon-length=\"medium\" aria-label=\"Habilita\u00e7\u00e3o em n\u00edvel superior completo com licenciatura plena e habilita\u00e7\u00e3o espec\u00edfica na \u00e1rea de atua\u00e7\u00e3o.\" data-balloon-pos=\"up\">Professor De Ensino Fundamental II - Hist\u00f3ria<\/span><\/td>\r\n<td class=\"cvagas\">CR<\/td>\r\n<td class=\"cremuneracao\">R$ 2.457,38 \/20h<\/td>\r\n<\/tr><tr>\r\n<td class=\"ccargos\">\r\n<span data-balloon-length=\"medium\" aria-label=\"Certificado de conclus\u00e3o de 3\u00ba Grau espec\u00edfico na \u00e1rea de educa\u00e7\u00e3o, com curso de inform\u00e1tica b\u00e1sica com carga hor\u00e1ria m\u00ednima de 120h.\" data-balloon-pos=\"up\">Professor De Ensino Fundamental II - Inform\u00e1tica<\/span><\/td>\r\n<td class=\"cvagas\">CR<\/td>\r\n<td class=\"cremuneracao\">R$ 2.457,38 \/20h<\/td>\r\n<\/tr><tr>\r\n<td class=\"ccargos\">\r\n<span data-balloon-length=\"medium\" aria-label=\"Curso superior Licenciatura plena em L\u00edngua Inglesa ou em Letras com habilita\u00e7\u00e3o em L\u00edngua Inglesa.\" data-balloon-pos=\"up\">Professor De Ensino Fundamental II - Ingl\u00eas<\/span><\/td>\r\n<td class=\"cvagas\">CR<\/td>\r\n<td class=\"cremuneracao\">R$ 2.457,38 \/20h<\/td>\r\n<\/tr><tr>\r\n<td class=\"ccargos\">\r\n<span data-balloon-length=\"medium\" aria-label=\"Habilita\u00e7\u00e3o em n\u00edvel superior completo com licenciatura plena e habilita\u00e7\u00e3o espec\u00edfica na \u00e1rea de atua\u00e7\u00e3o.\" data-balloon-pos=\"up\">Professor De Ensino Fundamental II - Matem\u00e1tica<\/span><\/td>\r\n<td class=\"cvagas\">CR<\/td>\r\n<td class=\"cremuneracao\">R$ 2.457,38 \/20h<\/td>\r\n<\/tr><tr>\r\n<td class=\"ccargos\">\r\n<span data-balloon-length=\"medium\" aria-label=\"Curso superior Licenciatura plena em L\u00edngua Portuguesa ou em Letras com habilita\u00e7\u00e3o em L\u00edngua Portuguesa.\" data-balloon-pos=\"up\">Professor De Ensino Fundamental II - Portugu\u00eas<\/span><\/td>\r\n<td class=\"cvagas\">CR<\/td>\r\n<td class=\"cremuneracao\">R$ 2.457,38 \/20h<\/td>\r\n<\/tr><tr>\r\n<td class=\"ccargos\">\r\n<span data-balloon-length=\"medium\" aria-label=\"Habilita\u00e7\u00e3o em n\u00edvel superior completo em Psicologia, com registro no respectivo \u00f3rg\u00e3o ou Conselho de Classe.\" data-balloon-pos=\"up\">Psic\u00f3logo<\/span><\/td>\r\n<td class=\"cvagas\">CR<\/td>\r\n<td class=\"cremuneracao\">R$ 4.880,45 \/40h<\/td>\r\n<\/tr>\r\n    <\/tbody>\r\n  <\/table>\r\n<\/div>"},"_links":{"self":[{"href":"https:\/\/www.agrobase.com.br\/concursos\/wp-json\/wp\/v2\/posts\/276831","targetHints":{"allow":["GET"]}}],"collection":[{"href":"https:\/\/www.agrobase.com.br\/concursos\/wp-json\/wp\/v2\/posts"}],"about":[{"href":"https:\/\/www.agrobase.com.br\/concursos\/wp-json\/wp\/v2\/types\/post"}],"author":[{"embeddable":true,"href":"https:\/\/www.agrobase.com.br\/concursos\/wp-json\/wp\/v2\/users\/7"}],"replies":[{"embeddable":true,"href":"https:\/\/www.agrobase.com.br\/concursos\/wp-json\/wp\/v2\/comments?post=276831"}],"version-history":[{"count":1,"href":"https:\/\/www.agrobase.com.br\/concursos\/wp-json\/wp\/v2\/posts\/276831\/revisions"}],"predecessor-version":[{"id":276833,"href":"https:\/\/www.agrobase.com.br\/concursos\/wp-json\/wp\/v2\/posts\/276831\/revisions\/276833"}],"wp:featuredmedia":[{"embeddable":true,"href":"https:\/\/www.agrobase.com.br\/concursos\/wp-json\/wp\/v2\/media\/276830"}],"wp:attachment":[{"href":"https:\/\/www.agrobase.com.br\/concursos\/wp-json\/wp\/v2\/media?parent=276831"}],"wp:term":[{"taxonomy":"category","embeddable":true,"href":"https:\/\/www.agrobase.com.br\/concursos\/wp-json\/wp\/v2\/categories?post=276831"},{"taxonomy":"post_tag","embeddable":true,"href":"https:\/\/www.agrobase.com.br\/concursos\/wp-json\/wp\/v2\/tags?post=276831"},{"taxonomy":"_amplo","embeddable":true,"href":"https:\/\/www.agrobase.com.br\/concursos\/wp-json\/wp\/v2\/_amplo?post=276831"},{"taxonomy":"destaque","embeddable":true,"href":"https:\/\/www.agrobase.com.br\/concursos\/wp-json\/wp\/v2\/destaque?post=276831"},{"taxonomy":"instituicoes","embeddable":true,"href":"https:\/\/www.agrobase.com.br\/concursos\/wp-json\/wp\/v2\/instituicoes?post=276831"}],"curies":[{"name":"wp","href":"https:\/\/api.w.org\/{rel}","templated":true}]}}