{"id":276800,"date":"2026-01-14T08:30:26","date_gmt":"2026-01-14T11:30:26","guid":{"rendered":"https:\/\/www.agrobase.com.br\/concursos\/?p=276800"},"modified":"2026-01-13T15:09:50","modified_gmt":"2026-01-13T18:09:50","slug":"prefeitura-pesqueira-pe-selecao-simplificada-01-2026","status":"publish","type":"post","link":"https:\/\/www.agrobase.com.br\/concursos\/2026\/prefeitura-pesqueira-pe-selecao-simplificada-01-2026\/","title":{"rendered":"Prefeitura Pesqueira (PE) &#8211; Sele\u00e7\u00e3o Simplificada 01\/2026"},"content":{"rendered":"<h2>Informa\u00e7\u00f5es Gerais<\/h2>\n<p>O <strong>Munic\u00edpio de Pesqueira<\/strong>, no Estado de Pernambuco, publicou edital de <strong>Sele\u00e7\u00e3o P\u00fablica Simplificada<\/strong> destinada \u00e0 contrata\u00e7\u00e3o tempor\u00e1ria de profissionais para atua\u00e7\u00e3o na <strong>Secretaria Municipal de Educa\u00e7\u00e3o<\/strong>. O certame oferece <strong>616 vagas imediatas<\/strong>, al\u00e9m de forma\u00e7\u00e3o de cadastro de reserva, distribu\u00eddas em 76 fun\u00e7\u00f5es de diferentes n\u00edveis de escolaridade.<\/p>\n<p>As oportunidades contemplam candidatos com <strong>Ensino Fundamental Incompleto, Fundamental Completo, M\u00e9dio\/T\u00e9cnico e Superior<\/strong>, com remunera\u00e7\u00f5es que variam de <strong>R$ 1.621,00 a R$ 3.664,33<\/strong>. A contrata\u00e7\u00e3o ser\u00e1 em regime tempor\u00e1rio, por excepcional interesse p\u00fablico.<\/p>\n<p>Entre as vagas de n\u00edvel superior, destacam-se oportunidades para <strong>Professor de Ci\u00eancias<\/strong> (abrangendo formados em Ci\u00eancias Biol\u00f3gicas), al\u00e9m de fun\u00e7\u00f5es como <strong>Projetista de Pol\u00edticas Ambientais<\/strong> \u2014 que aceita graduados em <strong>Biologia<\/strong> \u2014 e monitores em \u00e1reas como <strong>Agroecologia e Economia Circular<\/strong>, voltados para candidatos com licenciatura em Ci\u00eancias Biol\u00f3gicas, Ci\u00eancias da Natureza ou \u00e1reas afins.<\/p>\n<p>O processo seletivo abrange principalmente a \u00e1rea da educa\u00e7\u00e3o, com vagas para professores da Educa\u00e7\u00e3o Infantil e Ensino Fundamental (Anos Iniciais e Finais), al\u00e9m de monitores em diversas especialidades, profissionais de apoio \u00e0 inclus\u00e3o, motoristas de transporte escolar e fun\u00e7\u00f5es administrativas e operacionais.<\/p>\n<p>A execu\u00e7\u00e3o do certame est\u00e1 sob responsabilidade do <strong>Instituto IGEDUC<\/strong>. Continue a leitura para conhecer os detalhes sobre inscri\u00e7\u00f5es, etapas de sele\u00e7\u00e3o e cronograma de resultados.<\/p>\n<h2>Inscri\u00e7\u00f5es<\/h2>\n<p>As inscri\u00e7\u00f5es para a Sele\u00e7\u00e3o P\u00fablica Simplificada do Munic\u00edpio de Pesqueira (PE) devem ser realizadas <strong>exclusivamente pela internet<\/strong>, por meio do Portal do Candidato do Instituto IGEDUC.<\/p>\n<p>O per\u00edodo de inscri\u00e7\u00f5es est\u00e1 previsto para ocorrer <strong>de 08 de janeiro de 2026 at\u00e9 15 de janeiro de 2026<\/strong>, conforme cronograma estabelecido no edital. Os candidatos devem acessar o endere\u00e7o eletr\u00f4nico <strong>https:\/\/igeduc.selecao.net.br\/informacoes\/147\/<\/strong> ou o link disponibilizado na p\u00e1gina oficial do Munic\u00edpio de Pesqueira para realizar sua inscri\u00e7\u00e3o.<\/p>\n<p>As <strong>taxas de inscri\u00e7\u00e3o<\/strong> variam conforme o n\u00edvel de escolaridade da fun\u00e7\u00e3o pretendida, devendo o candidato consultar a tabela espec\u00edfica no edital para verificar o valor correspondente ao cargo escolhido. Ap\u00f3s o preenchimento do formul\u00e1rio de inscri\u00e7\u00e3o, ser\u00e1 gerado boleto banc\u00e1rio para pagamento, que poder\u00e1 ser quitado por meio de c\u00f3digo de barras ou <strong>QR Code (PIX)<\/strong>, at\u00e9 a data de vencimento indicada no documento.<\/p>\n<p><strong>Importante:<\/strong> \u00c9 vedada a transfer\u00eancia do valor pago para terceiros, para outra fun\u00e7\u00e3o ou para outro certame. Cada candidato deve realizar inscri\u00e7\u00e3o exclusivamente para a fun\u00e7\u00e3o de seu interesse.<\/p>\n<p>Recomenda-se que o candidato acompanhe o status de sua inscri\u00e7\u00e3o por meio da \u00c1rea do Candidato no portal do Instituto IGEDUC e realize a leitura integral do edital para conhecer todos os procedimentos, prazos e eventuais possibilidades de isen\u00e7\u00e3o da taxa de inscri\u00e7\u00e3o.<\/p>\n<h2>Etapas e Provas<\/h2>\n<p>A Sele\u00e7\u00e3o P\u00fablica Simplificada do Munic\u00edpio de Pesqueira (PE) ser\u00e1 realizada em <strong>etapa \u00fanica<\/strong>, de car\u00e1ter <strong>classificat\u00f3rio e eliminat\u00f3rio<\/strong>, consistente na <strong>Avalia\u00e7\u00e3o de T\u00edtulos, Forma\u00e7\u00e3o Educacional e Experi\u00eancia Profissional<\/strong>.<\/p>\n<p><strong>Como funciona a avalia\u00e7\u00e3o:<\/strong><\/p>\n<ul>\n<li>O candidato dever\u00e1 apresentar, <strong>exclusivamente por meio eletr\u00f4nico<\/strong>, a documenta\u00e7\u00e3o comprobat\u00f3ria de titula\u00e7\u00e3o, forma\u00e7\u00e3o educacional e\/ou experi\u00eancia profissional;<\/li>\n<li>O envio deve ser realizado no per\u00edodo estabelecido no cronograma do edital, atrav\u00e9s do Portal do Candidato no site do Instituto IGEDUC;<\/li>\n<li>A documenta\u00e7\u00e3o ser\u00e1 analisada conforme os crit\u00e9rios e pontua\u00e7\u00f5es definidos no edital, de acordo com os requisitos espec\u00edficos de cada fun\u00e7\u00e3o.<\/li>\n<\/ul>\n<p><strong>Crit\u00e9rios de avalia\u00e7\u00e3o:<\/strong><\/p>\n<ul>\n<li>Ser\u00e3o considerados t\u00edtulos acad\u00eamicos, cursos de forma\u00e7\u00e3o e tempo de experi\u00eancia profissional na \u00e1rea da fun\u00e7\u00e3o pretendida;<\/li>\n<li>Cada item possui pontua\u00e7\u00e3o espec\u00edfica, conforme tabela detalhada no edital;<\/li>\n<li>A pontua\u00e7\u00e3o total determinar\u00e1 a classifica\u00e7\u00e3o do candidato na fun\u00e7\u00e3o escolhida.<\/li>\n<\/ul>\n<p><strong>Aten\u00e7\u00e3o:<\/strong> Por se tratar de etapa \u00fanica, n\u00e3o haver\u00e1 aplica\u00e7\u00e3o de provas objetivas, pr\u00e1ticas ou discursivas. A sele\u00e7\u00e3o ser\u00e1 baseada exclusivamente na an\u00e1lise documental apresentada pelo candidato.<\/p>\n<p>Consulte o edital completo para conhecer os crit\u00e9rios detalhados de pontua\u00e7\u00e3o, os documentos aceitos para comprova\u00e7\u00e3o e o cronograma espec\u00edfico para envio da documenta\u00e7\u00e3o.<\/p>\n<h2>Resultados e Gabarito<\/h2>\n<p>Os resultados da Sele\u00e7\u00e3o P\u00fablica Simplificada do Munic\u00edpio de Pesqueira (PE) ser\u00e3o divulgados em <strong>listas classificat\u00f3rias espec\u00edficas por fun\u00e7\u00e3o<\/strong>, contemplando candidatos classificados e eliminados, com indica\u00e7\u00e3o do motivo da elimina\u00e7\u00e3o, quando houver.<\/p>\n<p><strong>Cronograma de divulga\u00e7\u00e3o:<\/strong><\/p>\n<ul>\n<li><strong>Resultado Preliminar:<\/strong> 22 de janeiro de 2026 \u2014 publica\u00e7\u00e3o no site https:\/\/igeduc.selecao.net.br\/informacoes\/147\/<\/li>\n<li><strong>Per\u00edodo de Recursos:<\/strong> de 23 a 25 de janeiro de 2026 \u2014 por meio de formul\u00e1rio eletr\u00f4nico dispon\u00edvel na \u00c1rea do Candidato<\/li>\n<li><strong>Resultado Definitivo:<\/strong> 28 de janeiro de 2026 \u2014 publica\u00e7\u00e3o nos sites do Instituto IGEDUC e do Munic\u00edpio de Pesqueira (https:\/\/pesqueira.pe.gov.br\/), com disponibiliza\u00e7\u00e3o das respostas aos recursos para consulta individual<\/li>\n<\/ul>\n<p><strong>Recursos:<\/strong> O candidato que discordar do resultado preliminar poder\u00e1 interpor recurso exclusivamente por meio do formul\u00e1rio eletr\u00f4nico dispon\u00edvel no Portal do Candidato, dentro do prazo estabelecido. As respostas aos recursos ser\u00e3o disponibilizadas individualmente na \u00c1rea do Candidato.<\/p>\n<p><strong>Homologa\u00e7\u00e3o:<\/strong> Ap\u00f3s a publica\u00e7\u00e3o do resultado definitivo, o Munic\u00edpio de Pesqueira realizar\u00e1 a <strong>homologa\u00e7\u00e3o oficial do certame<\/strong> mediante publica\u00e7\u00e3o na imprensa oficial. A homologa\u00e7\u00e3o confirma a validade do processo seletivo e autoriza a convoca\u00e7\u00e3o dos aprovados para contrata\u00e7\u00e3o.<\/p>\n<p><strong>Onde acompanhar:<\/strong><\/p>\n<ul>\n<li>Site do Instituto IGEDUC: https:\/\/igeduc.selecao.net.br\/informacoes\/147\/<\/li>\n<li>Site oficial do Munic\u00edpio de Pesqueira: https:\/\/pesqueira.pe.gov.br\/<\/li>\n<li>Imprensa oficial do munic\u00edpio<\/li>\n<\/ul>\n<p><strong>Importante:<\/strong> \u00c9 de <strong>inteira responsabilidade do candidato<\/strong> acompanhar as publica\u00e7\u00f5es, convoca\u00e7\u00f5es e comunicados oficiais nos canais indicados. O n\u00e3o acompanhamento das divulga\u00e7\u00f5es n\u00e3o poder\u00e1 ser alegado como justificativa para desconhecimento de prazos ou resultados.<\/p>\n","protected":false},"excerpt":{"rendered":"<p>Sele\u00e7\u00e3o Simplificada Pref. Pesqueira (PE) com edital publicado! Vagas p\/ Professor e Apoio (Fund. a Sup.). Inscri\u00e7\u00f5es a partir de 08\/01. Confira detalhes!<\/p>\n","protected":false},"author":7,"featured_media":276799,"comment_status":"open","ping_status":"open","sticky":false,"template":"","format":"standard","meta":{"_acf_changed":false,"_breakdance_hide_in_design_set":false,"_breakdance_tags":"","footnotes":""},"categories":[94,6433,121,141,6434,112,6436,111,100,6871,116,119,25,26,6435,101,118],"tags":[54],"_amplo":[],"destaque":[],"instituicoes":[],"class_list":["post-276800","post","type-post","status-publish","format-standard","has-post-thumbnail","hentry","category-biblioteconomia","category-biologia-licenciatura","category-ciencias-sociais","category-educacao-artistica","category-educacao-fisica-licenciatura","category-filosofia","category-fisica-licenciatura","category-geografia","category-historia","category-letras-ingles","category-matematica","category-musica","category-pedagogia","category-psicologia","category-quimica-licenciatura","category-servico-social","category-sociologia","tag-pernambuco"],"acf":{"_tipo_vagas":"vagas","_numero_vagas":"","_quadro_vagas":"","_cargos":"diversos","_cargos_especificos":"","_salario_max":"R$ 3664.33","_abertura":"20260108","_encerramento":"20260115","_inscricoes":"https:\/\/igeduc.selecao.net.br\/informacoes\/147\/","_executora_concurso":"","_instituicao_concurso":[],"_link_adicional":null,"_anexos":null,"_produtos":null,"_vagas":"616 + CR","_salario_min":"R$ 1621","_instituicao":"Prefeitura de Pesqueira","_edital":"https:\/\/www.agrobase.com.br\/concursos\/wp-content\/uploads\/sites\/4\/2026\/01\/edital-01-2026-prefeitura-de-pesqueira-pe.pdf","_anexos_edital":"https:\/\/www.agrobase.com.br\/concursos\/wp-content\/uploads\/sites\/4\/2026\/01\/anexos-edital-01-2026-prefeitura-de-pesqueira-pe.pdf","_fund_incompleto":"<div>\r\n<table class=\"quadro\">\r\n<thead>\r\n<tr>\r\n<th class=\"hcargo\">Cargo<\/th>\r\n<th class=\"hvagas\">Vagas<\/th>\r\n<th class=\"hremuneracao\">Remunera\u00e7\u00e3o<\/th>\r\n<\/tr>\r\n<\/thead>\r\n    <tbody>\r\n      <td class=\"ccargos\">\r\n<span data-balloon-length=\"medium\" aria-label=\"Ensino Fundamental Incompleto (com conclus\u00e3o do 5\u00ba ano).\" data-balloon-pos=\"up\">Auxiliar De Servi\u00e7os Gerais<\/span><\/td>\r\n<td class=\"cvagas\">08 + CR<\/td>\r\n<td class=\"cremuneracao\">R$ 1.621,00 \/40h semanais<\/td>\r\n<\/tr><td class=\"ccargos\">\r\n<span data-balloon-length=\"medium\" aria-label=\"Ensino Fundamental Incompleto (com conclus\u00e3o do 5\u00ba ano).\" data-balloon-pos=\"up\">Carpinteiro<\/span><\/td>\r\n<td class=\"cvagas\">02 + CR<\/td>\r\n<td class=\"cremuneracao\">R$ 1.621,00 \/40h semanais<\/td>\r\n<\/tr><td class=\"ccargos\">\r\n<span data-balloon-length=\"medium\" aria-label=\"Ensino Fundamental Incompleto (com conclus\u00e3o do 5\u00ba ano) e Curso de forma\u00e7\u00e3o na norma NR10.\" data-balloon-pos=\"up\">Eletricista Automotivo De Ve\u00edculos De Pequeno E Grande Porte<\/span><\/td>\r\n<td class=\"cvagas\">01 + CR<\/td>\r\n<td class=\"cremuneracao\">R$ 1.621,00 \/40h semanais<\/td>\r\n<\/tr><td class=\"ccargos\">\r\n<span data-balloon-length=\"medium\" aria-label=\"Ensino Fundamental Incompleto (com conclus\u00e3o do 5\u00ba ano).\" data-balloon-pos=\"up\">Lavador De Ve\u00edculos De Pequeno E Grande Porte<\/span><\/td>\r\n<td class=\"cvagas\">03 + CR<\/td>\r\n<td class=\"cremuneracao\">R$ 1.621,00 \/40h semanais<\/td>\r\n<\/tr><td class=\"ccargos\">\r\n<span data-balloon-length=\"medium\" aria-label=\"Ensino Fundamental Incompleto (com conclus\u00e3o do 5\u00ba ano).\" data-balloon-pos=\"up\">Marceneiro<\/span><\/td>\r\n<td class=\"cvagas\">02 + CR<\/td>\r\n<td class=\"cremuneracao\">R$ 1.621,00 \/40h semanais<\/td>\r\n<\/tr><td class=\"ccargos\">\r\n<span data-balloon-length=\"medium\" aria-label=\"Ensino Fundamental Incompleto (com conclus\u00e3o do 5\u00ba ano).\" data-balloon-pos=\"up\">Mec\u00e2nico De Ve\u00edculo Grande Porte<\/span><\/td>\r\n<td class=\"cvagas\">01 + CR<\/td>\r\n<td class=\"cremuneracao\">R$ 1.621,00 \/40h semanais<\/td>\r\n<\/tr><td class=\"ccargos\">\r\n<span data-balloon-length=\"medium\" aria-label=\"Ensino Fundamental Incompleto (com conclus\u00e3o do 5\u00ba ano).\" data-balloon-pos=\"up\">Mec\u00e2nico De Ve\u00edculo Pequeno Porte<\/span><\/td>\r\n<td class=\"cvagas\">01 + CR<\/td>\r\n<td class=\"cremuneracao\">R$ 1.621,00 \/40h semanais<\/td>\r\n<\/tr><td class=\"ccargos\">\r\n<span data-balloon-length=\"medium\" aria-label=\"Ensino Fundamental Incompleto (com conclus\u00e3o do 5\u00ba ano).\" data-balloon-pos=\"up\">Merendeira<\/span><\/td>\r\n<td class=\"cvagas\">07 + CR<\/td>\r\n<td class=\"cremuneracao\">R$ 1.621,00 \/40h semanais<\/td>\r\n<\/tr><td class=\"ccargos\">\r\n<span data-balloon-length=\"medium\" aria-label=\"Ensino Fundamental Incompleto (com conclus\u00e3o do 5\u00ba ano) e Declara\u00e7\u00e3o de Mestre Capoeirista.\" data-balloon-pos=\"up\">Monitor Capoeira<\/span><\/td>\r\n<td class=\"cvagas\">02 + CR<\/td>\r\n<td class=\"cremuneracao\">R$ 1.621,00 \/50h\/aula<\/td>\r\n<\/tr><td class=\"ccargos\">\r\n<span data-balloon-length=\"medium\" aria-label=\"Ensino Fundamental Incompleto (com conclus\u00e3o do 5\u00ba ano).\" data-balloon-pos=\"up\">Monitor Transporte Escolar<\/span><\/td>\r\n<td class=\"cvagas\">50 + CR<\/td>\r\n<td class=\"cremuneracao\">R$ 1.621,00 \/40h semanais<\/td>\r\n<\/tr><td class=\"ccargos\">\r\n<span data-balloon-length=\"medium\" aria-label=\"Ensino Fundamental Incompleto (com conclus\u00e3o do 5\u00ba ano).\" data-balloon-pos=\"up\">Pedreiro<\/span><\/td>\r\n<td class=\"cvagas\">01 + CR<\/td>\r\n<td class=\"cremuneracao\">R$ 1.621,00 \/40h semanais<\/td>\r\n<\/tr><td class=\"ccargos\">\r\n<span data-balloon-length=\"medium\" aria-label=\"Ensino Fundamental Incompleto (com conclus\u00e3o do 5\u00ba ano).\" data-balloon-pos=\"up\">Porteiro<\/span><\/td>\r\n<td class=\"cvagas\">03<\/td>\r\n<td class=\"cremuneracao\">R$ 1.621,00 \/40h semanais<\/td>\r\n<\/tr><td class=\"ccargos\">\r\n<span data-balloon-length=\"medium\" aria-label=\"Ensino Fundamental Incompleto (com conclus\u00e3o do 5\u00ba ano).\" data-balloon-pos=\"up\">Servente De Pedreiro<\/span><\/td>\r\n<td class=\"cvagas\">04 + CR<\/td>\r\n<td class=\"cremuneracao\">R$ 1.621,00 \/40h semanais<\/td>\r\n<\/tr><td class=\"ccargos\">\r\n<span data-balloon-length=\"medium\" aria-label=\"Ensino Fundamental Incompleto (com conclus\u00e3o do 5\u00ba ano).\" data-balloon-pos=\"up\">Vigia<\/span><\/td>\r\n<td class=\"cvagas\">10 + CR<\/td>\r\n<td class=\"cremuneracao\">R$ 1.621,00 \/40h semanais<\/td>\r\n<\/tr>\r\n    <\/tbody>\r\n  <\/table>\r\n<\/div>","_fund_completo":"<div>\r\n<table class=\"quadro\">\r\n<thead>\r\n<tr>\r\n<th class=\"hcargo\">Cargo<\/th>\r\n<th class=\"hvagas\">Vagas<\/th>\r\n<th class=\"hremuneracao\">Remunera\u00e7\u00e3o<\/th>\r\n<\/tr>\r\n<\/thead>\r\n    <tbody>\r\n      <td class=\"ccargos\">\r\n<span data-balloon-length=\"medium\" aria-label=\"Ensino Fundamental Completo.\" data-balloon-pos=\"up\">Auxiliar De Merenda<\/span><\/td>\r\n<td class=\"cvagas\">05 + CR<\/td>\r\n<td class=\"cremuneracao\">R$ 1.621,00 \/40h semanais<\/td>\r\n<\/tr>\r\n    <\/tbody>\r\n  <\/table>\r\n<\/div>","_medio":"<div>\r\n<table class=\"quadro\">\r\n<thead>\r\n<tr>\r\n<th class=\"hcargo\">Cargo<\/th>\r\n<th class=\"hvagas\">Vagas<\/th>\r\n<th class=\"hremuneracao\">Remunera\u00e7\u00e3o<\/th>\r\n<\/tr>\r\n<\/thead>\r\n    <tbody>\r\n      <td class=\"ccargos\">\r\n<span data-balloon-length=\"medium\" aria-label=\"Ensino M\u00e9dio Completo.\" data-balloon-pos=\"up\">Auxiliar Administrativo<\/span><\/td>\r\n<td class=\"cvagas\">12 + CR<\/td>\r\n<td class=\"cremuneracao\">R$ 1.621,00 \/180h mensais<\/td>\r\n<\/tr><td class=\"ccargos\">\r\n<span data-balloon-length=\"medium\" aria-label=\"Curso completo de Magist\u00e9rio ou Ensino Superior em Pedagogia\/Letras.\" data-balloon-pos=\"up\">Auxiliar De Biblioteca<\/span><\/td>\r\n<td class=\"cvagas\">10 + CR<\/td>\r\n<td class=\"cremuneracao\">R$ 1.621,00 \/40h semanais<\/td>\r\n<\/tr><td class=\"ccargos\">\r\n<span data-balloon-length=\"medium\" aria-label=\"Normal M\u00e9dio ou cursando Pedagogia (a partir do 5\u00ba per\u00edodo).\" data-balloon-pos=\"up\">Auxiliar De Sala<\/span><\/td>\r\n<td class=\"cvagas\">33 + CR<\/td>\r\n<td class=\"cremuneracao\">R$ 1.621,00 \/40h semanais<\/td>\r\n<\/tr><td class=\"ccargos\">\r\n<span data-balloon-length=\"medium\" aria-label=\"N\u00edvel M\u00e9dio completo, com forma\u00e7\u00e3o em Braile.\" data-balloon-pos=\"up\">Braillista<\/span><\/td>\r\n<td class=\"cvagas\">02 + CR<\/td>\r\n<td class=\"cremuneracao\">R$ 1.621,00 \/100h\/aula<\/td>\r\n<\/tr><td class=\"ccargos\">\r\n<span data-balloon-length=\"medium\" aria-label=\"Ensino M\u00e9dio Completo, com forma\u00e7\u00e3o em int\u00e9rprete de Libras em institui\u00e7\u00e3o reconhecida pelo MEC.\" data-balloon-pos=\"up\">Int\u00e9rprete De Libras<\/span><\/td>\r\n<td class=\"cvagas\">02 + CR<\/td>\r\n<td class=\"cremuneracao\">R$ 1.621,00 \/100h\/aula<\/td>\r\n<\/tr><td class=\"ccargos\">\r\n<span data-balloon-length=\"medium\" aria-label=\"Ensino M\u00e9dio Completo e Declara\u00e7\u00e3o de experi\u00eancia em dan\u00e7a.\" data-balloon-pos=\"up\">Monitor Dan\u00e7a<\/span><\/td>\r\n<td class=\"cvagas\">02 + CR<\/td>\r\n<td class=\"cremuneracao\">R$ 1.621,00 \/100h\/aula<\/td>\r\n<\/tr><td class=\"ccargos\">\r\n<span data-balloon-length=\"medium\" aria-label=\"Ensino M\u00e9dio Completo e Declara\u00e7\u00e3o de faixa preta em Jud\u00f4.\" data-balloon-pos=\"up\">Monitor Jud\u00f4<\/span><\/td>\r\n<td class=\"cvagas\">02 + CR<\/td>\r\n<td class=\"cremuneracao\">R$ 1.621,00 \/100h\/aula<\/td>\r\n<\/tr><td class=\"ccargos\">\r\n<span data-balloon-length=\"medium\" aria-label=\"Ensino M\u00e9dio Completo e Declara\u00e7\u00e3o de faixa preta em Taekwondo.\" data-balloon-pos=\"up\">Monitor Taekwondo<\/span><\/td>\r\n<td class=\"cvagas\">05 + CR<\/td>\r\n<td class=\"cremuneracao\">R$ 1.621,00 \/100h\/aula<\/td>\r\n<\/tr><td class=\"ccargos\">\r\n<span data-balloon-length=\"medium\" aria-label=\"Ensino M\u00e9dio Completo e Declara\u00e7\u00e3o de conhecimento em Xadrez.\" data-balloon-pos=\"up\">Monitor Xadrez<\/span><\/td>\r\n<td class=\"cvagas\">07 + CR<\/td>\r\n<td class=\"cremuneracao\">R$ 1.621,00 \/100h\/aula<\/td>\r\n<\/tr><td class=\"ccargos\">\r\n<span data-balloon-length=\"medium\" aria-label=\"Ensino M\u00e9dio e CNH Categoria B.\" data-balloon-pos=\"up\">Motorista Categoria B<\/span><\/td>\r\n<td class=\"cvagas\">08 + CR<\/td>\r\n<td class=\"cremuneracao\">R$ 1.621,00 \/40h semanais<\/td>\r\n<\/tr><td class=\"ccargos\">\r\n<span data-balloon-length=\"medium\" aria-label=\"Ensino M\u00e9dio e CNH Categoria D.\" data-balloon-pos=\"up\">Motorista Categoria D<\/span><\/td>\r\n<td class=\"cvagas\">06 + CR<\/td>\r\n<td class=\"cremuneracao\">R$ 1.621,00 \/40h semanais<\/td>\r\n<\/tr><td class=\"ccargos\">\r\n<span data-balloon-length=\"medium\" aria-label=\"Ensino M\u00e9dio, Curso de Capacita\u00e7\u00e3o de condutores de ve\u00edculos de transporte escolar e CNH Categoria D.\" data-balloon-pos=\"up\">Motorista Transporte Escolar<\/span><\/td>\r\n<td class=\"cvagas\">14 + CR<\/td>\r\n<td class=\"cremuneracao\">R$ 1.621,00 \/40h semanais<\/td>\r\n<\/tr><td class=\"ccargos\">\r\n<span data-balloon-length=\"medium\" aria-label=\"Ensino M\u00e9dio Completo e Curso de forma\u00e7\u00e3o continuada em educa\u00e7\u00e3o inclusiva e especial (m\u00ednimo 180h).\" data-balloon-pos=\"up\">Profissional De Apoio<\/span><\/td>\r\n<td class=\"cvagas\">156 + CR<\/td>\r\n<td class=\"cremuneracao\">R$ 1.621,00 \/40h semanais<\/td>\r\n<\/tr><td class=\"ccargos\">\r\n<span data-balloon-length=\"medium\" aria-label=\"Ensino M\u00e9dio completo, Curso T\u00e9cnico em Edifica\u00e7\u00f5es e registro no conselho de classe.\" data-balloon-pos=\"up\">T\u00e9cnico De Edifica\u00e7\u00f5es<\/span><\/td>\r\n<td class=\"cvagas\">01 + CR<\/td>\r\n<td class=\"cremuneracao\">R$ 1.621,00 \/40h semanais<\/td>\r\n<\/tr>\r\n    <\/tbody>\r\n  <\/table>\r\n<\/div>","_superior":"<div>\r\n<table class=\"quadro\">\r\n<thead>\r\n<tr>\r\n<th class=\"hcargo\">Cargo<\/th>\r\n<th class=\"hvagas\">Vagas<\/th>\r\n<th class=\"hremuneracao\">Remunera\u00e7\u00e3o<\/th>\r\n<\/tr>\r\n<\/thead>\r\n    <tbody>\r\n      <tr>\r\n<td class=\"ccargos\">\r\n<span data-balloon-length=\"medium\" aria-label=\"Superior em Servi\u00e7o Social e registro no conselho de classe.\" data-balloon-pos=\"up\">Assistente Social<\/span><\/td>\r\n<td class=\"cvagas\">CR<\/td>\r\n<td class=\"cremuneracao\">R$ 2.500,00 \/30h semanais<\/td>\r\n<\/tr><tr>\r\n<td class=\"ccargos\">\r\n<span data-balloon-length=\"medium\" aria-label=\"Superior em Biblioteconomia e especializa\u00e7\u00e3o ou curso profissionalizante na \u00e1rea de educa\u00e7\u00e3o.\" data-balloon-pos=\"up\">Bibliotec\u00e1rio Educacional<\/span><\/td>\r\n<td class=\"cvagas\">01 + CR<\/td>\r\n<td class=\"cremuneracao\">R$ 2.500,00 \/40h semanais<\/td>\r\n<\/tr><tr>\r\n<td class=\"ccargos\">\r\n<span data-balloon-length=\"medium\" aria-label=\"Licenciatura em Hist\u00f3ria ou cursando o 4\u00ba per\u00edodo da licenciatura.\" data-balloon-pos=\"up\">Monitor Civismo<\/span><\/td>\r\n<td class=\"cvagas\">02 + CR<\/td>\r\n<td class=\"cremuneracao\">R$ 1.621,00 \/100h\/aula<\/td>\r\n<\/tr><tr>\r\n<td class=\"ccargos\">\r\n<span data-balloon-length=\"medium\" aria-label=\"Licenciatura Plena em Matem\u00e1tica ou F\u00edsica, ou cursando o 4\u00ba per\u00edodo dos cursos mencionados.\" data-balloon-pos=\"up\">Monitor Empreendedorismo \/ Educa\u00e7\u00e3o Financeira<\/span><\/td>\r\n<td class=\"cvagas\">02 + CR<\/td>\r\n<td class=\"cremuneracao\">R$ 1.621,00 \/100h\/aula<\/td>\r\n<\/tr><tr>\r\n<td class=\"ccargos\">\r\n<span data-balloon-length=\"medium\" aria-label=\"Licenciatura Plena em Educa\u00e7\u00e3o F\u00edsica, ou cursando o 4\u00ba per\u00edodo da licenciatura.\" data-balloon-pos=\"up\">Monitor Esporte<\/span><\/td>\r\n<td class=\"cvagas\">02 + CR<\/td>\r\n<td class=\"cremuneracao\">R$ 1.621,00 \/100h\/aula<\/td>\r\n<\/tr><tr>\r\n<td class=\"ccargos\">\r\n<span data-balloon-length=\"medium\" aria-label=\"Licenciatura Plena em Letras, ou cursando o 4\u00ba per\u00edodo da licenciatura.\" data-balloon-pos=\"up\">Monitor L\u00edngua Portuguesa \/ Produ\u00e7\u00e3o Textual<\/span><\/td>\r\n<td class=\"cvagas\">20 + CR<\/td>\r\n<td class=\"cremuneracao\">R$ 1.621,00 \/100h\/aula<\/td>\r\n<\/tr><tr>\r\n<td class=\"ccargos\">\r\n<span data-balloon-length=\"medium\" aria-label=\"Licenciatura Plena em Matem\u00e1tica, Ci\u00eancias Biol\u00f3gicas ou F\u00edsica, ou cursando o 4\u00ba per\u00edodo dos cursos mencionados.\" data-balloon-pos=\"up\">Monitor Matem\u00e1tica<\/span><\/td>\r\n<td class=\"cvagas\">20 + CR<\/td>\r\n<td class=\"cremuneracao\">R$ 1.621,00 \/100h\/aula<\/td>\r\n<\/tr><tr>\r\n<td class=\"ccargos\">\r\n<span data-balloon-length=\"medium\" aria-label=\"Gradua\u00e7\u00e3o em M\u00fasica, ou Ensino M\u00e9dio Completo com experi\u00eancia musical comprovada.\" data-balloon-pos=\"up\">Monitor M\u00fasica \/ Maestro<\/span><\/td>\r\n<td class=\"cvagas\">05 + CR<\/td>\r\n<td class=\"cremuneracao\">R$ 1.621,00 \/100h\/aula<\/td>\r\n<\/tr><tr>\r\n<td class=\"ccargos\">\r\n<span data-balloon-length=\"medium\" aria-label=\"Licenciatura Plena em Educa\u00e7\u00e3o F\u00edsica, ou cursando o 4\u00ba per\u00edodo da licenciatura.\" data-balloon-pos=\"up\">Monitor Nata\u00e7\u00e3o<\/span><\/td>\r\n<td class=\"cvagas\">02 + CR<\/td>\r\n<td class=\"cremuneracao\">R$ 1.621,00 \/100h\/aula<\/td>\r\n<\/tr><tr>\r\n<td class=\"ccargos\">\r\n<span data-balloon-length=\"medium\" aria-label=\"Licenciatura Plena em Educa\u00e7\u00e3o F\u00edsica, ou cursando o 4\u00ba per\u00edodo da gradua\u00e7\u00e3o.\" data-balloon-pos=\"up\">Monitor Recrea\u00e7\u00e3o<\/span><\/td>\r\n<td class=\"cvagas\">05 + CR<\/td>\r\n<td class=\"cremuneracao\">R$ 1.621,00 \/100h\/aula<\/td>\r\n<\/tr><tr>\r\n<td class=\"ccargos\">\r\n<span data-balloon-length=\"medium\" aria-label=\"Licenciatura em Letras. Requisito adicional: Resid\u00eancia\/Nascimento em Territ\u00f3rio Quilombola e Declara\u00e7\u00e3o de Pertencimento.\" data-balloon-pos=\"up\">Monitor De Acompanhamento Pedag\u00f3gico - L\u00edngua Portuguesa (Anos Finais) (Quilombola)<\/span><\/td>\r\n<td class=\"cvagas\">CR<\/td>\r\n<td class=\"cremuneracao\">R$ 1.621,00 \/50h\/aula<\/td>\r\n<\/tr><tr>\r\n<td class=\"ccargos\">\r\n<span data-balloon-length=\"medium\" aria-label=\"Licenciatura em Pedagogia. Requisito adicional: Resid\u00eancia\/Nascimento em Territ\u00f3rio Quilombola e Declara\u00e7\u00e3o de Pertencimento.\" data-balloon-pos=\"up\">Monitor De Acompanhamento Pedag\u00f3gico - L\u00edngua Portuguesa E Matem\u00e1tica (Anos Iniciais) (Quilombola)<\/span><\/td>\r\n<td class=\"cvagas\">CR<\/td>\r\n<td class=\"cremuneracao\">R$ 1.621,00 \/100h\/aula<\/td>\r\n<\/tr><tr>\r\n<td class=\"ccargos\">\r\n<span data-balloon-length=\"medium\" aria-label=\"Licenciatura em Matem\u00e1tica. Requisito adicional: Resid\u00eancia\/Nascimento em Territ\u00f3rio Quilombola e Declara\u00e7\u00e3o de Pertencimento.\" data-balloon-pos=\"up\">Monitor De Acompanhamento Pedag\u00f3gico - Matem\u00e1tica (Anos Finais) (Quilombola)<\/span><\/td>\r\n<td class=\"cvagas\">CR<\/td>\r\n<td class=\"cremuneracao\">R$ 1.621,00 \/50h\/aula<\/td>\r\n<\/tr><tr>\r\n<td class=\"ccargos\">\r\n<span data-balloon-length=\"medium\" aria-label=\"Licenciatura plena em Biol\u00f3gicas, Geografia, Ci\u00eancias da Natureza ou \u00e1reas afins. Requisito adicional: Resid\u00eancia\/Nascimento em Territ\u00f3rio Quilombola e Declara\u00e7\u00e3o de Pertencimento.\" data-balloon-pos=\"up\">Monitor De Agroecologia E Economia Circular (Anos Iniciais E Finais) (Quilombola)<\/span><\/td>\r\n<td class=\"cvagas\">CR<\/td>\r\n<td class=\"cremuneracao\">R$ 1.621,00 \/50h\/aula<\/td>\r\n<\/tr><tr>\r\n<td class=\"ccargos\">\r\n<span data-balloon-length=\"medium\" aria-label=\"Licenciatura em Letras, Hist\u00f3ria, Ci\u00eancias Sociais ou Comunica\u00e7\u00e3o. Requisito adicional: Resid\u00eancia\/Nascimento em Territ\u00f3rio Quilombola e Declara\u00e7\u00e3o de Pertencimento.\" data-balloon-pos=\"up\">Monitor De Cultura, Direitos E Deveres Quilombolas, Produ\u00e7\u00e3o Textual E Audiovisual (Anos Iniciais E Finais) (Quilombola)<\/span><\/td>\r\n<td class=\"cvagas\">CR<\/td>\r\n<td class=\"cremuneracao\">R$ 1.621,00 \/100h\/aula<\/td>\r\n<\/tr><tr>\r\n<td class=\"ccargos\">\r\n<span data-balloon-length=\"medium\" aria-label=\"Licenciatura em Ci\u00eancias Sociais, Hist\u00f3ria, Geografia ou \u00e1reas afins; desej\u00e1vel curso de forma\u00e7\u00e3o ou aperfei\u00e7oamento. Requisito adicional: Resid\u00eancia\/Nascimento em Territ\u00f3rio Quilombola e Declara\u00e7\u00e3o de Pertencimento.\" data-balloon-pos=\"up\">Monitor De Educa\u00e7\u00e3o Para As Rela\u00e7\u00f5es \u00c9tnico-Raciais, Ambientais E De G\u00eanero (Anos Iniciais E Finais) (Quilombola)<\/span><\/td>\r\n<td class=\"cvagas\">CR<\/td>\r\n<td class=\"cremuneracao\">R$ 1.621,00 \/50h\/aula<\/td>\r\n<\/tr><tr>\r\n<td class=\"ccargos\">\r\n<span data-balloon-length=\"medium\" aria-label=\"Licenciatura em Educa\u00e7\u00e3o F\u00edsica. Requisito adicional: Resid\u00eancia\/Nascimento em Territ\u00f3rio Quilombola e Declara\u00e7\u00e3o de Pertencimento.\" data-balloon-pos=\"up\">Monitor De Esportes, Capoeira E Dan\u00e7as Afro-Brasileiras (Anos Iniciais E Finais) (Quilombola)<\/span><\/td>\r\n<td class=\"cvagas\">CR<\/td>\r\n<td class=\"cremuneracao\">R$ 1.621,00 \/100h\/aula<\/td>\r\n<\/tr><tr>\r\n<td class=\"ccargos\">\r\n<span data-balloon-length=\"medium\" aria-label=\"Licenciatura em Pedagogia ou outras licenciaturas + Forma\u00e7\u00e3o continuada em educa\u00e7\u00e3o especial inclusiva (m\u00ednimo 360h).\" data-balloon-pos=\"up\">Professor AEE<\/span><\/td>\r\n<td class=\"cvagas\">06 + CR<\/td>\r\n<td class=\"cremuneracao\">R$ 3.664,33 \/150h\/aula<\/td>\r\n<\/tr><tr>\r\n<td class=\"ccargos\">\r\n<span data-balloon-length=\"medium\" aria-label=\"Licenciatura Plena em Pedagogia.\" data-balloon-pos=\"up\">Professor Educa\u00e7\u00e3o Infantil<\/span><\/td>\r\n<td class=\"cvagas\">38 + CR<\/td>\r\n<td class=\"cremuneracao\">R$ 3.664,33 \/150h\/aula<\/td>\r\n<\/tr><tr>\r\n<td class=\"ccargos\">\r\n<span data-balloon-length=\"medium\" aria-label=\"Licenciatura Plena em Pedagogia.\" data-balloon-pos=\"up\">Professor Ensino Fundamental I - Anos Iniciais<\/span><\/td>\r\n<td class=\"cvagas\">73 + CR<\/td>\r\n<td class=\"cremuneracao\">R$ 3.664,33 \/150h\/aula<\/td>\r\n<\/tr><tr>\r\n<td class=\"ccargos\">\r\n<span data-balloon-length=\"medium\" aria-label=\"Licenciatura Plena em Artes, Educa\u00e7\u00e3o Art\u00edstica ou outras linguagens art\u00edsticas.\" data-balloon-pos=\"up\">Professor Ensino Fundamental II - Anos Finais - Artes<\/span><\/td>\r\n<td class=\"cvagas\">05 + CR<\/td>\r\n<td class=\"cremuneracao\">R$ 3.664,33 \/150h\/aula<\/td>\r\n<\/tr><tr>\r\n<td class=\"ccargos\">\r\n<span data-balloon-length=\"medium\" aria-label=\"Licenciatura Plena em Ci\u00eancias da Natureza, Qu\u00edmica, F\u00edsica ou Ci\u00eancias Biol\u00f3gicas.\" data-balloon-pos=\"up\">Professor Ensino Fundamental II - Anos Finais - Ci\u00eancias<\/span><\/td>\r\n<td class=\"cvagas\">08 + CR<\/td>\r\n<td class=\"cremuneracao\">R$ 3.664,33 \/150h\/aula<\/td>\r\n<\/tr><tr>\r\n<td class=\"ccargos\">\r\n<span data-balloon-length=\"medium\" aria-label=\"Licenciatura Plena em Educa\u00e7\u00e3o F\u00edsica.\" data-balloon-pos=\"up\">Professor Ensino Fundamental II - Anos Finais - Educa\u00e7\u00e3o F\u00edsica<\/span><\/td>\r\n<td class=\"cvagas\">17 + CR<\/td>\r\n<td class=\"cremuneracao\">R$ 3.664,33 \/150h\/aula<\/td>\r\n<\/tr><tr>\r\n<td class=\"ccargos\">\r\n<span data-balloon-length=\"medium\" aria-label=\"Licenciatura Plena em Ci\u00eancias da Religi\u00e3o, Filosofia ou Sociologia.\" data-balloon-pos=\"up\">Professor Ensino Fundamental II - Anos Finais - Ensino Religioso \/ Cidadania<\/span><\/td>\r\n<td class=\"cvagas\">05 + CR<\/td>\r\n<td class=\"cremuneracao\">R$ 3.664,33 \/150h\/aula<\/td>\r\n<\/tr><tr>\r\n<td class=\"ccargos\">\r\n<span data-balloon-length=\"medium\" aria-label=\"Licenciatura Plena em Geografia.\" data-balloon-pos=\"up\">Professor Ensino Fundamental II - Anos Finais - Geografia<\/span><\/td>\r\n<td class=\"cvagas\">08 + CR<\/td>\r\n<td class=\"cremuneracao\">R$ 3.664,33 \/150h\/aula<\/td>\r\n<\/tr><tr>\r\n<td class=\"ccargos\">\r\n<span data-balloon-length=\"medium\" aria-label=\"Licenciatura Plena em Hist\u00f3ria.\" data-balloon-pos=\"up\">Professor Ensino Fundamental II - Anos Finais - Hist\u00f3ria<\/span><\/td>\r\n<td class=\"cvagas\">10 + CR<\/td>\r\n<td class=\"cremuneracao\">R$ 3.664,33 \/150h\/aula<\/td>\r\n<\/tr><tr>\r\n<td class=\"ccargos\">\r\n<span data-balloon-length=\"medium\" aria-label=\"Licenciatura Plena em Letras, com habilita\u00e7\u00e3o para l\u00edngua inglesa.\" data-balloon-pos=\"up\">Professor Ensino Fundamental II - Anos Finais - Ingl\u00eas<\/span><\/td>\r\n<td class=\"cvagas\">05 + CR<\/td>\r\n<td class=\"cremuneracao\">R$ 3.664,33 \/150h\/aula<\/td>\r\n<\/tr><tr>\r\n<td class=\"ccargos\">\r\n<span data-balloon-length=\"medium\" aria-label=\"Licenciatura Plena em Letras.\" data-balloon-pos=\"up\">Professor Ensino Fundamental II - Anos Finais - L\u00edngua Portuguesa<\/span><\/td>\r\n<td class=\"cvagas\">10 + CR<\/td>\r\n<td class=\"cremuneracao\">R$ 3.664,33 \/150h\/aula<\/td>\r\n<\/tr><tr>\r\n<td class=\"ccargos\">\r\n<span data-balloon-length=\"medium\" aria-label=\"Licenciatura Plena em Matem\u00e1tica ou F\u00edsica.\" data-balloon-pos=\"up\">Professor Ensino Fundamental II - Anos Finais - Matem\u00e1tica<\/span><\/td>\r\n<td class=\"cvagas\">12 + CR<\/td>\r\n<td class=\"cremuneracao\">R$ 3.664,33 \/150h\/aula<\/td>\r\n<\/tr><tr>\r\n<td class=\"ccargos\">\r\n<span data-balloon-length=\"medium\" aria-label=\"Gradua\u00e7\u00e3o em Pedagogia, Biologia, Geografia ou \u00e1reas afins; desej\u00e1vel p\u00f3s-gradua\u00e7\u00e3o e curso de forma\u00e7\u00e3o ou aperfei\u00e7oamento em Educa\u00e7\u00e3o Ambiental.\" data-balloon-pos=\"up\">Projetista Pol\u00edticas Ambientais<\/span><\/td>\r\n<td class=\"cvagas\">CR<\/td>\r\n<td class=\"cremuneracao\">R$ 2.500,00 \/40h semanais<\/td>\r\n<\/tr><tr>\r\n<td class=\"ccargos\">\r\n<span data-balloon-length=\"medium\" aria-label=\"Gradua\u00e7\u00e3o em Pedagogia, Ci\u00eancias Sociais; desej\u00e1vel p\u00f3s-gradua\u00e7\u00e3o e curso de forma\u00e7\u00e3o ou aperfei\u00e7oamento em Educa\u00e7\u00e3o para as Rela\u00e7\u00f5es de G\u00eanero.\" data-balloon-pos=\"up\">Projetista Pol\u00edticas De G\u00eanero<\/span><\/td>\r\n<td class=\"cvagas\">CR<\/td>\r\n<td class=\"cremuneracao\">R$ 2.500,00 \/40h semanais<\/td>\r\n<\/tr><tr>\r\n<td class=\"ccargos\">\r\n<span data-balloon-length=\"medium\" aria-label=\"Gradua\u00e7\u00e3o em Pedagogia, Ci\u00eancias Sociais, Hist\u00f3ria ou \u00e1reas afins; desej\u00e1vel p\u00f3s-gradua\u00e7\u00e3o e curso de forma\u00e7\u00e3o ou aperfei\u00e7oamento em Educa\u00e7\u00e3o para as Rela\u00e7\u00f5es \u00c9tnico-Raciais.\" data-balloon-pos=\"up\">Projetista Pol\u00edticas \u00c9tnico-Raciais<\/span><\/td>\r\n<td class=\"cvagas\">CR<\/td>\r\n<td class=\"cremuneracao\">R$ 2.500,00 \/40h semanais<\/td>\r\n<\/tr><tr>\r\n<td class=\"ccargos\">\r\n<span data-balloon-length=\"medium\" aria-label=\"Ensino Superior completo em Psicologia e registro no conselho de classe.\" data-balloon-pos=\"up\">Psic\u00f3logo<\/span><\/td>\r\n<td class=\"cvagas\">CR<\/td>\r\n<td class=\"cremuneracao\">R$ 2.500,00 \/40h semanais<\/td>\r\n<\/tr><tr>\r\n<td class=\"ccargos\">\r\n<span data-balloon-length=\"medium\" aria-label=\"Curso superior completo em Psicopedagogia ou \u00e1reas afins (Pedagogia, Psicologia), com p\u00f3s-gradua\u00e7\u00e3o em Psicopedagogia.\" data-balloon-pos=\"up\">Psicopedagogo<\/span><\/td>\r\n<td class=\"cvagas\">CR<\/td>\r\n<td class=\"cremuneracao\">R$ 2.500,00 \/40h semanais<\/td>\r\n<\/tr>\r\n    <\/tbody>\r\n  <\/table>\r\n<\/div>"},"_links":{"self":[{"href":"https:\/\/www.agrobase.com.br\/concursos\/wp-json\/wp\/v2\/posts\/276800","targetHints":{"allow":["GET"]}}],"collection":[{"href":"https:\/\/www.agrobase.com.br\/concursos\/wp-json\/wp\/v2\/posts"}],"about":[{"href":"https:\/\/www.agrobase.com.br\/concursos\/wp-json\/wp\/v2\/types\/post"}],"author":[{"embeddable":true,"href":"https:\/\/www.agrobase.com.br\/concursos\/wp-json\/wp\/v2\/users\/7"}],"replies":[{"embeddable":true,"href":"https:\/\/www.agrobase.com.br\/concursos\/wp-json\/wp\/v2\/comments?post=276800"}],"version-history":[{"count":2,"href":"https:\/\/www.agrobase.com.br\/concursos\/wp-json\/wp\/v2\/posts\/276800\/revisions"}],"predecessor-version":[{"id":276804,"href":"https:\/\/www.agrobase.com.br\/concursos\/wp-json\/wp\/v2\/posts\/276800\/revisions\/276804"}],"wp:featuredmedia":[{"embeddable":true,"href":"https:\/\/www.agrobase.com.br\/concursos\/wp-json\/wp\/v2\/media\/276799"}],"wp:attachment":[{"href":"https:\/\/www.agrobase.com.br\/concursos\/wp-json\/wp\/v2\/media?parent=276800"}],"wp:term":[{"taxonomy":"category","embeddable":true,"href":"https:\/\/www.agrobase.com.br\/concursos\/wp-json\/wp\/v2\/categories?post=276800"},{"taxonomy":"post_tag","embeddable":true,"href":"https:\/\/www.agrobase.com.br\/concursos\/wp-json\/wp\/v2\/tags?post=276800"},{"taxonomy":"_amplo","embeddable":true,"href":"https:\/\/www.agrobase.com.br\/concursos\/wp-json\/wp\/v2\/_amplo?post=276800"},{"taxonomy":"destaque","embeddable":true,"href":"https:\/\/www.agrobase.com.br\/concursos\/wp-json\/wp\/v2\/destaque?post=276800"},{"taxonomy":"instituicoes","embeddable":true,"href":"https:\/\/www.agrobase.com.br\/concursos\/wp-json\/wp\/v2\/instituicoes?post=276800"}],"curies":[{"name":"wp","href":"https:\/\/api.w.org\/{rel}","templated":true}]}}