{"id":276791,"date":"2026-01-14T08:10:05","date_gmt":"2026-01-14T11:10:05","guid":{"rendered":"https:\/\/www.agrobase.com.br\/concursos\/?p=276791"},"modified":"2026-01-13T15:00:26","modified_gmt":"2026-01-13T18:00:26","slug":"prefeitura-sao-francisco-pb-selecao-simplificada-01-2026","status":"publish","type":"post","link":"https:\/\/www.agrobase.com.br\/concursos\/2026\/prefeitura-sao-francisco-pb-selecao-simplificada-01-2026\/","title":{"rendered":"Prefeitura S\u00e3o Francisco (PB) &#8211; Sele\u00e7\u00e3o Simplificada 01\/2026"},"content":{"rendered":"<h2>Informa\u00e7\u00f5es Gerais<\/h2>\n<p>A Prefeitura Municipal de <strong>S\u00e3o Francisco\/PB<\/strong> publicou o <strong>Edital n\u00ba 001\/2026<\/strong>, que estabelece as normas do Processo Seletivo Simplificado para forma\u00e7\u00e3o de <strong>cadastro reserva<\/strong> destinado ao preenchimento tempor\u00e1rio de cargos vagos do Quadro de Pessoal municipal.<\/p>\n<p>O certame oferece oportunidades para candidatos de <strong>tr\u00eas n\u00edveis de escolaridade<\/strong>: Fundamental Completo, M\u00e9dio\/T\u00e9cnico e Superior. As remunera\u00e7\u00f5es variam de <strong>R$ 1.621,00 a R$ 3.325,00<\/strong>, com cargas hor\u00e1rias entre 20h e 40h semanais, conforme o cargo.<\/p>\n<p>Entre as vagas dispon\u00edveis, destaca-se a oportunidade para <strong>M\u00e9dico Veterin\u00e1rio<\/strong>, com remunera\u00e7\u00e3o de R$ 2.379,47 para jornada de 30 horas semanais. O processo tamb\u00e9m contempla cargos nas \u00e1reas de sa\u00fade (Fisioterapeuta, T\u00e9cnico em Enfermagem, Auxiliar de Consult\u00f3rio Dent\u00e1rio), administrativa (Agente Administrativo) e operacional (Motorista, Operador de M\u00e1quinas Pesadas, Vigilante, entre outros).<\/p>\n<p>As inscri\u00e7\u00f5es s\u00e3o <strong>gratuitas e presenciais<\/strong>, realizadas diretamente na sede da Prefeitura. Continue a leitura para conhecer todos os detalhes sobre como participar deste processo seletivo.<\/p>\n<h2>Inscri\u00e7\u00f5es<\/h2>\n<p>As inscri\u00e7\u00f5es para o Processo Seletivo Simplificado da Prefeitura de S\u00e3o Francisco\/PB s\u00e3o <strong>gratuitas<\/strong> e devem ser realizadas <strong>presencialmente<\/strong>, no per\u00edodo de <strong>13 a 15 de janeiro de 2026<\/strong>, das <strong>8h \u00e0s 12h<\/strong>.<\/p>\n<p>O local de inscri\u00e7\u00e3o \u00e9 o <strong>Anexo Administrativo da Prefeitura Municipal de S\u00e3o Francisco<\/strong>, situado \u00e0 Rua Seledon Pereira Lopes, n\u00ba 12, Centro, Sala de Reuni\u00f5es, CEP: 58.818-000, S\u00e3o Francisco\/Para\u00edba.<\/p>\n<p>No ato da inscri\u00e7\u00e3o, o candidato dever\u00e1 apresentar os seguintes documentos:<\/p>\n<ul>\n<li>Formul\u00e1rio de inscri\u00e7\u00e3o (Anexo II do edital) totalmente preenchido;<\/li>\n<li>C\u00f3pia de documento de identifica\u00e7\u00e3o v\u00e1lido (RG, CNH, CTPS f\u00edsica, Certificado de Reservista, Passaporte ou Carteira Funcional de \u00d3rg\u00e3o de Classe);<\/li>\n<li>Certificado de escolaridade exigida para o cargo pretendido;<\/li>\n<li>Curr\u00edculo profissional (elaborado pelo candidato ou extra\u00eddo do Curr\u00edculo Lattes);<\/li>\n<li>C\u00f3pias dos comprovantes para an\u00e1lise curricular, conforme Anexo III do edital.<\/li>\n<\/ul>\n<p><strong>Importante:<\/strong> cada candidato poder\u00e1 realizar apenas uma inscri\u00e7\u00e3o. Caso haja mais de uma inscri\u00e7\u00e3o do mesmo candidato, ser\u00e1 considerada somente a \u00faltima conclu\u00edda. \u00c9 permitida a inscri\u00e7\u00e3o por procura\u00e7\u00e3o.<\/p>\n<p>Todos os documentos devem estar leg\u00edveis \u2014 documentos ileg\u00edveis ser\u00e3o desconsiderados pela Comiss\u00e3o. A rela\u00e7\u00e3o de inscri\u00e7\u00f5es validadas ser\u00e1 divulgada no site <strong>https:\/\/www.saofrancisco.pb.gov.br<\/strong>, conforme cronograma do Anexo I do edital.<\/p>\n<p>Recomenda-se a leitura integral do edital para conhecer todos os requisitos espec\u00edficos de cada cargo.<\/p>\n<h2>Etapas e Provas<\/h2>\n<p>O Processo Seletivo Simplificado da Prefeitura de S\u00e3o Francisco\/PB ser\u00e1 composto por <strong>tr\u00eas etapas<\/strong>, todas de car\u00e1ter eliminat\u00f3rio e classificat\u00f3rio:<\/p>\n<ul>\n<li><strong>Valida\u00e7\u00e3o Documental:<\/strong> consiste na verifica\u00e7\u00e3o da entrega de todos os documentos exigidos no ato da inscri\u00e7\u00e3o, resultando na homologa\u00e7\u00e3o ou n\u00e3o da candidatura;<\/li>\n<li><strong>An\u00e1lise Curricular (E1):<\/strong> avalia\u00e7\u00e3o dos documentos comprobat\u00f3rios apresentados, com pontua\u00e7\u00e3o de <strong>at\u00e9 40 pontos<\/strong>, conforme crit\u00e9rios estabelecidos no Anexo III do edital para cada n\u00edvel de escolaridade;<\/li>\n<li><strong>Entrevista (E2):<\/strong> etapa presencial com pontua\u00e7\u00e3o de <strong>at\u00e9 60 pontos<\/strong>, na qual a Comiss\u00e3o avaliar\u00e1: conhecimentos necess\u00e1rios ao desempenho da fun\u00e7\u00e3o; experi\u00eancia profissional pr\u00e9via no cargo; disponibilidade para cumprir a jornada de trabalho; habilidades e compet\u00eancias conforme descri\u00e7\u00e3o dos cargos na Lei Complementar n\u00ba 031\/2022.<\/li>\n<\/ul>\n<p><strong>Convoca\u00e7\u00e3o para entrevista:<\/strong> ser\u00e3o convocados os candidatos classificados at\u00e9 a <strong>25\u00aa posi\u00e7\u00e3o<\/strong> na an\u00e1lise curricular para cargos de n\u00edvel fundamental, m\u00e9dio e t\u00e9cnico, e at\u00e9 a <strong>10\u00aa posi\u00e7\u00e3o<\/strong> para cargos de n\u00edvel superior.<\/p>\n<p>A <strong>Nota Final (NF)<\/strong> ser\u00e1 calculada pela soma das pontua\u00e7\u00f5es: E1 (at\u00e9 40 pontos) + E2 (at\u00e9 60 pontos) = NF (at\u00e9 100 pontos). Ser\u00e1 desclassificado o candidato que obtiver Nota Final inferior a <strong>40 pontos<\/strong>.<\/p>\n<p>Consulte o edital completo para verificar o cronograma detalhado de cada etapa e os crit\u00e9rios espec\u00edficos de pontua\u00e7\u00e3o da an\u00e1lise curricular.<\/p>\n<h2>Resultados e Gabarito<\/h2>\n<p>Os candidatos ser\u00e3o classificados em ordem decrescente de Nota Final (NF), da maior para a menor pontua\u00e7\u00e3o obtida. Em caso de <strong>empate<\/strong>, ser\u00e3o aplicados os seguintes crit\u00e9rios de desempate, nesta ordem:<\/p>\n<ul>\n<li>Candidato mais idoso, conforme Lei n\u00ba 10.741\/2003 (Estatuto da Pessoa Idosa);<\/li>\n<li>Maior pontua\u00e7\u00e3o no quesito &#8220;experi\u00eancia profissional pr\u00e9via no cargo&#8221;;<\/li>\n<li>Maior pontua\u00e7\u00e3o no quesito &#8220;conhecimentos necess\u00e1rios ao desempenho da fun\u00e7\u00e3o&#8221;;<\/li>\n<li>Maior pontua\u00e7\u00e3o na an\u00e1lise curricular.<\/li>\n<\/ul>\n<p>Todos os atos relativos ao processo seletivo, incluindo convoca\u00e7\u00f5es e Resultado Final, ser\u00e3o publicados exclusivamente no site oficial da Prefeitura Municipal de S\u00e3o Francisco\/PB: <strong>https:\/\/www.saofrancisco.pb.gov.br<\/strong>.<\/p>\n<p><strong>Aten\u00e7\u00e3o:<\/strong> n\u00e3o ser\u00e3o fornecidos atestados, declara\u00e7\u00f5es, certificados ou certid\u00f5es relativos \u00e0 habilita\u00e7\u00e3o, classifica\u00e7\u00e3o ou nota dos candidatos. Para fins de comprova\u00e7\u00e3o, valer\u00e1 a publica\u00e7\u00e3o oficial do Resultado Final e da Homologa\u00e7\u00e3o.<\/p>\n<p>O acompanhamento de todas as publica\u00e7\u00f5es oficiais, prazos e convoca\u00e7\u00f5es \u00e9 de <strong>responsabilidade exclusiva do candidato<\/strong>. Recomenda-se verificar periodicamente o site oficial para n\u00e3o perder nenhuma etapa ou prazo importante do certame.<\/p>\n","protected":false},"excerpt":{"rendered":"<p>Sel. Simplificada Pref. S\u00e3o Francisco (PB) com edital publicado! Vagas p\/ Fisioterapeuta e T\u00e9cnico Enfermagem (Fund. a Sup.). Inscri\u00e7\u00f5es a partir de 13\/01. Confira detalhes!<\/p>\n","protected":false},"author":7,"featured_media":276790,"comment_status":"open","ping_status":"open","sticky":false,"template":"","format":"standard","meta":{"_acf_changed":false,"_breakdance_hide_in_design_set":false,"_breakdance_tags":"","footnotes":""},"categories":[18,22,108,143],"tags":[53],"_amplo":[],"destaque":[],"instituicoes":[],"class_list":["post-276791","post","type-post","status-publish","format-standard","has-post-thumbnail","hentry","category-fisioterapia","category-veterinaria","category-tecnico-enfermagem","category-tecnico-odontologia","tag-paraiba"],"acf":{"_tipo_vagas":"vagas","_numero_vagas":"","_quadro_vagas":"","_cargos":"diversos","_cargos_especificos":"","_salario_max":"R$ 3325","_abertura":"20260113","_encerramento":"20260115","_inscricoes":"https:\/\/www.saofrancisco.pb.gov.br","_executora_concurso":"","_instituicao_concurso":[],"_link_adicional":null,"_anexos":null,"_produtos":null,"_vagas":"Cadastro Reserva","_salario_min":"R$ 1621","_instituicao":"Prefeitura de S\u00e3o Francisco","_edital":"https:\/\/www.agrobase.com.br\/concursos\/wp-content\/uploads\/sites\/4\/2026\/01\/edital-01-2026-prefeitura-de-sao-francisco-pb.pdf","_anexos_edital":"","_fund_incompleto":"","_fund_completo":"<div>\r\n<table class=\"quadro\">\r\n<thead>\r\n<tr>\r\n<th class=\"hcargo\">Cargo<\/th>\r\n<th class=\"hvagas\">Vagas<\/th>\r\n<th class=\"hremuneracao\">Remunera\u00e7\u00e3o<\/th>\r\n<\/tr>\r\n<\/thead>\r\n    <tbody>\r\n      <td class=\"ccargos\">\r\n<span data-balloon-length=\"medium\" aria-label=\"N\u00edvel Fundamental\" data-balloon-pos=\"up\">Art\u00edfice<\/span><\/td>\r\n<td class=\"cvagas\">CR<\/td>\r\n<td class=\"cremuneracao\">R$ 1.621,00 \/40h<\/td>\r\n<\/tr><td class=\"ccargos\">\r\n<span data-balloon-length=\"medium\" aria-label=\"N\u00edvel Fundamental\" data-balloon-pos=\"up\">Auxiliar De Servi\u00e7os Gerais<\/span><\/td>\r\n<td class=\"cvagas\">CR<\/td>\r\n<td class=\"cremuneracao\">R$ 1.621,00 \/40h<\/td>\r\n<\/tr><td class=\"ccargos\">\r\n<span data-balloon-length=\"medium\" aria-label=\"N\u00edvel Fundamental + CNH B\" data-balloon-pos=\"up\">Motorista Cat. B<\/span><\/td>\r\n<td class=\"cvagas\">CR<\/td>\r\n<td class=\"cremuneracao\">R$ 1.621,00 \/40h<\/td>\r\n<\/tr><td class=\"ccargos\">\r\n<span data-balloon-length=\"medium\" aria-label=\"N\u00edvel Fundamental + CNH D\" data-balloon-pos=\"up\">Motorista Cat. D<\/span><\/td>\r\n<td class=\"cvagas\">CR<\/td>\r\n<td class=\"cremuneracao\">R$ 1.621,00 \/40h<\/td>\r\n<\/tr><td class=\"ccargos\">\r\n<span data-balloon-length=\"medium\" aria-label=\"N\u00edvel Fundamental + Curso Espec\u00edfico de Operador de M\u00e1quinas Pesadas\" data-balloon-pos=\"up\">Operador De M\u00e1quinas Pesadas<\/span><\/td>\r\n<td class=\"cvagas\">CR<\/td>\r\n<td class=\"cremuneracao\">R$ 1.621,00 \/40h<\/td>\r\n<\/tr><td class=\"ccargos\">\r\n<span data-balloon-length=\"medium\" aria-label=\"N\u00edvel Fundamental\" data-balloon-pos=\"up\">Vigilante<\/span><\/td>\r\n<td class=\"cvagas\">CR<\/td>\r\n<td class=\"cremuneracao\">R$ 1.621,00 \/40h<\/td>\r\n<\/tr>\r\n    <\/tbody>\r\n  <\/table>\r\n<\/div>","_medio":"<div>\r\n<table class=\"quadro\">\r\n<thead>\r\n<tr>\r\n<th class=\"hcargo\">Cargo<\/th>\r\n<th class=\"hvagas\">Vagas<\/th>\r\n<th class=\"hremuneracao\">Remunera\u00e7\u00e3o<\/th>\r\n<\/tr>\r\n<\/thead>\r\n    <tbody>\r\n      <td class=\"ccargos\">\r\n<span data-balloon-length=\"medium\" aria-label=\"N\u00edvel M\u00e9dio\" data-balloon-pos=\"up\">Agente Administrativo<\/span><\/td>\r\n<td class=\"cvagas\">CR<\/td>\r\n<td class=\"cremuneracao\">R$ 1.639,44 \/40h<\/td>\r\n<\/tr><td class=\"ccargos\">\r\n<span data-balloon-length=\"medium\" aria-label=\"N\u00edvel M\u00e9dio + Curso de ASB ou TSB + Registro no Conselho de Classe\" data-balloon-pos=\"up\">Auxiliar De Consult\u00f3rio Dent\u00e1rio<\/span><\/td>\r\n<td class=\"cvagas\">CR<\/td>\r\n<td class=\"cremuneracao\">R$ 1.639,44 \/20h<\/td>\r\n<\/tr><td class=\"ccargos\">\r\n<span data-balloon-length=\"medium\" aria-label=\"N\u00edvel T\u00e9cnico em Enfermagem + Registro no Conselho de Classe\" data-balloon-pos=\"up\">T\u00e9cnico Em Enfermagem<\/span><\/td>\r\n<td class=\"cvagas\">CR<\/td>\r\n<td class=\"cremuneracao\">R$ 3.325,00 \/40h<\/td>\r\n<\/tr>\r\n    <\/tbody>\r\n  <\/table>\r\n<\/div>","_superior":"<div>\r\n<table class=\"quadro\">\r\n<thead>\r\n<tr>\r\n<th class=\"hcargo\">Cargo<\/th>\r\n<th class=\"hvagas\">Vagas<\/th>\r\n<th class=\"hremuneracao\">Remunera\u00e7\u00e3o<\/th>\r\n<\/tr>\r\n<\/thead>\r\n    <tbody>\r\n      <tr>\r\n<td class=\"ccargos\">\r\n<span data-balloon-length=\"medium\" aria-label=\"N\u00edvel Superior em Fisioterapia + Registro no Conselho de Classe\" data-balloon-pos=\"up\">Fisioterapeuta<\/span><\/td>\r\n<td class=\"cvagas\">CR<\/td>\r\n<td class=\"cremuneracao\">R$ 2.379,47 \/30h<\/td>\r\n<\/tr><tr>\r\n<td class=\"ccargos\">\r\n<span data-balloon-length=\"medium\" aria-label=\"N\u00edvel Superior em Medicina Veterin\u00e1ria + Registro no Conselho de Classe\" data-balloon-pos=\"up\">M\u00e9dico Veterin\u00e1rio<\/span><\/td>\r\n<td class=\"cvagas\">CR<\/td>\r\n<td class=\"cremuneracao\">R$ 2.379,47 \/30h<\/td>\r\n<\/tr>\r\n    <\/tbody>\r\n  <\/table>\r\n<\/div>"},"_links":{"self":[{"href":"https:\/\/www.agrobase.com.br\/concursos\/wp-json\/wp\/v2\/posts\/276791","targetHints":{"allow":["GET"]}}],"collection":[{"href":"https:\/\/www.agrobase.com.br\/concursos\/wp-json\/wp\/v2\/posts"}],"about":[{"href":"https:\/\/www.agrobase.com.br\/concursos\/wp-json\/wp\/v2\/types\/post"}],"author":[{"embeddable":true,"href":"https:\/\/www.agrobase.com.br\/concursos\/wp-json\/wp\/v2\/users\/7"}],"replies":[{"embeddable":true,"href":"https:\/\/www.agrobase.com.br\/concursos\/wp-json\/wp\/v2\/comments?post=276791"}],"version-history":[{"count":1,"href":"https:\/\/www.agrobase.com.br\/concursos\/wp-json\/wp\/v2\/posts\/276791\/revisions"}],"predecessor-version":[{"id":276793,"href":"https:\/\/www.agrobase.com.br\/concursos\/wp-json\/wp\/v2\/posts\/276791\/revisions\/276793"}],"wp:featuredmedia":[{"embeddable":true,"href":"https:\/\/www.agrobase.com.br\/concursos\/wp-json\/wp\/v2\/media\/276790"}],"wp:attachment":[{"href":"https:\/\/www.agrobase.com.br\/concursos\/wp-json\/wp\/v2\/media?parent=276791"}],"wp:term":[{"taxonomy":"category","embeddable":true,"href":"https:\/\/www.agrobase.com.br\/concursos\/wp-json\/wp\/v2\/categories?post=276791"},{"taxonomy":"post_tag","embeddable":true,"href":"https:\/\/www.agrobase.com.br\/concursos\/wp-json\/wp\/v2\/tags?post=276791"},{"taxonomy":"_amplo","embeddable":true,"href":"https:\/\/www.agrobase.com.br\/concursos\/wp-json\/wp\/v2\/_amplo?post=276791"},{"taxonomy":"destaque","embeddable":true,"href":"https:\/\/www.agrobase.com.br\/concursos\/wp-json\/wp\/v2\/destaque?post=276791"},{"taxonomy":"instituicoes","embeddable":true,"href":"https:\/\/www.agrobase.com.br\/concursos\/wp-json\/wp\/v2\/instituicoes?post=276791"}],"curies":[{"name":"wp","href":"https:\/\/api.w.org\/{rel}","templated":true}]}}