{"id":276767,"date":"2026-01-14T09:39:35","date_gmt":"2026-01-14T12:39:35","guid":{"rendered":"https:\/\/www.agrobase.com.br\/concursos\/?p=276767"},"modified":"2026-01-14T09:39:35","modified_gmt":"2026-01-14T12:39:35","slug":"prefeitura-vitoria-da-conquista-ba-selecao-publica-01-2026","status":"publish","type":"post","link":"https:\/\/www.agrobase.com.br\/concursos\/2026\/prefeitura-vitoria-da-conquista-ba-selecao-publica-01-2026\/","title":{"rendered":"Prefeitura Vit\u00f3ria da Conquista (BA) &#8211; Sele\u00e7\u00e3o P\u00fablica 01\/2026"},"content":{"rendered":"<h2>Informa\u00e7\u00f5es Gerais<\/h2>\n<p>O <strong>Processo Seletivo n\u00ba 001\/2026 da Prefeitura de Vit\u00f3ria da Conquista\/BA<\/strong> est\u00e1 com edital publicado, oferecendo <strong>163 vagas imediatas<\/strong> mais forma\u00e7\u00e3o de cadastro de reserva para contrata\u00e7\u00e3o tempor\u00e1ria de excepcional interesse p\u00fablico. O certame \u00e9 promovido pela Secretaria Municipal de Gest\u00e3o e Inova\u00e7\u00e3o (SEMGI) em conjunto com a Secretaria Municipal de Desenvolvimento Social (SEMDES), com execu\u00e7\u00e3o a cargo do Instituto de Desenvolvimento e Capacita\u00e7\u00e3o (IDCAP).<\/p>\n<p>As oportunidades contemplam profissionais de <strong>n\u00edvel m\u00e9dio\/t\u00e9cnico e superior<\/strong>, com remunera\u00e7\u00f5es que variam de <strong>R$ 1.569,03 a R$ 3.431,42<\/strong>, para jornadas de 30 a 40 horas semanais. O regime de contrata\u00e7\u00e3o \u00e9 tempor\u00e1rio, conforme Lei Municipal n\u00ba 1.802\/2012.<\/p>\n<p>Entre os cargos de n\u00edvel m\u00e9dio, destacam-se vagas para Mobilizador Social (111 vagas), Atendente de Programas Sociais, T\u00e9cnico Administrativo, Instrutor de M\u00fasica Percuss\u00e3o e Tradutor e Int\u00e9rprete de Libras. Para n\u00edvel superior, h\u00e1 oportunidades nas \u00e1reas de Assist\u00eancia Social, Psicologia, Direito, Administra\u00e7\u00e3o, Engenharia Civil, Jornalismo, Pedagogia, Estat\u00edstica, Antropologia e Design Gr\u00e1fico.<\/p>\n<p><strong>Destaque para a \u00e1rea de Nutri\u00e7\u00e3o:<\/strong> o processo seletivo oferece <strong>02 vagas + cadastro de reserva para Nutricionista<\/strong>, com a maior remunera\u00e7\u00e3o do certame (R$ 3.431,42) e carga hor\u00e1ria de 40 horas semanais, exigindo diploma de gradua\u00e7\u00e3o em Nutri\u00e7\u00e3o e registro no Conselho Regional de Nutri\u00e7\u00e3o.<\/p>\n<p>Continue a leitura para conhecer os detalhes sobre inscri\u00e7\u00f5es, etapas de sele\u00e7\u00e3o e cronograma completo do processo seletivo.<\/p>\n<h2>Inscri\u00e7\u00f5es<\/h2>\n<p>As <strong>inscri\u00e7\u00f5es para o Processo Seletivo de Vit\u00f3ria da Conquista\/BA<\/strong> dever\u00e3o ser realizadas <strong>exclusivamente pela internet<\/strong>, no site oficial da banca organizadora.<\/p>\n<p>O per\u00edodo de inscri\u00e7\u00f5es est\u00e1 previsto para ocorrer <strong>a partir de 12 de janeiro de 2026 at\u00e9 20 de janeiro de 2026<\/strong>, conforme cronograma estabelecido no Anexo I do edital. Os candidatos devem acessar o site <strong>www.idcap.org.br<\/strong> para efetuar sua inscri\u00e7\u00e3o.<\/p>\n<p><strong>Procedimentos para inscri\u00e7\u00e3o:<\/strong><\/p>\n<ul>\n<li>Acessar o site www.idcap.org.br e localizar a \u00e1rea destinada ao processo seletivo;<\/li>\n<li>Ler e concordar com todas as normas estabelecidas no edital;<\/li>\n<li>Preencher total e corretamente a ficha de inscri\u00e7\u00e3o;<\/li>\n<li>Enviar a ficha conforme as instru\u00e7\u00f5es do sistema;<\/li>\n<li>Gerar e imprimir o boleto banc\u00e1rio para pagamento da taxa de inscri\u00e7\u00e3o;<\/li>\n<li>Efetuar o pagamento at\u00e9 a data de vencimento, em qualquer ag\u00eancia banc\u00e1ria ou por meio eletr\u00f4nico.<\/li>\n<\/ul>\n<p>\u00c9 de <strong>inteira responsabilidade do candidato<\/strong> a impress\u00e3o e guarda do comprovante de pagamento e do cart\u00e3o de confirma\u00e7\u00e3o de inscri\u00e7\u00e3o. Ao realizar a inscri\u00e7\u00e3o, o candidato declara conhecer e aceitar todas as normas do edital.<\/p>\n<p>Recomendamos a leitura integral do edital para verificar informa\u00e7\u00f5es sobre valores das taxas de inscri\u00e7\u00e3o por cargo, possibilidade de isen\u00e7\u00e3o e demais procedimentos espec\u00edficos.<\/p>\n<h2>Etapas e Provas<\/h2>\n<p>O <strong>Processo Seletivo de Vit\u00f3ria da Conquista\/BA<\/strong> ser\u00e1 composto por m\u00faltiplas etapas, conforme a fun\u00e7\u00e3o pretendida pelo candidato:<\/p>\n<ul>\n<li><strong>Prova Objetiva<\/strong> \u2013 Car\u00e1ter <em>eliminat\u00f3rio e classificat\u00f3rio<\/em>;<\/li>\n<li><strong>Prova Pr\u00e1tica<\/strong> \u2013 Car\u00e1ter <em>eliminat\u00f3rio<\/em> (para cargos espec\u00edficos);<\/li>\n<li><strong>Prova de T\u00edtulos<\/strong> \u2013 Car\u00e1ter <em>classificat\u00f3rio<\/em>;<\/li>\n<li><strong>Heteroidentifica\u00e7\u00e3o<\/strong> \u2013 Car\u00e1ter <em>verificat\u00f3rio<\/em>;<\/li>\n<li><strong>Avalia\u00e7\u00e3o Biopsicossocial<\/strong> \u2013 Car\u00e1ter <em>verificat\u00f3rio<\/em>;<\/li>\n<li><strong>Inspe\u00e7\u00e3o M\u00e9dica Oficial<\/strong> \u2013 Car\u00e1ter <em>eliminat\u00f3rio<\/em>;<\/li>\n<li><strong>Verifica\u00e7\u00e3o da Documenta\u00e7\u00e3o de Requisitos e Condi\u00e7\u00f5es<\/strong> \u2013 Car\u00e1ter <em>eliminat\u00f3rio<\/em>.<\/li>\n<\/ul>\n<p><strong>Prova Objetiva:<\/strong> A aplica\u00e7\u00e3o est\u00e1 prevista para o dia <strong>08 de fevereiro de 2026<\/strong>, em dois turnos:<\/p>\n<ul>\n<li><strong>Per\u00edodo matutino:<\/strong> das 08h \u00e0s 11h30min (dura\u00e7\u00e3o de 3h30min);<\/li>\n<li><strong>Per\u00edodo vespertino:<\/strong> das 13h30min \u00e0s 17h (dura\u00e7\u00e3o de 3h30min).<\/li>\n<\/ul>\n<p><strong>Prova Pr\u00e1tica:<\/strong> Ser\u00e1 aplicada em data prevista para <strong>15 de mar\u00e7o de 2026<\/strong>, em hor\u00e1rio a ser definido em edital de convoca\u00e7\u00e3o espec\u00edfico. Esta etapa \u00e9 destinada aos cargos que exigem demonstra\u00e7\u00e3o de habilidades pr\u00e1ticas.<\/p>\n<p><strong>Prova de T\u00edtulos:<\/strong> Possui car\u00e1ter unicamente classificat\u00f3rio. O candidato que n\u00e3o apresentar a documenta\u00e7\u00e3o comprobat\u00f3ria na forma e prazo estabelecidos no edital receber\u00e1 pontua\u00e7\u00e3o zero nesta etapa, sem elimina\u00e7\u00e3o do certame.<\/p>\n<p>Consulte o edital completo para verificar o conte\u00fado program\u00e1tico detalhado de cada cargo, crit\u00e9rios de aprova\u00e7\u00e3o, pontua\u00e7\u00e3o m\u00ednima exigida e cronograma atualizado de todas as etapas.<\/p>\n<h2>Resultados e Gabarito<\/h2>\n<p>A <strong>pontua\u00e7\u00e3o final<\/strong> dos candidatos no Processo Seletivo de Vit\u00f3ria da Conquista\/BA ser\u00e1 calculada conforme as etapas aplic\u00e1veis a cada fun\u00e7\u00e3o:<\/p>\n<p><strong>F\u00f3rmula:<\/strong> Pontua\u00e7\u00e3o Final (PF) = Nota da Prova Objetiva (PO) + Nota da Prova Pr\u00e1tica (PP) + Nota da Prova de T\u00edtulos (PT).<\/p>\n<p><strong>Cronograma de divulga\u00e7\u00e3o de resultados:<\/strong><\/p>\n<ul>\n<li><strong>Gabarito preliminar da prova objetiva:<\/strong> 09 de fevereiro de 2026;<\/li>\n<li><strong>Gabarito oficial (definitivo):<\/strong> 20 de fevereiro de 2026;<\/li>\n<li><strong>Resultado final do certame:<\/strong> 09 de abril de 2026.<\/li>\n<\/ul>\n<p>Todos os resultados, convoca\u00e7\u00f5es e comunicados oficiais ser\u00e3o publicados no site da banca organizadora (<strong>www.idcap.org.br<\/strong>) e no Di\u00e1rio Oficial do Munic\u00edpio de Vit\u00f3ria da Conquista.<\/p>\n<p><strong>Validade do processo seletivo:<\/strong> O certame ter\u00e1 validade de <strong>02 (dois) anos<\/strong>, contados a partir da data de homologa\u00e7\u00e3o do resultado final no Di\u00e1rio Oficial, podendo ser prorrogado uma \u00fanica vez por igual per\u00edodo, a crit\u00e9rio da Administra\u00e7\u00e3o Municipal, conforme art. 3\u00ba, IX da Lei n\u00ba 1.802\/2012.<\/p>\n<p><strong>Importante:<\/strong> O acompanhamento das publica\u00e7\u00f5es oficiais, incluindo convoca\u00e7\u00f5es, resultados parciais e definitivos, bem como eventuais retifica\u00e7\u00f5es do edital, \u00e9 de <strong>responsabilidade exclusiva do candidato<\/strong>. Recomenda-se consultar regularmente os canais oficiais durante toda a vig\u00eancia do processo seletivo.<\/p>\n","protected":false},"excerpt":{"rendered":"<p>Processo Seletivo Pref. Vit\u00f3ria da Conquista (BA) com edital publicado! Vagas p\/ Mobilizador e Advogado (M\u00e9dio\/Sup.). Inscri\u00e7\u00f5es a partir de 12\/01. Confira!<\/p>\n","protected":false},"author":7,"featured_media":276766,"comment_status":"open","ping_status":"open","sticky":false,"template":"","format":"standard","meta":{"_acf_changed":false,"_breakdance_hide_in_design_set":false,"_breakdance_tags":"","footnotes":""},"categories":[3,120,10,14,136,99,23,25,26,101],"tags":[42],"_amplo":[],"destaque":[],"instituicoes":[],"class_list":["post-276767","post","type-post","status-publish","format-standard","has-post-thumbnail","hentry","category-administracao","category-comunicacao-social","category-direito","category-engenharia","category-estatistica","category-jornalismo","category-nutricao","category-pedagogia","category-psicologia","category-servico-social","tag-bahia"],"acf":{"_tipo_vagas":"vagas","_numero_vagas":"","_quadro_vagas":"","_cargos":"diversos","_cargos_especificos":"","_salario_max":"R$ 3431.42","_abertura":"20260112","_encerramento":"20260120","_inscricoes":"https:\/\/www.idcap.org.br","_executora_concurso":"","_instituicao_concurso":[],"_link_adicional":null,"_anexos":null,"_produtos":null,"_vagas":"163 + CR","_salario_min":"R$ 1569.03","_instituicao":"Prefeitura de Vit\u00f3ria da Conquista","_edital":"https:\/\/www.agrobase.com.br\/concursos\/wp-content\/uploads\/sites\/4\/2026\/01\/edital-01-2026-prefeitura-de-vitoria-da-conquista-ba.pdf","_anexos_edital":"https:\/\/www.agrobase.com.br\/concursos\/wp-content\/uploads\/sites\/4\/2026\/01\/anexos-edital-01-2026-prefeitura-de-vitoria-da-conquista-ba.pdf","_fund_incompleto":"","_fund_completo":"","_medio":"<div>\r\n<table class=\"quadro\">\r\n<thead>\r\n<tr>\r\n<th class=\"hcargo\">Cargo<\/th>\r\n<th class=\"hvagas\">Vagas<\/th>\r\n<th class=\"hremuneracao\">Remunera\u00e7\u00e3o<\/th>\r\n<\/tr>\r\n<\/thead>\r\n    <tbody>\r\n      <td class=\"ccargos\">\r\n<span data-balloon-length=\"medium\" aria-label=\"Ensino M\u00e9dio Completo.\" data-balloon-pos=\"up\">Atendente De Programas Sociais<\/span><\/td>\r\n<td class=\"cvagas\">06 + CR<\/td>\r\n<td class=\"cremuneracao\">R$ 1.569,03 \/40h<\/td>\r\n<\/tr><td class=\"ccargos\">\r\n<span data-balloon-length=\"medium\" aria-label=\"Ensino M\u00e9dio Completo e conhecimento te\u00f3rico\/pr\u00e1tico.\" data-balloon-pos=\"up\">Instrutor De M\u00fasica Percuss\u00e3o<\/span><\/td>\r\n<td class=\"cvagas\">04 + CR<\/td>\r\n<td class=\"cremuneracao\">R$ 1.569,03 \/40h<\/td>\r\n<\/tr><td class=\"ccargos\">\r\n<span data-balloon-length=\"medium\" aria-label=\"Ensino M\u00e9dio Completo.\" data-balloon-pos=\"up\">Mobilizador Social<\/span><\/td>\r\n<td class=\"cvagas\">111 + CR<\/td>\r\n<td class=\"cremuneracao\">R$ 1.569,03 \/40h<\/td>\r\n<\/tr><td class=\"ccargos\">\r\n<span data-balloon-length=\"medium\" aria-label=\"Ensino M\u00e9dio Completo.\" data-balloon-pos=\"up\">T\u00e9cnico Administrativo<\/span><\/td>\r\n<td class=\"cvagas\">04 + CR<\/td>\r\n<td class=\"cremuneracao\">R$ 1.688,28 \/40h<\/td>\r\n<\/tr><td class=\"ccargos\">\r\n<span data-balloon-length=\"medium\" aria-label=\"Ensino M\u00e9dio Completo e Curso espec\u00edfico em Libras, com certifica\u00e7\u00e3o de profici\u00eancia.\" data-balloon-pos=\"up\">Tradutor E Int\u00e9rprete De Libras<\/span><\/td>\r\n<td class=\"cvagas\">02 + CR<\/td>\r\n<td class=\"cremuneracao\">R$ 1.688,28 \/40h<\/td>\r\n<\/tr>\r\n    <\/tbody>\r\n  <\/table>\r\n<\/div>","_superior":"<div>\r\n<table class=\"quadro\">\r\n<thead>\r\n<tr>\r\n<th class=\"hcargo\">Cargo<\/th>\r\n<th class=\"hvagas\">Vagas<\/th>\r\n<th class=\"hremuneracao\">Remunera\u00e7\u00e3o<\/th>\r\n<\/tr>\r\n<\/thead>\r\n    <tbody>\r\n      <tr>\r\n<td class=\"ccargos\">\r\n<span data-balloon-length=\"medium\" aria-label=\"Superior em Administra\u00e7\u00e3o e Registro no Conselho de Classe.\" data-balloon-pos=\"up\">Administrador<\/span><\/td>\r\n<td class=\"cvagas\">01 + CR<\/td>\r\n<td class=\"cremuneracao\">R$ 3.001,25 \/40h<\/td>\r\n<\/tr><tr>\r\n<td class=\"ccargos\">\r\n<span data-balloon-length=\"medium\" aria-label=\"Superior em Direito e Registro no Conselho de Classe.\" data-balloon-pos=\"up\">Advogado<\/span><\/td>\r\n<td class=\"cvagas\">10 + CR<\/td>\r\n<td class=\"cremuneracao\">R$ 2.250,96 \/30h<\/td>\r\n<\/tr><tr>\r\n<td class=\"ccargos\">\r\n<span data-balloon-length=\"medium\" aria-label=\"Superior em Antropologia.\" data-balloon-pos=\"up\">Antrop\u00f3logo<\/span><\/td>\r\n<td class=\"cvagas\">01 + CR<\/td>\r\n<td class=\"cremuneracao\">R$ 3.001,25 \/40h<\/td>\r\n<\/tr><tr>\r\n<td class=\"ccargos\">\r\n<span data-balloon-length=\"medium\" aria-label=\"Superior em Servi\u00e7o Social e Registro no Conselho de Classe.\" data-balloon-pos=\"up\">Assistente Social<\/span><\/td>\r\n<td class=\"cvagas\">09 + CR<\/td>\r\n<td class=\"cremuneracao\">R$ 2.250,96 \/30h<\/td>\r\n<\/tr><tr>\r\n<td class=\"ccargos\">\r\n<span data-balloon-length=\"medium\" aria-label=\"Superior em Design Gr\u00e1fico e Registro em Conselho de Classe.\" data-balloon-pos=\"up\">Design Gr\u00e1fico<\/span><\/td>\r\n<td class=\"cvagas\">01 + CR<\/td>\r\n<td class=\"cremuneracao\">R$ 3.001,25 \/40h<\/td>\r\n<\/tr><tr>\r\n<td class=\"ccargos\">\r\n<span data-balloon-length=\"medium\" aria-label=\"Superior em Engenharia Civil e Registro no Conselho de Classe.\" data-balloon-pos=\"up\">Engenheiro Civil<\/span><\/td>\r\n<td class=\"cvagas\">01 + CR<\/td>\r\n<td class=\"cremuneracao\">R$ 3.001,25 \/40h<\/td>\r\n<\/tr><tr>\r\n<td class=\"ccargos\">\r\n<span data-balloon-length=\"medium\" aria-label=\"Superior em Estat\u00edstica.\" data-balloon-pos=\"up\">Estat\u00edstico<\/span><\/td>\r\n<td class=\"cvagas\">01 + CR<\/td>\r\n<td class=\"cremuneracao\">R$ 3.001,25 \/40h<\/td>\r\n<\/tr><tr>\r\n<td class=\"ccargos\">\r\n<span data-balloon-length=\"medium\" aria-label=\"Superior em Comunica\u00e7\u00e3o Social\/Jornalismo e Registro em Conselho de Classe.\" data-balloon-pos=\"up\">Jornalista<\/span><\/td>\r\n<td class=\"cvagas\">02 + CR<\/td>\r\n<td class=\"cremuneracao\">R$ 2.250,96 \/30h<\/td>\r\n<\/tr><tr>\r\n<td class=\"ccargos\">\r\n<span data-balloon-length=\"medium\" aria-label=\"Superior em Nutri\u00e7\u00e3o e Registro no Conselho Regional de Nutri\u00e7\u00e3o.\" data-balloon-pos=\"up\">Nutricionista<\/span><\/td>\r\n<td class=\"cvagas\">02 + CR<\/td>\r\n<td class=\"cremuneracao\">R$ 3.431,42 \/40h<\/td>\r\n<\/tr><tr>\r\n<td class=\"ccargos\">\r\n<span data-balloon-length=\"medium\" aria-label=\"Superior em Pedagogia.\" data-balloon-pos=\"up\">Pedagogo<\/span><\/td>\r\n<td class=\"cvagas\">02 + CR<\/td>\r\n<td class=\"cremuneracao\">R$ 2.250,96 \/30h<\/td>\r\n<\/tr><tr>\r\n<td class=\"ccargos\">\r\n<span data-balloon-length=\"medium\" aria-label=\"Superior em Psicologia e Registro no Conselho Regional de Psicologia.\" data-balloon-pos=\"up\">Psic\u00f3logo<\/span><\/td>\r\n<td class=\"cvagas\">06 + CR<\/td>\r\n<td class=\"cremuneracao\">R$ 2.250,96 \/30h<\/td>\r\n<\/tr>\r\n    <\/tbody>\r\n  <\/table>\r\n<\/div>"},"_links":{"self":[{"href":"https:\/\/www.agrobase.com.br\/concursos\/wp-json\/wp\/v2\/posts\/276767","targetHints":{"allow":["GET"]}}],"collection":[{"href":"https:\/\/www.agrobase.com.br\/concursos\/wp-json\/wp\/v2\/posts"}],"about":[{"href":"https:\/\/www.agrobase.com.br\/concursos\/wp-json\/wp\/v2\/types\/post"}],"author":[{"embeddable":true,"href":"https:\/\/www.agrobase.com.br\/concursos\/wp-json\/wp\/v2\/users\/7"}],"replies":[{"embeddable":true,"href":"https:\/\/www.agrobase.com.br\/concursos\/wp-json\/wp\/v2\/comments?post=276767"}],"version-history":[{"count":1,"href":"https:\/\/www.agrobase.com.br\/concursos\/wp-json\/wp\/v2\/posts\/276767\/revisions"}],"predecessor-version":[{"id":276769,"href":"https:\/\/www.agrobase.com.br\/concursos\/wp-json\/wp\/v2\/posts\/276767\/revisions\/276769"}],"wp:featuredmedia":[{"embeddable":true,"href":"https:\/\/www.agrobase.com.br\/concursos\/wp-json\/wp\/v2\/media\/276766"}],"wp:attachment":[{"href":"https:\/\/www.agrobase.com.br\/concursos\/wp-json\/wp\/v2\/media?parent=276767"}],"wp:term":[{"taxonomy":"category","embeddable":true,"href":"https:\/\/www.agrobase.com.br\/concursos\/wp-json\/wp\/v2\/categories?post=276767"},{"taxonomy":"post_tag","embeddable":true,"href":"https:\/\/www.agrobase.com.br\/concursos\/wp-json\/wp\/v2\/tags?post=276767"},{"taxonomy":"_amplo","embeddable":true,"href":"https:\/\/www.agrobase.com.br\/concursos\/wp-json\/wp\/v2\/_amplo?post=276767"},{"taxonomy":"destaque","embeddable":true,"href":"https:\/\/www.agrobase.com.br\/concursos\/wp-json\/wp\/v2\/destaque?post=276767"},{"taxonomy":"instituicoes","embeddable":true,"href":"https:\/\/www.agrobase.com.br\/concursos\/wp-json\/wp\/v2\/instituicoes?post=276767"}],"curies":[{"name":"wp","href":"https:\/\/api.w.org\/{rel}","templated":true}]}}