{"id":276754,"date":"2026-01-14T07:10:09","date_gmt":"2026-01-14T10:10:09","guid":{"rendered":"https:\/\/www.agrobase.com.br\/concursos\/?p=276754"},"modified":"2026-01-13T12:16:32","modified_gmt":"2026-01-13T15:16:32","slug":"prefeitura-guaratingueta-sp-selecao-publica-01-2025","status":"publish","type":"post","link":"https:\/\/www.agrobase.com.br\/concursos\/2026\/prefeitura-guaratingueta-sp-selecao-publica-01-2025\/","title":{"rendered":"Prefeitura Guaratinguet\u00e1 (SP) &#8211; Sele\u00e7\u00e3o P\u00fablica 01\/2025"},"content":{"rendered":"<h2>Informa\u00e7\u00f5es Gerais<\/h2>\n<p>A <strong>Prefeitura Municipal da Est\u00e2ncia Tur\u00edstica de Guaratinguet\u00e1<\/strong>, no Estado de S\u00e3o Paulo, publicou o <strong>Edital n\u00ba 1\/2025<\/strong> referente ao <strong>Processo Seletivo<\/strong> destinado ao provimento de cargos tempor\u00e1rios para a Rede Municipal de Ensino e Oficinas do Contraturno.<\/p>\n<p>O certame oferece <strong>28 vagas imediatas<\/strong>, al\u00e9m de forma\u00e7\u00e3o de <strong>cadastro reserva<\/strong>, todas destinadas a profissionais com <strong>n\u00edvel superior<\/strong>. A contrata\u00e7\u00e3o ser\u00e1 em regime tempor\u00e1rio, com remunera\u00e7\u00f5es que variam de <strong>R$ 23,09 por hora\/aula<\/strong> at\u00e9 <strong>R$ 6.225,76<\/strong> mensais, conforme o cargo.<\/p>\n<p>As oportunidades contemplam diversas \u00e1reas da educa\u00e7\u00e3o, incluindo cargos de gest\u00e3o escolar como <strong>Diretor de Escola<\/strong>, <strong>Vice-Diretor<\/strong> e <strong>Coordenador Pedag\u00f3gico<\/strong>, al\u00e9m de vagas para <strong>Professor de Educa\u00e7\u00e3o B\u00e1sica I<\/strong> (Educa\u00e7\u00e3o Infantil e Ensino Fundamental) e <strong>Professor de Educa\u00e7\u00e3o B\u00e1sica II<\/strong> em m\u00faltiplas disciplinas, como Arte, Educa\u00e7\u00e3o F\u00edsica, L\u00edngua Portuguesa, Matem\u00e1tica, Hist\u00f3ria, Geografia, Ingl\u00eas, Espanhol, M\u00fasica, Dan\u00e7a, Teatro, Inform\u00e1tica e Ci\u00eancias F\u00edsicas e <strong>Biol\u00f3gicas<\/strong>. H\u00e1 tamb\u00e9m vaga para Professor de Educa\u00e7\u00e3o Especial em Recursos Multifuncionais.<\/p>\n<p>Continue a leitura para conhecer todos os detalhes sobre inscri\u00e7\u00f5es, etapas de sele\u00e7\u00e3o e como acompanhar os resultados deste processo seletivo.<\/p>\n<h2>Inscri\u00e7\u00f5es<\/h2>\n<p>As inscri\u00e7\u00f5es para o Processo Seletivo n\u00ba 1\/2025 da Prefeitura de Guaratinguet\u00e1 estar\u00e3o abertas no per\u00edodo de <strong>30 de dezembro de 2025 a 15 de janeiro de 2026 (at\u00e9 as 12h00)<\/strong>, exclusivamente pela internet.<\/p>\n<p>Para se inscrever, o candidato dever\u00e1 acessar o site <strong>www.publiconsult.com.br<\/strong> e seguir os seguintes passos:<\/p>\n<ul>\n<li>Acessar o <em>Painel do Candidato<\/em><\/li>\n<li>Selecionar a op\u00e7\u00e3o <em>J\u00e1 Sou Cadastrado<\/em> ou <em>Quero Me Cadastrar<\/em> (para novos usu\u00e1rios)<\/li>\n<li>Na guia <em>Inscri\u00e7\u00f5es Abertas<\/em>, localizar o Processo Seletivo n\u00ba 1\/2025 da Prefeitura de Guaratinguet\u00e1<\/li>\n<li>Escolher o cargo desejado e preencher corretamente o formul\u00e1rio de inscri\u00e7\u00e3o<\/li>\n<li>Gerar o boleto banc\u00e1rio para pagamento da taxa de inscri\u00e7\u00e3o no valor de R$ 45,00<\/li>\n<\/ul>\n<p>O <strong>pagamento do boleto<\/strong> dever\u00e1 ser efetuado <strong>at\u00e9 o dia 15 de janeiro de 2026<\/strong>, podendo ser realizado em qualquer ag\u00eancia banc\u00e1ria, via internet banking ou em estabelecimentos autorizados (casas lot\u00e9ricas, correios, entre outros), respeitando o hor\u00e1rio de funcionamento de cada estabelecimento.<\/p>\n<h2>Etapas e Provas<\/h2>\n<p>O Processo Seletivo da Prefeitura de Guaratinguet\u00e1 ser\u00e1 composto por uma \u00fanica etapa de avalia\u00e7\u00e3o:<\/p>\n<ul>\n<li><strong>Prova Objetiva<\/strong> \u2013 Car\u00e1ter <strong>classificat\u00f3rio<\/strong>, aplicada a todos os candidatos com inscri\u00e7\u00e3o deferida<\/li>\n<\/ul>\n<p><strong>Detalhes da Prova Objetiva:<\/strong><\/p>\n<ul>\n<li><strong>Data prevista:<\/strong> 25 de janeiro de 2026 (domingo)<\/li>\n<li><strong>Local:<\/strong> Munic\u00edpio de Guaratinguet\u00e1\/SP (endere\u00e7o a ser divulgado)<\/li>\n<li><strong>Formato:<\/strong> 25 quest\u00f5es de m\u00faltipla escolha<\/li>\n<li><strong>Dura\u00e7\u00e3o:<\/strong> 2 horas (incluindo o tempo para preenchimento do cart\u00e3o de respostas)<\/li>\n<li><strong>Objetivo:<\/strong> Avaliar o grau de conhecimento te\u00f3rico do candidato necess\u00e1rio ao exerc\u00edcio da fun\u00e7\u00e3o<\/li>\n<\/ul>\n<p>As quest\u00f5es ser\u00e3o elaboradas com base no conte\u00fado program\u00e1tico constante do <strong>Anexo II<\/strong> do edital. Recomenda-se a consulta integral ao documento oficial para conhecer as disciplinas e os temas espec\u00edficos cobrados para cada cargo.<\/p>\n<p>Fique atento \u00e0s publica\u00e7\u00f5es oficiais para confirma\u00e7\u00e3o da data, hor\u00e1rio e local de realiza\u00e7\u00e3o da prova, bem como para eventuais atualiza\u00e7\u00f5es no cronograma do certame.<\/p>\n<h2>Resultados e Gabarito<\/h2>\n<p>Os resultados do Processo Seletivo n\u00ba 1\/2025 da Prefeitura de Guaratinguet\u00e1 ser\u00e3o divulgados em etapas, conforme cronograma estabelecido no edital:<\/p>\n<p><strong>Classifica\u00e7\u00e3o Provis\u00f3ria:<\/strong><\/p>\n<p>Ap\u00f3s a aplica\u00e7\u00e3o da Prova Objetiva e delibera\u00e7\u00e3o dos recursos, ser\u00e1 publicado o Edital de Classifica\u00e7\u00e3o Provis\u00f3ria, apresentando:<\/p>\n<ul>\n<li>Anexo I \u2013 Classifica\u00e7\u00e3o Provis\u00f3ria Geral<\/li>\n<li>Anexo II \u2013 Classifica\u00e7\u00e3o Provis\u00f3ria dos Candidatos com Defici\u00eancia<\/li>\n<li>Anexo III \u2013 Candidatos N\u00e3o Classificados (com n\u00famero de inscri\u00e7\u00e3o e pontua\u00e7\u00e3o)<\/li>\n<\/ul>\n<p><strong>Classifica\u00e7\u00e3o Final e Homologa\u00e7\u00e3o:<\/strong><\/p>\n<p>Ap\u00f3s an\u00e1lise dos recursos relativos \u00e0 Classifica\u00e7\u00e3o Provis\u00f3ria, ser\u00e1 divulgado o Edital de Classifica\u00e7\u00e3o Final, contendo:<\/p>\n<ul>\n<li>Anexo I \u2013 Classifica\u00e7\u00e3o Final Geral<\/li>\n<li>Anexo II \u2013 Classifica\u00e7\u00e3o Final dos Candidatos com Defici\u00eancia<\/li>\n<\/ul>\n<p>A <strong>homologa\u00e7\u00e3o<\/strong> do processo seletivo, que oficializa o encerramento do certame e valida os resultados, ser\u00e1 realizada pelo Prefeito Municipal.<\/p>\n<p><strong>Onde acompanhar:<\/strong><\/p>\n<ul>\n<li>Site da banca organizadora: <strong>www.publiconsult.com.br<\/strong><\/li>\n<li>Site da Prefeitura: <strong>www.guaratingueta.sp.gov.br<\/strong><\/li>\n<li>Di\u00e1rio Oficial da Est\u00e2ncia Tur\u00edstica de Guaratinguet\u00e1 (para homologa\u00e7\u00e3o e classifica\u00e7\u00e3o final)<\/li>\n<\/ul>\n<p>O acompanhamento de todas as publica\u00e7\u00f5es, comunicados e convoca\u00e7\u00f5es referentes ao processo seletivo \u00e9 de <strong>responsabilidade exclusiva do candidato<\/strong>. Mantenha seus dados atualizados e consulte regularmente os canais oficiais para n\u00e3o perder nenhum prazo importante.<\/p>\n","protected":false},"excerpt":{"rendered":"<p>Proc. Seletivo Pref. Guaratinguet\u00e1 (SP) com edital publicado! Vagas p\/ Coord. Pedag\u00f3gico e Professor (Superior). Inscri\u00e7\u00f5es a partir de 30\/12. Confira detalhes!<\/p>\n","protected":false},"author":7,"featured_media":276753,"comment_status":"open","ping_status":"open","sticky":false,"template":"","format":"standard","meta":{"_acf_changed":false,"_breakdance_hide_in_design_set":false,"_breakdance_tags":"","footnotes":""},"categories":[6433,6434,111,100,20,6872,6871,116,119,25],"tags":[62],"_amplo":[],"destaque":[],"instituicoes":[],"class_list":["post-276754","post","type-post","status-publish","format-standard","has-post-thumbnail","hentry","category-biologia-licenciatura","category-educacao-fisica-licenciatura","category-geografia","category-historia","category-letras","category-letras-espanhol","category-letras-ingles","category-matematica","category-musica","category-pedagogia","tag-sao-paulo"],"acf":{"_tipo_vagas":"vagas","_numero_vagas":"","_quadro_vagas":"","_cargos":"diversos","_cargos_especificos":"","_salario_max":"R$ 6225.76","_abertura":"20251230","_encerramento":"20260115","_inscricoes":"https:\/\/www.publiconsult.com.br","_executora_concurso":"","_instituicao_concurso":[],"_link_adicional":null,"_anexos":[{"_arquivo_anexo":276758,"_titulo_anexo":"Edital de Prorroga\u00e7\u00e3o"}],"_produtos":null,"_vagas":"28 + CR","_salario_min":"R$ 23.09","_instituicao":"Prefeitura Municipal da Est\u00e2ncia Tur\u00edstica de Guaratinguet\u00e1","_edital":"https:\/\/www.agrobase.com.br\/concursos\/wp-content\/uploads\/sites\/4\/2026\/01\/edital-01-2025-prefeitura-de-guaratingueta-sp.pdf","_anexos_edital":"https:\/\/www.agrobase.com.br\/concursos\/wp-content\/uploads\/sites\/4\/2026\/01\/anexos-edital-01-2025-prefeitura-de-guaratingueta-sp.pdf","_fund_incompleto":"","_fund_completo":"","_medio":"","_superior":"<div>\r\n<table class=\"quadro\">\r\n<thead>\r\n<tr>\r\n<th class=\"hcargo\">Cargo<\/th>\r\n<th class=\"hvagas\">Vagas<\/th>\r\n<th class=\"hremuneracao\">Remunera\u00e7\u00e3o<\/th>\r\n<\/tr>\r\n<\/thead>\r\n    <tbody>\r\n      <tr>\r\n<td class=\"ccargos\">\r\n<span data-balloon-length=\"medium\" aria-label=\"Licenciatura plena em Pedagogia ou Licenciatura e P\u00f3s-Gradua\u00e7\u00e3o na \u00e1rea da Educa\u00e7\u00e3o com 3 anos de exerc\u00edcio da doc\u00eancia na Educa\u00e7\u00e3o B\u00e1sica.\" data-balloon-pos=\"up\">Coordenador Pedag\u00f3gico<\/span><\/td>\r\n<td class=\"cvagas\">01<\/td>\r\n<td class=\"cremuneracao\">R$ 4.873,54 \/40h<\/td>\r\n<\/tr><tr>\r\n<td class=\"ccargos\">\r\n<span data-balloon-length=\"medium\" aria-label=\"Licenciatura plena em Pedagogia ou Licenciatura e P\u00f3s-Gradua\u00e7\u00e3o na \u00e1rea da Educa\u00e7\u00e3o com 5 anos de exerc\u00edcio da doc\u00eancia na Educa\u00e7\u00e3o B\u00e1sica.\" data-balloon-pos=\"up\">Diretor De Escola<\/span><\/td>\r\n<td class=\"cvagas\">01<\/td>\r\n<td class=\"cremuneracao\">R$ 6.225,76 \/40h<\/td>\r\n<\/tr><tr>\r\n<td class=\"ccargos\">\r\n<span data-balloon-length=\"medium\" aria-label=\"Ensino Superior completo com habilita\u00e7\u00e3o Plena em Pedagogia ou Curso Normal Superior.\" data-balloon-pos=\"up\">Professor De Educa\u00e7\u00e3o B\u00e1sica I - Educa\u00e7\u00e3o Infantil<\/span><\/td>\r\n<td class=\"cvagas\">05<\/td>\r\n<td class=\"cremuneracao\">R$ 3.464,65 \/30h<\/td>\r\n<\/tr><tr>\r\n<td class=\"ccargos\">\r\n<span data-balloon-length=\"medium\" aria-label=\"Ensino Superior completo com habilita\u00e7\u00e3o Plena em Pedagogia ou Curso Normal Superior.\" data-balloon-pos=\"up\">Professor De Educa\u00e7\u00e3o B\u00e1sica I - Ensino Fundamental<\/span><\/td>\r\n<td class=\"cvagas\">05<\/td>\r\n<td class=\"cremuneracao\">R$ 3.984,22 \/34,5h<\/td>\r\n<\/tr><tr>\r\n<td class=\"ccargos\">\r\n<span data-balloon-length=\"medium\" aria-label=\"Ensino Superior completo com habilita\u00e7\u00e3o espec\u00edfica em Arte. Remunera\u00e7\u00e3o por hora\/aula.\" data-balloon-pos=\"up\">Professor De Educa\u00e7\u00e3o B\u00e1sica II - Arte<\/span><\/td>\r\n<td class=\"cvagas\">01<\/td>\r\n<td class=\"cremuneracao\">R$ 23,09 \/Vari\u00e1vel<\/td>\r\n<\/tr><tr>\r\n<td class=\"ccargos\">\r\n<span data-balloon-length=\"medium\" aria-label=\"Ensino Superior completo com habilita\u00e7\u00e3o espec\u00edfica em Ci\u00eancias F\u00edsicas e Biol\u00f3gicas. Remunera\u00e7\u00e3o por hora\/aula.\" data-balloon-pos=\"up\">Professor De Educa\u00e7\u00e3o B\u00e1sica II - Ci\u00eancias F\u00edsicas E Biol\u00f3gicas<\/span><\/td>\r\n<td class=\"cvagas\">01<\/td>\r\n<td class=\"cremuneracao\">R$ 23,09 \/Vari\u00e1vel<\/td>\r\n<\/tr><tr>\r\n<td class=\"ccargos\">\r\n<span data-balloon-length=\"medium\" aria-label=\"Licenciatura Plena em Dan\u00e7a ou Arte com habilita\u00e7\u00e3o espec\u00edfica em dan\u00e7a ou Educa\u00e7\u00e3o F\u00edsica (CREF). Remunera\u00e7\u00e3o por hora\/aula.\" data-balloon-pos=\"up\">Professor De Educa\u00e7\u00e3o B\u00e1sica II - Dan\u00e7a<\/span><\/td>\r\n<td class=\"cvagas\">01<\/td>\r\n<td class=\"cremuneracao\">R$ 23,09 \/Vari\u00e1vel<\/td>\r\n<\/tr><tr>\r\n<td class=\"ccargos\">\r\n<span data-balloon-length=\"medium\" aria-label=\"Ensino Superior completo com habilita\u00e7\u00e3o espec\u00edfica em Educa\u00e7\u00e3o F\u00edsica (CREF). Remunera\u00e7\u00e3o por hora\/aula.\" data-balloon-pos=\"up\">Professor De Educa\u00e7\u00e3o B\u00e1sica II - Educa\u00e7\u00e3o F\u00edsica<\/span><\/td>\r\n<td class=\"cvagas\">01<\/td>\r\n<td class=\"cremuneracao\">R$ 23,09 \/Vari\u00e1vel<\/td>\r\n<\/tr><tr>\r\n<td class=\"ccargos\">\r\n<span data-balloon-length=\"medium\" aria-label=\"Ensino Superior completo com habilita\u00e7\u00e3o espec\u00edfica em Geografia. Remunera\u00e7\u00e3o por hora\/aula.\" data-balloon-pos=\"up\">Professor De Educa\u00e7\u00e3o B\u00e1sica II - Geografia<\/span><\/td>\r\n<td class=\"cvagas\">01<\/td>\r\n<td class=\"cremuneracao\">R$ 23,09 \/Vari\u00e1vel<\/td>\r\n<\/tr><tr>\r\n<td class=\"ccargos\">\r\n<span data-balloon-length=\"medium\" aria-label=\"Ensino Superior completo em Educa\u00e7\u00e3o F\u00edsica com experi\u00eancia comprovada em Gin\u00e1stica R\u00edtmica (CREF). Remunera\u00e7\u00e3o por hora\/aula.\" data-balloon-pos=\"up\">Professor De Educa\u00e7\u00e3o B\u00e1sica II - Gin\u00e1stica R\u00edtmica<\/span><\/td>\r\n<td class=\"cvagas\">01<\/td>\r\n<td class=\"cremuneracao\">R$ 23,09 \/Vari\u00e1vel<\/td>\r\n<\/tr><tr>\r\n<td class=\"ccargos\">\r\n<span data-balloon-length=\"medium\" aria-label=\"Ensino Superior completo com habilita\u00e7\u00e3o espec\u00edfica em Hist\u00f3ria. Remunera\u00e7\u00e3o por hora\/aula.\" data-balloon-pos=\"up\">Professor De Educa\u00e7\u00e3o B\u00e1sica II - Hist\u00f3ria<\/span><\/td>\r\n<td class=\"cvagas\">01<\/td>\r\n<td class=\"cremuneracao\">R$ 23,09 \/Vari\u00e1vel<\/td>\r\n<\/tr><tr>\r\n<td class=\"ccargos\">\r\n<span data-balloon-length=\"medium\" aria-label=\"Ensino Superior completo com habilita\u00e7\u00e3o espec\u00edfica. Remunera\u00e7\u00e3o por hora\/aula.\" data-balloon-pos=\"up\">Professor De Educa\u00e7\u00e3o B\u00e1sica II - Inform\u00e1tica<\/span><\/td>\r\n<td class=\"cvagas\">01<\/td>\r\n<td class=\"cremuneracao\">R$ 23,09 \/Vari\u00e1vel<\/td>\r\n<\/tr><tr>\r\n<td class=\"ccargos\">\r\n<span data-balloon-length=\"medium\" aria-label=\"Ensino Superior completo com habilita\u00e7\u00e3o espec\u00edfica em Letras com habilita\u00e7\u00e3o em Ingl\u00eas. Remunera\u00e7\u00e3o por hora\/aula.\" data-balloon-pos=\"up\">Professor De Educa\u00e7\u00e3o B\u00e1sica II - Ingl\u00eas<\/span><\/td>\r\n<td class=\"cvagas\">01<\/td>\r\n<td class=\"cremuneracao\">R$ 23,09 \/Vari\u00e1vel<\/td>\r\n<\/tr><tr>\r\n<td class=\"ccargos\">\r\n<span data-balloon-length=\"medium\" aria-label=\"Ensino Superior completo com habilita\u00e7\u00e3o espec\u00edfica em Letras com habilita\u00e7\u00e3o em Espanhol. Remunera\u00e7\u00e3o por hora\/aula.\" data-balloon-pos=\"up\">Professor De Educa\u00e7\u00e3o B\u00e1sica II - L\u00edngua Estrangeira (Espanhol)<\/span><\/td>\r\n<td class=\"cvagas\">01<\/td>\r\n<td class=\"cremuneracao\">R$ 23,09 \/Vari\u00e1vel<\/td>\r\n<\/tr><tr>\r\n<td class=\"ccargos\">\r\n<span data-balloon-length=\"medium\" aria-label=\"Ensino Superior completo com habilita\u00e7\u00e3o espec\u00edfica em Matem\u00e1tica. Remunera\u00e7\u00e3o por hora\/aula.\" data-balloon-pos=\"up\">Professor De Educa\u00e7\u00e3o B\u00e1sica II - Matem\u00e1tica<\/span><\/td>\r\n<td class=\"cvagas\">01<\/td>\r\n<td class=\"cremuneracao\">R$ 23,09 \/Vari\u00e1vel<\/td>\r\n<\/tr><tr>\r\n<td class=\"ccargos\">\r\n<span data-balloon-length=\"medium\" aria-label=\"Ensino Superior completo com habilita\u00e7\u00e3o espec\u00edfica em M\u00fasica. Remunera\u00e7\u00e3o por hora\/aula.\" data-balloon-pos=\"up\">Professor De Educa\u00e7\u00e3o B\u00e1sica II - M\u00fasica<\/span><\/td>\r\n<td class=\"cvagas\">01<\/td>\r\n<td class=\"cremuneracao\">R$ 23,09 \/Vari\u00e1vel<\/td>\r\n<\/tr><tr>\r\n<td class=\"ccargos\">\r\n<span data-balloon-length=\"medium\" aria-label=\"Ensino Superior completo com habilita\u00e7\u00e3o espec\u00edfica em Letras. Remunera\u00e7\u00e3o por hora\/aula.\" data-balloon-pos=\"up\">Professor De Educa\u00e7\u00e3o B\u00e1sica II - Portugu\u00eas<\/span><\/td>\r\n<td class=\"cvagas\">01<\/td>\r\n<td class=\"cremuneracao\">R$ 23,09 \/Vari\u00e1vel<\/td>\r\n<\/tr><tr>\r\n<td class=\"ccargos\">\r\n<span data-balloon-length=\"medium\" aria-label=\"Ensino Superior completo em Ci\u00eancias F\u00edsicas e Biol\u00f3gicas ou Biologia. Remunera\u00e7\u00e3o por hora\/aula.\" data-balloon-pos=\"up\">Professor De Educa\u00e7\u00e3o B\u00e1sica II - Sa\u00fade E Qualidade De Vida<\/span><\/td>\r\n<td class=\"cvagas\">01<\/td>\r\n<td class=\"cremuneracao\">R$ 23,09 \/Vari\u00e1vel<\/td>\r\n<\/tr><tr>\r\n<td class=\"ccargos\">\r\n<span data-balloon-length=\"medium\" aria-label=\"Ensino Superior completo em Arte com habilita\u00e7\u00e3o espec\u00edfica e experi\u00eancia comprovada em Teatro. Remunera\u00e7\u00e3o por hora\/aula.\" data-balloon-pos=\"up\">Professor De Educa\u00e7\u00e3o B\u00e1sica II - Teatro<\/span><\/td>\r\n<td class=\"cvagas\">01<\/td>\r\n<td class=\"cremuneracao\">R$ 23,09 \/Vari\u00e1vel<\/td>\r\n<\/tr><tr>\r\n<td class=\"ccargos\">\r\n<span data-balloon-length=\"medium\" aria-label=\"Ensino Superior completo em Pedagogia-Especializa\u00e7\u00e3o em deficientes visuais, mentais e auditivos (m\u00ednimo de 360 horas). Remunera\u00e7\u00e3o por hora\/aula.\" data-balloon-pos=\"up\">Professor De Educa\u00e7\u00e3o Especial - Peb II - Recursos Multifuncionais<\/span><\/td>\r\n<td class=\"cvagas\">01<\/td>\r\n<td class=\"cremuneracao\">R$ 23,09 \/Vari\u00e1vel<\/td>\r\n<\/tr><tr>\r\n<td class=\"ccargos\">\r\n<span data-balloon-length=\"medium\" aria-label=\"Licenciatura plena em Pedagogia ou Licenciatura e P\u00f3s-Gradua\u00e7\u00e3o na \u00e1rea da Educa\u00e7\u00e3o com 4 anos de exerc\u00edcio da doc\u00eancia na Educa\u00e7\u00e3o B\u00e1sica.\" data-balloon-pos=\"up\">Vice-Diretor De Escola<\/span><\/td>\r\n<td class=\"cvagas\">CR<\/td>\r\n<td class=\"cremuneracao\">R$ 5.242,74 \/40h<\/td>\r\n<\/tr>\r\n    <\/tbody>\r\n  <\/table>\r\n<\/div>"},"_links":{"self":[{"href":"https:\/\/www.agrobase.com.br\/concursos\/wp-json\/wp\/v2\/posts\/276754","targetHints":{"allow":["GET"]}}],"collection":[{"href":"https:\/\/www.agrobase.com.br\/concursos\/wp-json\/wp\/v2\/posts"}],"about":[{"href":"https:\/\/www.agrobase.com.br\/concursos\/wp-json\/wp\/v2\/types\/post"}],"author":[{"embeddable":true,"href":"https:\/\/www.agrobase.com.br\/concursos\/wp-json\/wp\/v2\/users\/7"}],"replies":[{"embeddable":true,"href":"https:\/\/www.agrobase.com.br\/concursos\/wp-json\/wp\/v2\/comments?post=276754"}],"version-history":[{"count":3,"href":"https:\/\/www.agrobase.com.br\/concursos\/wp-json\/wp\/v2\/posts\/276754\/revisions"}],"predecessor-version":[{"id":276760,"href":"https:\/\/www.agrobase.com.br\/concursos\/wp-json\/wp\/v2\/posts\/276754\/revisions\/276760"}],"wp:featuredmedia":[{"embeddable":true,"href":"https:\/\/www.agrobase.com.br\/concursos\/wp-json\/wp\/v2\/media\/276753"}],"wp:attachment":[{"href":"https:\/\/www.agrobase.com.br\/concursos\/wp-json\/wp\/v2\/media?parent=276754"}],"wp:term":[{"taxonomy":"category","embeddable":true,"href":"https:\/\/www.agrobase.com.br\/concursos\/wp-json\/wp\/v2\/categories?post=276754"},{"taxonomy":"post_tag","embeddable":true,"href":"https:\/\/www.agrobase.com.br\/concursos\/wp-json\/wp\/v2\/tags?post=276754"},{"taxonomy":"_amplo","embeddable":true,"href":"https:\/\/www.agrobase.com.br\/concursos\/wp-json\/wp\/v2\/_amplo?post=276754"},{"taxonomy":"destaque","embeddable":true,"href":"https:\/\/www.agrobase.com.br\/concursos\/wp-json\/wp\/v2\/destaque?post=276754"},{"taxonomy":"instituicoes","embeddable":true,"href":"https:\/\/www.agrobase.com.br\/concursos\/wp-json\/wp\/v2\/instituicoes?post=276754"}],"curies":[{"name":"wp","href":"https:\/\/api.w.org\/{rel}","templated":true}]}}