{"id":276732,"date":"2026-01-13T08:30:26","date_gmt":"2026-01-13T11:30:26","guid":{"rendered":"https:\/\/www.agrobase.com.br\/concursos\/?p=276732"},"modified":"2026-01-12T15:37:39","modified_gmt":"2026-01-12T18:37:39","slug":"prefeitura-campo-novo-do-parecis-mt-selecao-simplificada-01-2026","status":"publish","type":"post","link":"https:\/\/www.agrobase.com.br\/concursos\/2026\/prefeitura-campo-novo-do-parecis-mt-selecao-simplificada-01-2026\/","title":{"rendered":"Prefeitura Campo Novo do Parecis (MT) &#8211; Sele\u00e7\u00e3o Simplificada 01\/2026"},"content":{"rendered":"<h2>Informa\u00e7\u00f5es Gerais<\/h2>\n<p>A <strong>Prefeitura Municipal de Campo Novo do Parecis<\/strong>, no estado de Mato Grosso, publicou edital de <strong>Processo Seletivo Simplificado<\/strong> destinado \u00e0 contrata\u00e7\u00e3o tempor\u00e1ria e forma\u00e7\u00e3o de cadastro de reserva de profissionais para atuar na <strong>Secretaria Municipal de Educa\u00e7\u00e3o<\/strong>.<\/p>\n<p>O certame oferece vagas para <strong>cadastro de reserva (CR)<\/strong> em 13 cargos, distribu\u00eddos entre os n\u00edveis <strong>M\u00e9dio<\/strong> e <strong>Superior<\/strong>. As remunera\u00e7\u00f5es variam de <strong>R$ 4.331,90<\/strong> a <strong>R$ 6.268,16<\/strong>, com carga hor\u00e1ria de 30 a 40 horas semanais, conforme o cargo.<\/p>\n<p>Para profissionais de <strong>n\u00edvel superior<\/strong>, h\u00e1 oportunidades nas \u00e1reas de Pedagogia, Arte, Educa\u00e7\u00e3o F\u00edsica, Letras\/Ingl\u00eas, Matem\u00e1tica, Geografia, Hist\u00f3ria, Assist\u00eancia Social e Psicologia. Destaque para as vagas de <strong>Professor de Ci\u00eancias Biol\u00f3gicas<\/strong> e <strong>Nutricionista<\/strong>, \u00e1reas de grande interesse para profissionais das ci\u00eancias agr\u00e1rias e biol\u00f3gicas.<\/p>\n<p>J\u00e1 para <strong>n\u00edvel m\u00e9dio<\/strong>, as vagas contemplam os cargos de Agente Educacional Infantil e T\u00e9cnico de Apoio Educacional.<\/p>\n<p>A organiza\u00e7\u00e3o e execu\u00e7\u00e3o do processo seletivo ficam a cargo da <strong>Aigle Solu\u00e7\u00f5es Integradas<\/strong>. Continue a leitura para conhecer todos os detalhes sobre inscri\u00e7\u00f5es, etapas de sele\u00e7\u00e3o e como acompanhar os resultados.<\/p>\n<h2>Inscri\u00e7\u00f5es<\/h2>\n<p>As inscri\u00e7\u00f5es para o Processo Seletivo Simplificado da Prefeitura de Campo Novo do Parecis\/MT estar\u00e3o <strong>abertas das 08h do dia 26 de janeiro de 2026 at\u00e9 as 23h59 do dia 05 de fevereiro de 2026<\/strong>, observando o hor\u00e1rio oficial de Cuiab\u00e1\/MT.<\/p>\n<p>As inscri\u00e7\u00f5es ser\u00e3o realizadas <strong>exclusivamente pela internet<\/strong>, atrav\u00e9s do site da banca organizadora: <strong>www.aiglesolucoes.com.br<\/strong>.<\/p>\n<p><strong>Valores das taxas de inscri\u00e7\u00e3o:<\/strong><\/p>\n<ul>\n<li>N\u00edvel M\u00e9dio\/T\u00e9cnico: consultar edital<\/li>\n<li>N\u00edvel Superior: consultar edital<\/li>\n<\/ul>\n<p>O pagamento dever\u00e1 ser efetuado por meio de <strong>boleto banc\u00e1rio<\/strong>, com vencimento at\u00e9 o dia <strong>06 de fevereiro de 2026<\/strong>. A inscri\u00e7\u00e3o s\u00f3 ser\u00e1 efetivada ap\u00f3s a confirma\u00e7\u00e3o do pagamento.<\/p>\n<p><strong>Procedimentos para inscri\u00e7\u00e3o:<\/strong><\/p>\n<ul>\n<li>Acessar o site www.aiglesolucoes.com.br<\/li>\n<li>Ler atentamente o edital e todas as informa\u00e7\u00f5es dispon\u00edveis<\/li>\n<li>Preencher o requerimento de inscri\u00e7\u00e3o com todos os campos obrigat\u00f3rios<\/li>\n<li>Gerar e pagar o boleto banc\u00e1rio at\u00e9 a data de vencimento<\/li>\n<\/ul>\n<p><strong>Isen\u00e7\u00e3o da taxa de inscri\u00e7\u00e3o:<\/strong> Os candidatos que desejarem solicitar isen\u00e7\u00e3o dever\u00e3o acessar o site da banca no per\u00edodo de <strong>08h do dia 26 de janeiro de 2026 at\u00e9 as 23h59 do dia 27 de janeiro de 2026<\/strong>, preencher o requerimento espec\u00edfico e anexar os documentos comprobat\u00f3rios em arquivo \u00fanico no formato PDF.<\/p>\n<p>\u00c9 vedada a inscri\u00e7\u00e3o condicional ou extempor\u00e2nea. O candidato ser\u00e1 identificado pelo n\u00famero de CPF. Recomenda-se a leitura integral do edital antes de efetuar a inscri\u00e7\u00e3o.<\/p>\n<h2>Etapas e Provas<\/h2>\n<p>O Processo Seletivo Simplificado da Prefeitura de Campo Novo do Parecis\/MT ser\u00e1 composto por etapas distintas conforme o n\u00edvel de escolaridade do cargo:<\/p>\n<p><strong>Para cargos de N\u00edvel M\u00e9dio:<\/strong><\/p>\n<ul>\n<li><strong>Etapa \u00danica &#8211; Prova Objetiva:<\/strong> de car\u00e1ter <strong>classificat\u00f3rio<\/strong>, composta por 25 quest\u00f5es de m\u00faltipla escolha (alternativas A, B, C e D), abrangendo conhecimentos b\u00e1sicos e espec\u00edficos. Cada quest\u00e3o vale 4 pontos, totalizando <strong>100 pontos<\/strong>.<\/li>\n<\/ul>\n<p><strong>Para cargos de N\u00edvel Superior:<\/strong><\/p>\n<ul>\n<li><strong>Prova Objetiva:<\/strong> de car\u00e1ter <strong>classificat\u00f3rio<\/strong>, composta por 25 quest\u00f5es de m\u00faltipla escolha (alternativas A, B, C e D), abrangendo conhecimentos b\u00e1sicos e espec\u00edficos. Cada quest\u00e3o vale 4 pontos, totalizando <strong>100 pontos<\/strong>.<\/li>\n<li><strong>Prova de T\u00edtulos:<\/strong> etapa de car\u00e1ter classificat\u00f3rio, destinada \u00e0 an\u00e1lise de titula\u00e7\u00e3o acad\u00eamica. A entrega de t\u00edtulos <strong>n\u00e3o \u00e9 obrigat\u00f3ria<\/strong> e o candidato que n\u00e3o apresentar documenta\u00e7\u00e3o n\u00e3o ser\u00e1 eliminado do certame.<\/li>\n<\/ul>\n<p><strong>Aplica\u00e7\u00e3o da Prova Objetiva:<\/strong><\/p>\n<ul>\n<li><strong>Data:<\/strong> conforme cronograma do edital (Anexo II)<\/li>\n<li><strong>Hor\u00e1rio:<\/strong> in\u00edcio \u00e0s 08h e t\u00e9rmino \u00e0s 11h<\/li>\n<li><strong>Dura\u00e7\u00e3o:<\/strong> 3 (tr\u00eas) horas<\/li>\n<\/ul>\n<p>O resultado final ser\u00e1 calculado pela soma dos pontos obtidos na Prova Objetiva e, para n\u00edvel superior, acrescidos da pontua\u00e7\u00e3o da Prova de T\u00edtulos.<\/p>\n<p>Para informa\u00e7\u00f5es detalhadas sobre conte\u00fado program\u00e1tico, crit\u00e9rios de avalia\u00e7\u00e3o da prova de t\u00edtulos e cronograma completo, consulte o edital na \u00edntegra.<\/p>\n<h2>Resultados e Gabarito<\/h2>\n<p>Os resultados do Processo Seletivo Simplificado da Prefeitura de Campo Novo do Parecis\/MT ser\u00e3o divulgados nos seguintes canais oficiais:<\/p>\n<ul>\n<li>Site da Prefeitura: <strong>https:\/\/www.camponovodoparecis.mt.gov.br\/<\/strong><\/li>\n<li>Di\u00e1rio Oficial da Associa\u00e7\u00e3o dos Munic\u00edpios de Mato Grosso: <strong>https:\/\/www.amm.org.br<\/strong><\/li>\n<li>Site da banca organizadora: <strong>www.aiglesolucoes.com.br<\/strong><\/li>\n<\/ul>\n<p><strong>Cronograma de divulga\u00e7\u00e3o:<\/strong><\/p>\n<ul>\n<li><strong>Gabarito Oficial Preliminar:<\/strong> primeiro dia \u00fatil ap\u00f3s a realiza\u00e7\u00e3o da prova<\/li>\n<li><strong>Gabarito Definitivo:<\/strong> ap\u00f3s an\u00e1lise dos recursos, com divulga\u00e7\u00e3o das justificativas de eventuais altera\u00e7\u00f5es<\/li>\n<li><strong>Resultado Final Definitivo:<\/strong> previsto para <strong>20 de fevereiro de 2026<\/strong><\/li>\n<\/ul>\n<p><strong>Crit\u00e9rios de desempate:<\/strong> Em caso de empate na pontua\u00e7\u00e3o final, ser\u00e3o aplicados crit\u00e9rios de desempate conforme estabelecido no edital, na ordem de prioridade ali definida.<\/p>\n<p><strong>Homologa\u00e7\u00e3o:<\/strong> Ap\u00f3s a conclus\u00e3o de todas as etapas e an\u00e1lise de recursos, a Prefeitura Municipal publicar\u00e1 o ato de homologa\u00e7\u00e3o do resultado final, oficializando a classifica\u00e7\u00e3o dos candidatos aprovados.<\/p>\n<p>\u00c9 <strong>responsabilidade exclusiva do candidato<\/strong> acompanhar todas as publica\u00e7\u00f5es oficiais referentes ao certame. Informa\u00e7\u00f5es sobre datas, locais e hor\u00e1rios <strong>n\u00e3o ser\u00e3o fornecidas por telefone ou e-mail<\/strong>. Mantenha seus dados cadastrais atualizados e consulte regularmente os canais oficiais de divulga\u00e7\u00e3o.<\/p>\n","protected":false},"excerpt":{"rendered":"<p>Sel. Simplificada Pref. Campo Novo do Parecis (MT) com edital publicado! Vagas p\/ Professor e Psic\u00f3logo (M\u00e9dio\/Sup.). Inscri\u00e7\u00f5es a partir de 26\/01. Confira!<\/p>\n","protected":false},"author":7,"featured_media":276731,"comment_status":"open","ping_status":"open","sticky":false,"template":"","format":"standard","meta":{"_acf_changed":false,"_breakdance_hide_in_design_set":false,"_breakdance_tags":"","footnotes":""},"categories":[6433,141,6434,111,100,6871,116,23,25,26,101],"tags":[47],"_amplo":[],"destaque":[],"instituicoes":[],"class_list":["post-276732","post","type-post","status-publish","format-standard","has-post-thumbnail","hentry","category-biologia-licenciatura","category-educacao-artistica","category-educacao-fisica-licenciatura","category-geografia","category-historia","category-letras-ingles","category-matematica","category-nutricao","category-pedagogia","category-psicologia","category-servico-social","tag-mato-grosso"],"acf":{"_tipo_vagas":"vagas","_numero_vagas":"","_quadro_vagas":"","_cargos":"diversos","_cargos_especificos":"","_salario_max":"R$ 6268.16","_abertura":"20260126","_encerramento":"20260205","_inscricoes":"https:\/\/www.aiglesolucoes.com.br","_executora_concurso":"","_instituicao_concurso":[],"_link_adicional":null,"_anexos":null,"_produtos":null,"_vagas":"CR","_salario_min":"R$ 4331.9","_instituicao":"Prefeitura de Campo Novo do Parecis","_edital":"https:\/\/www.agrobase.com.br\/concursos\/wp-content\/uploads\/sites\/4\/2026\/01\/edital-01-2026-prefeitura-de-campo-novo-do-parecis-mt.pdf","_anexos_edital":"","_fund_incompleto":"","_fund_completo":"","_medio":"<div>\r\n<table class=\"quadro\">\r\n<thead>\r\n<tr>\r\n<th class=\"hcargo\">Cargo<\/th>\r\n<th class=\"hvagas\">Vagas<\/th>\r\n<th class=\"hremuneracao\">Remunera\u00e7\u00e3o<\/th>\r\n<\/tr>\r\n<\/thead>\r\n    <tbody>\r\n      <td class=\"ccargos\">\r\n<span data-balloon-length=\"medium\" aria-label=\"Certificado devidamente registrado, acompanhado de hist\u00f3rico escolar, de conclus\u00e3o de Ensino M\u00e9dio, reconhecido por \u00f3rg\u00e3o p\u00fablico competente\" data-balloon-pos=\"up\">Agente Educacional Infantil<\/span><\/td>\r\n<td class=\"cvagas\">CR + CR<\/td>\r\n<td class=\"cremuneracao\">R$ 4.331,90 \/40h<\/td>\r\n<\/tr><td class=\"ccargos\">\r\n<span data-balloon-length=\"medium\" aria-label=\"Certificado devidamente registrado, acompanhado de hist\u00f3rico escolar, de conclus\u00e3o de Ensino M\u00e9dio, reconhecido por \u00f3rg\u00e3o p\u00fablico competente\" data-balloon-pos=\"up\">T\u00e9cnico de Apoio Educacional<\/span><\/td>\r\n<td class=\"cvagas\">CR + CR<\/td>\r\n<td class=\"cremuneracao\">R$ 4.331,90 \/40h<\/td>\r\n<\/tr>\r\n    <\/tbody>\r\n  <\/table>\r\n<\/div>","_superior":"<div>\r\n<table class=\"quadro\">\r\n<thead>\r\n<tr>\r\n<th class=\"hcargo\">Cargo<\/th>\r\n<th class=\"hvagas\">Vagas<\/th>\r\n<th class=\"hremuneracao\">Remunera\u00e7\u00e3o<\/th>\r\n<\/tr>\r\n<\/thead>\r\n    <tbody>\r\n      <tr>\r\n<td class=\"ccargos\">\r\n<span data-balloon-length=\"medium\" aria-label=\"Diploma registrado ou certificado acompanhado de hist\u00f3rico escolar de conclus\u00e3o de curso de n\u00edvel superior de Licenciatura Plena em Pedagogia, fornecido por institui\u00e7\u00e3o de ensino superior reconhecida pelo Minist\u00e9rio da Educa\u00e7\u00e3o (MEC).\" data-balloon-pos=\"up\">Professor - Pedagogia<\/span><\/td>\r\n<td class=\"cvagas\">CR + CR<\/td>\r\n<td class=\"cremuneracao\">R$ 6.243,87 \/30h<\/td>\r\n<\/tr><tr>\r\n<td class=\"ccargos\">\r\n<span data-balloon-length=\"medium\" aria-label=\"Diploma registrado ou certificado acompanhado de hist\u00f3rico escolar de conclus\u00e3o de curso de n\u00edvel superior de Licenciatura Plena em Arte fornecido por institui\u00e7\u00e3o de ensino superior reconhecida pelo Minist\u00e9rio da Educa\u00e7\u00e3o (MEC).\" data-balloon-pos=\"up\">Professor - Arte<\/span><\/td>\r\n<td class=\"cvagas\">CR + CR<\/td>\r\n<td class=\"cremuneracao\">R$ 6.243,87 \/30h<\/td>\r\n<\/tr><tr>\r\n<td class=\"ccargos\">\r\n<span data-balloon-length=\"medium\" aria-label=\"Diploma registrado ou certificado acompanhado de hist\u00f3rico escolar de conclus\u00e3o de curso de n\u00edvel superior de Licenciatura Plena em Educa\u00e7\u00e3o F\u00edsica fornecido por institui\u00e7\u00e3o de ensino superior reconhecida pelo Minist\u00e9rio da Educa\u00e7\u00e3o (MEC) + Registro no Conselho Regional de Educa\u00e7\u00e3o F\u00edsica - CREF17\/MT\" data-balloon-pos=\"up\">Professor - Educa\u00e7\u00e3o F\u00edsica<\/span><\/td>\r\n<td class=\"cvagas\">CR + CR<\/td>\r\n<td class=\"cremuneracao\">R$ 6.243,87 \/30h<\/td>\r\n<\/tr><tr>\r\n<td class=\"ccargos\">\r\n<span data-balloon-length=\"medium\" aria-label=\"Diploma registrado ou certificado acompanhado de hist\u00f3rico escolar de conclus\u00e3o de curso de n\u00edvel superior de Licenciatura Plena em Letras\/Portugu\u00eas\/Ingl\u00eas, fornecido por institui\u00e7\u00e3o de ensino superior reconhecida pelo Minist\u00e9rio da Educa\u00e7\u00e3o (MEC).\" data-balloon-pos=\"up\">Professor - Letras\/Ingl\u00eas<\/span><\/td>\r\n<td class=\"cvagas\">CR + CR<\/td>\r\n<td class=\"cremuneracao\">R$ 6.243,87 \/30h<\/td>\r\n<\/tr><tr>\r\n<td class=\"ccargos\">\r\n<span data-balloon-length=\"medium\" aria-label=\"Diploma registrado ou certificado acompanhado de hist\u00f3rico escolar de conclus\u00e3o de curso de n\u00edvel superior de Licenciatura Plena em Matem\u00e1tica, fornecido por institui\u00e7\u00e3o de ensino superior reconhecida pelo Minist\u00e9rio da Educa\u00e7\u00e3o (MEC).\" data-balloon-pos=\"up\">Professor - Matem\u00e1tica<\/span><\/td>\r\n<td class=\"cvagas\">CR + CR<\/td>\r\n<td class=\"cremuneracao\">R$ 6.243,87 \/30h<\/td>\r\n<\/tr><tr>\r\n<td class=\"ccargos\">\r\n<span data-balloon-length=\"medium\" aria-label=\"Diploma registrado ou certificado acompanhado de hist\u00f3rico escolar de conclus\u00e3o de curso de n\u00edvel superior de Licenciatura Plena em Geografia, fornecido por institui\u00e7\u00e3o de ensino superior reconhecida pelo Minist\u00e9rio da Educa\u00e7\u00e3o (MEC).\" data-balloon-pos=\"up\">Professor - Geografia<\/span><\/td>\r\n<td class=\"cvagas\">CR + CR<\/td>\r\n<td class=\"cremuneracao\">R$ 6.243,87 \/30h<\/td>\r\n<\/tr><tr>\r\n<td class=\"ccargos\">\r\n<span data-balloon-length=\"medium\" aria-label=\"Diploma registrado ou certificado acompanhado de hist\u00f3rico escolar de conclus\u00e3o de curso de n\u00edvel superior de Licenciatura Plena em Hist\u00f3ria, fornecido por institui\u00e7\u00e3o de ensino superior reconhecida pelo Minist\u00e9rio da Educa\u00e7\u00e3o (MEC).\" data-balloon-pos=\"up\">Professor - Hist\u00f3ria<\/span><\/td>\r\n<td class=\"cvagas\">CR + CR<\/td>\r\n<td class=\"cremuneracao\">R$ 6.243,87 \/30h<\/td>\r\n<\/tr><tr>\r\n<td class=\"ccargos\">\r\n<span data-balloon-length=\"medium\" aria-label=\"Diploma registrado ou certificado acompanhado de hist\u00f3rico escolar de conclus\u00e3o de curso de n\u00edvel superior de Licenciatura Plena em Ci\u00eancias Biol\u00f3gicas fornecido por institui\u00e7\u00e3o de ensino superior reconhecida pelo Minist\u00e9rio da Educa\u00e7\u00e3o (MEC).\" data-balloon-pos=\"up\">Professor - Ci\u00eancias Biol\u00f3gicas<\/span><\/td>\r\n<td class=\"cvagas\">CR + CR<\/td>\r\n<td class=\"cremuneracao\">R$ 6.243,87 \/30h<\/td>\r\n<\/tr><tr>\r\n<td class=\"ccargos\">\r\n<span data-balloon-length=\"medium\" aria-label=\"Diploma de curso superior em Servi\u00e7o Social emitido por institui\u00e7\u00e3o de ensino reconhecida pelo Minist\u00e9rio da Educa\u00e7\u00e3o - MEC, com registro no respectivo Conselho de Fiscaliza\u00e7\u00e3o do Exerc\u00edcio Profissional.\" data-balloon-pos=\"up\">Assistente Social<\/span><\/td>\r\n<td class=\"cvagas\">CR + CR<\/td>\r\n<td class=\"cremuneracao\">R$ 6.268,16 \/30h<\/td>\r\n<\/tr><tr>\r\n<td class=\"ccargos\">\r\n<span data-balloon-length=\"medium\" aria-label=\"Diploma de curso superior em Psicologia emitido por institui\u00e7\u00e3o de ensino reconhecida pelo Minist\u00e9rio da Educa\u00e7\u00e3o MEC, com registro no respectivo Conselho de Fiscaliza\u00e7\u00e3o do Exerc\u00edcio Profissional.\" data-balloon-pos=\"up\">Psic\u00f3logo<\/span><\/td>\r\n<td class=\"cvagas\">CR + CR<\/td>\r\n<td class=\"cremuneracao\">R$ 6.268,16 \/40h<\/td>\r\n<\/tr><tr>\r\n<td class=\"ccargos\">\r\n<span data-balloon-length=\"medium\" aria-label=\"Diploma de curso superior em Nutri\u00e7\u00e3o emitido por institui\u00e7\u00e3o de ensino reconhecida pelo Minist\u00e9rio da Educa\u00e7\u00e3o - MEC, com registro no respectivo Conselho de Fiscaliza\u00e7\u00e3o do Exerc\u00edcio Profissional.\" data-balloon-pos=\"up\">Nutricionista<\/span><\/td>\r\n<td class=\"cvagas\">CR + CR<\/td>\r\n<td class=\"cremuneracao\">R$ 6.268,16 \/40h<\/td>\r\n<\/tr>\r\n    <\/tbody>\r\n  <\/table>\r\n<\/div>"},"_links":{"self":[{"href":"https:\/\/www.agrobase.com.br\/concursos\/wp-json\/wp\/v2\/posts\/276732","targetHints":{"allow":["GET"]}}],"collection":[{"href":"https:\/\/www.agrobase.com.br\/concursos\/wp-json\/wp\/v2\/posts"}],"about":[{"href":"https:\/\/www.agrobase.com.br\/concursos\/wp-json\/wp\/v2\/types\/post"}],"author":[{"embeddable":true,"href":"https:\/\/www.agrobase.com.br\/concursos\/wp-json\/wp\/v2\/users\/7"}],"replies":[{"embeddable":true,"href":"https:\/\/www.agrobase.com.br\/concursos\/wp-json\/wp\/v2\/comments?post=276732"}],"version-history":[{"count":1,"href":"https:\/\/www.agrobase.com.br\/concursos\/wp-json\/wp\/v2\/posts\/276732\/revisions"}],"predecessor-version":[{"id":276734,"href":"https:\/\/www.agrobase.com.br\/concursos\/wp-json\/wp\/v2\/posts\/276732\/revisions\/276734"}],"wp:featuredmedia":[{"embeddable":true,"href":"https:\/\/www.agrobase.com.br\/concursos\/wp-json\/wp\/v2\/media\/276731"}],"wp:attachment":[{"href":"https:\/\/www.agrobase.com.br\/concursos\/wp-json\/wp\/v2\/media?parent=276732"}],"wp:term":[{"taxonomy":"category","embeddable":true,"href":"https:\/\/www.agrobase.com.br\/concursos\/wp-json\/wp\/v2\/categories?post=276732"},{"taxonomy":"post_tag","embeddable":true,"href":"https:\/\/www.agrobase.com.br\/concursos\/wp-json\/wp\/v2\/tags?post=276732"},{"taxonomy":"_amplo","embeddable":true,"href":"https:\/\/www.agrobase.com.br\/concursos\/wp-json\/wp\/v2\/_amplo?post=276732"},{"taxonomy":"destaque","embeddable":true,"href":"https:\/\/www.agrobase.com.br\/concursos\/wp-json\/wp\/v2\/destaque?post=276732"},{"taxonomy":"instituicoes","embeddable":true,"href":"https:\/\/www.agrobase.com.br\/concursos\/wp-json\/wp\/v2\/instituicoes?post=276732"}],"curies":[{"name":"wp","href":"https:\/\/api.w.org\/{rel}","templated":true}]}}