{"id":276709,"date":"2026-01-13T07:40:02","date_gmt":"2026-01-13T10:40:02","guid":{"rendered":"https:\/\/www.agrobase.com.br\/concursos\/?p=276709"},"modified":"2026-01-12T13:29:34","modified_gmt":"2026-01-12T16:29:34","slug":"ses-sc-selecao-simplificada-01-2026","status":"publish","type":"post","link":"https:\/\/www.agrobase.com.br\/concursos\/2026\/ses-sc-selecao-simplificada-01-2026\/","title":{"rendered":"SES (SC) &#8211; Sele\u00e7\u00e3o Simplificada 01\/2026"},"content":{"rendered":"<h2>Informa\u00e7\u00f5es Gerais<\/h2>\n<p>A <strong>Secretaria de Estado da Sa\u00fade de Santa Catarina (SES\/SC)<\/strong> publicou o <strong>Processo Seletivo Simplificado 001\/2026\/SES<\/strong>, com inscri\u00e7\u00f5es abertas para contrata\u00e7\u00e3o de profissionais por prazo determinado. O certame oferece <strong>20 vagas imediatas + cadastro reserva<\/strong> para atua\u00e7\u00e3o nas unidades de sa\u00fade da regi\u00e3o da <strong>Grande Florian\u00f3polis<\/strong>.<\/p>\n<p>As oportunidades contemplam os n\u00edveis <strong>M\u00e9dio\/T\u00e9cnico e Superior<\/strong>, com remunera\u00e7\u00f5es que variam de <strong>R$ 4.448,15 a R$ 5.670,38<\/strong>, para jornada de trabalho de 30 horas semanais. O regime de contrata\u00e7\u00e3o \u00e9 tempor\u00e1rio, conforme Lei Complementar n\u00ba 260\/2004.<\/p>\n<p>Entre os cargos dispon\u00edveis, destacam-se vagas para <strong>Bi\u00f3logo<\/strong> na \u00e1rea de Biologia Molecular, al\u00e9m de oportunidades para Farmac\u00eautico (incluindo especialidade em <strong>Tecnologia de Alimentos<\/strong>), Assistente Social, Fisioterapeuta, Fonoaudi\u00f3logo, Psic\u00f3logo, Terapeuta Ocupacional, Pedagogo, Bibliotec\u00e1rio e Engenheiro Mec\u00e2nico no n\u00edvel superior. Para n\u00edvel m\u00e9dio\/t\u00e9cnico, h\u00e1 vagas para Eletricista, Motorista e T\u00e9cnico de Farm\u00e1cia.<\/p>\n<p>As inscri\u00e7\u00f5es s\u00e3o gratuitas e realizadas exclusivamente pela internet. Continue a leitura para conhecer todos os detalhes sobre como participar deste processo seletivo.<\/p>\n<h2>Inscri\u00e7\u00f5es<\/h2>\n<p>As inscri\u00e7\u00f5es para o Processo Seletivo Simplificado 001\/2026\/SES est\u00e3o <strong>abertas<\/strong> e devem ser realizadas <strong>exclusivamente on-line<\/strong>, no per\u00edodo de <strong>07 a 20 de janeiro de 2026<\/strong>.<\/p>\n<p>Para se inscrever, o candidato deve acessar o portal oficial da Secretaria de Estado da Administra\u00e7\u00e3o de Santa Catarina, no endere\u00e7o: <strong>https:\/\/sigrhportal.sea.sc.gov.br\/SIGRHPPS\/<\/strong><\/p>\n<p>Uma excelente not\u00edcia para os candidatos: <strong>n\u00e3o ser\u00e1 cobrada taxa de inscri\u00e7\u00e3o<\/strong> para participar deste processo seletivo.<\/p>\n<p><strong>Procedimentos para inscri\u00e7\u00e3o:<\/strong><\/p>\n<ul>\n<li>Acessar o site oficial no per\u00edodo determinado;<\/li>\n<li>Preencher o formul\u00e1rio de inscri\u00e7\u00e3o com dados pessoais e profissionais;<\/li>\n<li>Anexar a documenta\u00e7\u00e3o comprobat\u00f3ria de t\u00edtulos e experi\u00eancia profissional;<\/li>\n<li>Conferir todas as informa\u00e7\u00f5es antes de finalizar;<\/li>\n<li>Guardar o comprovante de inscri\u00e7\u00e3o.<\/li>\n<\/ul>\n<p>\u00c9 fundamental que o candidato verifique atentamente os requisitos espec\u00edficos do cargo pretendido, especialmente quanto \u00e0 forma\u00e7\u00e3o acad\u00eamica, especializa\u00e7\u00f5es e tempo de experi\u00eancia exigidos. Recomendamos a leitura integral do edital antes de efetuar a inscri\u00e7\u00e3o.<\/p>\n<h2>Etapas e Provas<\/h2>\n<p>O Processo Seletivo Simplificado 001\/2026\/SES ser\u00e1 realizado em <strong>etapa \u00fanica<\/strong>, de car\u00e1ter <strong>classificat\u00f3rio<\/strong>, baseada na an\u00e1lise de t\u00edtulos e experi\u00eancia profissional comprovada.<\/p>\n<p><strong>Prova de T\u00edtulos e Experi\u00eancia Profissional:<\/strong><\/p>\n<ul>\n<li><strong>Formato:<\/strong> An\u00e1lise documental;<\/li>\n<li><strong>Car\u00e1ter:<\/strong> Classificat\u00f3rio;<\/li>\n<li><strong>Aplica\u00e7\u00e3o:<\/strong> Todos os cargos;<\/li>\n<li><strong>Crit\u00e9rio de pontua\u00e7\u00e3o:<\/strong> Somat\u00f3rio de pontos obtidos com t\u00edtulos acad\u00eamicos e experi\u00eancia profissional comprovada.<\/li>\n<\/ul>\n<p>A pontua\u00e7\u00e3o ser\u00e1 calculada conforme as Tabelas 1 e 2 do edital, que estabelecem os crit\u00e9rios de valora\u00e7\u00e3o para:<\/p>\n<ul>\n<li>T\u00edtulos acad\u00eamicos (p\u00f3s-gradua\u00e7\u00e3o, mestrado, doutorado, cursos de especializa\u00e7\u00e3o);<\/li>\n<li>Experi\u00eancia profissional comprovada na \u00e1rea de atua\u00e7\u00e3o do cargo.<\/li>\n<\/ul>\n<p>Os candidatos devem anexar toda a documenta\u00e7\u00e3o comprobat\u00f3ria no momento da inscri\u00e7\u00e3o, pois a avalia\u00e7\u00e3o ser\u00e1 realizada com base nos documentos apresentados. Certifique-se de que os comprovantes de experi\u00eancia contenham informa\u00e7\u00f5es claras sobre o per\u00edodo trabalhado e as atividades desenvolvidas.<\/p>\n<p>Consulte o edital completo para conhecer os crit\u00e9rios detalhados de pontua\u00e7\u00e3o e a documenta\u00e7\u00e3o aceita para comprova\u00e7\u00e3o.<\/p>\n<h2>Resultados e Gabarito<\/h2>\n<p>A divulga\u00e7\u00e3o dos resultados do Processo Seletivo Simplificado 001\/2026\/SES seguir\u00e1 o cronograma estabelecido pela Secretaria de Estado da Sa\u00fade de Santa Catarina.<\/p>\n<p><strong>Resultado Preliminar:<\/strong><\/p>\n<ul>\n<li>Ser\u00e1 publicado no site oficial da SES\/SC ap\u00f3s a conclus\u00e3o da confer\u00eancia e avalia\u00e7\u00e3o dos documentos dos candidatos;<\/li>\n<li>Link para acompanhamento: <strong>https:\/\/www.saude.sc.gov.br\/index.php\/pt\/servicos\/concursos-e-selecoes\/processos-seletivos-ses<\/strong><\/li>\n<\/ul>\n<p><strong>Fase de Recursos:<\/strong><\/p>\n<ul>\n<li>Ap\u00f3s a publica\u00e7\u00e3o do Resultado Preliminar, os candidatos poder\u00e3o interpor recurso conforme procedimentos descritos no item 7 do edital;<\/li>\n<li>O prazo e a forma de interposi\u00e7\u00e3o devem ser consultados diretamente no documento oficial.<\/li>\n<\/ul>\n<p><strong>Resultado Final e Homologa\u00e7\u00e3o:<\/strong><\/p>\n<ul>\n<li>O Resultado Final ser\u00e1 divulgado ap\u00f3s a an\u00e1lise de todos os recursos;<\/li>\n<li>A homologa\u00e7\u00e3o ser\u00e1 formalizada por meio de <strong>Portaria<\/strong>, publicada no <strong>Di\u00e1rio Oficial do Estado de Santa Catarina<\/strong>: https:\/\/doe.sea.sc.gov.br\/v198\/#\/portal;<\/li>\n<li>O resultado tamb\u00e9m ser\u00e1 disponibilizado no site da Secretaria de Estado da Sa\u00fade.<\/li>\n<\/ul>\n<p><strong>Crit\u00e9rios de Desempate:<\/strong> Em caso de empate na pontua\u00e7\u00e3o final, ser\u00e3o aplicados os crit\u00e9rios de desempate previstos no edital.<\/p>\n<p><strong>Importante:<\/strong> O acompanhamento de todas as publica\u00e7\u00f5es oficiais, incluindo convoca\u00e7\u00f5es, retifica\u00e7\u00f5es e comunicados, \u00e9 de <strong>responsabilidade exclusiva do candidato<\/strong>. Recomenda-se consultar regularmente os canais oficiais de divulga\u00e7\u00e3o.<\/p>\n","protected":false},"excerpt":{"rendered":"<p>Sel. Simplificada SES (SC) com edital publicado! Vagas p\/ Assistente Social e Farmac\u00eautico (M\u00e9dio\/T\u00e9c. e Sup.). Inscri\u00e7\u00f5es a partir de 07\/01. Confira detalhes!<\/p>\n","protected":false},"author":7,"featured_media":276708,"comment_status":"open","ping_status":"open","sticky":false,"template":"","format":"standard","meta":{"_acf_changed":false,"_breakdance_hide_in_design_set":false,"_breakdance_tags":"","footnotes":""},"categories":[94,6,104,17,18,19,25,26,101,134],"tags":[61],"_amplo":[],"destaque":[],"instituicoes":[],"class_list":["post-276709","post","type-post","status-publish","format-standard","has-post-thumbnail","hentry","category-biblioteconomia","category-biologia","category-engenharia-mecanica","category-farmacia","category-fisioterapia","category-fonoaudiologia","category-pedagogia","category-psicologia","category-servico-social","category-terapia-ocupacional","tag-santa-catarina"],"acf":{"_tipo_vagas":"vagas","_numero_vagas":"","_quadro_vagas":"","_cargos":"diversos","_cargos_especificos":"","_salario_max":"R$ 5670.38","_abertura":"20260107","_encerramento":"20260120","_inscricoes":"https:\/\/sigrhportal.sea.sc.gov.br\/SIGRHPPS\/","_executora_concurso":"","_instituicao_concurso":[],"_link_adicional":null,"_anexos":null,"_produtos":null,"_vagas":"20 vagas + CR","_salario_min":"R$ 4448.15","_instituicao":"SES","_edital":"https:\/\/www.agrobase.com.br\/concursos\/wp-content\/uploads\/sites\/4\/2026\/01\/edital-01-2026-ses-sc.pdf","_anexos_edital":"","_fund_incompleto":"","_fund_completo":"","_medio":"<div>\r\n<table class=\"quadro\">\r\n<thead>\r\n<tr>\r\n<th class=\"hcargo\">Cargo<\/th>\r\n<th class=\"hvagas\">Vagas<\/th>\r\n<th class=\"hremuneracao\">Remunera\u00e7\u00e3o<\/th>\r\n<\/tr>\r\n<\/thead>\r\n    <tbody>\r\n      <td class=\"ccargos\">\r\n<span data-balloon-length=\"medium\" aria-label=\"Ensino M\u00e9dio, Curso de Capacita\u00e7\u00e3o Profissional NR-10 (m\u00ednimo 40 horas) e experi\u00eancia comprovada de 24 meses como Eletricista.\" data-balloon-pos=\"up\">Eletricista<\/span><\/td>\r\n<td class=\"cvagas\">01<\/td>\r\n<td class=\"cremuneracao\">R$ 4.448,15 \/30h<\/td>\r\n<\/tr><td class=\"ccargos\">\r\n<span data-balloon-length=\"medium\" aria-label=\"Ensino M\u00e9dio, CNH categoria D e experi\u00eancia comprovada de, no m\u00ednimo 24 meses, conduzindo ve\u00edculos oficiais.\" data-balloon-pos=\"up\">Motorista - Geral<\/span><\/td>\r\n<td class=\"cvagas\">01<\/td>\r\n<td class=\"cremuneracao\">R$ 4.448,15 \/30h<\/td>\r\n<\/tr><td class=\"ccargos\">\r\n<span data-balloon-length=\"medium\" aria-label=\"Ensino M\u00e9dio e Curso de T\u00e9cnico em Farm\u00e1cia.\" data-balloon-pos=\"up\">T\u00e9cnico de Farm\u00e1cia - Assist\u00eancia Farmac\u00eautica<\/span><\/td>\r\n<td class=\"cvagas\">01<\/td>\r\n<td class=\"cremuneracao\">R$ 4.448,15 \/30h<\/td>\r\n<\/tr><td class=\"ccargos\">\r\n<span data-balloon-length=\"medium\" data-balloon-pos=\"up\">Motorista - TFD Estadual<\/span><\/td>\r\n<td class=\"cvagas\">01<\/td>\r\n<td class=\"cremuneracao\">R$ 4.448,15 \/30h<\/td>\r\n<\/tr>\r\n    <\/tbody>\r\n  <\/table>\r\n<\/div>","_superior":"<div>\r\n<table class=\"quadro\">\r\n<thead>\r\n<tr>\r\n<th class=\"hcargo\">Cargo<\/th>\r\n<th class=\"hvagas\">Vagas<\/th>\r\n<th class=\"hremuneracao\">Remunera\u00e7\u00e3o<\/th>\r\n<\/tr>\r\n<\/thead>\r\n    <tbody>\r\n      <tr>\r\n<td class=\"ccargos\">\r\n<span data-balloon-length=\"medium\" aria-label=\"Curso Superior em Servi\u00e7o Social e P\u00f3s-Gradua\u00e7\u00e3o Lato Sensu na \u00e1rea da sa\u00fade.\" data-balloon-pos=\"up\">Assistente Social - Hospitalar<\/span><\/td>\r\n<td class=\"cvagas\">01<\/td>\r\n<td class=\"cremuneracao\">R$ 5.670,38 \/30h<\/td>\r\n<\/tr><tr>\r\n<td class=\"ccargos\">\r\n<span data-balloon-length=\"medium\" aria-label=\"Curso Superior em Ci\u00eancias Biol\u00f3gicas e experi\u00eancia comprovada de, no m\u00ednimo, 18 meses em Biologia Molecular.\" data-balloon-pos=\"up\">Bi\u00f3logo - Biologia Molecular<\/span><\/td>\r\n<td class=\"cvagas\">01<\/td>\r\n<td class=\"cremuneracao\">R$ 5.670,38 \/30h<\/td>\r\n<\/tr><tr>\r\n<td class=\"ccargos\">\r\n<span data-balloon-length=\"medium\" aria-label=\"Curso Superior em Engenharia Mec\u00e2nica, P\u00f3s-Gradua\u00e7\u00e3o Lato Sensu na \u00c1rea da Sa\u00fade e\/ou experi\u00eancia comprovada de, no m\u00ednimo, 06 meses de atua\u00e7\u00e3o na \u00e1rea da sa\u00fade.\" data-balloon-pos=\"up\">Engenheiro Mec\u00e2nico - \u00c1rea da Sa\u00fade<\/span><\/td>\r\n<td class=\"cvagas\">01<\/td>\r\n<td class=\"cremuneracao\">R$ 5.670,38 \/30h<\/td>\r\n<\/tr><tr>\r\n<td class=\"ccargos\">\r\n<span data-balloon-length=\"medium\" aria-label=\"Curso Superior em Farm\u00e1cia e P\u00f3s-Gradua\u00e7\u00e3o Lato Sensu na \u00e1rea hospitalar e\/ou experi\u00eancia comprovada de, no m\u00ednimo 12 meses, na \u00e1rea hospitalar.\" data-balloon-pos=\"up\">Farmac\u00eautico - Hospitalar<\/span><\/td>\r\n<td class=\"cvagas\">01<\/td>\r\n<td class=\"cremuneracao\">R$ 5.670,38 \/30h<\/td>\r\n<\/tr><tr>\r\n<td class=\"ccargos\">\r\n<span data-balloon-length=\"medium\" aria-label=\"Curso Superior em Fonoaudiologia e P\u00f3s-Gradua\u00e7\u00e3o Lato Sensu ou T\u00edtulo de Especialista em Fonoaudiologia na \u00e1rea Hospitalar ou Resid\u00eancia Multiprofissional na \u00e1rea hospitalar.\" data-balloon-pos=\"up\">Fonoaudi\u00f3logo - Unidade Hospitalar<\/span><\/td>\r\n<td class=\"cvagas\">01<\/td>\r\n<td class=\"cremuneracao\">R$ 5.670,38 \/30h<\/td>\r\n<\/tr><tr>\r\n<td class=\"ccargos\">\r\n<span data-balloon-length=\"medium\" aria-label=\"Curso Superior em Psicologia e P\u00f3s-Gradua\u00e7\u00e3o Lato Sensu ou Resid\u00eancia Multiprofissional na \u00e1rea hospitalar.\" data-balloon-pos=\"up\">Psic\u00f3logo - Hospitalar<\/span><\/td>\r\n<td class=\"cvagas\">01<\/td>\r\n<td class=\"cremuneracao\">R$ 5.670,38 \/30h<\/td>\r\n<\/tr><tr>\r\n<td class=\"ccargos\">\r\n<span data-balloon-length=\"medium\" aria-label=\"Curso Superior em Terapia Ocupacional e P\u00f3s-Gradua\u00e7\u00e3o Lato Sensu ou T\u00edtulo de Especialista ou Resid\u00eancia Multiprofissional na \u00e1rea hospitalar e\/ou experi\u00eancia de 12 meses em ambiente hospitalar.\" data-balloon-pos=\"up\">Terapeuta Ocupacional - Hospitalar<\/span><\/td>\r\n<td class=\"cvagas\">01<\/td>\r\n<td class=\"cremuneracao\">R$ 5.670,38 \/30h<\/td>\r\n<\/tr><tr>\r\n<td class=\"ccargos\">\r\n<span data-balloon-length=\"medium\" aria-label=\"Curso Superior em Servi\u00e7o Social e experi\u00eancia comprovada de, no m\u00ednimo 12 meses, com crian\u00e7a e adolescente.\" data-balloon-pos=\"up\">Assistente Social - Crian\u00e7a e Adolescente<\/span><\/td>\r\n<td class=\"cvagas\">01<\/td>\r\n<td class=\"cremuneracao\">R$ 5.670,38 \/30h<\/td>\r\n<\/tr><tr>\r\n<td class=\"ccargos\">\r\n<span data-balloon-length=\"medium\" aria-label=\"Curso Superior em Fisioterapia e experi\u00eancia comprovada, de no m\u00ednimo 12 meses, em Pediatria e\/ou Neonatologia em ambiente Hospitalar.\" data-balloon-pos=\"up\">Fisioterapeuta - Pediatria\/Neonatologia<\/span><\/td>\r\n<td class=\"cvagas\">01<\/td>\r\n<td class=\"cremuneracao\">R$ 5.670,38 \/30h<\/td>\r\n<\/tr><tr>\r\n<td class=\"ccargos\">\r\n<span data-balloon-length=\"medium\" aria-label=\"Curso Superior em Fonoaudiologia e Resid\u00eancia Multiprofissional na \u00e1rea Hospitalar e\/ou experi\u00eancia, de no m\u00ednimo 12 meses nas \u00e1reas de Disfagia e\/ou Motricidade Orofacial e\/ou Fonoaudiologia Hospitalar.\" data-balloon-pos=\"up\">Fonoaudi\u00f3logo - Disfagia\/Motricidade Orofacial<\/span><\/td>\r\n<td class=\"cvagas\">01<\/td>\r\n<td class=\"cremuneracao\">R$ 5.670,38 \/30h<\/td>\r\n<\/tr><tr>\r\n<td class=\"ccargos\">\r\n<span data-balloon-length=\"medium\" aria-label=\"Curso Superior em Fisioterapia e experi\u00eancia comprovada de, no m\u00ednimo 12 meses em Cuidado Intensivo Neonatal e Sa\u00fade da Mulher.\" data-balloon-pos=\"up\">Fisioterapeuta - Cuidado Intensivo Neonatal e Sa\u00fade da Mulher<\/span><\/td>\r\n<td class=\"cvagas\">01<\/td>\r\n<td class=\"cremuneracao\">R$ 5.670,38 \/30h<\/td>\r\n<\/tr><tr>\r\n<td class=\"ccargos\">\r\n<span data-balloon-length=\"medium\" aria-label=\"Curso Superior em Fonoaudiologia e P\u00f3s-Gradua\u00e7\u00e3o Lato Sensu, nas \u00e1reas de Disfagia, Linguagem, Sa\u00fade Mental, Desenvolvimento Infantil, Educa\u00e7\u00e3o Especial e Reabilita\u00e7\u00e3o.\" data-balloon-pos=\"up\">Fonoaudi\u00f3logo - Atendimento PCD<\/span><\/td>\r\n<td class=\"cvagas\">01<\/td>\r\n<td class=\"cremuneracao\">R$ 5.670,38 \/30h<\/td>\r\n<\/tr><tr>\r\n<td class=\"ccargos\">\r\n<span data-balloon-length=\"medium\" aria-label=\"Conclus\u00e3o do Curso Superior em Terapia Ocupacional.\" data-balloon-pos=\"up\">Terapeuta Ocupacional - Terapia Ocupacional<\/span><\/td>\r\n<td class=\"cvagas\">01<\/td>\r\n<td class=\"cremuneracao\">R$ 5.670,38 \/30h<\/td>\r\n<\/tr><tr>\r\n<td class=\"ccargos\">\r\n<span data-balloon-length=\"medium\" aria-label=\"Curso Superior em Biblioteconomia e P\u00f3s-Gradua\u00e7\u00e3o Lato Sensu em Bibliotecas Escolares ou em Gest\u00e3o da Informa\u00e7\u00e3o e\/ou Mestrado em Gest\u00e3o de Unidades de Informa\u00e7\u00e3o e experi\u00eancia comprovada, de no m\u00ednimo 36 meses, nas \u00e1reas de sa\u00fade p\u00fablica ou sa\u00fade coletiva e editora\u00e7\u00e3o cient\u00edfica no cargo de Bibliotec\u00e1rio.\" data-balloon-pos=\"up\">Bibliotec\u00e1rio - Sa\u00fade P\u00fablica\/Editora\u00e7\u00e3o Cient\u00edfica<\/span><\/td>\r\n<td class=\"cvagas\">01<\/td>\r\n<td class=\"cremuneracao\">R$ 5.670,38 \/30h<\/td>\r\n<\/tr><tr>\r\n<td class=\"ccargos\">\r\n<span data-balloon-length=\"medium\" aria-label=\"Curso Superior em Pedagogia e P\u00f3s-Gradua\u00e7\u00e3o Lato Sensu ou Mestrado ou Doutorado na \u00c1rea da Sa\u00fade.\" data-balloon-pos=\"up\">Pedagogo - \u00c1rea da Sa\u00fade<\/span><\/td>\r\n<td class=\"cvagas\">01<\/td>\r\n<td class=\"cremuneracao\">R$ 5.670,38 \/30h<\/td>\r\n<\/tr><tr>\r\n<td class=\"ccargos\">\r\n<span data-balloon-length=\"medium\" aria-label=\"Curso Superior de Farm\u00e1cia com habilita\u00e7\u00e3o em Tecnologia de Alimentos e experi\u00eancia comprovada, de no m\u00ednimo 12 meses, em Tecnologia de Alimentos.\" data-balloon-pos=\"up\">Farmac\u00eautico - Tecnologia de Alimentos<\/span><\/td>\r\n<td class=\"cvagas\">01<\/td>\r\n<td class=\"cremuneracao\">R$ 5.670,38 \/30h<\/td>\r\n<\/tr><tr>\r\n<td class=\"ccargos\">\r\n<span data-balloon-length=\"medium\" aria-label=\"Curso Superior em Farm\u00e1cia com habilita\u00e7\u00e3o em Bioqu\u00edmica ou Especializa\u00e7\u00e3o em An\u00e1lises Cl\u00ednicas (P\u00f3s-Gradua\u00e7\u00e3o Lato Sensu ou t\u00edtulo de Especialista reconhecido pela SBAC ou SBPC\/ML), e experi\u00eancia m\u00ednima comprovada de 36 meses em biologia molecular aplicada ao diagn\u00f3stico cl\u00ednico-laboratorial.\" data-balloon-pos=\"up\">Farmac\u00eautico - Biologia Molecular<\/span><\/td>\r\n<td class=\"cvagas\">01<\/td>\r\n<td class=\"cremuneracao\">R$ 5.670,38 \/30h<\/td>\r\n<\/tr>\r\n    <\/tbody>\r\n  <\/table>\r\n<\/div>"},"_links":{"self":[{"href":"https:\/\/www.agrobase.com.br\/concursos\/wp-json\/wp\/v2\/posts\/276709","targetHints":{"allow":["GET"]}}],"collection":[{"href":"https:\/\/www.agrobase.com.br\/concursos\/wp-json\/wp\/v2\/posts"}],"about":[{"href":"https:\/\/www.agrobase.com.br\/concursos\/wp-json\/wp\/v2\/types\/post"}],"author":[{"embeddable":true,"href":"https:\/\/www.agrobase.com.br\/concursos\/wp-json\/wp\/v2\/users\/7"}],"replies":[{"embeddable":true,"href":"https:\/\/www.agrobase.com.br\/concursos\/wp-json\/wp\/v2\/comments?post=276709"}],"version-history":[{"count":1,"href":"https:\/\/www.agrobase.com.br\/concursos\/wp-json\/wp\/v2\/posts\/276709\/revisions"}],"predecessor-version":[{"id":276711,"href":"https:\/\/www.agrobase.com.br\/concursos\/wp-json\/wp\/v2\/posts\/276709\/revisions\/276711"}],"wp:featuredmedia":[{"embeddable":true,"href":"https:\/\/www.agrobase.com.br\/concursos\/wp-json\/wp\/v2\/media\/276708"}],"wp:attachment":[{"href":"https:\/\/www.agrobase.com.br\/concursos\/wp-json\/wp\/v2\/media?parent=276709"}],"wp:term":[{"taxonomy":"category","embeddable":true,"href":"https:\/\/www.agrobase.com.br\/concursos\/wp-json\/wp\/v2\/categories?post=276709"},{"taxonomy":"post_tag","embeddable":true,"href":"https:\/\/www.agrobase.com.br\/concursos\/wp-json\/wp\/v2\/tags?post=276709"},{"taxonomy":"_amplo","embeddable":true,"href":"https:\/\/www.agrobase.com.br\/concursos\/wp-json\/wp\/v2\/_amplo?post=276709"},{"taxonomy":"destaque","embeddable":true,"href":"https:\/\/www.agrobase.com.br\/concursos\/wp-json\/wp\/v2\/destaque?post=276709"},{"taxonomy":"instituicoes","embeddable":true,"href":"https:\/\/www.agrobase.com.br\/concursos\/wp-json\/wp\/v2\/instituicoes?post=276709"}],"curies":[{"name":"wp","href":"https:\/\/api.w.org\/{rel}","templated":true}]}}