{"id":276656,"date":"2026-01-12T08:50:50","date_gmt":"2026-01-12T11:50:50","guid":{"rendered":"https:\/\/www.agrobase.com.br\/concursos\/?p=276656"},"modified":"2026-01-09T15:02:06","modified_gmt":"2026-01-09T18:02:06","slug":"ufpel-rs-selecao-simplificada-01-2026","status":"publish","type":"post","link":"https:\/\/www.agrobase.com.br\/concursos\/2026\/ufpel-rs-selecao-simplificada-01-2026\/","title":{"rendered":"UFPel (RS) &#8211; Sele\u00e7\u00e3o Simplificada 01\/2026"},"content":{"rendered":"<h2>Informa\u00e7\u00f5es Gerais<\/h2>\n<p>A <strong>Universidade Federal de Pelotas (UFPel)<\/strong> publicou edital de Processo Seletivo Simplificado para contrata\u00e7\u00e3o de <strong>Professor Substituto<\/strong>, visando atender necessidade tempor\u00e1ria de excepcional interesse p\u00fablico. O certame est\u00e1 fundamentado na Lei n\u00ba 8.745\/1993 e na Resolu\u00e7\u00e3o n\u00ba 55\/2023 do COCEPE.<\/p>\n<p>O processo seletivo oferece <strong>17 vagas<\/strong> distribu\u00eddas em 16 \u00e1reas de atua\u00e7\u00e3o, todas destinadas a profissionais com <strong>n\u00edvel superior<\/strong>. A contrata\u00e7\u00e3o ser\u00e1 por tempo determinado, com carga hor\u00e1ria de 20h ou 40h semanais, conforme a \u00e1rea.<\/p>\n<p>As oportunidades contemplam diversas \u00e1reas do conhecimento, incluindo M\u00fasica, Computa\u00e7\u00e3o, Letras, Sa\u00fade (Fisioterapia, Medicina e Odontologia), Educa\u00e7\u00e3o, Arquitetura, Psicologia e Hist\u00f3ria. <strong>Destaque para a \u00e1rea de Gest\u00e3o Ambiental<\/strong>, que exige gradua\u00e7\u00e3o em Engenharia Ambiental, Engenharia Ambiental e Sanit\u00e1ria, Engenharia Sanit\u00e1ria, Gest\u00e3o Ambiental, Saneamento Ambiental ou Engenharia H\u00eddrica, com Doutorado em qualquer \u00e1rea.<\/p>\n<p>As remunera\u00e7\u00f5es variam de <strong>R$ 3.739,42 a R$ 8.058,29<\/strong>, de acordo com a titula\u00e7\u00e3o exigida para cada \u00e1rea. Continue a leitura para conhecer os detalhes sobre inscri\u00e7\u00f5es, etapas do processo seletivo e divulga\u00e7\u00e3o dos resultados.<\/p>\n<h2>Inscri\u00e7\u00f5es<\/h2>\n<p>As inscri\u00e7\u00f5es para o Processo Seletivo Simplificado da UFPel estar\u00e3o abertas no per\u00edodo de <strong>08 de janeiro de 2026, a partir das 10h, at\u00e9 25 de janeiro de 2026, \u00e0s 23h59<\/strong>. O procedimento ser\u00e1 realizado <strong>exclusivamente pela internet<\/strong>, por meio do endere\u00e7o eletr\u00f4nico oficial do certame.<\/p>\n<p>O valor da <strong>taxa de inscri\u00e7\u00e3o \u00e9 de R$ 100,00<\/strong>, n\u00e3o sendo restitu\u00edvel, exceto em caso de cancelamento ou anula\u00e7\u00e3o do processo seletivo. O pagamento dever\u00e1 ser efetuado at\u00e9 o dia <strong>26 de janeiro de 2026<\/strong>, exclusivamente nas ag\u00eancias ou canais de atendimento do Banco do Brasil, mediante Guia de Recolhimento da Uni\u00e3o (GRU) gerada ap\u00f3s a inscri\u00e7\u00e3o.<\/p>\n<p><strong>Aten\u00e7\u00e3o:<\/strong> n\u00e3o ser\u00e3o aceitos pagamentos por agendamento, envelope, transfer\u00eancia eletr\u00f4nica, DOC, ordem de pagamento ou dep\u00f3sito comum em conta corrente. Ap\u00f3s o encerramento das inscri\u00e7\u00f5es, n\u00e3o ser\u00e1 permitida a emiss\u00e3o de nova GRU.<\/p>\n<p>Para consolidar a inscri\u00e7\u00e3o, o candidato deve:<\/p>\n<ul>\n<li>Preencher integralmente o formul\u00e1rio de inscri\u00e7\u00e3o no site do certame;<\/li>\n<li>Informar e-mail v\u00e1lido, \u00e1rea pretendida, modalidade de concorr\u00eancia e endere\u00e7o do curr\u00edculo Lattes atualizado;<\/li>\n<li>Imprimir a GRU at\u00e9 o \u00faltimo dia de inscri\u00e7\u00e3o;<\/li>\n<li>Efetuar o pagamento conforme as regras estabelecidas.<\/li>\n<\/ul>\n<p>Ap\u00f3s 3 dias \u00fateis do pagamento, o candidato deve acessar o site para verificar a confirma\u00e7\u00e3o da inscri\u00e7\u00e3o. O comprovante de pagamento da GRU serve como comprovante de inscri\u00e7\u00e3o e deve ser guardado.<\/p>\n<p><strong>Isen\u00e7\u00e3o da taxa:<\/strong> candidatos que atendam aos crit\u00e9rios legais poder\u00e3o solicitar isen\u00e7\u00e3o no per\u00edodo de <strong>08 a 16 de janeiro de 2026<\/strong>, mediante preenchimento de formul\u00e1rio espec\u00edfico disponibilizado no edital, ap\u00f3s realizar a inscri\u00e7\u00e3o pr\u00e9via.<\/p>\n<p>\u00c9 permitido concorrer a mais de uma \u00e1rea, desde que n\u00e3o haja conflito entre os cronogramas das provas. Recomenda-se a leitura integral do edital para conhecer todos os procedimentos e requisitos.<\/p>\n<h2>Etapas e Provas<\/h2>\n<p>O Processo Seletivo Simplificado da UFPel ser\u00e1 composto por at\u00e9 tr\u00eas etapas, conforme a \u00e1rea de atua\u00e7\u00e3o. As provas est\u00e3o previstas para o per\u00edodo de <strong>23 de mar\u00e7o a 02 de abril de 2026<\/strong>, podendo haver altera\u00e7\u00f5es em fun\u00e7\u00e3o do n\u00famero de inscritos.<\/p>\n<p><strong>1. Prova Did\u00e1tica<\/strong> (todas as \u00e1reas)<\/p>\n<ul>\n<li><strong>Car\u00e1ter:<\/strong> eliminat\u00f3rio e classificat\u00f3rio;<\/li>\n<li><strong>Formato:<\/strong> aula presencial com dura\u00e7\u00e3o entre 40 e 50 minutos;<\/li>\n<li><strong>Tema:<\/strong> sorteado com 24 horas de anteced\u00eancia, a partir de lista com 10 itens do Programa de Provas;<\/li>\n<li><strong>Pontua\u00e7\u00e3o:<\/strong> notas de 0,00 a 10,00;<\/li>\n<li><strong>Aprova\u00e7\u00e3o:<\/strong> m\u00e9dia aritm\u00e9tica igual ou superior a 7,00;<\/li>\n<li><strong>Observa\u00e7\u00e3o:<\/strong> a prova ser\u00e1 gravada em \u00e1udio e v\u00eddeo, sendo vedada a presen\u00e7a dos demais candidatos. Para a \u00e1rea de L\u00edngua Alem\u00e3, a prova ser\u00e1 ministrada em alem\u00e3o.<\/li>\n<\/ul>\n<p><strong>2. Prova Pr\u00e1tica<\/strong> (exclusiva para a \u00e1rea de Violino)<\/p>\n<ul>\n<li><strong>Car\u00e1ter:<\/strong> eliminat\u00f3rio e classificat\u00f3rio;<\/li>\n<li><strong>Formato:<\/strong> conforme detalhamento no Anexo III do edital;<\/li>\n<li><strong>Pontua\u00e7\u00e3o:<\/strong> notas de 0,00 a 10,00;<\/li>\n<li><strong>Aprova\u00e7\u00e3o:<\/strong> m\u00e9dia aritm\u00e9tica entre Prova Did\u00e1tica e Prova Pr\u00e1tica igual ou superior a 7,00;<\/li>\n<li><strong>Observa\u00e7\u00e3o:<\/strong> a prova ser\u00e1 gravada para registro e avalia\u00e7\u00e3o.<\/li>\n<\/ul>\n<p><strong>3. Exame de T\u00edtulos<\/strong> (todas as \u00e1reas)<\/p>\n<ul>\n<li><strong>Car\u00e1ter:<\/strong> classificat\u00f3rio;<\/li>\n<li><strong>Formato:<\/strong> an\u00e1lise de documentos comprobat\u00f3rios conforme curr\u00edculo Lattes;<\/li>\n<li><strong>Pontua\u00e7\u00e3o:<\/strong> a maior pontua\u00e7\u00e3o corresponde \u00e0 nota 10,00, sendo as demais proporcionais;<\/li>\n<li><strong>Observa\u00e7\u00e3o:<\/strong> dispensado quando houver apenas um candidato aprovado nas etapas anteriores. Os documentos devem ser entregues em c\u00f3pia acompanhada dos originais ou autenticados em cart\u00f3rio.<\/li>\n<\/ul>\n<p><strong>Importante:<\/strong> todos os candidatos com inscri\u00e7\u00e3o homologada devem comparecer ao Ato de Instala\u00e7\u00e3o da Banca, no primeiro dia e hor\u00e1rio de prova, munidos de documento de identifica\u00e7\u00e3o original e v\u00e1lido. A aus\u00eancia nesta etapa resulta em elimina\u00e7\u00e3o.<\/p>\n<p>Consulte o edital completo para informa\u00e7\u00f5es detalhadas sobre conte\u00fado program\u00e1tico, crit\u00e9rios de avalia\u00e7\u00e3o e cronograma espec\u00edfico de cada \u00e1rea.<\/p>\n<h2>Resultados e Gabarito<\/h2>\n<p>A divulga\u00e7\u00e3o dos resultados do Processo Seletivo Simplificado da UFPel seguir\u00e1 o cronograma estabelecido no edital, com publica\u00e7\u00f5es na p\u00e1gina oficial do certame e no Di\u00e1rio Oficial da Uni\u00e3o (DOU).<\/p>\n<p><strong>Cronograma previsto:<\/strong><\/p>\n<ul>\n<li><strong>29\/01\/2026:<\/strong> publica\u00e7\u00e3o da rela\u00e7\u00e3o de candidatos com inscri\u00e7\u00f5es confirmadas (pagas ou isentas);<\/li>\n<li><strong>23\/02\/2026:<\/strong> divulga\u00e7\u00e3o da lista de inscri\u00e7\u00f5es homologadas, composi\u00e7\u00e3o das Bancas Examinadoras e previs\u00e3o de in\u00edcio e t\u00e9rmino das provas por \u00e1rea;<\/li>\n<li><strong>27\/04\/2026 (previs\u00e3o):<\/strong> publica\u00e7\u00e3o do Resultado Final Preliminar na p\u00e1gina do certame;<\/li>\n<li><strong>18\/05\/2026 (previs\u00e3o):<\/strong> publica\u00e7\u00e3o do Resultado Final no DOU.<\/li>\n<\/ul>\n<p>Ap\u00f3s a realiza\u00e7\u00e3o das provas, os resultados preliminares ser\u00e3o divulgados pela Banca Examinadora na Sess\u00e3o de Apura\u00e7\u00e3o. Os candidatos aprovados ser\u00e3o convocados para entrega dos documentos do Exame de T\u00edtulos.<\/p>\n<p><strong>Crit\u00e9rios de classifica\u00e7\u00e3o:<\/strong> para cada \u00e1rea, ser\u00e1 homologada lista final com at\u00e9 5 candidatos aprovados. O resultado final ser\u00e1 composto por cinco listagens: ampla concorr\u00eancia, candidatos negros, ind\u00edgenas, quilombolas e pessoas com defici\u00eancia (PcD).<\/p>\n<p>Os resultados finais poder\u00e3o ser homologados por \u00e1rea, conforme a conclus\u00e3o dos processos e a inexist\u00eancia de recursos pendentes, respeitando-se as reservas legais previstas.<\/p>\n<p><strong>Aten\u00e7\u00e3o:<\/strong> o acompanhamento de todas as publica\u00e7\u00f5es oficiais, tanto na p\u00e1gina do certame quanto no Di\u00e1rio Oficial da Uni\u00e3o, \u00e9 de <strong>responsabilidade exclusiva do candidato<\/strong>. Recomenda-se verificar periodicamente os canais oficiais para n\u00e3o perder prazos importantes.<\/p>\n","protected":false},"excerpt":{"rendered":"<p>Sel. Simplificada UFPel (RS) com edital publicado! Vagas p\/ Violino e Computa\u00e7\u00e3o (Superior). Inscri\u00e7\u00f5es a partir de 08\/01. Sal\u00e1rios at\u00e9 R$ 8k. Confira detalhes!<\/p>\n","protected":false},"author":7,"featured_media":276655,"comment_status":"open","ping_status":"open","sticky":false,"template":"","format":"standard","meta":{"_acf_changed":false,"_breakdance_hide_in_design_set":false,"_breakdance_tags":"","footnotes":""},"categories":[5,145,126,13,151,142,16,18,155,100,20,21,119,24,25,26],"tags":[58],"_amplo":[],"destaque":[],"instituicoes":[],"class_list":["post-276656","post","type-post","status-publish","format-standard","has-post-thumbnail","hentry","category-arquitetura","category-artes-cenicas","category-ciencia-computacao","category-engenharia-ambiental","category-engenharia-computacao","category-engenharia-eletronica","category-engenharia-sanitaria","category-fisioterapia","category-gestao-ambiental","category-historia","category-letras","category-medicina","category-musica","category-odontologia","category-pedagogia","category-psicologia","tag-rio-grande-sul"],"acf":{"_tipo_vagas":"vagas","_numero_vagas":"","_quadro_vagas":"","_cargos":"diversos","_cargos_especificos":"","_salario_max":"R$ 8058.29","_abertura":"20260108","_encerramento":"20260125","_inscricoes":"http:\/\/ces.ufpel.edu.br\/conctecadmed0001_2026\/","_executora_concurso":"","_instituicao_concurso":[],"_link_adicional":null,"_anexos":null,"_produtos":null,"_vagas":"","_salario_min":"R$ 3739.42","_instituicao":"UFPel","_edital":"https:\/\/www.agrobase.com.br\/concursos\/wp-content\/uploads\/sites\/4\/2026\/01\/edital-01-2026-ufpel-rs.pdf","_anexos_edital":"","_fund_incompleto":"","_fund_completo":"","_medio":"","_superior":"<div>\r\n<table class=\"quadro\">\r\n<thead>\r\n<tr>\r\n<th class=\"hcargo\">Cargo<\/th>\r\n<th class=\"hvagas\">Vagas<\/th>\r\n<th class=\"hremuneracao\">Remunera\u00e7\u00e3o<\/th>\r\n<\/tr>\r\n<\/thead>\r\n    <tbody>\r\n      <tr>\r\n<td class=\"ccargos\">\r\n<span data-balloon-length=\"medium\" aria-label=\"Gradua\u00e7\u00e3o em M\u00fasica COM MESTRADO em Violino\" data-balloon-pos=\"up\">Violino<\/span><\/td>\r\n<td class=\"cvagas\">1<\/td>\r\n<td class=\"cremuneracao\">R$ 5.949,07 \/40h<\/td>\r\n<\/tr><tr>\r\n<td class=\"ccargos\">\r\n<span data-balloon-length=\"medium\" aria-label=\"Gradua\u00e7\u00e3o em Qualquer \u00c1rea COM MESTRADO em Computa\u00e7\u00e3o\" data-balloon-pos=\"up\">Computa\u00e7\u00e3o<\/span><\/td>\r\n<td class=\"cvagas\">1<\/td>\r\n<td class=\"cremuneracao\">R$ 5.949,07 \/40h<\/td>\r\n<\/tr><tr>\r\n<td class=\"ccargos\">\r\n<span data-balloon-length=\"medium\" aria-label=\"Gradua\u00e7\u00e3o em Computa\u00e7\u00e3o OU Engenharia Eletr\u00f4nica OU Engenharia de Controle e Automa\u00e7\u00e3o COM MESTRADO em Computa\u00e7\u00e3o\" data-balloon-pos=\"up\">Redes de Computadores e Comunica\u00e7\u00e3o de Dados<\/span><\/td>\r\n<td class=\"cvagas\">1<\/td>\r\n<td class=\"cremuneracao\">R$ 5.949,07 \/40h<\/td>\r\n<\/tr><tr>\r\n<td class=\"ccargos\">\r\n<span data-balloon-length=\"medium\" aria-label=\"Gradua\u00e7\u00e3o em Engenharia Ambiental OU Engenharia Ambiental e Sanit\u00e1ria OU Engenharia Sanit\u00e1ria OU Gest\u00e3o Ambiental OU Saneamento Ambiental OU Engenharia H\u00eddrica COM DOUTORADO em qualquer \u00e1rea\" data-balloon-pos=\"up\">Gest\u00e3o Ambiental<\/span><\/td>\r\n<td class=\"cvagas\">1<\/td>\r\n<td class=\"cremuneracao\">R$ 8.058,29 \/40h<\/td>\r\n<\/tr><tr>\r\n<td class=\"ccargos\">\r\n<span data-balloon-length=\"medium\" aria-label=\"Gradua\u00e7\u00e3o em Ci\u00eancia da Computa\u00e7\u00e3o OU Engenharia da Computa\u00e7\u00e3o OU Engenharia Cartogr\u00e1fica OU Engenharia de Agrimensura OU Geoprocessamento COM MESTRADO em qualquer \u00e1rea\" data-balloon-pos=\"up\">Banco de Dados<\/span><\/td>\r\n<td class=\"cvagas\">1<\/td>\r\n<td class=\"cremuneracao\">R$ 5.949,07 \/40h<\/td>\r\n<\/tr><tr>\r\n<td class=\"ccargos\">\r\n<span data-balloon-length=\"medium\" aria-label=\"Gradua\u00e7\u00e3o em Bacharelado ou Licenciatura em Letras Alem\u00e3o OU Letras Portugu\u00eas e Alem\u00e3o COM MESTRADO em qualquer \u00c1rea\" data-balloon-pos=\"up\">L\u00ednguas Estrangeiras Modernas - L\u00edngua Alem\u00e3<\/span><\/td>\r\n<td class=\"cvagas\">1<\/td>\r\n<td class=\"cremuneracao\">R$ 5.949,07 \/40h<\/td>\r\n<\/tr><tr>\r\n<td class=\"ccargos\">\r\n<span data-balloon-length=\"medium\" aria-label=\"Gradua\u00e7\u00e3o em Letras COM DOUTORADO em Letras\" data-balloon-pos=\"up\">Literatura<\/span><\/td>\r\n<td class=\"cvagas\">1<\/td>\r\n<td class=\"cremuneracao\">R$ 8.058,29 \/40h<\/td>\r\n<\/tr><tr>\r\n<td class=\"ccargos\">\r\n<span data-balloon-length=\"medium\" aria-label=\"Gradua\u00e7\u00e3o em Letras COM DOUTORADO em qualquer \u00c1rea\" data-balloon-pos=\"up\">Lingu\u00edstica e Ensino<\/span><\/td>\r\n<td class=\"cvagas\">1<\/td>\r\n<td class=\"cremuneracao\">R$ 8.058,29 \/40h<\/td>\r\n<\/tr><tr>\r\n<td class=\"ccargos\">\r\n<span data-balloon-length=\"medium\" aria-label=\"Gradua\u00e7\u00e3o em Fisioterapia COM MESTRADO em qualquer \u00c1rea\" data-balloon-pos=\"up\">Fisioterapia<\/span><\/td>\r\n<td class=\"cvagas\">1<\/td>\r\n<td class=\"cremuneracao\">R$ 5.949,07 \/40h<\/td>\r\n<\/tr><tr>\r\n<td class=\"ccargos\">\r\n<span data-balloon-length=\"medium\" aria-label=\"Gradua\u00e7\u00e3o em Fisioterapia COM MESTRADO em qualquer \u00c1rea\" data-balloon-pos=\"up\">Arquitetura e Urbanismo<\/span><\/td>\r\n<td class=\"cvagas\">1<\/td>\r\n<td class=\"cremuneracao\">R$ 5.949,07 \/40h<\/td>\r\n<\/tr><tr>\r\n<td class=\"ccargos\">\r\n<span data-balloon-length=\"medium\" aria-label=\"Gradua\u00e7\u00e3o em Licenciatura em Pedagogia OU Licenciatura em Artes Visuais OU Licenciatura em Dan\u00e7a OU Licenciatura em Teatro COM DOUTORADO em Educa\u00e7\u00e3o OU Artes\" data-balloon-pos=\"up\">Ensino de Artes<\/span><\/td>\r\n<td class=\"cvagas\">1<\/td>\r\n<td class=\"cremuneracao\">R$ 8.058,29 \/40h<\/td>\r\n<\/tr><tr>\r\n<td class=\"ccargos\">\r\n<span data-balloon-length=\"medium\" aria-label=\"Gradua\u00e7\u00e3o em qualquer Licenciatura COM DOUTORADO em Educa\u00e7\u00e3o\" data-balloon-pos=\"up\">Pol\u00edtica Educacional<\/span><\/td>\r\n<td class=\"cvagas\">1<\/td>\r\n<td class=\"cremuneracao\">R$ 8.058,29 \/40h<\/td>\r\n<\/tr><tr>\r\n<td class=\"ccargos\">\r\n<span data-balloon-length=\"medium\" aria-label=\"Gradua\u00e7\u00e3o em Medicina COM Resid\u00eancia em Oftalmologia\" data-balloon-pos=\"up\">Oftalmologia<\/span><\/td>\r\n<td class=\"cvagas\">1<\/td>\r\n<td class=\"cremuneracao\">R$ 3.739,42 \/20h<\/td>\r\n<\/tr><tr>\r\n<td class=\"ccargos\">\r\n<span data-balloon-length=\"medium\" aria-label=\"Gradua\u00e7\u00e3o em Psicologoia COM DOUTORADO em qualquer \u00c1rea\" data-balloon-pos=\"up\">Psicologia Geral<\/span><\/td>\r\n<td class=\"cvagas\">1<\/td>\r\n<td class=\"cremuneracao\">R$ 8.058,29 \/40h<\/td>\r\n<\/tr><tr>\r\n<td class=\"ccargos\">\r\n<span data-balloon-length=\"medium\" aria-label=\"Gradua\u00e7\u00e3o em Odontologia COM Especializa\u00e7\u00e3o\/Resid\u00eancia em Cirurgia, Traumatologia e Pr\u00f3tese Buco-Maxilo-Faciais (CTBMF)\" data-balloon-pos=\"up\">Cirurgia e Traumatologia Buco-Maxilo-Facial<\/span><\/td>\r\n<td class=\"cvagas\">2<\/td>\r\n<td class=\"cremuneracao\">R$ 4.975,59 \/40h<\/td>\r\n<\/tr><tr>\r\n<td class=\"ccargos\">\r\n<span data-balloon-length=\"medium\" aria-label=\"Gradua\u00e7\u00e3o em Hist\u00f3ria COM DOUTORADO em Hist\u00f3ria\" data-balloon-pos=\"up\">Teoria, G\u00eanero e Ensino de Hist\u00f3ria<\/span><\/td>\r\n<td class=\"cvagas\">1<\/td>\r\n<td class=\"cremuneracao\">R$ 8.058,29 \/40h<\/td>\r\n<\/tr>\r\n    <\/tbody>\r\n  <\/table>\r\n<\/div>"},"_links":{"self":[{"href":"https:\/\/www.agrobase.com.br\/concursos\/wp-json\/wp\/v2\/posts\/276656","targetHints":{"allow":["GET"]}}],"collection":[{"href":"https:\/\/www.agrobase.com.br\/concursos\/wp-json\/wp\/v2\/posts"}],"about":[{"href":"https:\/\/www.agrobase.com.br\/concursos\/wp-json\/wp\/v2\/types\/post"}],"author":[{"embeddable":true,"href":"https:\/\/www.agrobase.com.br\/concursos\/wp-json\/wp\/v2\/users\/7"}],"replies":[{"embeddable":true,"href":"https:\/\/www.agrobase.com.br\/concursos\/wp-json\/wp\/v2\/comments?post=276656"}],"version-history":[{"count":2,"href":"https:\/\/www.agrobase.com.br\/concursos\/wp-json\/wp\/v2\/posts\/276656\/revisions"}],"predecessor-version":[{"id":276659,"href":"https:\/\/www.agrobase.com.br\/concursos\/wp-json\/wp\/v2\/posts\/276656\/revisions\/276659"}],"wp:featuredmedia":[{"embeddable":true,"href":"https:\/\/www.agrobase.com.br\/concursos\/wp-json\/wp\/v2\/media\/276655"}],"wp:attachment":[{"href":"https:\/\/www.agrobase.com.br\/concursos\/wp-json\/wp\/v2\/media?parent=276656"}],"wp:term":[{"taxonomy":"category","embeddable":true,"href":"https:\/\/www.agrobase.com.br\/concursos\/wp-json\/wp\/v2\/categories?post=276656"},{"taxonomy":"post_tag","embeddable":true,"href":"https:\/\/www.agrobase.com.br\/concursos\/wp-json\/wp\/v2\/tags?post=276656"},{"taxonomy":"_amplo","embeddable":true,"href":"https:\/\/www.agrobase.com.br\/concursos\/wp-json\/wp\/v2\/_amplo?post=276656"},{"taxonomy":"destaque","embeddable":true,"href":"https:\/\/www.agrobase.com.br\/concursos\/wp-json\/wp\/v2\/destaque?post=276656"},{"taxonomy":"instituicoes","embeddable":true,"href":"https:\/\/www.agrobase.com.br\/concursos\/wp-json\/wp\/v2\/instituicoes?post=276656"}],"curies":[{"name":"wp","href":"https:\/\/api.w.org\/{rel}","templated":true}]}}