{"id":276593,"date":"2026-01-09T08:20:18","date_gmt":"2026-01-09T11:20:18","guid":{"rendered":"https:\/\/www.agrobase.com.br\/concursos\/?p=276593"},"modified":"2026-01-08T16:18:07","modified_gmt":"2026-01-08T19:18:07","slug":"prefeitura-bela-vista-de-minas-mg-concurso-001-2026","status":"publish","type":"post","link":"https:\/\/www.agrobase.com.br\/concursos\/2026\/prefeitura-bela-vista-de-minas-mg-concurso-001-2026\/","title":{"rendered":"Prefeitura Bela Vista de Minas (MG) &#8211; Concurso 001\/2026"},"content":{"rendered":"<h2>Informa\u00e7\u00f5es Gerais<\/h2>\n<p>O <strong>Concurso P\u00fablico do Munic\u00edpio de Bela Vista de Minas\/MG<\/strong>, organizado pelo Instituto Brasileiro de Gest\u00e3o e Pesquisa (IBGP), est\u00e1 com edital publicado para o preenchimento de <strong>62 vagas<\/strong> em cargos efetivos do quadro permanente de pessoal da Prefeitura Municipal.<\/p>\n<p>O certame contempla oportunidades para candidatos com n\u00edveis de escolaridade <strong>fundamental completo, m\u00e9dio\/t\u00e9cnico e superior<\/strong>, com remunera\u00e7\u00f5es que variam de R$ 1.621,00 a R$ 5.865,02. Os aprovados ser\u00e3o contratados sob <strong>regime estatut\u00e1rio<\/strong>, conforme legisla\u00e7\u00e3o municipal vigente.<\/p>\n<p>As vagas est\u00e3o distribu\u00eddas em diversas \u00e1reas da administra\u00e7\u00e3o p\u00fablica municipal, incluindo setores como educa\u00e7\u00e3o, sa\u00fade, assist\u00eancia social, fiscaliza\u00e7\u00e3o, recursos humanos e infraestrutura. <strong>Destaque para a vaga de Engenheiro Ambiental ou Florestal<\/strong>, \u00e1rea de grande interesse para profissionais das ci\u00eancias agr\u00e1rias e ambientais, com remunera\u00e7\u00e3o de R$ 4.700,00 para jornada de 30 horas semanais.<\/p>\n<p>O concurso ter\u00e1 validade de 02 (dois) anos, podendo ser prorrogado por igual per\u00edodo. Continue a leitura para conhecer os detalhes sobre inscri\u00e7\u00f5es, etapas do processo seletivo e cronograma de resultados.<\/p>\n<h2>Inscri\u00e7\u00f5es<\/h2>\n<p>As inscri\u00e7\u00f5es para o Concurso P\u00fablico de Bela Vista de Minas\/MG estar\u00e3o abertas no per\u00edodo de <strong>09 de mar\u00e7o de 2026 (a partir das 09h) at\u00e9 09 de abril de 2026 (\u00e0s 16h)<\/strong>, considerando o hor\u00e1rio oficial de Bras\u00edlia\/DF.<\/p>\n<p>O procedimento de inscri\u00e7\u00e3o deve ser realizado <strong>exclusivamente pela internet<\/strong>, por meio do endere\u00e7o eletr\u00f4nico <strong>www.ibgpconcursos.com.br<\/strong>, no link correspondente ao certame. N\u00e3o ser\u00e3o aceitas inscri\u00e7\u00f5es por correio, e-mail ou qualquer outro meio.<\/p>\n<p><strong>Valores das taxas de inscri\u00e7\u00e3o por n\u00edvel de escolaridade:<\/strong><\/p>\n<ul>\n<li>N\u00edvel Fundamental: valor a ser consultado no edital<\/li>\n<li>N\u00edvel M\u00e9dio\/T\u00e9cnico: valor a ser consultado no edital<\/li>\n<li>N\u00edvel Superior: valor a ser consultado no edital<\/li>\n<\/ul>\n<p>O pagamento deve ser efetuado por meio de <strong>boleto banc\u00e1rio<\/strong> at\u00e9 o dia <strong>09 de abril de 2026<\/strong>, em toda a rede banc\u00e1ria. N\u00e3o ser\u00e3o aceitos pagamentos via cheque, PIX direto em conta, DOC, TED, dep\u00f3sito em conta corrente ou transfer\u00eancia banc\u00e1ria. A reimpress\u00e3o do boleto (2\u00aa via) estar\u00e1 dispon\u00edvel at\u00e9 \u00e0s 17h do dia 10\/04\/2026.<\/p>\n<p><strong>Isen\u00e7\u00e3o da taxa de inscri\u00e7\u00e3o:<\/strong> candidatos que comprovarem limita\u00e7\u00f5es financeiras poder\u00e3o solicitar isen\u00e7\u00e3o entre <strong>09\/03\/2026 (\u00e0s 09h) e 11\/03\/2026 (\u00e0s 16h)<\/strong>, mediante envio da documenta\u00e7\u00e3o comprobat\u00f3ria exigida no edital. O resultado das solicita\u00e7\u00f5es de isen\u00e7\u00e3o ser\u00e1 divulgado at\u00e9 16\/03\/2026.<\/p>\n<p>Ap\u00f3s a inscri\u00e7\u00e3o, o candidato poder\u00e1 acompanhar o status e acessar informa\u00e7\u00f5es na <strong>\u00c1rea do Candidato<\/strong>, dispon\u00edvel no site do IBGP. As inscri\u00e7\u00f5es deferidas ser\u00e3o divulgadas at\u00e9 o dia <strong>22\/04\/2026<\/strong>.<\/p>\n<p>Recomenda-se a leitura integral do edital para conhecer todos os requisitos, procedimentos e prazos relacionados \u00e0 inscri\u00e7\u00e3o.<\/p>\n<h2>Etapas e Provas<\/h2>\n<p>O Concurso P\u00fablico de Bela Vista de Minas\/MG ser\u00e1 composto por <strong>uma \u00fanica etapa<\/strong>, aplic\u00e1vel a todos os cargos ofertados:<\/p>\n<p><strong>Prova Objetiva de M\u00faltipla Escolha<\/strong><\/p>\n<ul>\n<li><strong>Car\u00e1ter:<\/strong> eliminat\u00f3rio e classificat\u00f3rio<\/li>\n<li><strong>Formato:<\/strong> quest\u00f5es de m\u00faltipla escolha com 04 (quatro) alternativas, sendo apenas uma correta<\/li>\n<li><strong>Dura\u00e7\u00e3o:<\/strong> 03 (tr\u00eas) horas, incluindo distribui\u00e7\u00e3o da prova, leitura das instru\u00e7\u00f5es e preenchimento da Folha de Respostas<\/li>\n<li><strong>Crit\u00e9rio de aprova\u00e7\u00e3o:<\/strong> obter, no m\u00ednimo, 50% do total de pontos da prova e n\u00e3o zerar nenhum dos conte\u00fados avaliados<\/li>\n<\/ul>\n<p><strong>Data de aplica\u00e7\u00e3o:<\/strong> 17 de maio de 2026<\/p>\n<p><strong>Local:<\/strong> Bela Vista de Minas\/MG<\/p>\n<p><strong>Distribui\u00e7\u00e3o por turno:<\/strong><\/p>\n<ul>\n<li><strong>Turno da manh\u00e3 (09h15 \u00e0s 12h15):<\/strong> Auxiliar de Servi\u00e7os Gerais, Motorista, Agente de Cultura, Turismo e Eventos, Assistente de Patrim\u00f4nio, Assistente de Recursos Humanos, Assistente T\u00e9cnico de Educa\u00e7\u00e3o B\u00e1sica, Auxiliar Administrativo, Fiscal de Obras, Monitor de Transporte Escolar e Professor N\u00edvel 1. Port\u00f5es: abertura \u00e0s 08h e fechamento \u00e0s 09h.<\/li>\n<li><strong>Turno da tarde (14h15 \u00e0s 17h15):<\/strong> Agente de Contrata\u00e7\u00e3o, Analista de Recursos Humanos, Assistente Social, Auditor Fiscal, Contador, Enfermeiro, Engenheiro Ambiental ou Florestal, Engenheiro Civil, M\u00e9dico Cl\u00ednico Geral, Professor N\u00edvel 2, Psic\u00f3logo, Supervisor de Contratos e Supervisor de Educa\u00e7\u00e3o Infantil. Port\u00f5es: abertura \u00e0s 13h e fechamento \u00e0s 14h.<\/li>\n<\/ul>\n<p>O candidato poder\u00e1 se inscrever em mais de um cargo, desde que as provas sejam realizadas em turnos distintos. O Comprovante Definitivo de Inscri\u00e7\u00e3o (CDI), com a confirma\u00e7\u00e3o do local e hor\u00e1rio de prova, ser\u00e1 disponibilizado na \u00c1rea do Candidato.<\/p>\n<p>Consulte o edital completo para informa\u00e7\u00f5es detalhadas sobre conte\u00fado program\u00e1tico, n\u00famero de quest\u00f5es por disciplina e demais regras de aplica\u00e7\u00e3o.<\/p>\n<h2>Resultados e Gabarito<\/h2>\n<p>A divulga\u00e7\u00e3o dos resultados do Concurso P\u00fablico de Bela Vista de Minas\/MG seguir\u00e1 o cronograma estabelecido pelo IBGP, com publica\u00e7\u00f5es no endere\u00e7o eletr\u00f4nico <strong>www.ibgpconcursos.com.br<\/strong>.<\/p>\n<p><strong>Principais datas previstas:<\/strong><\/p>\n<ul>\n<li><strong>Resultado da solicita\u00e7\u00e3o de isen\u00e7\u00e3o:<\/strong> at\u00e9 16\/03\/2026<\/li>\n<li><strong>Divulga\u00e7\u00e3o das inscri\u00e7\u00f5es deferidas:<\/strong> at\u00e9 22\/04\/2026<\/li>\n<li><strong>Publica\u00e7\u00e3o da solicita\u00e7\u00e3o para concorrer \u00e0s vagas PcD:<\/strong> 22\/04\/2026<\/li>\n<\/ul>\n<p><strong>Crit\u00e9rios de classifica\u00e7\u00e3o:<\/strong><\/p>\n<p>A classifica\u00e7\u00e3o dos candidatos ser\u00e1 realizada pela soma dos pontos obtidos na Prova Objetiva. Ser\u00e1 considerado aprovado o candidato que obtiver, no m\u00ednimo, 50% do total de pontos e n\u00e3o zerar nenhum conte\u00fado da prova.<\/p>\n<p><strong>Resultado final:<\/strong><\/p>\n<p>O resultado final ser\u00e1 divulgado em duas listas:<\/p>\n<ul>\n<li>Lista geral de classifica\u00e7\u00e3o por cargo, incluindo candidatos PcD que obtiverem pontua\u00e7\u00e3o para tanto;<\/li>\n<li>Lista exclusiva de candidatos inscritos como Pessoa com Defici\u00eancia (PcD), por cargo.<\/li>\n<\/ul>\n<p><strong>Homologa\u00e7\u00e3o:<\/strong><\/p>\n<p>O resultado final ser\u00e1 homologado por ato da Prefeita Municipal de Bela Vista de Minas\/MG, com publica\u00e7\u00e3o no Di\u00e1rio Oficial do Munic\u00edpio e nos sites da Prefeitura (www.belavistademinas.mg.gov.br) e do IBGP. Contra o ato de homologa\u00e7\u00e3o n\u00e3o caber\u00e1 recurso.<\/p>\n<p><strong>Convoca\u00e7\u00e3o:<\/strong><\/p>\n<p>Os candidatos aprovados dever\u00e3o acompanhar as publica\u00e7\u00f5es oficiais para verificar a convoca\u00e7\u00e3o para posse, respeitando a ordem de classifica\u00e7\u00e3o e o planejamento do Munic\u00edpio durante o prazo de validade do concurso.<\/p>\n<p>O acompanhamento de todas as publica\u00e7\u00f5es, editais, avisos e comunicados referentes ao certame \u00e9 de <strong>responsabilidade exclusiva do candidato<\/strong>. Informa\u00e7\u00f5es sobre datas, locais, hor\u00e1rios de provas ou resultados n\u00e3o ser\u00e3o fornecidas por telefone.<\/p>\n","protected":false},"excerpt":{"rendered":"<p>Concurso Pref. Bela Vista de Minas (MG) com edital publicado! Vagas p\/ Professores e M\u00e9dico (Fund. a Sup.). Inscri\u00e7\u00f5es a partir de 09\/03. Confira detalhes!<\/p>\n","protected":false},"author":7,"featured_media":276592,"comment_status":"open","ping_status":"open","sticky":false,"template":"","format":"standard","meta":{"_acf_changed":false,"_breakdance_hide_in_design_set":false,"_breakdance_tags":"","footnotes":""},"categories":[3,126,9,10,117,12,13,14,15,21,25,26,101],"tags":[50],"_amplo":[],"destaque":[],"instituicoes":[],"class_list":["post-276593","post","type-post","status-publish","format-standard","has-post-thumbnail","hentry","category-administracao","category-ciencia-computacao","category-ciencias-contabeis","category-direito","category-economia","category-enfermagem","category-engenharia-ambiental","category-engenharia","category-engenharia-florestal","category-medicina","category-pedagogia","category-psicologia","category-servico-social","tag-minas-gerais"],"acf":{"_tipo_vagas":"vagas","_numero_vagas":"","_quadro_vagas":"","_cargos":"diversos","_cargos_especificos":"","_salario_max":"R$ 5865.02","_abertura":"20260309","_encerramento":"20260409","_inscricoes":"https:\/\/www.ibgpconcursos.com.br","_executora_concurso":"","_instituicao_concurso":[],"_link_adicional":null,"_anexos":null,"_produtos":null,"_vagas":"62 vagas","_salario_min":"R$ 1621","_instituicao":"Prefeitura de Bela Vista de Minas","_edital":"https:\/\/www.agrobase.com.br\/concursos\/wp-content\/uploads\/sites\/4\/2026\/01\/edital-001-2026-prefeitura-de-bela-vista-de-minas-mg.pdf","_anexos_edital":"https:\/\/www.agrobase.com.br\/concursos\/wp-content\/uploads\/sites\/4\/2026\/01\/anexos-edital-001-2026-prefeitura-de-bela-vista-de-minas-mg.pdf","_fund_incompleto":"","_fund_completo":"<div>\r\n<table class=\"quadro\">\r\n<thead>\r\n<tr>\r\n<th class=\"hcargo\">Cargo<\/th>\r\n<th class=\"hvagas\">Vagas<\/th>\r\n<th class=\"hremuneracao\">Remunera\u00e7\u00e3o<\/th>\r\n<\/tr>\r\n<\/thead>\r\n    <tbody>\r\n      <td class=\"ccargos\">\r\n<span data-balloon-length=\"medium\" aria-label=\"Ensino Fundamental Completo\" data-balloon-pos=\"up\">AUXILIAR DE SERVI\u00c7OS GERAIS<\/span><\/td>\r\n<td class=\"cvagas\">04<\/td>\r\n<td class=\"cremuneracao\">R$ 1.621,00 \/40h<\/td>\r\n<\/tr><td class=\"ccargos\">\r\n<span data-balloon-length=\"medium\" aria-label=\"Ensino Fundamental Completo e CNH \u201cD\u201d\" data-balloon-pos=\"up\">MOTORISTA<\/span><\/td>\r\n<td class=\"cvagas\">05<\/td>\r\n<td class=\"cremuneracao\">R$ 1.830,46 \/40h<\/td>\r\n<\/tr>\r\n    <\/tbody>\r\n  <\/table>\r\n<\/div>","_medio":"<div>\r\n<table class=\"quadro\">\r\n<thead>\r\n<tr>\r\n<th class=\"hcargo\">Cargo<\/th>\r\n<th class=\"hvagas\">Vagas<\/th>\r\n<th class=\"hremuneracao\">Remunera\u00e7\u00e3o<\/th>\r\n<\/tr>\r\n<\/thead>\r\n    <tbody>\r\n      <td class=\"ccargos\">\r\n<span data-balloon-length=\"medium\" aria-label=\"Ensino M\u00e9dio Completo ou Curso T\u00e9cnico na \u00e1rea administrativa, digita\u00e7\u00e3o, conhecimento do pacote Office\" data-balloon-pos=\"up\">AGENTE DE CULTURA, TURISMO E EVENTOS<\/span><\/td>\r\n<td class=\"cvagas\">01<\/td>\r\n<td class=\"cremuneracao\">R$ 2.763,78 \/40h<\/td>\r\n<\/tr><td class=\"ccargos\">\r\n<span data-balloon-length=\"medium\" aria-label=\"Ensino M\u00e9dio Completo, digita\u00e7\u00e3o, conhecimento do pacote Office\" data-balloon-pos=\"up\">ASSISTENTE DE PATRIM\u00d4NIO<\/span><\/td>\r\n<td class=\"cvagas\">02<\/td>\r\n<td class=\"cremuneracao\">R$ 2.577,37 \/40h<\/td>\r\n<\/tr><td class=\"ccargos\">\r\n<span data-balloon-length=\"medium\" aria-label=\"Ensino M\u00e9dio Completo, digita\u00e7\u00e3o, conhecimento do pacote Office\" data-balloon-pos=\"up\">ASSISTENTE DE RECURSOS HUMANOS<\/span><\/td>\r\n<td class=\"cvagas\">02<\/td>\r\n<td class=\"cremuneracao\">R$ 2.763,78 \/40h<\/td>\r\n<\/tr><td class=\"ccargos\">\r\n<span data-balloon-length=\"medium\" aria-label=\"Diploma de curso t\u00e9cnico, de n\u00edvel m\u00e9dio de escolaridade ou curso de forma\u00e7\u00e3o em n\u00edvel m\u00e9dio na modalidade Normal (Magist\u00e9rio), legalmente reconhecido, expedido por institui\u00e7\u00e3o de ensino credenciada\" data-balloon-pos=\"up\">ASSISTENTE T\u00c9CNICO DE EDUCA\u00c7\u00c3O B\u00c1SICA<\/span><\/td>\r\n<td class=\"cvagas\">02<\/td>\r\n<td class=\"cremuneracao\">R$ 2.763,78 \/40h<\/td>\r\n<\/tr><td class=\"ccargos\">\r\n<span data-balloon-length=\"medium\" aria-label=\"Ensino M\u00e9dio Completo e digita\u00e7\u00e3o\" data-balloon-pos=\"up\">AUXILIAR ADMINISTRATIVO<\/span><\/td>\r\n<td class=\"cvagas\">04<\/td>\r\n<td class=\"cremuneracao\">R$ 1.621,00 \/30h<\/td>\r\n<\/tr><td class=\"ccargos\">\r\n<span data-balloon-length=\"medium\" aria-label=\"Ensino m\u00e9dio completo com curso em T\u00e9cnico em Edifica\u00e7\u00f5es, em institui\u00e7\u00e3o de ensino reconhecida pelo MEC. Registro no Conselho de Classe\" data-balloon-pos=\"up\">FISCAL DE OBRAS<\/span><\/td>\r\n<td class=\"cvagas\">03<\/td>\r\n<td class=\"cremuneracao\">R$ 2.088,45 \/40h<\/td>\r\n<\/tr><td class=\"ccargos\">\r\n<span data-balloon-length=\"medium\" aria-label=\"N\u00edvel M\u00e9dio Completo\" data-balloon-pos=\"up\">MONITOR DE TRANSPORTE ESCOLAR<\/span><\/td>\r\n<td class=\"cvagas\">01<\/td>\r\n<td class=\"cremuneracao\">R$ 1.632,33 \/40h<\/td>\r\n<\/tr><td class=\"ccargos\">\r\n<span data-balloon-length=\"medium\" aria-label=\"N\u00edvel M\u00e9dio, na modalidade Normal (Magist\u00e9rio). Com \u00eanfase em Educa\u00e7\u00e3o Infantil. Licenciatura em Pedagogia, com habilita\u00e7\u00e3o em Educa\u00e7\u00e3o Infantil\" data-balloon-pos=\"up\">PROFESSOR N\u00cdVEL 1<\/span><\/td>\r\n<td class=\"cvagas\">10<\/td>\r\n<td class=\"cremuneracao\">R$ 1.621,00 \/21.42h<\/td>\r\n<\/tr>\r\n    <\/tbody>\r\n  <\/table>\r\n<\/div>","_superior":"<div>\r\n<table class=\"quadro\">\r\n<thead>\r\n<tr>\r\n<th class=\"hcargo\">Cargo<\/th>\r\n<th class=\"hvagas\">Vagas<\/th>\r\n<th class=\"hremuneracao\">Remunera\u00e7\u00e3o<\/th>\r\n<\/tr>\r\n<\/thead>\r\n    <tbody>\r\n      <tr>\r\n<td class=\"ccargos\">\r\n<span data-balloon-length=\"medium\" aria-label=\"Curso Superior nas seguintes \u00e1reas: Bacharel em Direito ou Gest\u00e3o P\u00fablica ou Administra\u00e7\u00e3o ou Analista de Sistema ou Contabilidade e registro no respectivo conselho, com exce\u00e7\u00e3o do curso superior em Direito\" data-balloon-pos=\"up\">AGENTE DE CONTRATA\u00c7\u00c3O<\/span><\/td>\r\n<td class=\"cvagas\">02<\/td>\r\n<td class=\"cremuneracao\">R$ 3.113,76 \/40h<\/td>\r\n<\/tr><tr>\r\n<td class=\"ccargos\">\r\n<span data-balloon-length=\"medium\" aria-label=\"Ensino Superior Completo na \u00e1rea de Administra\u00e7\u00e3o, Gest\u00e3o de Recursos Humanos, Gest\u00e3o P\u00fablica ou Ci\u00eancias Cont\u00e1beis, reconhecido pelo Minist\u00e9rio da Educa\u00e7\u00e3o e comprova\u00e7\u00e3o de registro no Conselho Regional da Categoria\" data-balloon-pos=\"up\">ANALISTA DE RECURSOS HUMANOS<\/span><\/td>\r\n<td class=\"cvagas\">02<\/td>\r\n<td class=\"cremuneracao\">R$ 2.763,78 \/40h<\/td>\r\n<\/tr><tr>\r\n<td class=\"ccargos\">\r\n<span data-balloon-length=\"medium\" aria-label=\"Curso Superior em Servi\u00e7o Social e Registro no Conselho\" data-balloon-pos=\"up\">ASSISTENTE SOCIAL<\/span><\/td>\r\n<td class=\"cvagas\">02<\/td>\r\n<td class=\"cremuneracao\">R$ 3.218,52 \/30h<\/td>\r\n<\/tr><tr>\r\n<td class=\"ccargos\">\r\n<span data-balloon-length=\"medium\" aria-label=\"Ensino Superior em Contabilidade, Direito ou Engenharias\" data-balloon-pos=\"up\">AUDITOR FISCAL<\/span><\/td>\r\n<td class=\"cvagas\">01<\/td>\r\n<td class=\"cremuneracao\">R$ 3.113,76 \/40h<\/td>\r\n<\/tr><tr>\r\n<td class=\"ccargos\">\r\n<span data-balloon-length=\"medium\" aria-label=\"Curso Superior em Ci\u00eancias Cont\u00e1beis e Registro no Conselho Regional de Contabilidade \u2013 CRC\" data-balloon-pos=\"up\">CONTADOR<\/span><\/td>\r\n<td class=\"cvagas\">01<\/td>\r\n<td class=\"cremuneracao\">R$ 3.113,76 \/40h<\/td>\r\n<\/tr><tr>\r\n<td class=\"ccargos\">\r\n<span data-balloon-length=\"medium\" aria-label=\"Curso Superior em Enfermagem e Registro no Conselho de Classe\" data-balloon-pos=\"up\">ENFERMEIRO<\/span><\/td>\r\n<td class=\"cvagas\">02<\/td>\r\n<td class=\"cremuneracao\">R$ 4.291,35 \/40h<\/td>\r\n<\/tr><tr>\r\n<td class=\"ccargos\">\r\n<span data-balloon-length=\"medium\" aria-label=\"Curso Superior em Engenharia Ambiental ou Florestal e Registro no Conselho\" data-balloon-pos=\"up\">ENGENHEIRO AMBIENTAL OU FLORESTAL<\/span><\/td>\r\n<td class=\"cvagas\">01<\/td>\r\n<td class=\"cremuneracao\">R$ 4.700,00 \/30h<\/td>\r\n<\/tr><tr>\r\n<td class=\"ccargos\">\r\n<span data-balloon-length=\"medium\" aria-label=\"Curso Superior em Engenharia Civil e Registro no Conselho\" data-balloon-pos=\"up\">ENGENHEIRO CIVIL<\/span><\/td>\r\n<td class=\"cvagas\">01<\/td>\r\n<td class=\"cremuneracao\">R$ 4.700,00 \/30h<\/td>\r\n<\/tr><tr>\r\n<td class=\"ccargos\">\r\n<span data-balloon-length=\"medium\" aria-label=\"Curso Superior em Medicina, devidamente registrado no CRM\" data-balloon-pos=\"up\">M\u00c9DICO CL\u00cdNICO GERAL<\/span><\/td>\r\n<td class=\"cvagas\">02<\/td>\r\n<td class=\"cremuneracao\">R$ 5.865,02 \/20h<\/td>\r\n<\/tr><tr>\r\n<td class=\"ccargos\">\r\n<span data-balloon-length=\"medium\" aria-label=\"Habilita\u00e7\u00e3o em n\u00edvel superior, em curso de licenciatura de gradua\u00e7\u00e3o plena em \u00e1rea pr\u00f3pria para a educa\u00e7\u00e3o infantil ou s\u00e9ries iniciais do ensino fundamental ou ainda, em \u00e1rea espec\u00edfica de conhecimento para a doc\u00eancia nas s\u00e9ries finais do ensino fundamental e m\u00e9dio\" data-balloon-pos=\"up\">PROFESSOR N\u00cdVEL 2<\/span><\/td>\r\n<td class=\"cvagas\">10<\/td>\r\n<td class=\"cremuneracao\">R$ 1.775,64 \/21.42h<\/td>\r\n<\/tr><tr>\r\n<td class=\"ccargos\">\r\n<span data-balloon-length=\"medium\" aria-label=\"Curso Superior em Psicologia e Registro no Conselho de Classe\" data-balloon-pos=\"up\">PSIC\u00d3LOGO<\/span><\/td>\r\n<td class=\"cvagas\">02<\/td>\r\n<td class=\"cremuneracao\">R$ 4.291,35 \/40h<\/td>\r\n<\/tr><tr>\r\n<td class=\"ccargos\">\r\n<span data-balloon-length=\"medium\" aria-label=\"Diploma de N\u00edvel Universit\u00e1rio em Administra\u00e7\u00e3o P\u00fablica ou Administra\u00e7\u00e3o de Empresas ou Direito ou Economia e Registro no Respectivo \u00d3rg\u00e3o de Classe Conhecimentos de Inform\u00e1tica\" data-balloon-pos=\"up\">SUPERVIDOR DE CONTRATOS<\/span><\/td>\r\n<td class=\"cvagas\">01<\/td>\r\n<td class=\"cremuneracao\">R$ 2.577,37 \/40h<\/td>\r\n<\/tr><tr>\r\n<td class=\"ccargos\">\r\n<span data-balloon-length=\"medium\" aria-label=\"Curso de Magist\u00e9rio, Ensino Superior completo em Pedagogia devidamente reconhecido pelo MEC\" data-balloon-pos=\"up\">SUPERVISOR DE EDUCA\u00c7\u00c3O INFANTIL<\/span><\/td>\r\n<td class=\"cvagas\">01<\/td>\r\n<td class=\"cremuneracao\">R$ 3.113,76 \/40h<\/td>\r\n<\/tr>\r\n    <\/tbody>\r\n  <\/table>\r\n<\/div>"},"_links":{"self":[{"href":"https:\/\/www.agrobase.com.br\/concursos\/wp-json\/wp\/v2\/posts\/276593","targetHints":{"allow":["GET"]}}],"collection":[{"href":"https:\/\/www.agrobase.com.br\/concursos\/wp-json\/wp\/v2\/posts"}],"about":[{"href":"https:\/\/www.agrobase.com.br\/concursos\/wp-json\/wp\/v2\/types\/post"}],"author":[{"embeddable":true,"href":"https:\/\/www.agrobase.com.br\/concursos\/wp-json\/wp\/v2\/users\/7"}],"replies":[{"embeddable":true,"href":"https:\/\/www.agrobase.com.br\/concursos\/wp-json\/wp\/v2\/comments?post=276593"}],"version-history":[{"count":1,"href":"https:\/\/www.agrobase.com.br\/concursos\/wp-json\/wp\/v2\/posts\/276593\/revisions"}],"predecessor-version":[{"id":276595,"href":"https:\/\/www.agrobase.com.br\/concursos\/wp-json\/wp\/v2\/posts\/276593\/revisions\/276595"}],"wp:featuredmedia":[{"embeddable":true,"href":"https:\/\/www.agrobase.com.br\/concursos\/wp-json\/wp\/v2\/media\/276592"}],"wp:attachment":[{"href":"https:\/\/www.agrobase.com.br\/concursos\/wp-json\/wp\/v2\/media?parent=276593"}],"wp:term":[{"taxonomy":"category","embeddable":true,"href":"https:\/\/www.agrobase.com.br\/concursos\/wp-json\/wp\/v2\/categories?post=276593"},{"taxonomy":"post_tag","embeddable":true,"href":"https:\/\/www.agrobase.com.br\/concursos\/wp-json\/wp\/v2\/tags?post=276593"},{"taxonomy":"_amplo","embeddable":true,"href":"https:\/\/www.agrobase.com.br\/concursos\/wp-json\/wp\/v2\/_amplo?post=276593"},{"taxonomy":"destaque","embeddable":true,"href":"https:\/\/www.agrobase.com.br\/concursos\/wp-json\/wp\/v2\/destaque?post=276593"},{"taxonomy":"instituicoes","embeddable":true,"href":"https:\/\/www.agrobase.com.br\/concursos\/wp-json\/wp\/v2\/instituicoes?post=276593"}],"curies":[{"name":"wp","href":"https:\/\/api.w.org\/{rel}","templated":true}]}}