{"id":276580,"date":"2026-01-09T07:50:39","date_gmt":"2026-01-09T10:50:39","guid":{"rendered":"https:\/\/www.agrobase.com.br\/concursos\/?p=276580"},"modified":"2026-01-08T14:54:57","modified_gmt":"2026-01-08T17:54:57","slug":"prefeitura-cordilheira-alta-sc-concurso-01-2026","status":"publish","type":"post","link":"https:\/\/www.agrobase.com.br\/concursos\/2026\/prefeitura-cordilheira-alta-sc-concurso-01-2026\/","title":{"rendered":"Prefeitura Cordilheira Alta (SC) &#8211; Concurso 01\/2026"},"content":{"rendered":"<h2>Informa\u00e7\u00f5es Gerais<\/h2>\n<p>A Prefeitura Municipal de <strong>Cordilheira Alta<\/strong>, no estado de Santa Catarina, publicou o <strong>Edital n\u00ba 01\/2025<\/strong> do Concurso P\u00fablico destinado ao provimento de cargos efetivos e forma\u00e7\u00e3o de cadastro reserva. O certame est\u00e1 com inscri\u00e7\u00f5es abertas e oferece <strong>22 vagas imediatas<\/strong>, al\u00e9m de cadastro reserva para diversos cargos.<\/p>\n<p>O ingresso dos aprovados ocorrer\u00e1 pelo <strong>regime estatut\u00e1rio<\/strong>, conforme legisla\u00e7\u00e3o municipal vigente. O concurso contempla oportunidades para os n\u00edveis <strong>fundamental incompleto<\/strong>, <strong>m\u00e9dio\/t\u00e9cnico<\/strong> e <strong>superior<\/strong>, com remunera\u00e7\u00f5es que variam de <strong>R$ 2.185,40<\/strong> a <strong>R$ 24.559,93<\/strong>.<\/p>\n<p>As vagas abrangem diversas \u00e1reas de atua\u00e7\u00e3o, incluindo sa\u00fade, educa\u00e7\u00e3o, administra\u00e7\u00e3o e opera\u00e7\u00f5es. Destaca-se a oportunidade para <strong>M\u00e9dico Veterin\u00e1rio<\/strong>, cargo de interesse para profissionais das ci\u00eancias agr\u00e1rias e biol\u00f3gicas, com remunera\u00e7\u00e3o de R$ 6.507,11 para jornada de 40 horas semanais.<\/p>\n<p>O prazo de validade do concurso ser\u00e1 de <strong>2 anos<\/strong>, podendo ser prorrogado por igual per\u00edodo a crit\u00e9rio da administra\u00e7\u00e3o municipal. Continue a leitura para conhecer os detalhes sobre inscri\u00e7\u00f5es, etapas de sele\u00e7\u00e3o e cronograma de resultados.<\/p>\n<h2>Inscri\u00e7\u00f5es<\/h2>\n<p>As inscri\u00e7\u00f5es para o Concurso P\u00fablico da Prefeitura de Cordilheira Alta\/SC encontram-se <strong>abertas<\/strong> e devem ser realizadas <strong>exclusivamente pela internet<\/strong>, por meio do site da FUNDATEC (<strong>www.fundatec.org.br<\/strong>).<\/p>\n<p><strong>Per\u00edodo de inscri\u00e7\u00f5es:<\/strong><\/p>\n<ul>\n<li>In\u00edcio: 06 de janeiro de 2026<\/li>\n<li>Encerramento: 04 de fevereiro de 2026, at\u00e9 \u00e0s 17h<\/li>\n<\/ul>\n<p>Para efetuar a inscri\u00e7\u00e3o, o candidato deve utilizar seu pr\u00f3prio CPF e preencher corretamente todos os dados solicitados na ficha de inscri\u00e7\u00e3o. O pagamento da taxa deve ser realizado por meio de boleto banc\u00e1rio (bolepix), que permite quita\u00e7\u00e3o via c\u00f3digo de barras ou QRcode.<\/p>\n<p><strong>Importante:<\/strong> O candidato pode se inscrever para mais de um cargo, desde que as provas sejam realizadas em turnos diferentes. Caso haja inscri\u00e7\u00f5es para cargos com provas no mesmo turno, apenas a \u00faltima inscri\u00e7\u00e3o paga ser\u00e1 homologada.<\/p>\n<p><strong>Isen\u00e7\u00e3o da taxa de inscri\u00e7\u00e3o:<\/strong> O edital prev\u00ea procedimentos para solicita\u00e7\u00e3o de isen\u00e7\u00e3o. Os candidatos interessados devem consultar as regras espec\u00edficas e prazos no documento oficial.<\/p>\n<p>A FUNDATEC disponibiliza computadores para acesso \u00e0 internet em sua sede em Porto Alegre\/RS, e a Prefeitura Municipal oferece o mesmo servi\u00e7o em Cordilheira Alta\/SC, durante todo o per\u00edodo de inscri\u00e7\u00f5es.<\/p>\n<p>Ap\u00f3s o pagamento, o candidato deve aguardar dois dias \u00fateis banc\u00e1rios para consultar a confirma\u00e7\u00e3o de sua inscri\u00e7\u00e3o no site da banca organizadora. Recomenda-se a leitura integral do edital para conhecimento de todas as normas e procedimentos.<\/p>\n<h2>Etapas e Provas<\/h2>\n<p>O Concurso P\u00fablico da Prefeitura de Cordilheira Alta\/SC ser\u00e1 composto por at\u00e9 tr\u00eas etapas, conforme o cargo pretendido:<\/p>\n<p><strong>1. Prova Te\u00f3rico-Objetiva (todos os cargos)<\/strong><\/p>\n<ul>\n<li>Car\u00e1ter: eliminat\u00f3rio e classificat\u00f3rio<\/li>\n<li>Formato: quest\u00f5es de m\u00faltipla escolha<\/li>\n<li>Dura\u00e7\u00e3o: 3 horas<\/li>\n<li>Disciplinas: variam conforme o cargo, podendo incluir L\u00edngua Portuguesa, Matem\u00e1tica\/Racioc\u00ednio L\u00f3gico, Conhecimentos Gerais, Legisla\u00e7\u00e3o e Conhecimentos Espec\u00edficos<\/li>\n<li>Aprova\u00e7\u00e3o: o candidato deve atingir a pontua\u00e7\u00e3o m\u00ednima estabelecida no Anexo II do edital<\/li>\n<\/ul>\n<p><strong>Turnos de aplica\u00e7\u00e3o:<\/strong><\/p>\n<ul>\n<li><strong>Manh\u00e3:<\/strong> Analista de Recursos Humanos, Assistente Social, Assistente T\u00e9cnico Pedag\u00f3gico, Farmac\u00eautico, Fiscal de Tributos, Fonoaudi\u00f3logo, M\u00e9dico Cl\u00ednico Geral, M\u00e9dico Pediatra, M\u00e9dico Veterin\u00e1rio, Odont\u00f3logo, todos os cargos de Professor e Psic\u00f3logo<\/li>\n<li><strong>Tarde:<\/strong> Agente Comunit\u00e1rio de Sa\u00fade (todas as micro\u00e1reas), Agente de Combate \u00e0s Endemias, T\u00e9cnico de Apoio Administrativo, Auxiliar de Servi\u00e7os Gerais, Motorista e Operador de M\u00e1quinas<\/li>\n<\/ul>\n<p><strong>2. Prova de T\u00edtulos (somente cargos de Professor)<\/strong><\/p>\n<ul>\n<li>Car\u00e1ter: classificat\u00f3rio<\/li>\n<li>Aplicada aos candidatos aprovados na Prova Te\u00f3rico-Objetiva<\/li>\n<li>Envio dos documentos: exclusivamente pelo Formul\u00e1rio Online dispon\u00edvel no site da FUNDATEC<\/li>\n<\/ul>\n<p><strong>3. Prova Pr\u00e1tica (Motorista e Operador de M\u00e1quinas)<\/strong><\/p>\n<ul>\n<li>Car\u00e1ter: eliminat\u00f3rio<\/li>\n<li>Aplicada aos candidatos classificados na Prova Te\u00f3rico-Objetiva, conforme n\u00famero de convocados definido em edital<\/li>\n<li>Pontua\u00e7\u00e3o m\u00e1xima: 100 pontos<\/li>\n<li>Aprova\u00e7\u00e3o: m\u00ednimo de 50% de desempenho nas atividades propostas<\/li>\n<li>Requisito obrigat\u00f3rio: apresentar CNH v\u00e1lida na categoria exigida para o cargo no dia da prova<\/li>\n<\/ul>\n<p>Para informa\u00e7\u00f5es detalhadas sobre conte\u00fado program\u00e1tico, crit\u00e9rios de avalia\u00e7\u00e3o e cronograma completo, consulte o edital oficial do concurso.<\/p>\n<h2>Resultados e Gabarito<\/h2>\n<p>A divulga\u00e7\u00e3o dos resultados do Concurso P\u00fablico da Prefeitura de Cordilheira Alta\/SC seguir\u00e1 o cronograma estabelecido no edital, com publica\u00e7\u00f5es realizadas no site da FUNDATEC (<strong>www.fundatec.org.br<\/strong>).<\/p>\n<p><strong>Gabaritos:<\/strong><\/p>\n<ul>\n<li><strong>Gabarito Preliminar:<\/strong> divulgado ap\u00f3s a aplica\u00e7\u00e3o da Prova Te\u00f3rico-Objetiva, conforme data prevista no cronograma<\/li>\n<li><strong>Gabarito Definitivo:<\/strong> publicado ap\u00f3s an\u00e1lise dos recursos interpostos<\/li>\n<\/ul>\n<p><strong>Resultados por etapa:<\/strong><\/p>\n<ul>\n<li>Lista Preliminar de Inscri\u00e7\u00f5es Homologadas<\/li>\n<li>Resultado Preliminar da Prova Te\u00f3rico-Objetiva<\/li>\n<li>Resultado Definitivo da Prova Te\u00f3rico-Objetiva<\/li>\n<li>Resultado da Prova de T\u00edtulos (cargos de Professor)<\/li>\n<li>Resultado da Prova Pr\u00e1tica (Motorista e Operador de M\u00e1quinas)<\/li>\n<\/ul>\n<p><strong>Crit\u00e9rios de desempate:<\/strong><\/p>\n<ul>\n<li>Candidato idoso (maior de 60 anos), com prefer\u00eancia ao de idade mais elevada<\/li>\n<li>Maior pontua\u00e7\u00e3o em Conhecimentos Espec\u00edficos<\/li>\n<li>Maior pontua\u00e7\u00e3o em L\u00edngua Portuguesa<\/li>\n<li>Demais crit\u00e9rios conforme ordem estabelecida no edital<\/li>\n<li>Exerc\u00edcio efetivo como jurado em Tribunal do J\u00fari<\/li>\n<li>Sorteio P\u00fablico, se persistir o empate<\/li>\n<\/ul>\n<p><strong>Homologa\u00e7\u00e3o do Resultado Final:<\/strong> Ap\u00f3s a conclus\u00e3o de todas as etapas, ser\u00e1 publicado o Edital de Homologa\u00e7\u00e3o do Resultado Final, contendo a lista de classificados em Ampla Concorr\u00eancia, devidamente autorizado pelo Prefeito Municipal.<\/p>\n<p><strong>Convoca\u00e7\u00e3o:<\/strong> Os candidatos aprovados ser\u00e3o convocados por correspond\u00eancia eletr\u00f4nica (e-mail) e publica\u00e7\u00e3o no site da Prefeitura Municipal, devendo manter seus dados cadastrais atualizados.<\/p>\n<p>O acompanhamento de todas as publica\u00e7\u00f5es oficiais, incluindo editais, comunicados e convoca\u00e7\u00f5es, \u00e9 de <strong>responsabilidade exclusiva do candidato<\/strong>. Recomenda-se consultar regularmente o site da FUNDATEC e os meios oficiais de divulga\u00e7\u00e3o do munic\u00edpio.<\/p>\n","protected":false},"excerpt":{"rendered":"<p>Concurso Pref. Cordilheira Alta (SC) com edital publicado! Vagas p\/ M\u00e9dico e Professor (Fund. a Sup.). Inscri\u00e7\u00f5es a partir de 06\/01. Confira detalhes!<\/p>\n","protected":false},"author":7,"featured_media":276579,"comment_status":"open","ping_status":"open","sticky":false,"template":"","format":"standard","meta":{"_acf_changed":false,"_breakdance_hide_in_design_set":false,"_breakdance_tags":"","footnotes":""},"categories":[3,9,10,117,6434,17,19,6871,21,22,24,25,26,101],"tags":[61],"_amplo":[],"destaque":[],"instituicoes":[],"class_list":["post-276580","post","type-post","status-publish","format-standard","has-post-thumbnail","hentry","category-administracao","category-ciencias-contabeis","category-direito","category-economia","category-educacao-fisica-licenciatura","category-farmacia","category-fonoaudiologia","category-letras-ingles","category-medicina","category-veterinaria","category-odontologia","category-pedagogia","category-psicologia","category-servico-social","tag-santa-catarina"],"acf":{"_tipo_vagas":"vagas","_numero_vagas":"","_quadro_vagas":"","_cargos":"diversos","_cargos_especificos":"","_salario_max":"R$ 24559.93","_abertura":"20260106","_encerramento":"20260204","_inscricoes":"https:\/\/www.fundatec.org.br","_executora_concurso":"","_instituicao_concurso":[],"_link_adicional":null,"_anexos":null,"_produtos":null,"_vagas":"22 vagas + CR","_salario_min":"R$ 2185.4","_instituicao":"Prefeitura de Cordilheira Alta","_edital":"https:\/\/www.agrobase.com.br\/concursos\/wp-content\/uploads\/sites\/4\/2026\/01\/edital-01-2026-prefeitura-de-cordilheira-alta-sc.pdf","_anexos_edital":"https:\/\/www.agrobase.com.br\/concursos\/wp-content\/uploads\/sites\/4\/2026\/01\/anexos-edital-01-2026-prefeitura-de-cordilheira-alta-sc.pdf","_fund_incompleto":"<div>\r\n<table class=\"quadro\">\r\n<thead>\r\n<tr>\r\n<th class=\"hcargo\">Cargo<\/th>\r\n<th class=\"hvagas\">Vagas<\/th>\r\n<th class=\"hremuneracao\">Remunera\u00e7\u00e3o<\/th>\r\n<\/tr>\r\n<\/thead>\r\n    <tbody>\r\n      <td class=\"ccargos\">\r\n<span data-balloon-length=\"medium\" aria-label=\"N\u00edvel Alfabetizado \u2013 Ensino Fundamental Incompleto - m\u00ednimo 1\u00ba ano.\" data-balloon-pos=\"up\">Auxiliar de Servi\u00e7os Gerais<\/span><\/td>\r\n<td class=\"cvagas\">1 + CR<\/td>\r\n<td class=\"cremuneracao\">R$ 2.185,40 \/40h<\/td>\r\n<\/tr><td class=\"ccargos\">\r\n<span data-balloon-length=\"medium\" data-balloon-pos=\"up\">Motorista<\/span><\/td>\r\n<td class=\"cvagas\">1 + CR<\/td>\r\n<td class=\"cremuneracao\">R$ 4.097,61 \/40h<\/td>\r\n<\/tr><td class=\"ccargos\">\r\n<span data-balloon-length=\"medium\" data-balloon-pos=\"up\">Operador de M\u00e1quinas<\/span><\/td>\r\n<td class=\"cvagas\">1 + CR<\/td>\r\n<td class=\"cremuneracao\">R$ 4.942,73 \/40h<\/td>\r\n<\/tr>\r\n    <\/tbody>\r\n  <\/table>\r\n<\/div>","_fund_completo":"","_medio":"<div>\r\n<table class=\"quadro\">\r\n<thead>\r\n<tr>\r\n<th class=\"hcargo\">Cargo<\/th>\r\n<th class=\"hvagas\">Vagas<\/th>\r\n<th class=\"hremuneracao\">Remunera\u00e7\u00e3o<\/th>\r\n<\/tr>\r\n<\/thead>\r\n    <tbody>\r\n      <td class=\"ccargos\">\r\n<span data-balloon-length=\"medium\" aria-label=\"Ensino M\u00e9dio Completo, ter conclu\u00eddo, com aproveitamento, Curso de Forma\u00e7\u00e3o Inicial, com carga hor\u00e1ria m\u00ednima de 40 horas e residir na \u00e1rea da comunidade em que ir\u00e1 atuar desde a data de publica\u00e7\u00e3o deste Edital.\" data-balloon-pos=\"up\">Agente Comunit\u00e1rio de Sa\u00fade - Micro\u00e1rea 01<\/span><\/td>\r\n<td class=\"cvagas\">1 + CR<\/td>\r\n<td class=\"cremuneracao\">R$ 3.036,00 \/40h<\/td>\r\n<\/tr><td class=\"ccargos\">\r\n<span data-balloon-length=\"medium\" aria-label=\"Ensino M\u00e9dio Completo, ter conclu\u00eddo, com aproveitamento, Curso de Forma\u00e7\u00e3o Inicial, com carga hor\u00e1ria m\u00ednima de 40 horas e residir na \u00e1rea da comunidade em que ir\u00e1 atuar desde a data de publica\u00e7\u00e3o deste Edital.\" data-balloon-pos=\"up\">Agente Comunit\u00e1rio de Sa\u00fade - Micro\u00e1rea 05<\/span><\/td>\r\n<td class=\"cvagas\">1 + CR<\/td>\r\n<td class=\"cremuneracao\">R$ 3.036,00 \/40h<\/td>\r\n<\/tr><td class=\"ccargos\">\r\n<span data-balloon-length=\"medium\" aria-label=\"Ensino M\u00e9dio Completo, ter conclu\u00eddo, com aproveitamento, Curso de Forma\u00e7\u00e3o Inicial, com carga hor\u00e1ria m\u00ednima de 40 horas e residir na \u00e1rea da comunidade em que ir\u00e1 atuar desde a data de publica\u00e7\u00e3o deste Edital.\" data-balloon-pos=\"up\">Agente Comunit\u00e1rio de Sa\u00fade - Micro\u00e1rea 06<\/span><\/td>\r\n<td class=\"cvagas\">1 + CR<\/td>\r\n<td class=\"cremuneracao\">R$ 3.036,00 \/40h<\/td>\r\n<\/tr><td class=\"ccargos\">\r\n<span data-balloon-length=\"medium\" aria-label=\"Ensino M\u00e9dio Completo, ter conclu\u00eddo, com aproveitamento, Curso de Forma\u00e7\u00e3o Inicial, com carga hor\u00e1ria m\u00ednima de 40 horas e residir na \u00e1rea da comunidade em que ir\u00e1 atuar desde a data de publica\u00e7\u00e3o deste Edital.\" data-balloon-pos=\"up\">Agente Comunit\u00e1rio de Sa\u00fade - Micro\u00e1rea 08<\/span><\/td>\r\n<td class=\"cvagas\">1 + CR<\/td>\r\n<td class=\"cremuneracao\">R$ 3.036,00 \/40h<\/td>\r\n<\/tr><td class=\"ccargos\">\r\n<span data-balloon-length=\"medium\" aria-label=\"Ensino M\u00e9dio Completo, ter conclu\u00eddo, com aproveitamento, Curso de Forma\u00e7\u00e3o Inicial, com carga hor\u00e1ria m\u00ednima de 40 horas e residir na \u00e1rea da comunidade em que ir\u00e1 atuar desde a data de publica\u00e7\u00e3o deste Edital.\" data-balloon-pos=\"up\">Agente Comunit\u00e1rio de Sa\u00fade - Micro\u00e1rea 09<\/span><\/td>\r\n<td class=\"cvagas\">1 + CR<\/td>\r\n<td class=\"cremuneracao\">R$ 3.036,00 \/40h<\/td>\r\n<\/tr><td class=\"ccargos\">\r\n<span data-balloon-length=\"medium\" aria-label=\"Ensino M\u00e9dio Completo e ter conclu\u00eddo, com aproveitamento, Curso de Forma\u00e7\u00e3o Inicial, com carga hor\u00e1ria m\u00ednima de 40 horas.\" data-balloon-pos=\"up\">Agente de Combate \u00e0s Endemias<\/span><\/td>\r\n<td class=\"cvagas\">CR<\/td>\r\n<td class=\"cremuneracao\">R$ 3.036,00 \/40h<\/td>\r\n<\/tr><td class=\"ccargos\">\r\n<span data-balloon-length=\"medium\" aria-label=\"Ensino M\u00e9dio Completo.\" data-balloon-pos=\"up\">T\u00e9cnico de Apoio Administrativo<\/span><\/td>\r\n<td class=\"cvagas\">1 + CR<\/td>\r\n<td class=\"cremuneracao\">R$ 4.097,61 \/40h<\/td>\r\n<\/tr>\r\n    <\/tbody>\r\n  <\/table>\r\n<\/div>","_superior":"<div>\r\n<table class=\"quadro\">\r\n<thead>\r\n<tr>\r\n<th class=\"hcargo\">Cargo<\/th>\r\n<th class=\"hvagas\">Vagas<\/th>\r\n<th class=\"hremuneracao\">Remunera\u00e7\u00e3o<\/th>\r\n<\/tr>\r\n<\/thead>\r\n    <tbody>\r\n      <tr>\r\n<td class=\"ccargos\">\r\n<span data-balloon-length=\"medium\" aria-label=\"Ensino Superior Completo em Administra\u00e7\u00e3o ou Gest\u00e3o de Recursos Humanos\" data-balloon-pos=\"up\">Analista de Recursos Humanos<\/span><\/td>\r\n<td class=\"cvagas\">CR<\/td>\r\n<td class=\"cremuneracao\">R$ 4.942,73 \/40h<\/td>\r\n<\/tr><tr>\r\n<td class=\"ccargos\">\r\n<span data-balloon-length=\"medium\" aria-label=\"Ensino Superior Completo em Servi\u00e7o Social com registro no respectivo Conselho da Classe.\" data-balloon-pos=\"up\">Assistente Social<\/span><\/td>\r\n<td class=\"cvagas\">1 + CR<\/td>\r\n<td class=\"cremuneracao\">R$ 6.507,11 \/40h<\/td>\r\n<\/tr><tr>\r\n<td class=\"ccargos\">\r\n<span data-balloon-length=\"medium\" aria-label=\"Ensino Superior Completo em Licenciatura Plena.\" data-balloon-pos=\"up\">Assistente T\u00e9cnico Pedag\u00f3gico<\/span><\/td>\r\n<td class=\"cvagas\">1 + CR<\/td>\r\n<td class=\"cremuneracao\">R$ 4.334,44 \/40h<\/td>\r\n<\/tr><tr>\r\n<td class=\"ccargos\">\r\n<span data-balloon-length=\"medium\" aria-label=\"Ensino Superior Completo em Farm\u00e1cia com registro no respectivo Conselho da Classe.\" data-balloon-pos=\"up\">Farmac\u00eautico<\/span><\/td>\r\n<td class=\"cvagas\">1 + CR<\/td>\r\n<td class=\"cremuneracao\">R$ 6.082,42 \/40h<\/td>\r\n<\/tr><tr>\r\n<td class=\"ccargos\">\r\n<span data-balloon-length=\"medium\" aria-label=\"Ensino Superior Completo em Administra\u00e7\u00e3o, Ci\u00eancias Cont\u00e1beis, Economia ou Direito.\" data-balloon-pos=\"up\">Fiscal de Tributos, Obras e Vigil\u00e2ncia Sanit\u00e1ria<\/span><\/td>\r\n<td class=\"cvagas\">CR<\/td>\r\n<td class=\"cremuneracao\">R$ 4.942,73 \/40h<\/td>\r\n<\/tr><tr>\r\n<td class=\"ccargos\">\r\n<span data-balloon-length=\"medium\" aria-label=\"Ensino Superior Completo em Fonoaudi\u00f3logo com registro no respectivo Conselho da Classe.\" data-balloon-pos=\"up\">Fonoaudi\u00f3logo<\/span><\/td>\r\n<td class=\"cvagas\">1 + CR<\/td>\r\n<td class=\"cremuneracao\">R$ 4.097,60 \/20h<\/td>\r\n<\/tr><tr>\r\n<td class=\"ccargos\">\r\n<span data-balloon-length=\"medium\" aria-label=\"Ensino Superior Completo em Medicina e habilita\u00e7\u00e3o legal para o exerc\u00edcio do cargo com registro no respectivo Conselho de Classe.\" data-balloon-pos=\"up\">M\u00e9dico Cl\u00ednico Geral<\/span><\/td>\r\n<td class=\"cvagas\">1 + CR<\/td>\r\n<td class=\"cremuneracao\">R$ 24.559,93 \/40h<\/td>\r\n<\/tr><tr>\r\n<td class=\"ccargos\">\r\n<span data-balloon-length=\"medium\" aria-label=\"Ensino Superior Completo em Medicina, Especializa\u00e7\u00e3o espec\u00edfica ou Resid\u00eancia M\u00e9dica Completa na \u00e1rea de atua\u00e7\u00e3o e habilita\u00e7\u00e3o legal para o exerc\u00edcio do cargo com registro no respectivo Conselho de Classe.\" data-balloon-pos=\"up\">M\u00e9dico Especialista - Pediatra<\/span><\/td>\r\n<td class=\"cvagas\">1 + CR<\/td>\r\n<td class=\"cremuneracao\">R$ 9.127,93 \/12h<\/td>\r\n<\/tr><tr>\r\n<td class=\"ccargos\">\r\n<span data-balloon-length=\"medium\" aria-label=\"Ensino Superior Completo em Medicina Veterin\u00e1ria e habilita\u00e7\u00e3o legal para o exerc\u00edcio do cargo com registro no respectivo Conselho de Classe.\" data-balloon-pos=\"up\">M\u00e9dico Veterin\u00e1rio<\/span><\/td>\r\n<td class=\"cvagas\">CR<\/td>\r\n<td class=\"cremuneracao\">R$ 6.507,11 \/40h<\/td>\r\n<\/tr><tr>\r\n<td class=\"ccargos\">\r\n<span data-balloon-length=\"medium\" aria-label=\"Ensino Superior Completo em Odontologia e habilita\u00e7\u00e3o legal para o exerc\u00edcio do cargo com registro no respectivo Conselho de Classe.\" data-balloon-pos=\"up\">Odont\u00f3logo<\/span><\/td>\r\n<td class=\"cvagas\">1 + CR<\/td>\r\n<td class=\"cremuneracao\">R$ 3.736,94 \/20h<\/td>\r\n<\/tr><tr>\r\n<td class=\"ccargos\">\r\n<span data-balloon-length=\"medium\" aria-label=\"Ensino Superior Completo de Licenciatura em Educa\u00e7\u00e3o F\u00edsica com registro no respectivo Conselho da Classe.\" data-balloon-pos=\"up\">Professor de Atividades Desportivas<\/span><\/td>\r\n<td class=\"cvagas\">1 + CR<\/td>\r\n<td class=\"cremuneracao\">R$ 2.582,60 \/20h<\/td>\r\n<\/tr><tr>\r\n<td class=\"ccargos\">\r\n<span data-balloon-length=\"medium\" aria-label=\"Ensino Superior Completo de Licenciatura em Educa\u00e7\u00e3o Especial ou em Pedagogia com habilita\u00e7\u00e3o em Educa\u00e7\u00e3o Especial; ou em Pedagogia com Especializa\u00e7\u00e3o em Educa\u00e7\u00e3o Especial; ou em Pedagogia com m\u00ednimo 200 horas de forma\u00e7\u00e3o continuada em Educa\u00e7\u00e3o Especial.\" data-balloon-pos=\"up\">Professor de Educa\u00e7\u00e3o Especial<\/span><\/td>\r\n<td class=\"cvagas\">1 + CR<\/td>\r\n<td class=\"cremuneracao\">R$ 2.582,60 \/20h<\/td>\r\n<\/tr><tr>\r\n<td class=\"ccargos\">\r\n<span data-balloon-length=\"medium\" aria-label=\"Ensino Superior Completo de Licenciatura Plena com habilita\u00e7\u00e3o espec\u00edfica na \u00e1rea de atua\u00e7\u00e3o (Pedagogia).\" data-balloon-pos=\"up\">Professor de Educa\u00e7\u00e3o Infantil (Creche e Pr\u00e9-Escola)<\/span><\/td>\r\n<td class=\"cvagas\">1 + CR<\/td>\r\n<td class=\"cremuneracao\">R$ 2.582,60 \/20h<\/td>\r\n<\/tr><tr>\r\n<td class=\"ccargos\">\r\n<span data-balloon-length=\"medium\" aria-label=\"Ensino Superior Completo de Licenciatura Plena com habilita\u00e7\u00e3o espec\u00edfica na \u00e1rea de atua\u00e7\u00e3o (Pedagogia).\" data-balloon-pos=\"up\">Professor de Ensino Fundamental (Anos Iniciais)<\/span><\/td>\r\n<td class=\"cvagas\">1 + CR<\/td>\r\n<td class=\"cremuneracao\">R$ 2.582,60 \/20h<\/td>\r\n<\/tr><tr>\r\n<td class=\"ccargos\">\r\n<span data-balloon-length=\"medium\" aria-label=\"Ensino Superior Completo de Licenciatura Plena com habilita\u00e7\u00e3o espec\u00edfica.\" data-balloon-pos=\"up\">Professor de Ensino Religioso<\/span><\/td>\r\n<td class=\"cvagas\">1 + CR<\/td>\r\n<td class=\"cremuneracao\">R$ 2.582,60 \/20h<\/td>\r\n<\/tr><tr>\r\n<td class=\"ccargos\">\r\n<span data-balloon-length=\"medium\" aria-label=\"Ensino Superior Completo de Licenciatura Plena com habilita\u00e7\u00e3o espec\u00edfica.\" data-balloon-pos=\"up\">Professor de Habilidades Art\u00edsticas e Culturais<\/span><\/td>\r\n<td class=\"cvagas\">1 + CR<\/td>\r\n<td class=\"cremuneracao\">R$ 2.582,60 \/20h<\/td>\r\n<\/tr><tr>\r\n<td class=\"ccargos\">\r\n<span data-balloon-length=\"medium\" aria-label=\"Ensino Superior Completo de Licenciatura Plena com habilita\u00e7\u00e3o espec\u00edfica.\" data-balloon-pos=\"up\">Professor de Ingl\u00eas<\/span><\/td>\r\n<td class=\"cvagas\">1 + CR<\/td>\r\n<td class=\"cremuneracao\">R$ 5.165,20 \/40h<\/td>\r\n<\/tr><tr>\r\n<td class=\"ccargos\">\r\n<span data-balloon-length=\"medium\" aria-label=\"Ensino Superior Completo em Psicologia e habilita\u00e7\u00e3o legal para o exerc\u00edcio do cargo com registro no respectivo Conselho de Classe.\" data-balloon-pos=\"up\">Psic\u00f3logo<\/span><\/td>\r\n<td class=\"cvagas\">1 + CR<\/td>\r\n<td class=\"cremuneracao\">R$ 3.736,94 \/20h<\/td>\r\n<\/tr>\r\n    <\/tbody>\r\n  <\/table>\r\n<\/div>"},"_links":{"self":[{"href":"https:\/\/www.agrobase.com.br\/concursos\/wp-json\/wp\/v2\/posts\/276580","targetHints":{"allow":["GET"]}}],"collection":[{"href":"https:\/\/www.agrobase.com.br\/concursos\/wp-json\/wp\/v2\/posts"}],"about":[{"href":"https:\/\/www.agrobase.com.br\/concursos\/wp-json\/wp\/v2\/types\/post"}],"author":[{"embeddable":true,"href":"https:\/\/www.agrobase.com.br\/concursos\/wp-json\/wp\/v2\/users\/7"}],"replies":[{"embeddable":true,"href":"https:\/\/www.agrobase.com.br\/concursos\/wp-json\/wp\/v2\/comments?post=276580"}],"version-history":[{"count":1,"href":"https:\/\/www.agrobase.com.br\/concursos\/wp-json\/wp\/v2\/posts\/276580\/revisions"}],"predecessor-version":[{"id":276582,"href":"https:\/\/www.agrobase.com.br\/concursos\/wp-json\/wp\/v2\/posts\/276580\/revisions\/276582"}],"wp:featuredmedia":[{"embeddable":true,"href":"https:\/\/www.agrobase.com.br\/concursos\/wp-json\/wp\/v2\/media\/276579"}],"wp:attachment":[{"href":"https:\/\/www.agrobase.com.br\/concursos\/wp-json\/wp\/v2\/media?parent=276580"}],"wp:term":[{"taxonomy":"category","embeddable":true,"href":"https:\/\/www.agrobase.com.br\/concursos\/wp-json\/wp\/v2\/categories?post=276580"},{"taxonomy":"post_tag","embeddable":true,"href":"https:\/\/www.agrobase.com.br\/concursos\/wp-json\/wp\/v2\/tags?post=276580"},{"taxonomy":"_amplo","embeddable":true,"href":"https:\/\/www.agrobase.com.br\/concursos\/wp-json\/wp\/v2\/_amplo?post=276580"},{"taxonomy":"destaque","embeddable":true,"href":"https:\/\/www.agrobase.com.br\/concursos\/wp-json\/wp\/v2\/destaque?post=276580"},{"taxonomy":"instituicoes","embeddable":true,"href":"https:\/\/www.agrobase.com.br\/concursos\/wp-json\/wp\/v2\/instituicoes?post=276580"}],"curies":[{"name":"wp","href":"https:\/\/api.w.org\/{rel}","templated":true}]}}