{"id":276573,"date":"2026-01-09T07:40:35","date_gmt":"2026-01-09T10:40:35","guid":{"rendered":"https:\/\/www.agrobase.com.br\/concursos\/?p=276573"},"modified":"2026-01-08T13:53:28","modified_gmt":"2026-01-08T16:53:28","slug":"ufnt-to-selecao-simplificada-01-2026","status":"publish","type":"post","link":"https:\/\/www.agrobase.com.br\/concursos\/2026\/ufnt-to-selecao-simplificada-01-2026\/","title":{"rendered":"UFNT (TO) &#8211; Sele\u00e7\u00e3o Simplificada 01\/2026"},"content":{"rendered":"<h2>Informa\u00e7\u00f5es Gerais<\/h2>\n<p>A <strong>Universidade Federal do Norte do Tocantins (UFNT)<\/strong> publicou o edital do Processo Seletivo Simplificado para Professor Substituto 2026.1, destinado \u00e0 contrata\u00e7\u00e3o tempor\u00e1ria de docentes para diversos cursos de gradua\u00e7\u00e3o da institui\u00e7\u00e3o.<\/p>\n<p>O certame oferece <strong>23 vagas imediatas<\/strong>, al\u00e9m de forma\u00e7\u00e3o de cadastro de reserva para 7 c\u00f3digos de vaga. Do total, 7 vagas s\u00e3o reservadas para pessoas pretas e pardas e 2 para pessoas com defici\u00eancia. A sele\u00e7\u00e3o ser\u00e1 realizada de forma totalmente remota.<\/p>\n<p>As oportunidades s\u00e3o exclusivamente para profissionais com <strong>n\u00edvel superior<\/strong>, contemplando \u00e1reas como Log\u00edstica, Qu\u00edmica, Geografia, F\u00edsica, Letras, Direito, Educa\u00e7\u00e3o F\u00edsica, Pedagogia, Medicina, Ci\u00eancias Sociais e Educa\u00e7\u00e3o do Campo.<\/p>\n<p>Para os leitores do Agronomia.Org, destacam-se as vagas nas \u00e1reas de <strong>Zootecnia<\/strong>, <strong>Medicina Veterin\u00e1ria<\/strong> e <strong>Ci\u00eancias Biol\u00f3gicas<\/strong>, que exigem forma\u00e7\u00e3o espec\u00edfica e titula\u00e7\u00e3o em n\u00edvel de doutorado ou especializa\u00e7\u00e3o, conforme o cargo.<\/p>\n<p>A carga hor\u00e1ria varia entre 20 e 40 horas semanais, de acordo com o c\u00f3digo de vaga escolhido. O regime de contrata\u00e7\u00e3o \u00e9 tempor\u00e1rio, com validade de 1 ano, podendo ser prorrogado por igual per\u00edodo.<\/p>\n<p>Continue a leitura para conhecer os detalhes sobre inscri\u00e7\u00f5es, etapas do processo seletivo e divulga\u00e7\u00e3o dos resultados.<\/p>\n<h2>Inscri\u00e7\u00f5es<\/h2>\n<p>As inscri\u00e7\u00f5es para o Processo Seletivo de Professor Substituto da UFNT estar\u00e3o abertas no per\u00edodo de <strong>05 de janeiro a 25 de janeiro de 2026<\/strong>, exclusivamente pela internet.<\/p>\n<p>Para se inscrever, o candidato deve acessar o formul\u00e1rio eletr\u00f4nico dispon\u00edvel no link oficial e preencher todos os dados solicitados. No mesmo formul\u00e1rio, \u00e9 obrigat\u00f3rio anexar a GRU (Guia de Recolhimento da Uni\u00e3o) e o comprovante de pagamento da taxa de inscri\u00e7\u00e3o.<\/p>\n<p><strong>Taxa de inscri\u00e7\u00e3o:<\/strong> R$ 120,00 (valor \u00fanico para todos os cargos).<\/p>\n<p>O pagamento deve ser realizado exclusivamente via GRU, com op\u00e7\u00e3o de pagamento por PIX, at\u00e9 o dia 25\/01\/2026. N\u00e3o ser\u00e3o aceitos agendamentos de pagamento, dep\u00f3sitos por envelope ou transfer\u00eancias banc\u00e1rias.<\/p>\n<p><strong>Dados para emiss\u00e3o da GRU:<\/strong><\/p>\n<ul>\n<li>\u00d3rg\u00e3o arrecadador: 26457 &#8211; Universidade Federal do Norte do Tocantins<\/li>\n<li>Unidade Gestora: 156763<\/li>\n<li>Servi\u00e7o: 018408 &#8211; Taxa de Inscri\u00e7\u00e3o Professor Substituto<\/li>\n<li>N\u00famero de refer\u00eancia: 150<\/li>\n<li>Compet\u00eancia: 01\/2026<\/li>\n<li>Vencimento: 25\/01\/2026<\/li>\n<\/ul>\n<p>O candidato poder\u00e1 concorrer a apenas uma vaga. Havendo mais de uma inscri\u00e7\u00e3o, prevalecer\u00e1 a \u00faltima confirmada. N\u00e3o ser\u00e3o aceitas inscri\u00e7\u00f5es via fax, correio eletr\u00f4nico ou fora do prazo estabelecido.<\/p>\n<p><strong>Isen\u00e7\u00e3o da taxa:<\/strong> O per\u00edodo para solicita\u00e7\u00e3o de isen\u00e7\u00e3o ser\u00e1 de 05 a 08 de janeiro de 2026. A divulga\u00e7\u00e3o das isen\u00e7\u00f5es confirmadas ocorrer\u00e1 em 14\/01\/2026, com prazo para recurso em 15\/01\/2026.<\/p>\n<p>A confirma\u00e7\u00e3o das inscri\u00e7\u00f5es ser\u00e1 publicada no dia 28\/01\/2026 no endere\u00e7o eletr\u00f4nico <strong>https:\/\/ufnt.edu.br\/concursos-2\/<\/strong>. Recomenda-se a leitura integral do edital para verificar todos os requisitos e procedimentos.<\/p>\n<h2>Etapas e Provas<\/h2>\n<p>O Processo Seletivo Simplificado para Professor Substituto da UFNT ser\u00e1 composto por <strong>uma \u00fanica etapa<\/strong>, dividida em tr\u00eas fases, todas realizadas de forma remota por videochamada:<\/p>\n<ul>\n<li><strong>Entrevista e An\u00e1lise de Curriculum Vitae ou Lattes<\/strong> \u2013 Car\u00e1ter eliminat\u00f3rio e classificat\u00f3rio<\/li>\n<li><strong>Prova Did\u00e1tica<\/strong> \u2013 Car\u00e1ter eliminat\u00f3rio e classificat\u00f3rio<\/li>\n<li><strong>Avalia\u00e7\u00e3o de T\u00edtulos<\/strong> \u2013 Car\u00e1ter apenas classificat\u00f3rio<\/li>\n<\/ul>\n<p><strong>1. Entrevista e An\u00e1lise de Curriculum Vitae ou Lattes<\/strong><\/p>\n<p>Ser\u00e1 realizada entre os dias 25 e 26 de fevereiro de 2026 (data prov\u00e1vel), com dura\u00e7\u00e3o de at\u00e9 15 minutos. A banca avaliar\u00e1 aspectos como trajet\u00f3ria acad\u00eamica, experi\u00eancia profissional e adequa\u00e7\u00e3o ao perfil da vaga. A nota m\u00ednima para aprova\u00e7\u00e3o \u00e9 <strong>3,0 pontos<\/strong>. O candidato ausente ser\u00e1 eliminado.<\/p>\n<p><strong>2. Prova Did\u00e1tica<\/strong><\/p>\n<p>Realizada logo ap\u00f3s a entrevista, consiste em uma aula te\u00f3rica de at\u00e9 30 minutos sobre tema sorteado com 24 horas de anteced\u00eancia, seguida de argui\u00e7\u00e3o de at\u00e9 10 minutos. O candidato deve enviar o plano de aula por e-mail at\u00e9 1 hora antes da avalia\u00e7\u00e3o. A nota m\u00e1xima \u00e9 6,0 pontos, sendo necess\u00e1rio obter no m\u00ednimo <strong>3,0 pontos<\/strong> para aprova\u00e7\u00e3o. Crit\u00e9rios avaliados:<\/p>\n<ul>\n<li>Capacidade de organiza\u00e7\u00e3o e exposi\u00e7\u00e3o de ideias<\/li>\n<li>Objetividade e esp\u00edrito cr\u00edtico<\/li>\n<li>Dom\u00ednio do tema sorteado<\/li>\n<li>Coer\u00eancia entre plano de aula e desenvolvimento<\/li>\n<\/ul>\n<p><strong>3. Avalia\u00e7\u00e3o de T\u00edtulos<\/strong><\/p>\n<p>Somente ter\u00e3o os t\u00edtulos avaliados os candidatos aprovados nas fases anteriores. Os documentos devem ser enviados por e-mail, em PDF \u00fanico, at\u00e9 25\/01\/2026, juntamente com o Anexo II preenchido. S\u00e3o pontuados t\u00edtulos de p\u00f3s-gradua\u00e7\u00e3o, experi\u00eancia docente, aprova\u00e7\u00e3o em concursos p\u00fablicos e produ\u00e7\u00e3o acad\u00eamica.<\/p>\n<p>Para informa\u00e7\u00f5es detalhadas sobre conte\u00fado program\u00e1tico, crit\u00e9rios de pontua\u00e7\u00e3o e regras espec\u00edficas de cada fase, consulte o edital completo.<\/p>\n<h2>Resultados e Gabarito<\/h2>\n<p>A divulga\u00e7\u00e3o dos resultados do Processo Seletivo para Professor Substituto da UFNT seguir\u00e1 o cronograma estabelecido no edital, com publica\u00e7\u00f5es no endere\u00e7o eletr\u00f4nico <strong>https:\/\/ufnt.edu.br\/concursos-2\/<\/strong>.<\/p>\n<p><strong>Principais datas previstas:<\/strong><\/p>\n<ul>\n<li><strong>28\/01\/2026:<\/strong> Divulga\u00e7\u00e3o das inscri\u00e7\u00f5es confirmadas e rela\u00e7\u00e3o de candidatos concorrentes \u00e0s vagas reservadas<\/li>\n<li><strong>02\/03\/2026:<\/strong> Resultado provis\u00f3rio (data prov\u00e1vel)<\/li>\n<li><strong>04 e 05\/03\/2026:<\/strong> Prazo para interposi\u00e7\u00e3o de recursos contra o resultado provis\u00f3rio<\/li>\n<li><strong>09\/03\/2026:<\/strong> Resposta aos recursos<\/li>\n<li><strong>26\/03\/2026:<\/strong> Resultado final (data prov\u00e1vel)<\/li>\n<\/ul>\n<p><strong>Crit\u00e9rios de classifica\u00e7\u00e3o:<\/strong> A nota final ser\u00e1 a soma das notas obtidas na Entrevista e An\u00e1lise de Curriculum, Prova Did\u00e1tica e Avalia\u00e7\u00e3o de T\u00edtulos.<\/p>\n<p><strong>Crit\u00e9rios de desempate:<\/strong><\/p>\n<ul>\n<li>Candidato com idade igual ou superior a 60 anos (Estatuto do Idoso)<\/li>\n<li>Maior nota na Prova Did\u00e1tica<\/li>\n<li>Maior pontua\u00e7\u00e3o na Avalia\u00e7\u00e3o de T\u00edtulos<\/li>\n<li>Maior nota na Entrevista<\/li>\n<\/ul>\n<p><strong>Homologa\u00e7\u00e3o:<\/strong> O resultado final homologado ter\u00e1 validade de 1 ano, podendo ser prorrogado por igual per\u00edodo. A convoca\u00e7\u00e3o para contrata\u00e7\u00e3o ser\u00e1 publicada no site oficial da UFNT, com procedimentos e cronograma espec\u00edficos.<\/p>\n<p>Candidatos aprovados nas vagas reservadas para pessoas pretas, pardas e com defici\u00eancia passar\u00e3o por procedimentos de verifica\u00e7\u00e3o entre os dias 10 e 24 de mar\u00e7o de 2026, conforme convoca\u00e7\u00e3o espec\u00edfica.<\/p>\n<p>\u00c9 de responsabilidade exclusiva do candidato acompanhar todas as publica\u00e7\u00f5es oficiais no site da UFNT e no Di\u00e1rio Oficial, n\u00e3o cabendo alega\u00e7\u00e3o de desconhecimento das informa\u00e7\u00f5es divulgadas.<\/p>\n","protected":false},"excerpt":{"rendered":"<p>Sele\u00e7\u00e3o Simplificada UFNT (TO) com edital publicado! Vagas p\/ Professor Substituto (Superior). Inscri\u00e7\u00f5es a partir de 05\/01. Confira detalhes!<\/p>\n","protected":false},"author":7,"featured_media":276572,"comment_status":"open","ping_status":"open","sticky":false,"template":"","format":"standard","meta":{"_acf_changed":false,"_breakdance_hide_in_design_set":false,"_breakdance_tags":"","footnotes":""},"categories":[3,4,6433,7,126,9,121,10,117,6434,12,151,125,102,17,6436,18,19,111,100,20,6871,116,21,22,119,23,24,25,26,6435,159,134,28],"tags":[64],"_amplo":[],"destaque":[],"instituicoes":[],"class_list":["post-276573","post","type-post","status-publish","format-standard","has-post-thumbnail","hentry","category-administracao","category-agronomia","category-biologia-licenciatura","category-biomedicina","category-ciencia-computacao","category-ciencias-contabeis","category-ciencias-sociais","category-direito","category-economia","category-educacao-fisica-licenciatura","category-enfermagem","category-engenharia-computacao","category-engenharia-producao","category-engenharia-quimica","category-farmacia","category-fisica-licenciatura","category-fisioterapia","category-fonoaudiologia","category-geografia","category-historia","category-letras","category-letras-ingles","category-matematica","category-medicina","category-veterinaria","category-musica","category-nutricao","category-odontologia","category-pedagogia","category-psicologia","category-quimica-licenciatura","category-tecnologia-da-informacao","category-terapia-ocupacional","category-zootecnia","tag-tocantins"],"acf":{"_tipo_vagas":"vagas","_numero_vagas":"","_quadro_vagas":"","_cargos":"diversos","_cargos_especificos":"","_salario_max":"R$ 8.058,29","_abertura":"20260105","_encerramento":"20260125","_inscricoes":"https:\/\/forms.gle\/v8ADKnZfgLH4wVur7","_executora_concurso":"","_instituicao_concurso":[],"_link_adicional":null,"_anexos":null,"_produtos":null,"_vagas":"23 vagas + CR","_salario_min":"R$ 3.090,43","_instituicao":"UFNT","_edital":"https:\/\/www.agrobase.com.br\/concursos\/wp-content\/uploads\/sites\/4\/2026\/01\/edital-01-2026-ufnt-to.pdf","_anexos_edital":"https:\/\/www.agrobase.com.br\/concursos\/wp-content\/uploads\/sites\/4\/2026\/01\/anexos-edital-01-2026-ufnt-to.pdf","_fund_incompleto":"","_fund_completo":"","_medio":"","_superior":"<div>\r\n<table class=\"quadro\">\r\n<thead>\r\n<tr>\r\n<th class=\"hcargo\">Cargo<\/th>\r\n<th class=\"hvagas\">Vagas<\/th>\r\n<th class=\"hremuneracao\">Remunera\u00e7\u00e3o<\/th>\r\n<\/tr>\r\n<\/thead>\r\n    <tbody>\r\n      <tr>\r\n<td class=\"ccargos\">\r\n<span data-balloon-length=\"medium\" aria-label=\"Gradua\u00e7\u00e3o em Administra\u00e7\u00e3o ou Gradua\u00e7\u00e3o em Ci\u00eancias da Computa\u00e7\u00e3o ou Gradua\u00e7\u00e3o em Sistemas de Informa\u00e7\u00e3o ou Gradua\u00e7\u00e3o em Engenharia da Computa\u00e7\u00e3o ou Gradua\u00e7\u00e3o em An\u00e1lise de Sistemas ou Gradua\u00e7\u00e3o em Tecnologia da Informa\u00e7\u00e3o ou Gradua\u00e7\u00e3o em Tecnologia em Processamento de Dados ou Gradua\u00e7\u00e3o em Log\u00edstica ou Gradua\u00e7\u00e3o em Tecnologia em Log\u00edstica e MBA em Engenharia da Produ\u00e7\u00e3o e Opera\u00e7\u00f5es Log\u00edsticas ou MBA em Gest\u00e3o Empresarial ou MBA em Log\u00edstica e Produ\u00e7\u00e3o Sustent\u00e1vel ou MBA em Gest\u00e3o Empresarial ou MBA em Log\u00edstica e Supply Chain ou MBA em Gest\u00e3o de Pessoas ou Especializa\u00e7\u00e3o em Doc\u00eancia para a Educa\u00e7\u00e3o Profissional ou Especializa\u00e7\u00e3o em Engenharia de Produ\u00e7\u00e3o ou Especializa\u00e7\u00e3o em Engenharia de Produ\u00e7\u00e3o e Sistemas.\" data-balloon-pos=\"up\">Professor Substituto de Tecnologia em Log\u00edstica<\/span><\/td>\r\n<td class=\"cvagas\">01<\/td>\r\n<td class=\"cremuneracao\">R$ 0,00 \/40h<\/td>\r\n<\/tr><tr>\r\n<td class=\"ccargos\">\r\n<span data-balloon-length=\"medium\" aria-label=\"Gradua\u00e7\u00e3o em Administra\u00e7\u00e3o ou Gradua\u00e7\u00e3o em Ci\u00eancias Cont\u00e1beis ou Gradua\u00e7\u00e3o em Engenharia da Produ\u00e7\u00e3o ou Gradua\u00e7\u00e3o em Engenharia de Transportes ou Gradua\u00e7\u00e3o em Log\u00edstica ou Gradua\u00e7\u00e3o em Tecnologia em Log\u00edstica ou Gradua\u00e7\u00e3o em Economia ou Gradua\u00e7\u00e3o em Ci\u00eancias Econ\u00f4micas e MBA em Engenharia da Produ\u00e7\u00e3o e Opera\u00e7\u00f5es Log\u00edsticas ou MBA em Gest\u00e3o Empresarial ou MBA em Log\u00edstica e Produ\u00e7\u00e3o Sustent\u00e1vel ou MBA em Gest\u00e3o Empresarial ou MBA em Log\u00edstica e Supply Chain ou MBA em Gest\u00e3o de Pessoas ou Especializa\u00e7\u00e3o em Doc\u00eancia para a Educa\u00e7\u00e3o Profissional ou Especializa\u00e7\u00e3o em Engenharia de Produ\u00e7\u00e3o ou Especializa\u00e7\u00e3o em Engenharia de Produ\u00e7\u00e3o e Sistemas.\" data-balloon-pos=\"up\">Professor Substituto de Tecnologia em Log\u00edstica<\/span><\/td>\r\n<td class=\"cvagas\">01<\/td>\r\n<td class=\"cremuneracao\">R$ 0,00 \/40h<\/td>\r\n<\/tr><tr>\r\n<td class=\"ccargos\">\r\n<span data-balloon-length=\"medium\" aria-label=\"Gradua\u00e7\u00e3o em Administra\u00e7\u00e3o ou Gradua\u00e7\u00e3o em Ci\u00eancias Cont\u00e1beis ou Gradua\u00e7\u00e3o em Engenharia da Produ\u00e7\u00e3o ou Gradua\u00e7\u00e3o em Engenharia de Materiais ou Gradua\u00e7\u00e3o em Direito ou Gradua\u00e7\u00e3o em Engenharia de Transportes ou Gradua\u00e7\u00e3o em Log\u00edstica ou Gradua\u00e7\u00e3o em Tecnologia em Log\u00edstica ou Gradua\u00e7\u00e3o em Economia ou Gradua\u00e7\u00e3o em Ci\u00eancias Econ\u00f4micas. e Especializa\u00e7\u00e3o em Qualquer \u00c1rea reconhecida pelo Minist\u00e9rio da Educa\u00e7\u00e3o.\" data-balloon-pos=\"up\">Professor Substituto de Tecnologia em Log\u00edstica<\/span><\/td>\r\n<td class=\"cvagas\">01<\/td>\r\n<td class=\"cremuneracao\">R$ 0,00 \/40h<\/td>\r\n<\/tr><tr>\r\n<td class=\"ccargos\">\r\n<span data-balloon-length=\"medium\" aria-label=\"Gradua\u00e7\u00e3o em Administra\u00e7\u00e3o ou Gradua\u00e7\u00e3o em Engenharia da Produ\u00e7\u00e3o ou Gradua\u00e7\u00e3o em Engenharia de Transportes ou Gradua\u00e7\u00e3o em Log\u00edstica ou Gradua\u00e7\u00e3o em Tecnologia em Log\u00edstica ou Gradua\u00e7\u00e3o em Gest\u00e3o da Produ\u00e7\u00e3o Industrial ou Gradua\u00e7\u00e3o em Direito e Especializa\u00e7\u00e3o em Qualquer \u00c1rea reconhecida pelo Minist\u00e9rio da Educa\u00e7\u00e3o.\" data-balloon-pos=\"up\">Professor Substituto de Tecnologia em Log\u00edstica<\/span><\/td>\r\n<td class=\"cvagas\">01<\/td>\r\n<td class=\"cremuneracao\">R$ 0,00 \/40h<\/td>\r\n<\/tr><tr>\r\n<td class=\"ccargos\">\r\n<span data-balloon-length=\"medium\" aria-label=\"Gradua\u00e7\u00e3o em matem\u00e1tica ou Gradua\u00e7\u00e3o em F\u00edsica\" data-balloon-pos=\"up\">Professor Substituto de Licenciatura em Qu\u00edmica<\/span><\/td>\r\n<td class=\"cvagas\">01<\/td>\r\n<td class=\"cremuneracao\">R$ 0,00 \/40h<\/td>\r\n<\/tr><tr>\r\n<td class=\"ccargos\">\r\n<span data-balloon-length=\"medium\" aria-label=\"Gradua\u00e7\u00e3o em Qu\u00edmica ou Engenharia Qu\u00edmica\" data-balloon-pos=\"up\">Professor Substituto de Licenciatura em Qu\u00edmica<\/span><\/td>\r\n<td class=\"cvagas\">01 + CR<\/td>\r\n<td class=\"cremuneracao\">R$ 0,00 \/40h<\/td>\r\n<\/tr><tr>\r\n<td class=\"ccargos\">\r\n<span data-balloon-length=\"medium\" aria-label=\"Gradua\u00e7\u00e3o em Geografia e Mestrado em Geografia ou Demandas Populares e Din\u00e2micas Regionais ou Cultura e Territ\u00f3rio ou outros mestrados afins e interdisciplinares\" data-balloon-pos=\"up\">Professor Substituto de Licenciatura em Geografia<\/span><\/td>\r\n<td class=\"cvagas\">01<\/td>\r\n<td class=\"cremuneracao\">R$ 0,00 \/40h<\/td>\r\n<\/tr><tr>\r\n<td class=\"ccargos\">\r\n<span data-balloon-length=\"medium\" aria-label=\"Gradua\u00e7\u00e3o em Biologia ou em Ci\u00eancias Biol\u00f3gicas; ou Gradua\u00e7\u00e3o em Licenciatura em Biologia ou em Licenciatura em Ci\u00eancias Biol\u00f3gicas e Doutorado em Zoologia ou \u00e1reas afins\" data-balloon-pos=\"up\">Professor Substituto de Licenciatura em Ci\u00eancias Biol\u00f3gicas<\/span><\/td>\r\n<td class=\"cvagas\">01<\/td>\r\n<td class=\"cremuneracao\">R$ 0,00 \/40h<\/td>\r\n<\/tr><tr>\r\n<td class=\"ccargos\">\r\n<span data-balloon-length=\"medium\" aria-label=\"Gradua\u00e7\u00e3o em Licenciatura em F\u00edsica e Mestrado em F\u00edsica ou Mestrado em Ci\u00eancias ou Mestrado em Ensino de F\u00edsica ou Mestrado em Educa\u00e7\u00e3o com \u00e1rea de concentra\u00e7\u00e3o em Ensino de F\u00edsica ou Mestrado em Ensino de Ci\u00eancias e Matem\u00e1tica ou Mestrado em Educa\u00e7\u00e3o para Ci\u00eancia ou Mestrado em Educa\u00e7\u00e3o Cient\u00edfica e Tecnol\u00f3gica ou Mestrado em Ensino de Ci\u00eancias ou Doutorado em F\u00edsica ou Doutorado em Ci\u00eancias ou Doutorado em Ensino de F\u00edsica ou Doutorado em Educa\u00e7\u00e3o com \u00e1rea de concentra\u00e7\u00e3o em Ensino de F\u00edsica ou Doutorado em Ensino de Ci\u00eancias e Matem\u00e1tica ou Doutorado em Educa\u00e7\u00e3o para Ci\u00eancia ou Doutorado em Educa\u00e7\u00e3o Cient\u00edfica e Tecnol\u00f3gica ou Doutorado em Ensino de Ci\u00eancias\" data-balloon-pos=\"up\">Professor Substituto de Licenciatura em F\u00edsica<\/span><\/td>\r\n<td class=\"cvagas\">01<\/td>\r\n<td class=\"cremuneracao\">R$ 0,00 \/40h<\/td>\r\n<\/tr><tr>\r\n<td class=\"ccargos\">\r\n<span data-balloon-length=\"medium\" aria-label=\"Gradua\u00e7\u00e3o em Letras (Licenciatura em L\u00edngua Inglesa ou Licenciatura em Portugu\u00eas Ingl\u00eas) e Doutorado em Letras ou Estudos Lingu\u00edsticos ou Lingu\u00edstica Aplicada ou Lingu\u00edstica e Literatura\" data-balloon-pos=\"up\">Professor Substituto de Licenciatura em Letras - L\u00edngua Portuguesa e L\u00edngua Inglesa<\/span><\/td>\r\n<td class=\"cvagas\">01 + CR<\/td>\r\n<td class=\"cremuneracao\">R$ 0,00 \/40h<\/td>\r\n<\/tr><tr>\r\n<td class=\"ccargos\">\r\n<span data-balloon-length=\"medium\" aria-label=\"Gradua\u00e7\u00e3o em Zootecnia ou Medicina Veterin\u00e1ria ou Agronomia e Doutorado em Zootecnia ou Doutorado em Zootecnia Tropical; Doutorado em Zootecnia nos Tr\u00f3picos, Doutorado em Ci\u00eancia Animal e Recursos Pesqueiros; Doutorado em Ci\u00eancia Animal e Pastagens; Doutorado em Nutri\u00e7\u00e3o e Produ\u00e7\u00e3o Animal\" data-balloon-pos=\"up\">Professor Substituto de Bacharelado em Zootecnia<\/span><\/td>\r\n<td class=\"cvagas\">01<\/td>\r\n<td class=\"cremuneracao\">R$ 0,00 \/40h<\/td>\r\n<\/tr><tr>\r\n<td class=\"ccargos\">\r\n<span data-balloon-length=\"medium\" aria-label=\"Gradua\u00e7\u00e3o em Medicina veterin\u00e1ria e Especializa\u00e7\u00e3o, ou Resid\u00eancia, ou Aprimoramento em Cl\u00ednica cir\u00fargica veterin\u00e1ria de c\u00e3es e gatos.\" data-balloon-pos=\"up\">Professor Substituto de Bacharelado em Medicina Veterin\u00e1ria<\/span><\/td>\r\n<td class=\"cvagas\">01<\/td>\r\n<td class=\"cremuneracao\">R$ 0,00 \/40h<\/td>\r\n<\/tr><tr>\r\n<td class=\"ccargos\">\r\n<span data-balloon-length=\"medium\" aria-label=\"Gradua\u00e7\u00e3o em Licenciatura em Educa\u00e7\u00e3o Musical; ou Licenciatura em M\u00fasica; ou Licenciatura em Educa\u00e7\u00e3o do Campo: Artes e Mestrado em M\u00fasica; ou em Educa\u00e7\u00e3o; ou em Artes; ou Interdisciplinar, ou Multidisciplinar\" data-balloon-pos=\"up\">Professor Substituto de Licenciatura em Educa\u00e7\u00e3o do Campo: Artes<\/span><\/td>\r\n<td class=\"cvagas\">01 + CR<\/td>\r\n<td class=\"cremuneracao\">R$ 0,00 \/40h<\/td>\r\n<\/tr><tr>\r\n<td class=\"ccargos\">\r\n<span data-balloon-length=\"medium\" aria-label=\"Gradua\u00e7\u00e3o em Pedagogia\" data-balloon-pos=\"up\">Professor Substituto de Licenciatura em Educa\u00e7\u00e3o do Campo: Artes<\/span><\/td>\r\n<td class=\"cvagas\">01<\/td>\r\n<td class=\"cremuneracao\">R$ 0,00 \/40h<\/td>\r\n<\/tr><tr>\r\n<td class=\"ccargos\">\r\n<span data-balloon-length=\"medium\" aria-label=\"Gradua\u00e7\u00e3o em Pedagogia; ou Licenciatura em Hist\u00f3ria; ou Licenciatura em Geografia; Ou Licenciatura em Ci\u00eancias Sociais; ou Licenciatura em Ci\u00eancias Humanas, ou Licenciatura em Educa\u00e7\u00e3o do Campo e Mestrado em Educa\u00e7\u00e3o; ou Sociologia; ou Geografia; ou Letras; ou Interdisciplinar; ou Multidisciplinar,\" data-balloon-pos=\"up\">Professor Substituto de Licenciatura em Educa\u00e7\u00e3o do Campo: Artes<\/span><\/td>\r\n<td class=\"cvagas\">01<\/td>\r\n<td class=\"cremuneracao\">R$ 0,00 \/40h<\/td>\r\n<\/tr><tr>\r\n<td class=\"ccargos\">\r\n<span data-balloon-length=\"medium\" aria-label=\"Gradua\u00e7\u00e3o em Direito e Especializa\u00e7\u00e3o em Direito, outras \u00e1reas das Ci\u00eancias Sociais Aplicadas e\/ou Ci\u00eancias Humanas (Necess\u00e1ria a inscri\u00e7\u00e3o ativa nos quadros da OAB)\" data-balloon-pos=\"up\">Professor Substituto de Bacharelado em Direito<\/span><\/td>\r\n<td class=\"cvagas\">01 + CR<\/td>\r\n<td class=\"cremuneracao\">R$ 0,00 \/40h<\/td>\r\n<\/tr><tr>\r\n<td class=\"ccargos\">\r\n<span data-balloon-length=\"medium\" aria-label=\"Gradua\u00e7\u00e3o em Educa\u00e7\u00e3o F\u00edsica (Licenciatura Plena ou Bacharelado) e Especializa\u00e7\u00e3o em Qualquer \u00c1rea reconhecida pelo Minist\u00e9rio da Educa\u00e7\u00e3o\" data-balloon-pos=\"up\">Professor Substituto de Licenciatura em Educa\u00e7\u00e3o F\u00edsica<\/span><\/td>\r\n<td class=\"cvagas\">01<\/td>\r\n<td class=\"cremuneracao\">R$ 0,00 \/40h<\/td>\r\n<\/tr><tr>\r\n<td class=\"ccargos\">\r\n<span data-balloon-length=\"medium\" aria-label=\"Gradua\u00e7\u00e3o em Letras - LIBRAS ou Gradua\u00e7\u00e3o em Letras - LIBRAS\/L\u00edngua Estrangeira ou Gradua\u00e7\u00e3o em Letras - LIBRAS Portugu\u00eas ou Gradua\u00e7\u00e3o em Letras - L\u00edngua Portuguesa com Dom\u00ednio de LIBRAS ou Gradua\u00e7\u00e3o em Letras - L\u00edngua Portuguesa e LIBRAS ou Gradua\u00e7\u00e3o em Letras: Tradu\u00e7\u00e3o e Interpreta\u00e7\u00e3o em LIBRAS\/Portugu\u00eas ou Gradua\u00e7\u00e3o em Tradu\u00e7\u00e3o e Interpreta\u00e7\u00e3o em L\u00edngua Brasileira de Sinais- LIBRAS\/L\u00edngua Portuguesa Ou Curso Superior em Qualquer \u00c1rea do Conhecimento com especializa\u00e7\u00e3o em libras ou educa\u00e7\u00e3o de surdos e ensino de libras ou Gradua\u00e7\u00e3o em Pedagogia com especializa\u00e7\u00e3o em Libras ou educa\u00e7\u00e3o de surdos e ensino de libras.\" data-balloon-pos=\"up\">Professor Substituto de Licenciatura em Pedagogia<\/span><\/td>\r\n<td class=\"cvagas\">01<\/td>\r\n<td class=\"cremuneracao\">R$ 0,00 \/20h<\/td>\r\n<\/tr><tr>\r\n<td class=\"ccargos\">\r\n<span data-balloon-length=\"medium\" aria-label=\"Gradua\u00e7\u00e3o em Enfermagem e Especializa\u00e7\u00e3o em Qualquer \u00c1rea reconhecida pelo Minist\u00e9rio da Educa\u00e7\u00e3o (MEC) ou Resid\u00eancia Multiprofissional em Qualquer \u00c1rea\" data-balloon-pos=\"up\">Professor Substituto de Bacharelado em Medicina<\/span><\/td>\r\n<td class=\"cvagas\">01 + CR<\/td>\r\n<td class=\"cremuneracao\">R$ 0,00 \/40h<\/td>\r\n<\/tr><tr>\r\n<td class=\"ccargos\">\r\n<span data-balloon-length=\"medium\" aria-label=\"Gradua\u00e7\u00e3o em Medicina ou Ci\u00eancias Biol\u00f3gicas ou Biomedicina ou Educa\u00e7\u00e3o F\u00edsica ou Enfermagem ou Farm\u00e1cia ou Fisioterapia ou Nutri\u00e7\u00e3o ou Odontologia ou Fonoaudiologia ou Terapia Ocupacional e Especializa\u00e7\u00e3o em qualquer \u00e1rea reconhecida pelo Minist\u00e9rio da Educa\u00e7\u00e3o (MEC) ou Mestrado em qualquer \u00e1rea.\" data-balloon-pos=\"up\">Professor Substituto de Bacharelado em Medicina<\/span><\/td>\r\n<td class=\"cvagas\">01 + CR<\/td>\r\n<td class=\"cremuneracao\">R$ 0,00 \/40h<\/td>\r\n<\/tr><tr>\r\n<td class=\"ccargos\">\r\n<span data-balloon-length=\"medium\" aria-label=\"Gradua\u00e7\u00e3o em Psicologia e Especializa\u00e7\u00e3o em Qualquer \u00c1rea reconhecida pelo Minist\u00e9rio da Educa\u00e7\u00e3o (MEC) ou Resid\u00eancia Multiprofissional em Qualquer \u00c1rea\" data-balloon-pos=\"up\">Professor Substituto de Bacharelado em Medicina<\/span><\/td>\r\n<td class=\"cvagas\">01<\/td>\r\n<td class=\"cremuneracao\">R$ 0,00 \/40h<\/td>\r\n<\/tr><tr>\r\n<td class=\"ccargos\">\r\n<span data-balloon-length=\"medium\" aria-label=\"Gradua\u00e7\u00e3o em Medicina e Resid\u00eancia m\u00e9dica em qualquer \u00e1rea ou Especializa\u00e7\u00e3o em institui\u00e7\u00e3o reconhecida pelo Minist\u00e9rio da Educa\u00e7\u00e3o (MEC), em qualquer \u00e1rea\" data-balloon-pos=\"up\">Professor Substituto de Bacharelado em Medicina<\/span><\/td>\r\n<td class=\"cvagas\">01<\/td>\r\n<td class=\"cremuneracao\">R$ 0,00 \/20h<\/td>\r\n<\/tr><tr>\r\n<td class=\"ccargos\">\r\n<span data-balloon-length=\"medium\" aria-label=\"Gradua\u00e7\u00e3o em Ci\u00eancias Sociais e T\u00edtulo de Mestre ou Doutor em Antropologia, Mestre ou Doutor em Sociologia, Mestre ou Doutor em Estudos de Cultura e Territ\u00f3rio, ou Mestre ou Doutor em Demandas Populares e Din\u00e2micas Regionais.\" data-balloon-pos=\"up\">Professor Substituto de Licenciatura em Ci\u00eancias Sociais<\/span><\/td>\r\n<td class=\"cvagas\">01<\/td>\r\n<td class=\"cremuneracao\">R$ 0,00 \/40h<\/td>\r\n<\/tr>\r\n    <\/tbody>\r\n  <\/table>\r\n<\/div>"},"_links":{"self":[{"href":"https:\/\/www.agrobase.com.br\/concursos\/wp-json\/wp\/v2\/posts\/276573","targetHints":{"allow":["GET"]}}],"collection":[{"href":"https:\/\/www.agrobase.com.br\/concursos\/wp-json\/wp\/v2\/posts"}],"about":[{"href":"https:\/\/www.agrobase.com.br\/concursos\/wp-json\/wp\/v2\/types\/post"}],"author":[{"embeddable":true,"href":"https:\/\/www.agrobase.com.br\/concursos\/wp-json\/wp\/v2\/users\/7"}],"replies":[{"embeddable":true,"href":"https:\/\/www.agrobase.com.br\/concursos\/wp-json\/wp\/v2\/comments?post=276573"}],"version-history":[{"count":3,"href":"https:\/\/www.agrobase.com.br\/concursos\/wp-json\/wp\/v2\/posts\/276573\/revisions"}],"predecessor-version":[{"id":276578,"href":"https:\/\/www.agrobase.com.br\/concursos\/wp-json\/wp\/v2\/posts\/276573\/revisions\/276578"}],"wp:featuredmedia":[{"embeddable":true,"href":"https:\/\/www.agrobase.com.br\/concursos\/wp-json\/wp\/v2\/media\/276572"}],"wp:attachment":[{"href":"https:\/\/www.agrobase.com.br\/concursos\/wp-json\/wp\/v2\/media?parent=276573"}],"wp:term":[{"taxonomy":"category","embeddable":true,"href":"https:\/\/www.agrobase.com.br\/concursos\/wp-json\/wp\/v2\/categories?post=276573"},{"taxonomy":"post_tag","embeddable":true,"href":"https:\/\/www.agrobase.com.br\/concursos\/wp-json\/wp\/v2\/tags?post=276573"},{"taxonomy":"_amplo","embeddable":true,"href":"https:\/\/www.agrobase.com.br\/concursos\/wp-json\/wp\/v2\/_amplo?post=276573"},{"taxonomy":"destaque","embeddable":true,"href":"https:\/\/www.agrobase.com.br\/concursos\/wp-json\/wp\/v2\/destaque?post=276573"},{"taxonomy":"instituicoes","embeddable":true,"href":"https:\/\/www.agrobase.com.br\/concursos\/wp-json\/wp\/v2\/instituicoes?post=276573"}],"curies":[{"name":"wp","href":"https:\/\/api.w.org\/{rel}","templated":true}]}}