{"id":276552,"date":"2026-01-09T07:00:33","date_gmt":"2026-01-09T10:00:33","guid":{"rendered":"https:\/\/www.agrobase.com.br\/concursos\/?p=276552"},"modified":"2026-01-09T10:11:39","modified_gmt":"2026-01-09T13:11:39","slug":"prefeitura-paracuru-ce-concurso-01-2026","status":"publish","type":"post","link":"https:\/\/www.agrobase.com.br\/concursos\/2026\/prefeitura-paracuru-ce-concurso-01-2026\/","title":{"rendered":"Prefeitura Paracuru (CE) &#8211; Concurso 01\/2026"},"content":{"rendered":"<h2>Informa\u00e7\u00f5es Gerais<\/h2>\n<p>A <strong>Prefeitura Municipal de Paracuru &#8211; CE<\/strong> publicou o <strong>Edital n\u00ba 001\/2026<\/strong>, que estabelece as normas para realiza\u00e7\u00e3o de Concurso P\u00fablico destinado ao preenchimento de <strong>131 vagas imediatas<\/strong>, al\u00e9m de forma\u00e7\u00e3o de cadastro de reserva, para o quadro de pessoal permanente do munic\u00edpio.<\/p>\n<p>O certame oferece oportunidades para candidatos com <strong>n\u00edvel m\u00e9dio\/t\u00e9cnico e n\u00edvel superior<\/strong>, com remunera\u00e7\u00f5es que variam de <strong>R$ 2.300,00 a R$ 5.376,56<\/strong>, para jornadas de trabalho de 40 horas semanais. O regime de contrata\u00e7\u00e3o \u00e9 <strong>estatut\u00e1rio<\/strong>, garantindo estabilidade aos aprovados.<\/p>\n<p>As vagas est\u00e3o concentradas na <strong>\u00e1rea da Educa\u00e7\u00e3o<\/strong>, contemplando o cargo de Secret\u00e1rio Escolar (n\u00edvel t\u00e9cnico) e diversas especialidades de Professor para atua\u00e7\u00e3o na Educa\u00e7\u00e3o Infantil, Ensino Fundamental (Anos Iniciais e Finais) e disciplinas espec\u00edficas como L\u00edngua Portuguesa, Matem\u00e1tica, Hist\u00f3ria, Geografia, Ci\u00eancias, Ingl\u00eas, Educa\u00e7\u00e3o F\u00edsica e Arte-Educa\u00e7\u00e3o.<\/p>\n<p>O processo seletivo ser\u00e1 coordenado pelo <strong>Instituto Consulpam<\/strong> e ter\u00e1 car\u00e1ter eliminat\u00f3rio e classificat\u00f3rio, em conformidade com o artigo 37, inciso II, da Constitui\u00e7\u00e3o Federal. Continue a leitura para conhecer todos os detalhes sobre inscri\u00e7\u00f5es, etapas e cronograma do concurso.<\/p>\n<h2>Inscri\u00e7\u00f5es<\/h2>\n<p>As inscri\u00e7\u00f5es para o Concurso P\u00fablico da Prefeitura de Paracuru &#8211; CE estar\u00e3o abertas no per\u00edodo de <strong>06 de janeiro de 2026 a 26 de janeiro de 2026<\/strong>, realizadas <strong>exclusivamente pela internet<\/strong>, atrav\u00e9s do site do Instituto Consulpam.<\/p>\n<p>Os valores das taxas de inscri\u00e7\u00e3o s\u00e3o:<\/p>\n<ul>\n<li><strong>N\u00edvel M\u00e9dio\/T\u00e9cnico:<\/strong> R$ 100,00<\/li>\n<li><strong>N\u00edvel Superior:<\/strong> R$ 140,00<\/li>\n<\/ul>\n<p>O pagamento dever\u00e1 ser efetuado <strong>exclusivamente por boleto banc\u00e1rio<\/strong>, gerado no site da banca organizadora durante o per\u00edodo de inscri\u00e7\u00f5es. <strong>N\u00e3o ser\u00e3o aceitos<\/strong> pagamentos por dep\u00f3sito em caixa eletr\u00f4nico, transfer\u00eancia, DOC, TED, PIX, ordem de pagamento ou qualquer outra forma n\u00e3o especificada no edital.<\/p>\n<p>Para realizar a inscri\u00e7\u00e3o, o candidato deve:<\/p>\n<ul>\n<li>Certificar-se de que preenche todos os requisitos exigidos no edital antes de efetuar o pagamento;<\/li>\n<li>Preencher o cadastro no site www.consulpam.com.br e gerar o boleto banc\u00e1rio;<\/li>\n<li>Responsabilizar-se pela veracidade das informa\u00e7\u00f5es prestadas.<\/li>\n<\/ul>\n<p>\u00c9 importante ressaltar que a isen\u00e7\u00e3o, a inscri\u00e7\u00e3o e o valor pago referente \u00e0 taxa s\u00e3o <strong>pessoais e intransfer\u00edveis<\/strong>. O candidato deve acompanhar o status de sua inscri\u00e7\u00e3o atrav\u00e9s da \u00e1rea restrita no site do concurso.<\/p>\n<p>Para informa\u00e7\u00f5es completas sobre procedimentos de inscri\u00e7\u00e3o, crit\u00e9rios para solicita\u00e7\u00e3o de isen\u00e7\u00e3o da taxa e demais orienta\u00e7\u00f5es, recomenda-se a leitura integral do edital.<\/p>\n<h2>Etapas e Provas<\/h2>\n<p>O Concurso P\u00fablico da Prefeitura de Paracuru &#8211; CE ser\u00e1 composto pelas seguintes etapas:<\/p>\n<p><strong>1. Prova Objetiva<\/strong> (Car\u00e1ter eliminat\u00f3rio e classificat\u00f3rio &#8211; para todos os cargos)<\/p>\n<ul>\n<li><strong>Data:<\/strong> 26 de abril de 2026<\/li>\n<li><strong>Hor\u00e1rio N\u00edvel Superior:<\/strong> Manh\u00e3, das 08h \u00e0s 12h (hor\u00e1rio de Bras\u00edlia) &#8211; dura\u00e7\u00e3o de 4 horas<\/li>\n<li><strong>Hor\u00e1rio N\u00edvel M\u00e9dio:<\/strong> Tarde, das 15h \u00e0s 18h (hor\u00e1rio de Bras\u00edlia) &#8211; dura\u00e7\u00e3o de 3 horas<\/li>\n<li><strong>Formato:<\/strong> Quest\u00f5es de m\u00faltipla escolha com alternativas A, B, C e D<\/li>\n<li><strong>Crit\u00e9rio de aprova\u00e7\u00e3o:<\/strong> M\u00ednimo de 50% na prova de Conhecimentos B\u00e1sicos e 50% na prova de Conhecimentos Espec\u00edficos<\/li>\n<\/ul>\n<p><strong>2. Prova Discursiva<\/strong> (Car\u00e1ter eliminat\u00f3rio e classificat\u00f3rio &#8211; exclusiva para cargos de N\u00edvel Superior)<\/p>\n<ul>\n<li><strong>Aplica\u00e7\u00e3o:<\/strong> Mesmo local, data e hor\u00e1rio da Prova Objetiva<\/li>\n<li><strong>Formato:<\/strong> 1 quest\u00e3o dissertativa sobre tema relacionado aos conhecimentos gerais do cargo<\/li>\n<li><strong>Extens\u00e3o:<\/strong> M\u00ednimo de 20 linhas e m\u00e1ximo de 30 linhas<\/li>\n<li><strong>Pontua\u00e7\u00e3o:<\/strong> 100 pontos<\/li>\n<li><strong>Crit\u00e9rio de aprova\u00e7\u00e3o:<\/strong> M\u00ednimo de 50% do total de pontos<\/li>\n<li><strong>Corre\u00e7\u00e3o:<\/strong> Ser\u00e3o corrigidas as provas dos candidatos mais bem classificados na Prova Objetiva, conforme quantitativo estabelecido por cargo no edital<\/li>\n<\/ul>\n<p><strong>3. Prova de T\u00edtulos<\/strong> (Car\u00e1ter exclusivamente classificat\u00f3rio &#8211; para cargos de N\u00edvel Superior)<\/p>\n<ul>\n<li>Avaliada somente para candidatos aprovados nas etapas anteriores<\/li>\n<li>Envio da documenta\u00e7\u00e3o via upload na \u00e1rea do candidato, conforme per\u00edodo estabelecido no cronograma<\/li>\n<\/ul>\n<p>Para informa\u00e7\u00f5es detalhadas sobre conte\u00fado program\u00e1tico, crit\u00e9rios de avalia\u00e7\u00e3o, locais de prova e demais regras, consulte o edital completo.<\/p>\n<h2>Resultados e Gabarito<\/h2>\n<p>A divulga\u00e7\u00e3o dos resultados do Concurso P\u00fablico da Prefeitura de Paracuru &#8211; CE seguir\u00e1 o cronograma estabelecido no edital, com publica\u00e7\u00f5es realizadas no site do Instituto Consulpam (www.consulpam.com.br) e no site oficial da Prefeitura (www.paracuru.ce.gov.br).<\/p>\n<p><strong>Gabaritos e Resultados:<\/strong><\/p>\n<ul>\n<li>Os gabaritos das provas objetivas ser\u00e3o divulgados no site do concurso, conforme cronograma<\/li>\n<li>Os resultados preliminares e definitivos de cada etapa ser\u00e3o publicados nos canais oficiais<\/li>\n<li>Quest\u00f5es eventualmente anuladas ter\u00e3o os pontos atribu\u00eddos a todos os candidatos que realizaram a prova<\/li>\n<\/ul>\n<p><strong>Classifica\u00e7\u00e3o Final:<\/strong><\/p>\n<p>A aprova\u00e7\u00e3o ser\u00e1 determinada em ordem decrescente de pontua\u00e7\u00e3o, com divulga\u00e7\u00e3o em tr\u00eas listagens:<\/p>\n<ul>\n<li>Ampla Concorr\u00eancia (incluindo candidatos com defici\u00eancia e pessoas negras)<\/li>\n<li>Pessoas com Defici\u00eancia<\/li>\n<li>Pessoas Pretas ou Pardas<\/li>\n<\/ul>\n<p><strong>Crit\u00e9rios de Desempate:<\/strong><\/p>\n<ul>\n<li>1\u00ba &#8211; Candidato com idade igual ou superior a 60 anos (prevalecendo o mais idoso)<\/li>\n<li>2\u00ba &#8211; Maior nota na prova de Conhecimentos Espec\u00edficos<\/li>\n<li>3\u00ba &#8211; Maior nota na prova de Conhecimentos Gerais<\/li>\n<li>4\u00ba &#8211; Maior idade<\/li>\n<li>5\u00ba &#8211; Exerc\u00edcio da fun\u00e7\u00e3o de jurado (conforme art. 440 do CPP)<\/li>\n<\/ul>\n<p><strong>Homologa\u00e7\u00e3o:<\/strong><\/p>\n<p>A homologa\u00e7\u00e3o do concurso ser\u00e1 realizada por Decreto da Prefeitura Municipal, com publica\u00e7\u00e3o do Resultado Final no site do concurso.<\/p>\n<p>O acompanhamento de todas as publica\u00e7\u00f5es oficiais, incluindo convoca\u00e7\u00f5es, \u00e9 de <strong>responsabilidade exclusiva do candidato<\/strong>. N\u00e3o haver\u00e1 comunica\u00e7\u00e3o via Correios. Recomenda-se consultar regularmente o site da banca organizadora e os canais oficiais da Prefeitura de Paracuru.<\/p>\n","protected":false},"excerpt":{"rendered":"<p>Concurso Pref. Paracuru (CE) com edital publicado! Vagas p\/ Secret\u00e1rio e Professores (M\u00e9dio\/Sup.). Inscri\u00e7\u00f5es a partir de 06\/01. Sal\u00e1rios at\u00e9 R$5.3k. Confira!<\/p>\n","protected":false},"author":7,"featured_media":276551,"comment_status":"open","ping_status":"open","sticky":false,"template":"","format":"standard","meta":{"_acf_changed":false,"_breakdance_hide_in_design_set":false,"_breakdance_tags":"","footnotes":""},"categories":[145,140,6433,121,141,6434,111,100,20,6871,116,25],"tags":[43],"_amplo":[],"destaque":[],"instituicoes":[],"class_list":["post-276552","post","type-post","status-publish","format-standard","has-post-thumbnail","hentry","category-artes-cenicas","category-artes-plasticas","category-biologia-licenciatura","category-ciencias-sociais","category-educacao-artistica","category-educacao-fisica-licenciatura","category-geografia","category-historia","category-letras","category-letras-ingles","category-matematica","category-pedagogia","tag-ceara"],"acf":{"_tipo_vagas":"vagas","_numero_vagas":"","_quadro_vagas":"","_cargos":"diversos","_cargos_especificos":"","_salario_max":"R$ 5376.56","_abertura":"20260106","_encerramento":"20260126","_inscricoes":"https:\/\/www.consulpam.com.br","_executora_concurso":"","_instituicao_concurso":[],"_link_adicional":null,"_anexos":null,"_produtos":null,"_vagas":"131 vagas + CR","_salario_min":"R$ 2300","_instituicao":"Prefeitura Municipal de Paracuru","_edital":"https:\/\/www.agrobase.com.br\/concursos\/wp-content\/uploads\/sites\/4\/2026\/01\/edital-01-2026-prefeitura-de-paracuru-ce.pdf","_anexos_edital":"https:\/\/www.agrobase.com.br\/concursos\/wp-content\/uploads\/sites\/4\/2026\/01\/anexos-edital-01-2026-prefeitura-de-paracuru-ce.pdf","_fund_incompleto":"","_fund_completo":"","_medio":"<div>\r\n<table class=\"quadro\">\r\n<thead>\r\n<tr>\r\n<th class=\"hcargo\">Cargo<\/th>\r\n<th class=\"hvagas\">Vagas<\/th>\r\n<th class=\"hremuneracao\">Remunera\u00e7\u00e3o<\/th>\r\n<\/tr>\r\n<\/thead>\r\n    <tbody>\r\n      <td class=\"ccargos\">\r\n<span data-balloon-length=\"medium\" aria-label=\"Curso T\u00e9cnico de N\u00edvel M\u00e9dio completo, em Secretaria Escolar, com carga hor\u00e1ria m\u00ednima de 1.200 horas, reconhecido pelo Minist\u00e9rio da Educa\u00e7\u00e3o.\" data-balloon-pos=\"up\">SECRET\u00c1RIO ESCOLAR<\/span><\/td>\r\n<td class=\"cvagas\">24 + CR<\/td>\r\n<td class=\"cremuneracao\">R$ 2.300,00 \/40h<\/td>\r\n<\/tr>\r\n    <\/tbody>\r\n  <\/table>\r\n<\/div>","_superior":"<div>\r\n<table class=\"quadro\">\r\n<thead>\r\n<tr>\r\n<th class=\"hcargo\">Cargo<\/th>\r\n<th class=\"hvagas\">Vagas<\/th>\r\n<th class=\"hremuneracao\">Remunera\u00e7\u00e3o<\/th>\r\n<\/tr>\r\n<\/thead>\r\n    <tbody>\r\n      <tr>\r\n<td class=\"ccargos\">\r\n<span data-balloon-length=\"medium\" aria-label=\"Licenciatura Plena em Letras com habilita\u00e7\u00e3o para o ensino de L\u00edngua Portuguesa ou Licenciatura Plena em Curso de Forma\u00e7\u00e3o de Professores (Pedagogia, em regime regular ou especial, com habilita\u00e7\u00e3o para o exerc\u00edcio da doc\u00eancia de L\u00edngua Portuguesa no Ensino Fundamental Anos Finais, 6\u00b0 ao 9\u00b0).\" data-balloon-pos=\"up\">PROFESSOR DE L\u00cdNGUA PORTUGUESA<\/span><\/td>\r\n<td class=\"cvagas\">08 + CR<\/td>\r\n<td class=\"cremuneracao\">R$ 5.376,56 \/40h<\/td>\r\n<\/tr><tr>\r\n<td class=\"ccargos\">\r\n<span data-balloon-length=\"medium\" aria-label=\"Licenciatura Plena em Matem\u00e1tica ou Licenciatura Plena em Curso de Forma\u00e7\u00e3o de Professores (Pedagogia, em regime regular ou especial, com habilita\u00e7\u00e3o para o exerc\u00edcio da doc\u00eancia de Matem\u00e1tica no Ensino Fundamental Anos Finais, 6\u00b0 ao 9\u00b0).\" data-balloon-pos=\"up\">PROFESSOR DE MATEM\u00c1TICA<\/span><\/td>\r\n<td class=\"cvagas\">10 + CR<\/td>\r\n<td class=\"cremuneracao\">R$ 5.376,56 \/40h<\/td>\r\n<\/tr><tr>\r\n<td class=\"ccargos\">\r\n<span data-balloon-length=\"medium\" aria-label=\"Licenciatura Plena em Hist\u00f3ria ou Licenciatura Plena em Estudos Sociais ou Licenciatura Plena em Sociologia ou Filosofia, Licenciatura Plena em Curso de Forma\u00e7\u00e3o de Professores (Pedagogia, em regime regular ou especial, com habilita\u00e7\u00e3o para o exerc\u00edcio da doc\u00eancia de Hist\u00f3ria no Ensino Fundamental Anos Finais, 6\u00b0 ao 9\u00b0).\" data-balloon-pos=\"up\">PROFESSOR DE HIST\u00d3RIA<\/span><\/td>\r\n<td class=\"cvagas\">05 + CR<\/td>\r\n<td class=\"cremuneracao\">R$ 5.376,56 \/40h<\/td>\r\n<\/tr><tr>\r\n<td class=\"ccargos\">\r\n<span data-balloon-length=\"medium\" aria-label=\"Licenciatura Plena em Geografia ou Licenciatura Plena em Estudos Sociais ou Licenciatura Plena em Curso de Forma\u00e7\u00e3o de Professores (Pedagogia, em regime regular ou especial, com habilita\u00e7\u00e3o para o exerc\u00edcio da doc\u00eancia de Geografia no Ensino Fundamental Anos Finais, 6\u00ba ao 9\u00b0).\" data-balloon-pos=\"up\">PROFESSOR DE GEOGRAFIA<\/span><\/td>\r\n<td class=\"cvagas\">04 + CR<\/td>\r\n<td class=\"cremuneracao\">R$ 5.376,56 \/40h<\/td>\r\n<\/tr><tr>\r\n<td class=\"ccargos\">\r\n<span data-balloon-length=\"medium\" aria-label=\"Licenciatura Plena em Ci\u00eancias ou Licenciatura Plena em Ci\u00eancias Biol\u00f3gicas ou Licenciatura Plena em F\u00edsica ou Licenciatura Plena em Qu\u00edmica ou Licenciatura Plena em Curso de Forma\u00e7\u00e3o de Professores (Pedagogia, em regime regular ou especial, com habilita\u00e7\u00e3o para o exerc\u00edcio da doc\u00eancia de Ci\u00eancias no Ensino Fundamental Anos Finais, 6\u00b0 ao 9).\" data-balloon-pos=\"up\">PROFESSOR DE CI\u00caNCIAS<\/span><\/td>\r\n<td class=\"cvagas\">04 + CR<\/td>\r\n<td class=\"cremuneracao\">R$ 5.376,56 \/40h<\/td>\r\n<\/tr><tr>\r\n<td class=\"ccargos\">\r\n<span data-balloon-length=\"medium\" aria-label=\"Licenciatura Plena em Letras com habilita\u00e7\u00e3o para o ensino de L\u00edngua Inglesa ou Licenciatura Plena em Curso de Forma\u00e7\u00e3o de Professores (Pedagogia, em regime regular ou especial, com habilita\u00e7\u00e3o para o exerc\u00edcio da doc\u00eancia de L\u00edngua Inglesa no Ensino Fundamental Anos Finais, 6\u00b0 ao 9\u00b0).\" data-balloon-pos=\"up\">PROFESSOR DE INGL\u00caS<\/span><\/td>\r\n<td class=\"cvagas\">05 + CR<\/td>\r\n<td class=\"cremuneracao\">R$ 5.376,56 \/40h<\/td>\r\n<\/tr><tr>\r\n<td class=\"ccargos\">\r\n<span data-balloon-length=\"medium\" aria-label=\"Licenciatura Plena em Educa\u00e7\u00e3o F\u00edsica e Registro no Conselho Profissional ou Curso de Forma\u00e7\u00e3o Pedag\u00f3gica para graduados (Esquema) regulamentado por Resolu\u00e7\u00e3o do Conselho Nacional de Educa\u00e7\u00e3o (CNE) com habilita\u00e7\u00e3o para o exerc\u00edcio da doc\u00eancia de Educa\u00e7\u00e3o F\u00edsica no Ensino Fundamental Anos Finais (6\u00b0 ao 9\u00b0).\" data-balloon-pos=\"up\">PROFESSOR DE EDUCA\u00c7\u00c3O F\u00cdSICA<\/span><\/td>\r\n<td class=\"cvagas\">08 + CR<\/td>\r\n<td class=\"cremuneracao\">R$ 5.376,56 \/40h<\/td>\r\n<\/tr><tr>\r\n<td class=\"ccargos\">\r\n<span data-balloon-length=\"medium\" aria-label=\"Licenciatura Plena em Pedagogia ou Licenciatura Plena em Pedagogia em regime especial, com habilita\u00e7\u00e3o legal para o exerc\u00edcio da doc\u00eancia na Educa\u00e7\u00e3o Infantil.\" data-balloon-pos=\"up\">PROFESSOR DE EDUCA\u00c7\u00c3O INFANTIL<\/span><\/td>\r\n<td class=\"cvagas\">35 + CR<\/td>\r\n<td class=\"cremuneracao\">R$ 5.376,56 \/40h<\/td>\r\n<\/tr><tr>\r\n<td class=\"ccargos\">\r\n<span data-balloon-length=\"medium\" aria-label=\"Licenciatura Plena em Pedagogia ou Licenciatura Plena em Pedagogia em regime especial, com habilita\u00e7\u00e3o legal para o exerc\u00edcio da doc\u00eancia na Educa\u00e7\u00e3o Infantil e no Ensino Fundamental Anos Iniciais (1\u00b0 ao 5\u00b0).\" data-balloon-pos=\"up\">PROFESSOR DE ENSINO FUNDAMENTAL - I<\/span><\/td>\r\n<td class=\"cvagas\">25 + CR<\/td>\r\n<td class=\"cremuneracao\">R$ 5.376,56 \/40h<\/td>\r\n<\/tr><tr>\r\n<td class=\"ccargos\">\r\n<span data-balloon-length=\"medium\" aria-label=\"Licenciatura Plena em Educa\u00e7\u00e3o Art\u00edstica ou Licenciatura Plena em Arte-Educa\u00e7\u00e3o em qualquer das linguagens (Artes Visuais, Artes Pl\u00e1sticas, Desenho. Design, Teatro, Artes C\u00eanicas, Cinema, M\u00fasica, Dan\u00e7a).\" data-balloon-pos=\"up\">PROFESSOR DE ARTE \u2013 EDUCA\u00c7\u00c3O<\/span><\/td>\r\n<td class=\"cvagas\">03 + CR<\/td>\r\n<td class=\"cremuneracao\">R$ 5.376,56 \/40h<\/td>\r\n<\/tr>\r\n    <\/tbody>\r\n  <\/table>\r\n<\/div>"},"_links":{"self":[{"href":"https:\/\/www.agrobase.com.br\/concursos\/wp-json\/wp\/v2\/posts\/276552","targetHints":{"allow":["GET"]}}],"collection":[{"href":"https:\/\/www.agrobase.com.br\/concursos\/wp-json\/wp\/v2\/posts"}],"about":[{"href":"https:\/\/www.agrobase.com.br\/concursos\/wp-json\/wp\/v2\/types\/post"}],"author":[{"embeddable":true,"href":"https:\/\/www.agrobase.com.br\/concursos\/wp-json\/wp\/v2\/users\/7"}],"replies":[{"embeddable":true,"href":"https:\/\/www.agrobase.com.br\/concursos\/wp-json\/wp\/v2\/comments?post=276552"}],"version-history":[{"count":1,"href":"https:\/\/www.agrobase.com.br\/concursos\/wp-json\/wp\/v2\/posts\/276552\/revisions"}],"predecessor-version":[{"id":276554,"href":"https:\/\/www.agrobase.com.br\/concursos\/wp-json\/wp\/v2\/posts\/276552\/revisions\/276554"}],"wp:featuredmedia":[{"embeddable":true,"href":"https:\/\/www.agrobase.com.br\/concursos\/wp-json\/wp\/v2\/media\/276551"}],"wp:attachment":[{"href":"https:\/\/www.agrobase.com.br\/concursos\/wp-json\/wp\/v2\/media?parent=276552"}],"wp:term":[{"taxonomy":"category","embeddable":true,"href":"https:\/\/www.agrobase.com.br\/concursos\/wp-json\/wp\/v2\/categories?post=276552"},{"taxonomy":"post_tag","embeddable":true,"href":"https:\/\/www.agrobase.com.br\/concursos\/wp-json\/wp\/v2\/tags?post=276552"},{"taxonomy":"_amplo","embeddable":true,"href":"https:\/\/www.agrobase.com.br\/concursos\/wp-json\/wp\/v2\/_amplo?post=276552"},{"taxonomy":"destaque","embeddable":true,"href":"https:\/\/www.agrobase.com.br\/concursos\/wp-json\/wp\/v2\/destaque?post=276552"},{"taxonomy":"instituicoes","embeddable":true,"href":"https:\/\/www.agrobase.com.br\/concursos\/wp-json\/wp\/v2\/instituicoes?post=276552"}],"curies":[{"name":"wp","href":"https:\/\/api.w.org\/{rel}","templated":true}]}}