{"id":276521,"date":"2026-01-08T07:40:50","date_gmt":"2026-01-08T10:40:50","guid":{"rendered":"https:\/\/www.agrobase.com.br\/concursos\/?p=276521"},"modified":"2026-01-07T14:43:11","modified_gmt":"2026-01-07T17:43:11","slug":"prefeitura-buritis-mg-selecao-publica-01-2026","status":"publish","type":"post","link":"https:\/\/www.agrobase.com.br\/concursos\/2026\/prefeitura-buritis-mg-selecao-publica-01-2026\/","title":{"rendered":"Prefeitura Buritis (MG) &#8211; Sele\u00e7\u00e3o P\u00fablica 01\/2026"},"content":{"rendered":"<h2>Informa\u00e7\u00f5es Gerais<\/h2>\n<p>O <strong>Processo Seletivo P\u00fablico do Munic\u00edpio de Buritis \u2013 MG (Edital n\u00ba 01\/2025)<\/strong> est\u00e1 com edital publicado para preenchimento de vagas em seu quadro de servidores. O certame \u00e9 organizado pela Evolu\u00e7\u00e3o Consultoria LTDA e oferece oportunidades para candidatos de diferentes n\u00edveis de escolaridade.<\/p>\n<p>O processo seletivo contempla vagas para os n\u00edveis <strong>Fundamental Completo<\/strong> e <strong>M\u00e9dio\/T\u00e9cnico<\/strong>, abrangendo \u00e1reas como Sa\u00fade, Assist\u00eancia Social e Programas e Projetos da Secretaria Municipal de Assist\u00eancia Social (SEMAS). Entre os cargos dispon\u00edveis est\u00e3o Agente Comunit\u00e1rio de Sa\u00fade, Agente de Combate a Endemias, T\u00e9cnico em Enfermagem, Auxiliar em Sa\u00fade Bucal, Cuidador Social, Cozinheira, Motorista, entre outros.<\/p>\n<p>O regime de contrata\u00e7\u00e3o ser\u00e1 o <strong>estatut\u00e1rio<\/strong>, conforme legisla\u00e7\u00e3o municipal vigente. O processo seletivo ter\u00e1 validade de 2 (dois) anos, podendo ser prorrogado por igual per\u00edodo. As remunera\u00e7\u00f5es variam de R$ 1.518,00 a R$ 5.688,27, conforme o cargo.<\/p>\n<p>Continue a leitura para conhecer os detalhes sobre inscri\u00e7\u00f5es, etapas do certame e como acompanhar os resultados.<\/p>\n<h2>Inscri\u00e7\u00f5es<\/h2>\n<p>As inscri\u00e7\u00f5es para o Processo Seletivo P\u00fablico do Munic\u00edpio de Buritis \u2013 MG estar\u00e3o abertas no per\u00edodo de <strong>19 de fevereiro de 2026 a 23 de mar\u00e7o de 2026<\/strong>. O procedimento ser\u00e1 realizado exclusivamente pela internet, por meio do site da banca organizadora.<\/p>\n<p>Para se inscrever, o candidato dever\u00e1 acessar o endere\u00e7o eletr\u00f4nico <strong>www.evoconcursos.com.br<\/strong>, preencher o Requerimento Eletr\u00f4nico de Inscri\u00e7\u00e3o, gerar o boleto banc\u00e1rio e efetuar o pagamento at\u00e9 o dia <strong>24 de mar\u00e7o de 2026<\/strong>, respeitando o hor\u00e1rio de expediente banc\u00e1rio.<\/p>\n<p>Os valores das taxas de inscri\u00e7\u00e3o s\u00e3o:<\/p>\n<ul>\n<li>Cargos de N\u00edvel Fundamental: <strong>R$ 50,00<\/strong><\/li>\n<li>Cargos de N\u00edvel M\u00e9dio: <strong>R$ 70,00<\/strong><\/li>\n<li>Cargos de N\u00edvel Superior: <strong>R$ 90,00<\/strong><\/li>\n<\/ul>\n<p>N\u00e3o ser\u00e3o aceitos pagamentos por dep\u00f3sito em caixa eletr\u00f4nico, transfer\u00eancia, DOC, cheque, cart\u00e3o de cr\u00e9dito ou ordens de pagamento. O boleto quitado ser\u00e1 o comprovante de inscri\u00e7\u00e3o do candidato.<\/p>\n<p>O edital prev\u00ea possibilidade de isen\u00e7\u00e3o da taxa de inscri\u00e7\u00e3o, devendo o candidato consultar as regras e procedimentos espec\u00edficos diretamente no documento oficial.<\/p>\n<p>Eventuais corre\u00e7\u00f5es de dados pessoais poder\u00e3o ser realizadas pelo pr\u00f3prio candidato no sistema at\u00e9 o dia 24 de mar\u00e7o de 2026. Ap\u00f3s essa data, as informa\u00e7\u00f5es ser\u00e3o definitivas.<\/p>\n<p>Recomenda-se a leitura integral do edital para conhecer todos os requisitos, procedimentos e prazos relacionados \u00e0 inscri\u00e7\u00e3o.<\/p>\n<h2>Etapas e Provas<\/h2>\n<p>O Processo Seletivo P\u00fablico do Munic\u00edpio de Buritis \u2013 MG ser\u00e1 composto por <strong>Prova Objetiva<\/strong>, de car\u00e1ter eliminat\u00f3rio e classificat\u00f3rio, para todos os cargos.<\/p>\n<p><strong>Prova Objetiva:<\/strong><\/p>\n<ul>\n<li>Formato: 25 quest\u00f5es de m\u00faltipla escolha, com 4 alternativas cada<\/li>\n<li>Dura\u00e7\u00e3o: 3 horas<\/li>\n<li>Pontua\u00e7\u00e3o: de 0 a 25 pontos<\/li>\n<li>Crit\u00e9rio de aprova\u00e7\u00e3o: m\u00ednimo de 50% de acertos<\/li>\n<\/ul>\n<p>A aplica\u00e7\u00e3o da Prova Objetiva est\u00e1 prevista para o dia <strong>12 de abril de 2026<\/strong>, no Munic\u00edpio de Buritis \u2013 MG. A confirma\u00e7\u00e3o da data, hor\u00e1rio e local ser\u00e1 divulgada no Comprovante Definitivo de Inscri\u00e7\u00e3o (CDI), dispon\u00edvel no site da banca organizadora.<\/p>\n<p>As provas poder\u00e3o ser realizadas nos turnos da manh\u00e3 e\/ou da tarde, conforme distribui\u00e7\u00e3o a ser divulgada junto com a lista definitiva de inscritos.<\/p>\n<p>Os candidatos dever\u00e3o comparecer ao local de prova com 60 minutos de anteced\u00eancia, munidos de documento de identidade oficial com foto e caneta esferogr\u00e1fica azul ou preta de material transparente.<\/p>\n<p>N\u00e3o haver\u00e1 prova de reda\u00e7\u00e3o neste certame.<\/p>\n<p>Para informa\u00e7\u00f5es detalhadas sobre conte\u00fado program\u00e1tico, disciplinas cobradas por cargo e demais regras, consulte o edital completo dispon\u00edvel nos sites oficiais.<\/p>\n<h2>Resultados e Gabarito<\/h2>\n<p>O <strong>gabarito preliminar<\/strong> das Provas Objetivas ser\u00e1 divulgado no endere\u00e7o eletr\u00f4nico www.evoconcursos.com.br no primeiro dia \u00fatil subsequente \u00e0 data de realiza\u00e7\u00e3o da prova.<\/p>\n<p>Ap\u00f3s an\u00e1lise de eventuais recursos, ser\u00e1 publicado o gabarito definitivo e, posteriormente, os resultados preliminares e definitivos do certame.<\/p>\n<p><strong>Crit\u00e9rios de desempate:<\/strong><\/p>\n<ul>\n<li>Idade igual ou superior a 60 anos (Estatuto do Idoso)<\/li>\n<li>Maior n\u00famero de acertos em Conhecimentos Espec\u00edficos<\/li>\n<li>Maior n\u00famero de acertos em L\u00edngua Portuguesa<\/li>\n<li>Maior n\u00famero de acertos em Matem\u00e1tica (quando aplic\u00e1vel)<\/li>\n<li>Maior n\u00famero de acertos em Inform\u00e1tica (quando aplic\u00e1vel)<\/li>\n<li>Maior idade<\/li>\n<li>Sorteio, se persistir o empate<\/li>\n<\/ul>\n<p>A <strong>homologa\u00e7\u00e3o<\/strong> do resultado final ser\u00e1 publicada nos sites www.buritis.mg.gov.br e www.evoconcursos.com.br, oficializando a conclus\u00e3o do processo seletivo.<\/p>\n<p>A <strong>convoca\u00e7\u00e3o<\/strong> dos candidatos aprovados ser\u00e1 realizada por meio do site oficial do Munic\u00edpio de Buritis \u2013 MG, devendo os candidatos acompanhar as publica\u00e7\u00f5es ap\u00f3s a homologa\u00e7\u00e3o.<\/p>\n<p>Ressalta-se que o acompanhamento de todas as publica\u00e7\u00f5es oficiais, atos complementares, avisos e convoca\u00e7\u00f5es referentes ao certame \u00e9 de <strong>responsabilidade exclusiva do candidato<\/strong>, que dever\u00e1 consultar regularmente os sites da banca organizadora e do Munic\u00edpio de Buritis \u2013 MG.<\/p>\n","protected":false},"excerpt":{"rendered":"<p>Processo Seletivo Pref. Buritis (MG) com edital publicado! 218 vagas p\/ ACS, Enfermeiro (Fund. a Sup.). Inscri\u00e7\u00f5es a partir de 19\/02. Confira detalhes!<\/p>\n","protected":false},"author":7,"featured_media":276520,"comment_status":"open","ping_status":"open","sticky":false,"template":"","format":"standard","meta":{"_acf_changed":false,"_breakdance_hide_in_design_set":false,"_breakdance_tags":"","footnotes":""},"categories":[10,11,12,17,18,19,23,24,25,26,101,108,143,134],"tags":[50],"_amplo":[],"destaque":[],"instituicoes":[],"class_list":["post-276521","post","type-post","status-publish","format-standard","has-post-thumbnail","hentry","category-direito","category-educacao-fisica","category-enfermagem","category-farmacia","category-fisioterapia","category-fonoaudiologia","category-nutricao","category-odontologia","category-pedagogia","category-psicologia","category-servico-social","category-tecnico-enfermagem","category-tecnico-odontologia","category-terapia-ocupacional","tag-minas-gerais"],"acf":{"_tipo_vagas":"vagas","_numero_vagas":"","_quadro_vagas":"","_cargos":"diversos","_cargos_especificos":"","_salario_max":"R$ 5688.27","_abertura":"20260219","_encerramento":"20260323","_inscricoes":"https:\/\/www.evoconcursos.com.br","_executora_concurso":"","_instituicao_concurso":[],"_link_adicional":null,"_anexos":null,"_produtos":null,"_vagas":"218 vagas","_salario_min":"R$ 1518","_instituicao":"Prefeitura de Buritis","_edital":"https:\/\/www.agrobase.com.br\/concursos\/wp-content\/uploads\/sites\/4\/2026\/01\/edital-01-2026-prefeitura-de-buritis-mg.pdf","_anexos_edital":"","_fund_incompleto":"<div>\r\n<table class=\"quadro\">\r\n<thead>\r\n<tr>\r\n<th class=\"hcargo\">Cargo<\/th>\r\n<th class=\"hvagas\">Vagas<\/th>\r\n\r\n<\/tr>\r\n<\/thead>\r\n    <tbody>\r\n      <td class=\"ccargos\">\r\n<span data-balloon-length=\"medium\" aria-label=\"Ensino Fundamental Incompleto\" data-balloon-pos=\"up\">Auxiliar de Carga e Descarga de Mercadorias<\/span><\/td>\r\n<td class=\"cvagas\">01<\/td>\r\n\r\n<\/tr><td class=\"ccargos\">\r\n<span data-balloon-length=\"medium\" aria-label=\"Fundamental Incompleto e CNH Categoria D\" data-balloon-pos=\"up\">Motorista<\/span><\/td>\r\n<td class=\"cvagas\">03<\/td>\r\n\r\n<\/tr><td class=\"ccargos\">\r\n<span data-balloon-length=\"medium\" aria-label=\"Alfabetizado\" data-balloon-pos=\"up\">Auxiliar de Cozinha e Limpeza<\/span><\/td>\r\n<td class=\"cvagas\">25<\/td>\r\n\r\n<\/tr><td class=\"ccargos\">\r\n<span data-balloon-length=\"medium\" aria-label=\"Alfabetizado\" data-balloon-pos=\"up\">Cozinheira<\/span><\/td>\r\n<td class=\"cvagas\">17<\/td>\r\n\r\n<\/tr><td class=\"ccargos\">\r\n<span data-balloon-length=\"medium\" aria-label=\"Alfabetizado\" data-balloon-pos=\"up\">Horticultor<\/span><\/td>\r\n<td class=\"cvagas\">03<\/td>\r\n\r\n<\/tr>\r\n    <\/tbody>\r\n  <\/table>\r\n<\/div>","_fund_completo":"<div>\r\n<table class=\"quadro\">\r\n<thead>\r\n<tr>\r\n<th class=\"hcargo\">Cargo<\/th>\r\n<th class=\"hvagas\">Vagas<\/th>\r\n\r\n<\/tr>\r\n<\/thead>\r\n    <tbody>\r\n      <td class=\"ccargos\">\r\n<span data-balloon-length=\"medium\" aria-label=\"Ensino Fundamental Completo\" data-balloon-pos=\"up\">Cuidador Social Diurno<\/span><\/td>\r\n<td class=\"cvagas\">12<\/td>\r\n\r\n<\/tr><td class=\"ccargos\">\r\n<span data-balloon-length=\"medium\" aria-label=\"Ensino Fundamental Completo\" data-balloon-pos=\"up\">Cuidador Social Noturno<\/span><\/td>\r\n<td class=\"cvagas\">08<\/td>\r\n\r\n<\/tr><td class=\"ccargos\">\r\n<span data-balloon-length=\"medium\" aria-label=\"Ensino Fundamental I Completo\" data-balloon-pos=\"up\">Padeiro<\/span><\/td>\r\n<td class=\"cvagas\">01<\/td>\r\n\r\n<\/tr>\r\n    <\/tbody>\r\n  <\/table>\r\n<\/div>","_medio":"<div>\r\n<table class=\"quadro\">\r\n<thead>\r\n<tr>\r\n<th class=\"hcargo\">Cargo<\/th>\r\n<th class=\"hvagas\">Vagas<\/th>\r\n\r\n<\/tr>\r\n<\/thead>\r\n    <tbody>\r\n      <td class=\"ccargos\">\r\n<span data-balloon-length=\"medium\" aria-label=\"Ensino M\u00e9dio Completo + Curso, Aproveitamento, com carga hor\u00e1ria m\u00ednima de 40h\" data-balloon-pos=\"up\">Agente Comunit\u00e1rio de Sa\u00fade<\/span><\/td>\r\n<td class=\"cvagas\">10<\/td>\r\n\r\n<\/tr><td class=\"ccargos\">\r\n<span data-balloon-length=\"medium\" aria-label=\"Ensino M\u00e9dio Completo + Curso, Aproveitamento, com carga hor\u00e1ria m\u00ednima de 40h\" data-balloon-pos=\"up\">Agente de Combate a Endemias<\/span><\/td>\r\n<td class=\"cvagas\">02<\/td>\r\n\r\n<\/tr><td class=\"ccargos\">\r\n<span data-balloon-length=\"medium\" aria-label=\"Curso de Auxiliar em Sa\u00fade Bucal + Registro no Conselho Competente\" data-balloon-pos=\"up\">Auxiliar em Sa\u00fade Bucal<\/span><\/td>\r\n<td class=\"cvagas\">11<\/td>\r\n\r\n<\/tr><td class=\"ccargos\">\r\n<span data-balloon-length=\"medium\" aria-label=\"Curso T\u00e9cnico Auxiliar em Sa\u00fade Bucal + Registro no Conselho Competente\" data-balloon-pos=\"up\">T\u00e9cnico Sa\u00fade Bucal<\/span><\/td>\r\n<td class=\"cvagas\">01<\/td>\r\n\r\n<\/tr><td class=\"ccargos\">\r\n<span data-balloon-length=\"medium\" aria-label=\"Curso T\u00e9cnico em Enfermagem e Registro no Conselho Competente\" data-balloon-pos=\"up\">T\u00e9cnico em Enfermagem<\/span><\/td>\r\n<td class=\"cvagas\">15<\/td>\r\n\r\n<\/tr><td class=\"ccargos\">\r\n<span data-balloon-length=\"medium\" aria-label=\"Curso T\u00e9cnico em Imobiliza\u00e7\u00e3o Ortop\u00e9dica\" data-balloon-pos=\"up\">T\u00e9cnico em Imobiliza\u00e7\u00e3o Ortop\u00e9dica<\/span><\/td>\r\n<td class=\"cvagas\">01<\/td>\r\n\r\n<\/tr><td class=\"ccargos\">\r\n<span data-balloon-length=\"medium\" aria-label=\"Ensino M\u00e9dio Completo\" data-balloon-pos=\"up\">Recepcionista<\/span><\/td>\r\n<td class=\"cvagas\">12<\/td>\r\n\r\n<\/tr><td class=\"ccargos\">\r\n<span data-balloon-length=\"medium\" aria-label=\"Ensino M\u00e9dio Completo + Experi\u00eancia em Artesanato\" data-balloon-pos=\"up\">Artes\u00e3o<\/span><\/td>\r\n<td class=\"cvagas\">01<\/td>\r\n\r\n<\/tr><td class=\"ccargos\">\r\n<span data-balloon-length=\"medium\" aria-label=\"Ensino M\u00e9dio Completo\" data-balloon-pos=\"up\">Auxiliar de An\u00e1lise Cl\u00ednica<\/span><\/td>\r\n<td class=\"cvagas\">03<\/td>\r\n\r\n<\/tr><td class=\"ccargos\">\r\n<span data-balloon-length=\"medium\" aria-label=\"Ensino M\u00e9dio Completo + Curso na \u00e1rea de Digita\u00e7\u00e3o\" data-balloon-pos=\"up\">Digitador<\/span><\/td>\r\n<td class=\"cvagas\">01<\/td>\r\n\r\n<\/tr><td class=\"ccargos\">\r\n<span data-balloon-length=\"medium\" aria-label=\"Ensino M\u00e9dio Completo\" data-balloon-pos=\"up\">Agente Social<\/span><\/td>\r\n<td class=\"cvagas\">02<\/td>\r\n\r\n<\/tr><td class=\"ccargos\">\r\n<span data-balloon-length=\"medium\" aria-label=\"Ensino M\u00e9dio Completo\" data-balloon-pos=\"up\">Atendente de Projeto<\/span><\/td>\r\n<td class=\"cvagas\">04<\/td>\r\n\r\n<\/tr><td class=\"ccargos\">\r\n<span data-balloon-length=\"medium\" aria-label=\"Ensino M\u00e9dio Completo\" data-balloon-pos=\"up\">Educador Social<\/span><\/td>\r\n<td class=\"cvagas\">03<\/td>\r\n\r\n<\/tr><td class=\"ccargos\">\r\n<span data-balloon-length=\"medium\" aria-label=\"Ensino M\u00e9dio Completo\" data-balloon-pos=\"up\">Visitador do Cadastro \u00danico<\/span><\/td>\r\n<td class=\"cvagas\">03<\/td>\r\n\r\n<\/tr><td class=\"ccargos\">\r\n<span data-balloon-length=\"medium\" aria-label=\"Ensino M\u00e9dio Completo\" data-balloon-pos=\"up\">Instrutor de Artesanato<\/span><\/td>\r\n<td class=\"cvagas\">01<\/td>\r\n\r\n<\/tr><td class=\"ccargos\">\r\n<span data-balloon-length=\"medium\" aria-label=\"Ensino M\u00e9dio Completo\" data-balloon-pos=\"up\">Orientador de Oficinas Socioeducativas<\/span><\/td>\r\n<td class=\"cvagas\">05<\/td>\r\n\r\n<\/tr>\r\n    <\/tbody>\r\n  <\/table>\r\n<\/div>","_superior":"<div>\r\n<table class=\"quadro\">\r\n<thead>\r\n<tr>\r\n<th class=\"hcargo\">Cargo<\/th>\r\n<th class=\"hvagas\">Vagas<\/th>\r\n\r\n<\/tr>\r\n<\/thead>\r\n    <tbody>\r\n      <tr>\r\n<td class=\"ccargos\">\r\n<span data-balloon-length=\"medium\" aria-label=\"Curso Superior em Odontologia + Registro no Conselho Competente\" data-balloon-pos=\"up\">Dentista<\/span><\/td>\r\n<td class=\"cvagas\">09<\/td>\r\n\r\n<\/tr><tr>\r\n<td class=\"ccargos\">\r\n<span data-balloon-length=\"medium\" aria-label=\"Curso Superior em Enfermagem + Registro no Conselho Competente\" data-balloon-pos=\"up\">Enfermeiro<\/span><\/td>\r\n<td class=\"cvagas\">11<\/td>\r\n\r\n<\/tr><tr>\r\n<td class=\"ccargos\">\r\n<span data-balloon-length=\"medium\" aria-label=\"Curso Superior em Servi\u00e7o Social e Registro no Conselho\" data-balloon-pos=\"up\">Assistente Social<\/span><\/td>\r\n<td class=\"cvagas\">11<\/td>\r\n\r\n<\/tr><tr>\r\n<td class=\"ccargos\">\r\n<span data-balloon-length=\"medium\" aria-label=\"Curso Superior Completo em Pedagogia e Registro no Conselho Competente\" data-balloon-pos=\"up\">Pedagogo<\/span><\/td>\r\n<td class=\"cvagas\">03<\/td>\r\n\r\n<\/tr><tr>\r\n<td class=\"ccargos\">\r\n<span data-balloon-length=\"medium\" aria-label=\"Curso Superior Psicologia + Registro no Conselho Competente\" data-balloon-pos=\"up\">Psic\u00f3logo<\/span><\/td>\r\n<td class=\"cvagas\">16<\/td>\r\n\r\n<\/tr><tr>\r\n<td class=\"ccargos\">\r\n<span data-balloon-length=\"medium\" aria-label=\"Curso Superior em Fisioterapia e Registro no Conselho Competente\" data-balloon-pos=\"up\">Fisioterapeuta<\/span><\/td>\r\n<td class=\"cvagas\">04<\/td>\r\n\r\n<\/tr><tr>\r\n<td class=\"ccargos\">\r\n<span data-balloon-length=\"medium\" aria-label=\"Curso Superior em Nutri\u00e7\u00e3o + Registro no Conselho Competente\" data-balloon-pos=\"up\">Nutricionista<\/span><\/td>\r\n<td class=\"cvagas\">04<\/td>\r\n\r\n<\/tr><tr>\r\n<td class=\"ccargos\">\r\n<span data-balloon-length=\"medium\" aria-label=\"Curso Superior Educa\u00e7\u00e3o F\u00edsica + Registro no Conselho Competente\" data-balloon-pos=\"up\">Educador F\u00edsico<\/span><\/td>\r\n<td class=\"cvagas\">02<\/td>\r\n\r\n<\/tr><tr>\r\n<td class=\"ccargos\">\r\n<span data-balloon-length=\"medium\" aria-label=\"Curso Superior em Farm\u00e1cia + Registro no Conselho Competente\" data-balloon-pos=\"up\">Farmac\u00eautico<\/span><\/td>\r\n<td class=\"cvagas\">01<\/td>\r\n\r\n<\/tr><tr>\r\n<td class=\"ccargos\">\r\n<span data-balloon-length=\"medium\" aria-label=\"Curso Superior Psicologia + Registro no Conselho Competente + Curso (ABA) + Curso de DA Avalia\u00e7\u00e3o WB-MAPP + Curso TEA + Curso de TDAH\" data-balloon-pos=\"up\">Psic\u00f3logo - Centro Especializado em Autismo e TDHA<\/span><\/td>\r\n<td class=\"cvagas\">02<\/td>\r\n\r\n<\/tr><tr>\r\n<td class=\"ccargos\">\r\n<span data-balloon-length=\"medium\" aria-label=\"Curso Superior em Terapia Ocupacional + Registro no Conselho Competente + Curso (ABA) + Curso de DA Avalia\u00e7\u00e3o WB-MAPP + Curso TEA + Curso de TDAH\" data-balloon-pos=\"up\">Terapeuta Ocupacional<\/span><\/td>\r\n<td class=\"cvagas\">01<\/td>\r\n\r\n<\/tr><tr>\r\n<td class=\"ccargos\">\r\n<span data-balloon-length=\"medium\" aria-label=\"Curso Superior em Fisioterapia e Registro no Conselho Competente + Curso (ABA) + Curso de DA Avalia\u00e7\u00e3o WB-MAPP + Curso TEA + Curso de TDAH\" data-balloon-pos=\"up\">Fisioterapeuta - Centro Especializado em Autismo e TDHA<\/span><\/td>\r\n<td class=\"cvagas\">01<\/td>\r\n\r\n<\/tr><tr>\r\n<td class=\"ccargos\">\r\n<span data-balloon-length=\"medium\" aria-label=\"Curso Superior Psicologia e Registro no Conselho Competente + Curso (ABA) + Curso de DA Avalia\u00e7\u00e3o WB-MAPP + Curso TEA + Curso de TDAH\" data-balloon-pos=\"up\">Psicopedagogo<\/span><\/td>\r\n<td class=\"cvagas\">02<\/td>\r\n\r\n<\/tr><tr>\r\n<td class=\"ccargos\">\r\n<span data-balloon-length=\"medium\" aria-label=\"Curso Superior em Nutri\u00e7\u00e3o + Registro no Conselho Competente + Curso (ABA) + Curso de DA Avalia\u00e7\u00e3o WB-MAPP + Curso TEA + Curso de TDAH\" data-balloon-pos=\"up\">Nutricionista - Centro Especializado em Autismo e TDHA<\/span><\/td>\r\n<td class=\"cvagas\">01<\/td>\r\n\r\n<\/tr><tr>\r\n<td class=\"ccargos\">\r\n<span data-balloon-length=\"medium\" aria-label=\"Curso Superior Fonoaudiologia + Registro no Conselho Competente + Curso (ABA) + Curso de DA Avalia\u00e7\u00e3o WB-MAPP + Curso TEA + Curso de TDAH\" data-balloon-pos=\"up\">Fonoaudi\u00f3logo<\/span><\/td>\r\n<td class=\"cvagas\">01<\/td>\r\n\r\n<\/tr><tr>\r\n<td class=\"ccargos\">\r\n<span data-balloon-length=\"medium\" aria-label=\"Superior Completo\" data-balloon-pos=\"up\">Auxiliar de Coordena\u00e7\u00e3o<\/span><\/td>\r\n<td class=\"cvagas\">01<\/td>\r\n\r\n<\/tr><tr>\r\n<td class=\"ccargos\">\r\n<span data-balloon-length=\"medium\" aria-label=\"Superior Completo + OAB\" data-balloon-pos=\"up\">Advogado<\/span><\/td>\r\n<td class=\"cvagas\">04<\/td>\r\n\r\n<\/tr>\r\n    <\/tbody>\r\n  <\/table>\r\n<\/div>"},"_links":{"self":[{"href":"https:\/\/www.agrobase.com.br\/concursos\/wp-json\/wp\/v2\/posts\/276521","targetHints":{"allow":["GET"]}}],"collection":[{"href":"https:\/\/www.agrobase.com.br\/concursos\/wp-json\/wp\/v2\/posts"}],"about":[{"href":"https:\/\/www.agrobase.com.br\/concursos\/wp-json\/wp\/v2\/types\/post"}],"author":[{"embeddable":true,"href":"https:\/\/www.agrobase.com.br\/concursos\/wp-json\/wp\/v2\/users\/7"}],"replies":[{"embeddable":true,"href":"https:\/\/www.agrobase.com.br\/concursos\/wp-json\/wp\/v2\/comments?post=276521"}],"version-history":[{"count":2,"href":"https:\/\/www.agrobase.com.br\/concursos\/wp-json\/wp\/v2\/posts\/276521\/revisions"}],"predecessor-version":[{"id":276529,"href":"https:\/\/www.agrobase.com.br\/concursos\/wp-json\/wp\/v2\/posts\/276521\/revisions\/276529"}],"wp:featuredmedia":[{"embeddable":true,"href":"https:\/\/www.agrobase.com.br\/concursos\/wp-json\/wp\/v2\/media\/276520"}],"wp:attachment":[{"href":"https:\/\/www.agrobase.com.br\/concursos\/wp-json\/wp\/v2\/media?parent=276521"}],"wp:term":[{"taxonomy":"category","embeddable":true,"href":"https:\/\/www.agrobase.com.br\/concursos\/wp-json\/wp\/v2\/categories?post=276521"},{"taxonomy":"post_tag","embeddable":true,"href":"https:\/\/www.agrobase.com.br\/concursos\/wp-json\/wp\/v2\/tags?post=276521"},{"taxonomy":"_amplo","embeddable":true,"href":"https:\/\/www.agrobase.com.br\/concursos\/wp-json\/wp\/v2\/_amplo?post=276521"},{"taxonomy":"destaque","embeddable":true,"href":"https:\/\/www.agrobase.com.br\/concursos\/wp-json\/wp\/v2\/destaque?post=276521"},{"taxonomy":"instituicoes","embeddable":true,"href":"https:\/\/www.agrobase.com.br\/concursos\/wp-json\/wp\/v2\/instituicoes?post=276521"}],"curies":[{"name":"wp","href":"https:\/\/api.w.org\/{rel}","templated":true}]}}